{"id":64704,"date":"2012-10-16T17:51:02","date_gmt":"2012-10-16T16:51:02","guid":{"rendered":"http:\/\/www.visit-ulcinj.com\/blog\/?p=64704"},"modified":"2012-10-16T17:51:22","modified_gmt":"2012-10-16T16:51:22","slug":"vujovic-dua-nema-prostora-za-zalbu","status":"publish","type":"post","link":"https:\/\/www.visit-ulcinj.com\/blog\/2012\/10\/16\/vujovic-dua-nema-prostora-za-zalbu\/","title":{"rendered":"Vujovi\u0107: DUA nema prostora za \u017ealbu"},"content":{"rendered":"<p><a href=\"http:\/\/www.visit-ulcinj.com\/blog\/wp-content\/uploads\/2012\/10\/Zlatko-Vujovic.jpg\"><img loading=\"lazy\" class=\"alignleft  wp-image-64705\" title=\"Zlatko Vujovic\" src=\"http:\/\/www.visit-ulcinj.com\/blog\/wp-content\/uploads\/2012\/10\/Zlatko-Vujovic.jpg\" alt=\"\" width=\"508\" height=\"360\" \/><\/a>Programski direktor Centra za monitoring (CEMI) Zlatko Vujovi\u0107 rekao je da Demokratska unija Albanaca (DUA), nema prostora za \u017ealbu na preliminarne rezultate izbora, prema kojim je osvojila 2.852 glasova i nije uspjela da osvoji jedan mandat.<\/p>\n<p>On je istakao da DUA nema pravo \u017ealbe &#8220;ne zbog toga \u0161to je to pravedno ili ne, ve\u0107 zbog toga \u0161to je takvo zakonsko rje\u0161enje prisutno u samom zakonskom tekstu&#8221;.<\/p>\n<p>&#8211; To rje\u0161enje je da takozvani cenzus od 0,7 odsto jeste uslov da se odre\u0111ena politi\u010dka partija kvalifikovala da u\u0111e u proces raspodjele mandata \u0161to ne zna\u010di da \u0107e ona osvojti mandat. Prednost albanskih stranaka u odnosu na druge stranke jeste da se njihovi rezultati sabrani na jednu listu na koju je tako\u0111e primjenjivana Dontova formula. Ako se Dontov koli\u010dnik ne sadr\u017ei, u njihovom slu\u010daju tri puta, oni ne\u0107e dobiti tri ve\u0107 dva mandata u konkretnom slu\u010daju \u2013 rekao je Vujovi\u0107, nakon dana\u0161nje konferencije za medije CEMI-ja<\/p>\n<p>On je kazao da su iz CEMI-ja pretpostavili da se mo\u017ee desiti da politi\u010dke partije mogu imati primjedbi na raspodjelu mandata.<br \/>\n&#8211; Mi smo predlo\u017eili Dr\u017eavnoj izbornoj komisiji da izradi raspodjelu mandata koja bi razjasnila nedoumice i prije rezultata izbora. \u017dalimo \u0161to se ovakvo zakonsko rje\u0161enje odrazilo na albanske partije i \u0161to su ostali uskra\u0107eni za ve\u0107i broj mandata. Ovakva situacija se mogla izbje\u0107i boljom izbornom strategijom izlaskom na jednu ili dvije izborne liste. Problem DUA otvara pitanje da li je postoje\u0107i zakon dobar \u2013 rekao je Vujovi\u0107.<\/p>\n<p>Demokratska unija Albanaca (DUA) ranije danas je saop\u0161tila da \u0107e podnijeti prigovor Dr\u017eavnoj izbornoj komisiji na rezultate izbora, jer je, kako tvrde njeni predstavnici, toj partiji oduzet mandat lo\u0161im tuma\u010denjem Zakona o izboru odbornika i poslanika.<\/p>\n<p><strong>TVCG<\/strong><\/p>\n","protected":false},"excerpt":{"rendered":"<p>Programski direktor Centra za monitoring (CEMI) Zlatko Vujovi\u0107 rekao je da Demokratska unija Albanaca (DUA), nema prostora za \u017ealbu na preliminarne rezultate izbora, prema kojim je osvojila 2.852 glasova i nije uspjela da osvoji jedan mandat. On je istakao da DUA nema pravo \u017ealbe &#8220;ne zbog toga \u0161to je to pravedno ili ne, ve\u0107 zbog [&hellip;]<\/p>\n","protected":false},"author":1,"featured_media":0,"comment_status":"open","ping_status":"closed","sticky":false,"template":"","format":"standard","meta":{"spay_email":"","jetpack_publicize_message":"","jetpack_is_tweetstorm":false,"jetpack_publicize_feature_enabled":true},"categories":[8337],"tags":[8473,87],"jetpack_publicize_connections":[],"yoast_head":"<!-- This site is optimized with the Yoast SEO plugin v19.1 - https:\/\/yoast.com\/wordpress\/plugins\/seo\/ -->\n<title>Vujovi\u0107: DUA nema prostora za \u017ealbu - Lajme nga Ulqini<\/title>\n<meta name=\"description\" content=\"Programski direktor Centra za monitoring (CEMI) Zlatko Vujovi\u0107 rekao je da Demokratska unija Albanaca (DUA), nema prostora za \u017ealbu na preliminarne\" \/>\n<meta name=\"robots\" content=\"index, follow, max-snippet:-1, max-image-preview:large, max-video-preview:-1\" \/>\n<link rel=\"canonical\" href=\"https:\/\/www.visit-ulcinj.com\/blog\/2012\/10\/16\/vujovic-dua-nema-prostora-za-zalbu\/\" \/>\n<meta property=\"og:locale\" content=\"en_US\" \/>\n<meta property=\"og:type\" content=\"article\" \/>\n<meta property=\"og:title\" content=\"Vujovi\u0107: DUA nema prostora za \u017ealbu - Lajme nga Ulqini\" \/>\n<meta property=\"og:description\" content=\"Programski direktor Centra za monitoring (CEMI) Zlatko Vujovi\u0107 rekao je da Demokratska unija Albanaca (DUA), nema prostora za \u017ealbu na preliminarne\" \/>\n<meta property=\"og:url\" content=\"https:\/\/www.visit-ulcinj.com\/blog\/2012\/10\/16\/vujovic-dua-nema-prostora-za-zalbu\/\" \/>\n<meta property=\"og:site_name\" content=\"Lajme nga Ulqini\" \/>\n<meta property=\"article:published_time\" content=\"2012-10-16T16:51:02+00:00\" \/>\n<meta property=\"article:modified_time\" content=\"2012-10-16T16:51:22+00:00\" \/>\n<meta property=\"og:image\" content=\"http:\/\/www.visit-ulcinj.com\/blog\/wp-content\/uploads\/2012\/10\/Zlatko-Vujovic.jpg\" \/>\n<meta name=\"twitter:label1\" content=\"Written by\" \/>\n\t<meta name=\"twitter:data1\" content=\"ulqini\" \/>\n\t<meta name=\"twitter:label2\" content=\"Est. reading time\" \/>\n\t<meta name=\"twitter:data2\" content=\"2 minutes\" \/>\n<script type=\"application\/ld+json\" class=\"yoast-schema-graph\">{\"@context\":\"https:\/\/schema.org\",\"@graph\":[{\"@type\":\"WebSite\",\"@id\":\"https:\/\/www.visit-ulcinj.com\/blog\/#website\",\"url\":\"https:\/\/www.visit-ulcinj.com\/blog\/\",\"name\":\"Lajme nga Ulqini\",\"description\":\"Lajme,Vijesti,Ulqini,Ulqin,Crna Gora,Mali i Zi\",\"potentialAction\":[{\"@type\":\"SearchAction\",\"target\":{\"@type\":\"EntryPoint\",\"urlTemplate\":\"https:\/\/www.visit-ulcinj.com\/blog\/?s={search_term_string}\"},\"query-input\":\"required name=search_term_string\"}],\"inLanguage\":\"en-US\"},{\"@type\":\"ImageObject\",\"inLanguage\":\"en-US\",\"@id\":\"https:\/\/www.visit-ulcinj.com\/blog\/2012\/10\/16\/vujovic-dua-nema-prostora-za-zalbu\/#primaryimage\",\"url\":\"https:\/\/www.visit-ulcinj.com\/blog\/wp-content\/uploads\/2012\/10\/Zlatko-Vujovic.jpg\",\"contentUrl\":\"https:\/\/www.visit-ulcinj.com\/blog\/wp-content\/uploads\/2012\/10\/Zlatko-Vujovic.jpg\",\"width\":\"662\",\"height\":\"420\"},{\"@type\":\"WebPage\",\"@id\":\"https:\/\/www.visit-ulcinj.com\/blog\/2012\/10\/16\/vujovic-dua-nema-prostora-za-zalbu\/#webpage\",\"url\":\"https:\/\/www.visit-ulcinj.com\/blog\/2012\/10\/16\/vujovic-dua-nema-prostora-za-zalbu\/\",\"name\":\"Vujovi\u0107: DUA nema prostora za \u017ealbu - Lajme nga Ulqini\",\"isPartOf\":{\"@id\":\"https:\/\/www.visit-ulcinj.com\/blog\/#website\"},\"primaryImageOfPage\":{\"@id\":\"https:\/\/www.visit-ulcinj.com\/blog\/2012\/10\/16\/vujovic-dua-nema-prostora-za-zalbu\/#primaryimage\"},\"datePublished\":\"2012-10-16T16:51:02+00:00\",\"dateModified\":\"2012-10-16T16:51:22+00:00\",\"author\":{\"@id\":\"https:\/\/www.visit-ulcinj.com\/blog\/#\/schema\/person\/dcab619c614d3038751c63bc2aadc06d\"},\"description\":\"Programski direktor Centra za monitoring (CEMI) Zlatko Vujovi\u0107 rekao je da Demokratska unija Albanaca (DUA), nema prostora za \u017ealbu na preliminarne\",\"breadcrumb\":{\"@id\":\"https:\/\/www.visit-ulcinj.com\/blog\/2012\/10\/16\/vujovic-dua-nema-prostora-za-zalbu\/#breadcrumb\"},\"inLanguage\":\"en-US\",\"potentialAction\":[{\"@type\":\"ReadAction\",\"target\":[\"https:\/\/www.visit-ulcinj.com\/blog\/2012\/10\/16\/vujovic-dua-nema-prostora-za-zalbu\/\"]}]},{\"@type\":\"BreadcrumbList\",\"@id\":\"https:\/\/www.visit-ulcinj.com\/blog\/2012\/10\/16\/vujovic-dua-nema-prostora-za-zalbu\/#breadcrumb\",\"itemListElement\":[{\"@type\":\"ListItem\",\"position\":1,\"name\":\"Vujovi\u0107: DUA nema prostora za \u017ealbu\"}]},{\"@type\":\"Person\",\"@id\":\"https:\/\/www.visit-ulcinj.com\/blog\/#\/schema\/person\/dcab619c614d3038751c63bc2aadc06d\",\"name\":\"ulqini\",\"sameAs\":[\"http:\/\/www.visit-ulcinj.com\"],\"url\":\"https:\/\/www.visit-ulcinj.com\/blog\/author\/admin\/\"}]}<\/script>\n<!-- \/ Yoast SEO plugin. -->","yoast_head_json":{"title":"Vujovi\u0107: DUA nema prostora za \u017ealbu - Lajme nga Ulqini","description":"Programski direktor Centra za monitoring (CEMI) Zlatko Vujovi\u0107 rekao je da Demokratska unija Albanaca (DUA), nema prostora za \u017ealbu na preliminarne","robots":{"index":"index","follow":"follow","max-snippet":"max-snippet:-1","max-image-preview":"max-image-preview:large","max-video-preview":"max-video-preview:-1"},"canonical":"https:\/\/www.visit-ulcinj.com\/blog\/2012\/10\/16\/vujovic-dua-nema-prostora-za-zalbu\/","og_locale":"en_US","og_type":"article","og_title":"Vujovi\u0107: DUA nema prostora za \u017ealbu - Lajme nga Ulqini","og_description":"Programski direktor Centra za monitoring (CEMI) Zlatko Vujovi\u0107 rekao je da Demokratska unija Albanaca (DUA), nema prostora za \u017ealbu na preliminarne","og_url":"https:\/\/www.visit-ulcinj.com\/blog\/2012\/10\/16\/vujovic-dua-nema-prostora-za-zalbu\/","og_site_name":"Lajme nga Ulqini","article_published_time":"2012-10-16T16:51:02+00:00","article_modified_time":"2012-10-16T16:51:22+00:00","og_image":[{"url":"http:\/\/www.visit-ulcinj.com\/blog\/wp-content\/uploads\/2012\/10\/Zlatko-Vujovic.jpg"}],"twitter_misc":{"Written by":"ulqini","Est. reading time":"2 minutes"},"schema":{"@context":"https:\/\/schema.org","@graph":[{"@type":"WebSite","@id":"https:\/\/www.visit-ulcinj.com\/blog\/#website","url":"https:\/\/www.visit-ulcinj.com\/blog\/","name":"Lajme nga Ulqini","description":"Lajme,Vijesti,Ulqini,Ulqin,Crna Gora,Mali i Zi","potentialAction":[{"@type":"SearchAction","target":{"@type":"EntryPoint","urlTemplate":"https:\/\/www.visit-ulcinj.com\/blog\/?s={search_term_string}"},"query-input":"required name=search_term_string"}],"inLanguage":"en-US"},{"@type":"ImageObject","inLanguage":"en-US","@id":"https:\/\/www.visit-ulcinj.com\/blog\/2012\/10\/16\/vujovic-dua-nema-prostora-za-zalbu\/#primaryimage","url":"https:\/\/www.visit-ulcinj.com\/blog\/wp-content\/uploads\/2012\/10\/Zlatko-Vujovic.jpg","contentUrl":"https:\/\/www.visit-ulcinj.com\/blog\/wp-content\/uploads\/2012\/10\/Zlatko-Vujovic.jpg","width":"662","height":"420"},{"@type":"WebPage","@id":"https:\/\/www.visit-ulcinj.com\/blog\/2012\/10\/16\/vujovic-dua-nema-prostora-za-zalbu\/#webpage","url":"https:\/\/www.visit-ulcinj.com\/blog\/2012\/10\/16\/vujovic-dua-nema-prostora-za-zalbu\/","name":"Vujovi\u0107: DUA nema prostora za \u017ealbu - Lajme nga Ulqini","isPartOf":{"@id":"https:\/\/www.visit-ulcinj.com\/blog\/#website"},"primaryImageOfPage":{"@id":"https:\/\/www.visit-ulcinj.com\/blog\/2012\/10\/16\/vujovic-dua-nema-prostora-za-zalbu\/#primaryimage"},"datePublished":"2012-10-16T16:51:02+00:00","dateModified":"2012-10-16T16:51:22+00:00","author":{"@id":"https:\/\/www.visit-ulcinj.com\/blog\/#\/schema\/person\/dcab619c614d3038751c63bc2aadc06d"},"description":"Programski direktor Centra za monitoring (CEMI) Zlatko Vujovi\u0107 rekao je da Demokratska unija Albanaca (DUA), nema prostora za \u017ealbu na preliminarne","breadcrumb":{"@id":"https:\/\/www.visit-ulcinj.com\/blog\/2012\/10\/16\/vujovic-dua-nema-prostora-za-zalbu\/#breadcrumb"},"inLanguage":"en-US","potentialAction":[{"@type":"ReadAction","target":["https:\/\/www.visit-ulcinj.com\/blog\/2012\/10\/16\/vujovic-dua-nema-prostora-za-zalbu\/"]}]},{"@type":"BreadcrumbList","@id":"https:\/\/www.visit-ulcinj.com\/blog\/2012\/10\/16\/vujovic-dua-nema-prostora-za-zalbu\/#breadcrumb","itemListElement":[{"@type":"ListItem","position":1,"name":"Vujovi\u0107: DUA nema prostora za \u017ealbu"}]},{"@type":"Person","@id":"https:\/\/www.visit-ulcinj.com\/blog\/#\/schema\/person\/dcab619c614d3038751c63bc2aadc06d","name":"ulqini","sameAs":["http:\/\/www.visit-ulcinj.com"],"url":"https:\/\/www.visit-ulcinj.com\/blog\/author\/admin\/"}]}},"jetpack_featured_media_url":"","jetpack_sharing_enabled":true,"jetpack_shortlink":"https:\/\/wp.me\/pe6lTn-gPC","_links":{"self":[{"href":"https:\/\/www.visit-ulcinj.com\/blog\/wp-json\/wp\/v2\/posts\/64704"}],"collection":[{"href":"https:\/\/www.visit-ulcinj.com\/blog\/wp-json\/wp\/v2\/posts"}],"about":[{"href":"https:\/\/www.visit-ulcinj.com\/blog\/wp-json\/wp\/v2\/types\/post"}],"author":[{"embeddable":true,"href":"https:\/\/www.visit-ulcinj.com\/blog\/wp-json\/wp\/v2\/users\/1"}],"replies":[{"embeddable":true,"href":"https:\/\/www.visit-ulcinj.com\/blog\/wp-json\/wp\/v2\/comments?post=64704"}],"version-history":[{"count":3,"href":"https:\/\/www.visit-ulcinj.com\/blog\/wp-json\/wp\/v2\/posts\/64704\/revisions"}],"predecessor-version":[{"id":64708,"href":"https:\/\/www.visit-ulcinj.com\/blog\/wp-json\/wp\/v2\/posts\/64704\/revisions\/64708"}],"wp:attachment":[{"href":"https:\/\/www.visit-ulcinj.com\/blog\/wp-json\/wp\/v2\/media?parent=64704"}],"wp:term":[{"taxonomy":"category","embeddable":true,"href":"https:\/\/www.visit-ulcinj.com\/blog\/wp-json\/wp\/v2\/categories?post=64704"},{"taxonomy":"post_tag","embeddable":true,"href":"https:\/\/www.visit-ulcinj.com\/blog\/wp-json\/wp\/v2\/tags?post=64704"}],"curies":[{"name":"wp","href":"https:\/\/api.w.org\/{rel}","templated":true}]}}