{"id":64709,"date":"2012-10-16T18:00:11","date_gmt":"2012-10-16T17:00:11","guid":{"rendered":"http:\/\/www.visit-ulcinj.com\/blog\/?p=64709"},"modified":"2012-10-16T18:00:11","modified_gmt":"2012-10-16T17:00:11","slug":"forca-za-koaliciju-bitno-rjesavanje-identitetskih-pitanja","status":"publish","type":"post","link":"https:\/\/www.visit-ulcinj.com\/blog\/2012\/10\/16\/forca-za-koaliciju-bitno-rjesavanje-identitetskih-pitanja\/","title":{"rendered":"Forca: Za koaliciju bitno rje\u0161avanje identitetskih pitanja"},"content":{"rendered":"<p><a href=\"http:\/\/www.visit-ulcinj.com\/blog\/wp-content\/uploads\/2012\/10\/GENCI-NIMANBEGU_FORCA.jpg\"><img loading=\"lazy\" class=\"alignleft  wp-image-64710\" title=\"GENCI NIMANBEGU_FORCA\" src=\"http:\/\/www.visit-ulcinj.com\/blog\/wp-content\/uploads\/2012\/10\/GENCI-NIMANBEGU_FORCA.jpg\" alt=\"\" width=\"508\" height=\"360\" \/><\/a>U Forci djelimi\u010dno zadovoljni ishodima zavr\u0161enih parlamentarnih izbora, mogu\u0107a partnerstva sa vladaju\u0107om koalicijom ili opozicionarima zavisi\u0107e od prijedloga za rje\u0161avanje identitetskih pitanja Albanaca, kazao potpredsjednik Force Genci Nimanbegu za Portal Analitika.<\/p>\n<p>Prema rije\u010dima dosada\u0161njeg poslanika u Skup\u0161tini,\u00a0 u albanskoj koaliciji Forca, djelimi\u010dno su zadovoljni rezultatima parlamentarnih izbora odr\u017eanih u nedjelju.<\/p>\n<p>\u201eNaime osvojili smo jedan mandat iako je na\u0161 cilj bio da osvojimo dva mandata, ali smo zadovoljni \u010dinjenicom da smo najve\u0107a albanska koalicija i dokazali smo da \u00a0u\u017eivamo najve\u0107i ugled me\u0111u albanskim bira\u010dima\u201c kazao je Nimanbegu.<\/p>\n<p>Iz ove koalicije smatraju da izborni zakon za Albance nije afirmativan, \u0161to se pokazalo na ovim izborima, jer umjesto dosada\u0161njih \u010detiri mandata, pripadnici albanskog naroda sada imaju dva mandata.<\/p>\n<p>O mogu\u0107im koalicijama u Forci razmi\u0161ljaju a prvenstveni cilj saradnje sa odre\u0111enim partijama i koalicijama, predstavnicima najve\u0107e albanske koalicije bi\u0107e \u201erje\u0161avanje identitetskih pitanja Albanaca, ravnopravnost u dru\u0161tvu i uravnote\u017eeni razvoj sa ostalima\u201c.<\/p>\n<p>\u201eAlbanske partije treba da imaju zajedni\u010dku platformu za koju \u0107e se odlu\u010diti narednih dana i na tim osnovama zalaga\u0107emo se za partnerstvo, a ne za bezuslovno u\u010de\u0161\u0107e u vlasti\u201c rekao je potpredsjednik Force.<\/p>\n<p>Na pitanje koga u Forci smatraju bli\u017eim koalicionim partnerima \u2013 vladaju\u0107u koaliciju ili nekog iz opozicije, Genci Nimanbegu je odgovorio da su stavovi njegove kolacije poznati javnosti.<\/p>\n<p>\u201eNa\u0161 cilj je unapre\u0111enje prava albanske zajednice i to je na\u0161a po\u010detna ta\u010dka. I sa jednima i sa drugima imamo dodirnih ta\u010daka ali i razlika\u201c kazao je za Portal Analitika, potpresjednik Force.<\/p>\n<p><strong>Analitika &#8211; Informativni Portal<\/strong><\/p>\n","protected":false},"excerpt":{"rendered":"<p>U Forci djelimi\u010dno zadovoljni ishodima zavr\u0161enih parlamentarnih izbora, mogu\u0107a partnerstva sa vladaju\u0107om koalicijom ili opozicionarima zavisi\u0107e od prijedloga za rje\u0161avanje identitetskih pitanja Albanaca, kazao potpredsjednik Force Genci Nimanbegu za Portal Analitika. Prema rije\u010dima dosada\u0161njeg poslanika u Skup\u0161tini,\u00a0 u albanskoj koaliciji Forca, djelimi\u010dno su zadovoljni rezultatima parlamentarnih izbora odr\u017eanih u nedjelju. \u201eNaime osvojili smo jedan mandat [&hellip;]<\/p>\n","protected":false},"author":1,"featured_media":0,"comment_status":"open","ping_status":"closed","sticky":false,"template":"","format":"standard","meta":{"spay_email":"","jetpack_publicize_message":"","jetpack_is_tweetstorm":false,"jetpack_publicize_feature_enabled":true},"categories":[8337],"tags":[117,1073,19],"jetpack_publicize_connections":[],"yoast_head":"<!-- This site is optimized with the Yoast SEO plugin v19.1 - https:\/\/yoast.com\/wordpress\/plugins\/seo\/ -->\n<title>Forca: Za koaliciju bitno rje\u0161avanje identitetskih pitanja - Lajme nga Ulqini<\/title>\n<meta name=\"description\" content=\"U Forci djelimi\u010dno zadovoljni ishodima zavr\u0161enih parlamentarnih izbora, mogu\u0107a partnerstva sa vladaju\u0107om koalicijom ili opozicionarima zavisi\u0107e od\" \/>\n<meta name=\"robots\" content=\"index, follow, max-snippet:-1, max-image-preview:large, max-video-preview:-1\" \/>\n<link rel=\"canonical\" href=\"https:\/\/www.visit-ulcinj.com\/blog\/2012\/10\/16\/forca-za-koaliciju-bitno-rjesavanje-identitetskih-pitanja\/\" \/>\n<meta property=\"og:locale\" content=\"en_US\" \/>\n<meta property=\"og:type\" content=\"article\" \/>\n<meta property=\"og:title\" content=\"Forca: Za koaliciju bitno rje\u0161avanje identitetskih pitanja - Lajme nga Ulqini\" \/>\n<meta property=\"og:description\" content=\"U Forci djelimi\u010dno zadovoljni ishodima zavr\u0161enih parlamentarnih izbora, mogu\u0107a partnerstva sa vladaju\u0107om koalicijom ili opozicionarima zavisi\u0107e od\" \/>\n<meta property=\"og:url\" content=\"https:\/\/www.visit-ulcinj.com\/blog\/2012\/10\/16\/forca-za-koaliciju-bitno-rjesavanje-identitetskih-pitanja\/\" \/>\n<meta property=\"og:site_name\" content=\"Lajme nga Ulqini\" \/>\n<meta property=\"article:published_time\" content=\"2012-10-16T17:00:11+00:00\" \/>\n<meta property=\"og:image\" content=\"http:\/\/www.visit-ulcinj.com\/blog\/wp-content\/uploads\/2012\/10\/GENCI-NIMANBEGU_FORCA.jpg\" \/>\n<meta name=\"twitter:label1\" content=\"Written by\" \/>\n\t<meta name=\"twitter:data1\" content=\"ulqini\" \/>\n\t<meta name=\"twitter:label2\" content=\"Est. reading time\" \/>\n\t<meta name=\"twitter:data2\" content=\"1 minute\" \/>\n<script type=\"application\/ld+json\" class=\"yoast-schema-graph\">{\"@context\":\"https:\/\/schema.org\",\"@graph\":[{\"@type\":\"WebSite\",\"@id\":\"https:\/\/www.visit-ulcinj.com\/blog\/#website\",\"url\":\"https:\/\/www.visit-ulcinj.com\/blog\/\",\"name\":\"Lajme nga Ulqini\",\"description\":\"Lajme,Vijesti,Ulqini,Ulqin,Crna Gora,Mali i Zi\",\"potentialAction\":[{\"@type\":\"SearchAction\",\"target\":{\"@type\":\"EntryPoint\",\"urlTemplate\":\"https:\/\/www.visit-ulcinj.com\/blog\/?s={search_term_string}\"},\"query-input\":\"required name=search_term_string\"}],\"inLanguage\":\"en-US\"},{\"@type\":\"ImageObject\",\"inLanguage\":\"en-US\",\"@id\":\"https:\/\/www.visit-ulcinj.com\/blog\/2012\/10\/16\/forca-za-koaliciju-bitno-rjesavanje-identitetskih-pitanja\/#primaryimage\",\"url\":\"https:\/\/www.visit-ulcinj.com\/blog\/wp-content\/uploads\/2012\/10\/GENCI-NIMANBEGU_FORCA.jpg\",\"contentUrl\":\"https:\/\/www.visit-ulcinj.com\/blog\/wp-content\/uploads\/2012\/10\/GENCI-NIMANBEGU_FORCA.jpg\",\"width\":\"640\",\"height\":\"425\"},{\"@type\":\"WebPage\",\"@id\":\"https:\/\/www.visit-ulcinj.com\/blog\/2012\/10\/16\/forca-za-koaliciju-bitno-rjesavanje-identitetskih-pitanja\/#webpage\",\"url\":\"https:\/\/www.visit-ulcinj.com\/blog\/2012\/10\/16\/forca-za-koaliciju-bitno-rjesavanje-identitetskih-pitanja\/\",\"name\":\"Forca: Za koaliciju bitno rje\u0161avanje identitetskih pitanja - Lajme nga Ulqini\",\"isPartOf\":{\"@id\":\"https:\/\/www.visit-ulcinj.com\/blog\/#website\"},\"primaryImageOfPage\":{\"@id\":\"https:\/\/www.visit-ulcinj.com\/blog\/2012\/10\/16\/forca-za-koaliciju-bitno-rjesavanje-identitetskih-pitanja\/#primaryimage\"},\"datePublished\":\"2012-10-16T17:00:11+00:00\",\"dateModified\":\"2012-10-16T17:00:11+00:00\",\"author\":{\"@id\":\"https:\/\/www.visit-ulcinj.com\/blog\/#\/schema\/person\/dcab619c614d3038751c63bc2aadc06d\"},\"description\":\"U Forci djelimi\u010dno zadovoljni ishodima zavr\u0161enih parlamentarnih izbora, mogu\u0107a partnerstva sa vladaju\u0107om koalicijom ili opozicionarima zavisi\u0107e od\",\"breadcrumb\":{\"@id\":\"https:\/\/www.visit-ulcinj.com\/blog\/2012\/10\/16\/forca-za-koaliciju-bitno-rjesavanje-identitetskih-pitanja\/#breadcrumb\"},\"inLanguage\":\"en-US\",\"potentialAction\":[{\"@type\":\"ReadAction\",\"target\":[\"https:\/\/www.visit-ulcinj.com\/blog\/2012\/10\/16\/forca-za-koaliciju-bitno-rjesavanje-identitetskih-pitanja\/\"]}]},{\"@type\":\"BreadcrumbList\",\"@id\":\"https:\/\/www.visit-ulcinj.com\/blog\/2012\/10\/16\/forca-za-koaliciju-bitno-rjesavanje-identitetskih-pitanja\/#breadcrumb\",\"itemListElement\":[{\"@type\":\"ListItem\",\"position\":1,\"name\":\"Forca: Za koaliciju bitno rje\u0161avanje identitetskih pitanja\"}]},{\"@type\":\"Person\",\"@id\":\"https:\/\/www.visit-ulcinj.com\/blog\/#\/schema\/person\/dcab619c614d3038751c63bc2aadc06d\",\"name\":\"ulqini\",\"sameAs\":[\"http:\/\/www.visit-ulcinj.com\"],\"url\":\"https:\/\/www.visit-ulcinj.com\/blog\/author\/admin\/\"}]}<\/script>\n<!-- \/ Yoast SEO plugin. -->","yoast_head_json":{"title":"Forca: Za koaliciju bitno rje\u0161avanje identitetskih pitanja - Lajme nga Ulqini","description":"U Forci djelimi\u010dno zadovoljni ishodima zavr\u0161enih parlamentarnih izbora, mogu\u0107a partnerstva sa vladaju\u0107om koalicijom ili opozicionarima zavisi\u0107e od","robots":{"index":"index","follow":"follow","max-snippet":"max-snippet:-1","max-image-preview":"max-image-preview:large","max-video-preview":"max-video-preview:-1"},"canonical":"https:\/\/www.visit-ulcinj.com\/blog\/2012\/10\/16\/forca-za-koaliciju-bitno-rjesavanje-identitetskih-pitanja\/","og_locale":"en_US","og_type":"article","og_title":"Forca: Za koaliciju bitno rje\u0161avanje identitetskih pitanja - Lajme nga Ulqini","og_description":"U Forci djelimi\u010dno zadovoljni ishodima zavr\u0161enih parlamentarnih izbora, mogu\u0107a partnerstva sa vladaju\u0107om koalicijom ili opozicionarima zavisi\u0107e od","og_url":"https:\/\/www.visit-ulcinj.com\/blog\/2012\/10\/16\/forca-za-koaliciju-bitno-rjesavanje-identitetskih-pitanja\/","og_site_name":"Lajme nga Ulqini","article_published_time":"2012-10-16T17:00:11+00:00","og_image":[{"url":"http:\/\/www.visit-ulcinj.com\/blog\/wp-content\/uploads\/2012\/10\/GENCI-NIMANBEGU_FORCA.jpg"}],"twitter_misc":{"Written by":"ulqini","Est. reading time":"1 minute"},"schema":{"@context":"https:\/\/schema.org","@graph":[{"@type":"WebSite","@id":"https:\/\/www.visit-ulcinj.com\/blog\/#website","url":"https:\/\/www.visit-ulcinj.com\/blog\/","name":"Lajme nga Ulqini","description":"Lajme,Vijesti,Ulqini,Ulqin,Crna Gora,Mali i Zi","potentialAction":[{"@type":"SearchAction","target":{"@type":"EntryPoint","urlTemplate":"https:\/\/www.visit-ulcinj.com\/blog\/?s={search_term_string}"},"query-input":"required name=search_term_string"}],"inLanguage":"en-US"},{"@type":"ImageObject","inLanguage":"en-US","@id":"https:\/\/www.visit-ulcinj.com\/blog\/2012\/10\/16\/forca-za-koaliciju-bitno-rjesavanje-identitetskih-pitanja\/#primaryimage","url":"https:\/\/www.visit-ulcinj.com\/blog\/wp-content\/uploads\/2012\/10\/GENCI-NIMANBEGU_FORCA.jpg","contentUrl":"https:\/\/www.visit-ulcinj.com\/blog\/wp-content\/uploads\/2012\/10\/GENCI-NIMANBEGU_FORCA.jpg","width":"640","height":"425"},{"@type":"WebPage","@id":"https:\/\/www.visit-ulcinj.com\/blog\/2012\/10\/16\/forca-za-koaliciju-bitno-rjesavanje-identitetskih-pitanja\/#webpage","url":"https:\/\/www.visit-ulcinj.com\/blog\/2012\/10\/16\/forca-za-koaliciju-bitno-rjesavanje-identitetskih-pitanja\/","name":"Forca: Za koaliciju bitno rje\u0161avanje identitetskih pitanja - Lajme nga Ulqini","isPartOf":{"@id":"https:\/\/www.visit-ulcinj.com\/blog\/#website"},"primaryImageOfPage":{"@id":"https:\/\/www.visit-ulcinj.com\/blog\/2012\/10\/16\/forca-za-koaliciju-bitno-rjesavanje-identitetskih-pitanja\/#primaryimage"},"datePublished":"2012-10-16T17:00:11+00:00","dateModified":"2012-10-16T17:00:11+00:00","author":{"@id":"https:\/\/www.visit-ulcinj.com\/blog\/#\/schema\/person\/dcab619c614d3038751c63bc2aadc06d"},"description":"U Forci djelimi\u010dno zadovoljni ishodima zavr\u0161enih parlamentarnih izbora, mogu\u0107a partnerstva sa vladaju\u0107om koalicijom ili opozicionarima zavisi\u0107e od","breadcrumb":{"@id":"https:\/\/www.visit-ulcinj.com\/blog\/2012\/10\/16\/forca-za-koaliciju-bitno-rjesavanje-identitetskih-pitanja\/#breadcrumb"},"inLanguage":"en-US","potentialAction":[{"@type":"ReadAction","target":["https:\/\/www.visit-ulcinj.com\/blog\/2012\/10\/16\/forca-za-koaliciju-bitno-rjesavanje-identitetskih-pitanja\/"]}]},{"@type":"BreadcrumbList","@id":"https:\/\/www.visit-ulcinj.com\/blog\/2012\/10\/16\/forca-za-koaliciju-bitno-rjesavanje-identitetskih-pitanja\/#breadcrumb","itemListElement":[{"@type":"ListItem","position":1,"name":"Forca: Za koaliciju bitno rje\u0161avanje identitetskih pitanja"}]},{"@type":"Person","@id":"https:\/\/www.visit-ulcinj.com\/blog\/#\/schema\/person\/dcab619c614d3038751c63bc2aadc06d","name":"ulqini","sameAs":["http:\/\/www.visit-ulcinj.com"],"url":"https:\/\/www.visit-ulcinj.com\/blog\/author\/admin\/"}]}},"jetpack_featured_media_url":"","jetpack_sharing_enabled":true,"jetpack_shortlink":"https:\/\/wp.me\/pe6lTn-gPH","_links":{"self":[{"href":"https:\/\/www.visit-ulcinj.com\/blog\/wp-json\/wp\/v2\/posts\/64709"}],"collection":[{"href":"https:\/\/www.visit-ulcinj.com\/blog\/wp-json\/wp\/v2\/posts"}],"about":[{"href":"https:\/\/www.visit-ulcinj.com\/blog\/wp-json\/wp\/v2\/types\/post"}],"author":[{"embeddable":true,"href":"https:\/\/www.visit-ulcinj.com\/blog\/wp-json\/wp\/v2\/users\/1"}],"replies":[{"embeddable":true,"href":"https:\/\/www.visit-ulcinj.com\/blog\/wp-json\/wp\/v2\/comments?post=64709"}],"version-history":[{"count":2,"href":"https:\/\/www.visit-ulcinj.com\/blog\/wp-json\/wp\/v2\/posts\/64709\/revisions"}],"predecessor-version":[{"id":64712,"href":"https:\/\/www.visit-ulcinj.com\/blog\/wp-json\/wp\/v2\/posts\/64709\/revisions\/64712"}],"wp:attachment":[{"href":"https:\/\/www.visit-ulcinj.com\/blog\/wp-json\/wp\/v2\/media?parent=64709"}],"wp:term":[{"taxonomy":"category","embeddable":true,"href":"https:\/\/www.visit-ulcinj.com\/blog\/wp-json\/wp\/v2\/categories?post=64709"},{"taxonomy":"post_tag","embeddable":true,"href":"https:\/\/www.visit-ulcinj.com\/blog\/wp-json\/wp\/v2\/tags?post=64709"}],"curies":[{"name":"wp","href":"https:\/\/api.w.org\/{rel}","templated":true}]}}