{"id":64717,"date":"2012-10-16T18:58:48","date_gmt":"2012-10-16T17:58:48","guid":{"rendered":"http:\/\/www.visit-ulcinj.com\/blog\/?p=64717"},"modified":"2012-10-17T08:44:09","modified_gmt":"2012-10-17T07:44:09","slug":"nimanbegu-do-te-vendosin-ceshtjet-e-identitetit-shqiptar","status":"publish","type":"post","link":"https:\/\/www.visit-ulcinj.com\/blog\/2012\/10\/16\/nimanbegu-do-te-vendosin-ceshtjet-e-identitetit-shqiptar\/","title":{"rendered":"Nimanbegu: Do t\u00eb vendosin \u00e7\u00ebshtjet e identitetit shqiptar"},"content":{"rendered":"<p><a href=\"http:\/\/www.visit-ulcinj.com\/blog\/wp-content\/uploads\/2012\/10\/GENCI-NIMANBEGU_FORCA_ulqin.jpg\"><img loading=\"lazy\" class=\"alignleft  wp-image-64718\" title=\"GENCI NIMANBEGU_FORCA_ulqin\" src=\"http:\/\/www.visit-ulcinj.com\/blog\/wp-content\/uploads\/2012\/10\/GENCI-NIMANBEGU_FORCA_ulqin.jpg\" alt=\"\" width=\"508\" height=\"360\" \/><\/a>Forca, pjes\u00ebrisht \u00ebsht\u00eb e k\u00ebnaqur me rezultatet e zgjedhjeve t\u00eb kaluara parlamentare dhe partneriteti i mundsh\u00ebm me koalicionin n\u00eb pushtet ose me opozit\u00ebn do t\u00eb varet nga propozimet p\u00ebr zgjidhjen e \u00e7\u00ebshtjes s\u00eb identitetit t\u00eb shqiptar\u00ebve, ka theksuar n\u00ebnkryetari i Forc\u00ebs, Genci Nimanbegu p\u00ebr portall analitika<\/p>\n<p>Sipas fjal\u00ebve t\u00eb deputetit t\u00eb deritash\u00ebm n\u00eb parlament, n\u00eb koalicionin shqiptar Forca, jan\u00eb pjes\u00ebrisht t\u00eb k\u00ebnaqur me rezultatet e zgjedhjeve parlamentare t\u00eb diel\u00ebs s\u00eb kaluar.<\/p>\n<p>Kemi fituar nj\u00eb mandat edhe pse q\u00ebllimi ishte t\u00eb kemi dy mandate , mir\u00ebpo jemi t\u00eb k\u00ebnaqur me faktin se jemi koalicioni m\u00eb i fort\u00eb shqiptar, ka th\u00ebn\u00eb Nimanbegu.Ky koalicion konsideron se ligji zgjedhor nuk \u00ebsht\u00eb afirmativ p\u00ebr shqiptar\u00ebt, gj\u00eb q\u00eb \u00ebsht\u00eb v\u00ebrtetuar n\u00eb k\u00ebto zgjedhje.Ai , po ashtu ka theksuar se q\u00ebllimi i partis\u00eb \u00ebsht\u00eb avancimi i t\u00eb drejtave t\u00eb shqiptar\u00ebve n\u00eb Mal t\u00eb Zi. Ai shtoi se si me pozit\u00ebn, ashtu edhe opozit\u00ebn, kan\u00eb pika t\u00eb p\u00ebrbashk\u00ebta, mir\u00ebpo, edhe dallime.<\/p>\n<p><strong>TVCG<\/strong><\/p>\n","protected":false},"excerpt":{"rendered":"<p>Forca, pjes\u00ebrisht \u00ebsht\u00eb e k\u00ebnaqur me rezultatet e zgjedhjeve t\u00eb kaluara parlamentare dhe partneriteti i mundsh\u00ebm me koalicionin n\u00eb pushtet ose me opozit\u00ebn do t\u00eb varet nga propozimet p\u00ebr zgjidhjen e \u00e7\u00ebshtjes s\u00eb identitetit t\u00eb shqiptar\u00ebve, ka theksuar n\u00ebnkryetari i Forc\u00ebs, Genci Nimanbegu p\u00ebr portall analitika Sipas fjal\u00ebve t\u00eb deputetit t\u00eb deritash\u00ebm n\u00eb parlament, n\u00eb [&hellip;]<\/p>\n","protected":false},"author":1,"featured_media":0,"comment_status":"open","ping_status":"closed","sticky":false,"template":"","format":"standard","meta":{"spay_email":"","jetpack_publicize_message":"","jetpack_is_tweetstorm":false,"jetpack_publicize_feature_enabled":true},"categories":[1,12],"tags":[672,1073],"jetpack_publicize_connections":[],"yoast_head":"<!-- This site is optimized with the Yoast SEO plugin v19.1 - https:\/\/yoast.com\/wordpress\/plugins\/seo\/ -->\n<title>Nimanbegu: Do t\u00eb vendosin \u00e7\u00ebshtjet e identitetit shqiptar - Lajme nga Ulqini<\/title>\n<meta name=\"description\" content=\"Forca, pjes\u00ebrisht \u00ebsht\u00eb e k\u00ebnaqur me rezultatet e zgjedhjeve t\u00eb kaluara parlamentare dhe partneriteti i mundsh\u00ebm me koalicionin n\u00eb pushtet ose me opozit\u00ebn\" \/>\n<meta name=\"robots\" content=\"index, follow, max-snippet:-1, max-image-preview:large, max-video-preview:-1\" \/>\n<link rel=\"canonical\" href=\"https:\/\/www.visit-ulcinj.com\/blog\/2012\/10\/16\/nimanbegu-do-te-vendosin-ceshtjet-e-identitetit-shqiptar\/\" \/>\n<meta property=\"og:locale\" content=\"en_US\" \/>\n<meta property=\"og:type\" content=\"article\" \/>\n<meta property=\"og:title\" content=\"Nimanbegu: Do t\u00eb vendosin \u00e7\u00ebshtjet e identitetit shqiptar - Lajme nga Ulqini\" \/>\n<meta property=\"og:description\" content=\"Forca, pjes\u00ebrisht \u00ebsht\u00eb e k\u00ebnaqur me rezultatet e zgjedhjeve t\u00eb kaluara parlamentare dhe partneriteti i mundsh\u00ebm me koalicionin n\u00eb pushtet ose me opozit\u00ebn\" \/>\n<meta property=\"og:url\" content=\"https:\/\/www.visit-ulcinj.com\/blog\/2012\/10\/16\/nimanbegu-do-te-vendosin-ceshtjet-e-identitetit-shqiptar\/\" \/>\n<meta property=\"og:site_name\" content=\"Lajme nga Ulqini\" \/>\n<meta property=\"article:published_time\" content=\"2012-10-16T17:58:48+00:00\" \/>\n<meta property=\"article:modified_time\" content=\"2012-10-17T07:44:09+00:00\" \/>\n<meta property=\"og:image\" content=\"http:\/\/www.visit-ulcinj.com\/blog\/wp-content\/uploads\/2012\/10\/GENCI-NIMANBEGU_FORCA_ulqin.jpg\" \/>\n<meta name=\"twitter:label1\" content=\"Written by\" \/>\n\t<meta name=\"twitter:data1\" content=\"ulqini\" \/>\n\t<meta name=\"twitter:label2\" content=\"Est. reading time\" \/>\n\t<meta name=\"twitter:data2\" content=\"1 minute\" \/>\n<script type=\"application\/ld+json\" class=\"yoast-schema-graph\">{\"@context\":\"https:\/\/schema.org\",\"@graph\":[{\"@type\":\"WebSite\",\"@id\":\"https:\/\/www.visit-ulcinj.com\/blog\/#website\",\"url\":\"https:\/\/www.visit-ulcinj.com\/blog\/\",\"name\":\"Lajme nga Ulqini\",\"description\":\"Lajme,Vijesti,Ulqini,Ulqin,Crna Gora,Mali i Zi\",\"potentialAction\":[{\"@type\":\"SearchAction\",\"target\":{\"@type\":\"EntryPoint\",\"urlTemplate\":\"https:\/\/www.visit-ulcinj.com\/blog\/?s={search_term_string}\"},\"query-input\":\"required name=search_term_string\"}],\"inLanguage\":\"en-US\"},{\"@type\":\"ImageObject\",\"inLanguage\":\"en-US\",\"@id\":\"https:\/\/www.visit-ulcinj.com\/blog\/2012\/10\/16\/nimanbegu-do-te-vendosin-ceshtjet-e-identitetit-shqiptar\/#primaryimage\",\"url\":\"https:\/\/www.visit-ulcinj.com\/blog\/wp-content\/uploads\/2012\/10\/GENCI-NIMANBEGU_FORCA_ulqin.jpg\",\"contentUrl\":\"https:\/\/www.visit-ulcinj.com\/blog\/wp-content\/uploads\/2012\/10\/GENCI-NIMANBEGU_FORCA_ulqin.jpg\",\"width\":\"640\",\"height\":\"425\"},{\"@type\":\"WebPage\",\"@id\":\"https:\/\/www.visit-ulcinj.com\/blog\/2012\/10\/16\/nimanbegu-do-te-vendosin-ceshtjet-e-identitetit-shqiptar\/#webpage\",\"url\":\"https:\/\/www.visit-ulcinj.com\/blog\/2012\/10\/16\/nimanbegu-do-te-vendosin-ceshtjet-e-identitetit-shqiptar\/\",\"name\":\"Nimanbegu: Do t\u00eb vendosin \u00e7\u00ebshtjet e identitetit shqiptar - Lajme nga Ulqini\",\"isPartOf\":{\"@id\":\"https:\/\/www.visit-ulcinj.com\/blog\/#website\"},\"primaryImageOfPage\":{\"@id\":\"https:\/\/www.visit-ulcinj.com\/blog\/2012\/10\/16\/nimanbegu-do-te-vendosin-ceshtjet-e-identitetit-shqiptar\/#primaryimage\"},\"datePublished\":\"2012-10-16T17:58:48+00:00\",\"dateModified\":\"2012-10-17T07:44:09+00:00\",\"author\":{\"@id\":\"https:\/\/www.visit-ulcinj.com\/blog\/#\/schema\/person\/dcab619c614d3038751c63bc2aadc06d\"},\"description\":\"Forca, pjes\u00ebrisht \u00ebsht\u00eb e k\u00ebnaqur me rezultatet e zgjedhjeve t\u00eb kaluara parlamentare dhe partneriteti i mundsh\u00ebm me koalicionin n\u00eb pushtet ose me opozit\u00ebn\",\"breadcrumb\":{\"@id\":\"https:\/\/www.visit-ulcinj.com\/blog\/2012\/10\/16\/nimanbegu-do-te-vendosin-ceshtjet-e-identitetit-shqiptar\/#breadcrumb\"},\"inLanguage\":\"en-US\",\"potentialAction\":[{\"@type\":\"ReadAction\",\"target\":[\"https:\/\/www.visit-ulcinj.com\/blog\/2012\/10\/16\/nimanbegu-do-te-vendosin-ceshtjet-e-identitetit-shqiptar\/\"]}]},{\"@type\":\"BreadcrumbList\",\"@id\":\"https:\/\/www.visit-ulcinj.com\/blog\/2012\/10\/16\/nimanbegu-do-te-vendosin-ceshtjet-e-identitetit-shqiptar\/#breadcrumb\",\"itemListElement\":[{\"@type\":\"ListItem\",\"position\":1,\"name\":\"Nimanbegu: Do t\u00eb vendosin \u00e7\u00ebshtjet e identitetit shqiptar\"}]},{\"@type\":\"Person\",\"@id\":\"https:\/\/www.visit-ulcinj.com\/blog\/#\/schema\/person\/dcab619c614d3038751c63bc2aadc06d\",\"name\":\"ulqini\",\"sameAs\":[\"http:\/\/www.visit-ulcinj.com\"],\"url\":\"https:\/\/www.visit-ulcinj.com\/blog\/author\/admin\/\"}]}<\/script>\n<!-- \/ Yoast SEO plugin. -->","yoast_head_json":{"title":"Nimanbegu: Do t\u00eb vendosin \u00e7\u00ebshtjet e identitetit shqiptar - Lajme nga Ulqini","description":"Forca, pjes\u00ebrisht \u00ebsht\u00eb e k\u00ebnaqur me rezultatet e zgjedhjeve t\u00eb kaluara parlamentare dhe partneriteti i mundsh\u00ebm me koalicionin n\u00eb pushtet ose me opozit\u00ebn","robots":{"index":"index","follow":"follow","max-snippet":"max-snippet:-1","max-image-preview":"max-image-preview:large","max-video-preview":"max-video-preview:-1"},"canonical":"https:\/\/www.visit-ulcinj.com\/blog\/2012\/10\/16\/nimanbegu-do-te-vendosin-ceshtjet-e-identitetit-shqiptar\/","og_locale":"en_US","og_type":"article","og_title":"Nimanbegu: Do t\u00eb vendosin \u00e7\u00ebshtjet e identitetit shqiptar - Lajme nga Ulqini","og_description":"Forca, pjes\u00ebrisht \u00ebsht\u00eb e k\u00ebnaqur me rezultatet e zgjedhjeve t\u00eb kaluara parlamentare dhe partneriteti i mundsh\u00ebm me koalicionin n\u00eb pushtet ose me opozit\u00ebn","og_url":"https:\/\/www.visit-ulcinj.com\/blog\/2012\/10\/16\/nimanbegu-do-te-vendosin-ceshtjet-e-identitetit-shqiptar\/","og_site_name":"Lajme nga Ulqini","article_published_time":"2012-10-16T17:58:48+00:00","article_modified_time":"2012-10-17T07:44:09+00:00","og_image":[{"url":"http:\/\/www.visit-ulcinj.com\/blog\/wp-content\/uploads\/2012\/10\/GENCI-NIMANBEGU_FORCA_ulqin.jpg"}],"twitter_misc":{"Written by":"ulqini","Est. reading time":"1 minute"},"schema":{"@context":"https:\/\/schema.org","@graph":[{"@type":"WebSite","@id":"https:\/\/www.visit-ulcinj.com\/blog\/#website","url":"https:\/\/www.visit-ulcinj.com\/blog\/","name":"Lajme nga Ulqini","description":"Lajme,Vijesti,Ulqini,Ulqin,Crna Gora,Mali i Zi","potentialAction":[{"@type":"SearchAction","target":{"@type":"EntryPoint","urlTemplate":"https:\/\/www.visit-ulcinj.com\/blog\/?s={search_term_string}"},"query-input":"required name=search_term_string"}],"inLanguage":"en-US"},{"@type":"ImageObject","inLanguage":"en-US","@id":"https:\/\/www.visit-ulcinj.com\/blog\/2012\/10\/16\/nimanbegu-do-te-vendosin-ceshtjet-e-identitetit-shqiptar\/#primaryimage","url":"https:\/\/www.visit-ulcinj.com\/blog\/wp-content\/uploads\/2012\/10\/GENCI-NIMANBEGU_FORCA_ulqin.jpg","contentUrl":"https:\/\/www.visit-ulcinj.com\/blog\/wp-content\/uploads\/2012\/10\/GENCI-NIMANBEGU_FORCA_ulqin.jpg","width":"640","height":"425"},{"@type":"WebPage","@id":"https:\/\/www.visit-ulcinj.com\/blog\/2012\/10\/16\/nimanbegu-do-te-vendosin-ceshtjet-e-identitetit-shqiptar\/#webpage","url":"https:\/\/www.visit-ulcinj.com\/blog\/2012\/10\/16\/nimanbegu-do-te-vendosin-ceshtjet-e-identitetit-shqiptar\/","name":"Nimanbegu: Do t\u00eb vendosin \u00e7\u00ebshtjet e identitetit shqiptar - Lajme nga Ulqini","isPartOf":{"@id":"https:\/\/www.visit-ulcinj.com\/blog\/#website"},"primaryImageOfPage":{"@id":"https:\/\/www.visit-ulcinj.com\/blog\/2012\/10\/16\/nimanbegu-do-te-vendosin-ceshtjet-e-identitetit-shqiptar\/#primaryimage"},"datePublished":"2012-10-16T17:58:48+00:00","dateModified":"2012-10-17T07:44:09+00:00","author":{"@id":"https:\/\/www.visit-ulcinj.com\/blog\/#\/schema\/person\/dcab619c614d3038751c63bc2aadc06d"},"description":"Forca, pjes\u00ebrisht \u00ebsht\u00eb e k\u00ebnaqur me rezultatet e zgjedhjeve t\u00eb kaluara parlamentare dhe partneriteti i mundsh\u00ebm me koalicionin n\u00eb pushtet ose me opozit\u00ebn","breadcrumb":{"@id":"https:\/\/www.visit-ulcinj.com\/blog\/2012\/10\/16\/nimanbegu-do-te-vendosin-ceshtjet-e-identitetit-shqiptar\/#breadcrumb"},"inLanguage":"en-US","potentialAction":[{"@type":"ReadAction","target":["https:\/\/www.visit-ulcinj.com\/blog\/2012\/10\/16\/nimanbegu-do-te-vendosin-ceshtjet-e-identitetit-shqiptar\/"]}]},{"@type":"BreadcrumbList","@id":"https:\/\/www.visit-ulcinj.com\/blog\/2012\/10\/16\/nimanbegu-do-te-vendosin-ceshtjet-e-identitetit-shqiptar\/#breadcrumb","itemListElement":[{"@type":"ListItem","position":1,"name":"Nimanbegu: Do t\u00eb vendosin \u00e7\u00ebshtjet e identitetit shqiptar"}]},{"@type":"Person","@id":"https:\/\/www.visit-ulcinj.com\/blog\/#\/schema\/person\/dcab619c614d3038751c63bc2aadc06d","name":"ulqini","sameAs":["http:\/\/www.visit-ulcinj.com"],"url":"https:\/\/www.visit-ulcinj.com\/blog\/author\/admin\/"}]}},"jetpack_featured_media_url":"","jetpack_sharing_enabled":true,"jetpack_shortlink":"https:\/\/wp.me\/pe6lTn-gPP","_links":{"self":[{"href":"https:\/\/www.visit-ulcinj.com\/blog\/wp-json\/wp\/v2\/posts\/64717"}],"collection":[{"href":"https:\/\/www.visit-ulcinj.com\/blog\/wp-json\/wp\/v2\/posts"}],"about":[{"href":"https:\/\/www.visit-ulcinj.com\/blog\/wp-json\/wp\/v2\/types\/post"}],"author":[{"embeddable":true,"href":"https:\/\/www.visit-ulcinj.com\/blog\/wp-json\/wp\/v2\/users\/1"}],"replies":[{"embeddable":true,"href":"https:\/\/www.visit-ulcinj.com\/blog\/wp-json\/wp\/v2\/comments?post=64717"}],"version-history":[{"count":2,"href":"https:\/\/www.visit-ulcinj.com\/blog\/wp-json\/wp\/v2\/posts\/64717\/revisions"}],"predecessor-version":[{"id":64729,"href":"https:\/\/www.visit-ulcinj.com\/blog\/wp-json\/wp\/v2\/posts\/64717\/revisions\/64729"}],"wp:attachment":[{"href":"https:\/\/www.visit-ulcinj.com\/blog\/wp-json\/wp\/v2\/media?parent=64717"}],"wp:term":[{"taxonomy":"category","embeddable":true,"href":"https:\/\/www.visit-ulcinj.com\/blog\/wp-json\/wp\/v2\/categories?post=64717"},{"taxonomy":"post_tag","embeddable":true,"href":"https:\/\/www.visit-ulcinj.com\/blog\/wp-json\/wp\/v2\/tags?post=64717"}],"curies":[{"name":"wp","href":"https:\/\/api.w.org\/{rel}","templated":true}]}}