{"id":6472,"date":"2008-11-22T13:53:09","date_gmt":"2008-11-22T18:53:09","guid":{"rendered":"http:\/\/www.visit-ulcinj.com\/blog\/?p=6472"},"modified":"2008-11-22T14:46:56","modified_gmt":"2008-11-22T19:46:56","slug":"novcem-barana-ureduju-ulcinj","status":"publish","type":"post","link":"https:\/\/www.visit-ulcinj.com\/blog\/2008\/11\/22\/novcem-barana-ureduju-ulcinj\/","title":{"rendered":"Novcem Barana ure?uju Ulcinj"},"content":{"rendered":"<p><a href=\"http:\/\/www.visit-ulcinj.com\/blog\/wp-content\/uploads\/2008\/11\/vrh-pazara-ulcinj.jpg\"><img loading=\"lazy\" class=\"alignleft size-medium wp-image-6473\" title=\"vrh-pazara-ulcinj\" src=\"http:\/\/www.visit-ulcinj.com\/blog\/wp-content\/uploads\/2008\/11\/vrh-pazara-ulcinj-300x214.jpg\" alt=\"\" width=\"376\" height=\"268\" srcset=\"https:\/\/www.visit-ulcinj.com\/blog\/wp-content\/uploads\/2008\/11\/vrh-pazara-ulcinj-300x214.jpg 300w, https:\/\/www.visit-ulcinj.com\/blog\/wp-content\/uploads\/2008\/11\/vrh-pazara-ulcinj.jpg 799w\" sizes=\"(max-width: 376px) 100vw, 376px\" \/><\/a><strong>Protest pokreta za promjene iz grada pod rumijom<\/strong><br \/>\nBar &#8211; Barski PzP najo\u0161trije osu?uje rasipanje para iz bud\u017eeta u uslovima velike ekonomske krize kada tro\u0161kove treba svoditi na minimum. Ko je odlu?io da, i pored brojnih nerije\u0161enih problema u na\u0161em gradu, Op\u0161tina Bar bude sponzor ure?enja zelenih povr\u0161ina u Ulcinju. Po kojoj odluci nadle\u017eni u Op\u0161tini Bar imaju pravo da bahato tro\u0161e novac gra?ana Bara &#8211; naveo je ?lan GO PzP Dragan Tufegd\u017ei?, odbornik ove partije u SO Bar.<br \/>\nOn je istakao da je \u201eu najmanju ruku, neodgovorno i nedoma?inski\u201c izdvajati 40.000 eura iz barskog bud\u017eeta za sponzorisanje susjedne op\u0161tine \u201ekada su nam tro\u0161kovi za odvoz sme?a dodatno ugrozili sam bud\u017eet, brojni socijalni slu?ajevi ?ekaju na rje\u0161avanje svojih problema, a Komunalno preduze?e grca od silnih problema i suo?ava se sa velikom nelikvidno\u0161?u\u201c.<br \/>\n&#8211; Na\u0161e reakcije mo\u017eda ne bi bilo da nije rije? o humanitarnoj donaciji ili zajedni?kom projektu dvije op\u0161tine, ali, zbog neplanskog tro\u0161enja novca iz bud\u017eeta Bara morali smo ukazati na ovu, sve u?estaliju pojavu. Sjetimo se samo velikodu\u0161nog osloba?anja komunalija od 97.000 eura Univerzitetu Mediteran, ne uzimaju?i u vidu da na tom privatnom univerzitetu \u0161kolarina nije ba\u0161 mala, i tu barska djeca nemaju posebnih privilegija u pla?anju \u0161kolarine. Ukazivali smo na taj postupak u nadi da ne?e postati praksa, ali, na\u017ealost novi primjer govori da se i dalje olako raspola\u017ee parama u bud\u017eetu &#8211; zaklju?io je Tufegd\u017ei?.<br \/>\n<strong>R.P.<br \/>\nIzvor \/ Vijesti<\/strong><\/p>\n","protected":false},"excerpt":{"rendered":"<p>Protest pokreta za promjene iz grada pod rumijom Bar &#8211; Barski PzP najo\u0161trije osu?uje rasipanje para iz bud\u017eeta u uslovima velike ekonomske krize kada tro\u0161kove treba svoditi na minimum. Ko je odlu?io da, i pored brojnih nerije\u0161enih problema u na\u0161em gradu, Op\u0161tina Bar bude sponzor ure?enja zelenih povr\u0161ina u Ulcinju. Po kojoj odluci nadle\u017eni u [&hellip;]<\/p>\n","protected":false},"author":1,"featured_media":0,"comment_status":"open","ping_status":"closed","sticky":false,"template":"","format":"standard","meta":{"spay_email":"","jetpack_publicize_message":"","jetpack_is_tweetstorm":false,"jetpack_publicize_feature_enabled":true},"categories":[6],"tags":[5115],"jetpack_publicize_connections":[],"yoast_head":"<!-- This site is optimized with the Yoast SEO plugin v19.1 - https:\/\/yoast.com\/wordpress\/plugins\/seo\/ -->\n<title>Novcem Barana ure?uju Ulcinj - Lajme nga Ulqini<\/title>\n<meta name=\"description\" content=\"Protest pokreta za promjene iz grada pod rumijom Bar - Barski PzP najo\u0161trije osu?uje rasipanje para iz bud\u017eeta u uslovima velike ekonomske krize kada\" \/>\n<meta name=\"robots\" content=\"index, follow, max-snippet:-1, max-image-preview:large, max-video-preview:-1\" \/>\n<link rel=\"canonical\" href=\"https:\/\/www.visit-ulcinj.com\/blog\/2008\/11\/22\/novcem-barana-ureduju-ulcinj\/\" \/>\n<meta property=\"og:locale\" content=\"en_US\" \/>\n<meta property=\"og:type\" content=\"article\" \/>\n<meta property=\"og:title\" content=\"Novcem Barana ure?uju Ulcinj - Lajme nga Ulqini\" \/>\n<meta property=\"og:description\" content=\"Protest pokreta za promjene iz grada pod rumijom Bar - Barski PzP najo\u0161trije osu?uje rasipanje para iz bud\u017eeta u uslovima velike ekonomske krize kada\" \/>\n<meta property=\"og:url\" content=\"https:\/\/www.visit-ulcinj.com\/blog\/2008\/11\/22\/novcem-barana-ureduju-ulcinj\/\" \/>\n<meta property=\"og:site_name\" content=\"Lajme nga Ulqini\" \/>\n<meta property=\"article:published_time\" content=\"2008-11-22T18:53:09+00:00\" \/>\n<meta property=\"article:modified_time\" content=\"2008-11-22T19:46:56+00:00\" \/>\n<meta property=\"og:image\" content=\"http:\/\/www.visit-ulcinj.com\/blog\/wp-content\/uploads\/2008\/11\/vrh-pazara-ulcinj-300x214.jpg\" \/>\n<meta name=\"twitter:label1\" content=\"Written by\" \/>\n\t<meta name=\"twitter:data1\" content=\"ulqini\" \/>\n\t<meta name=\"twitter:label2\" content=\"Est. reading time\" \/>\n\t<meta name=\"twitter:data2\" content=\"1 minute\" \/>\n<script type=\"application\/ld+json\" class=\"yoast-schema-graph\">{\"@context\":\"https:\/\/schema.org\",\"@graph\":[{\"@type\":\"WebSite\",\"@id\":\"https:\/\/www.visit-ulcinj.com\/blog\/#website\",\"url\":\"https:\/\/www.visit-ulcinj.com\/blog\/\",\"name\":\"Lajme nga Ulqini\",\"description\":\"Lajme,Vijesti,Ulqini,Ulqin,Crna Gora,Mali i Zi\",\"potentialAction\":[{\"@type\":\"SearchAction\",\"target\":{\"@type\":\"EntryPoint\",\"urlTemplate\":\"https:\/\/www.visit-ulcinj.com\/blog\/?s={search_term_string}\"},\"query-input\":\"required name=search_term_string\"}],\"inLanguage\":\"en-US\"},{\"@type\":\"ImageObject\",\"inLanguage\":\"en-US\",\"@id\":\"https:\/\/www.visit-ulcinj.com\/blog\/2008\/11\/22\/novcem-barana-ureduju-ulcinj\/#primaryimage\",\"url\":\"http:\/\/www.visit-ulcinj.com\/blog\/wp-content\/uploads\/2008\/11\/vrh-pazara-ulcinj-300x214.jpg\",\"contentUrl\":\"http:\/\/www.visit-ulcinj.com\/blog\/wp-content\/uploads\/2008\/11\/vrh-pazara-ulcinj-300x214.jpg\"},{\"@type\":\"WebPage\",\"@id\":\"https:\/\/www.visit-ulcinj.com\/blog\/2008\/11\/22\/novcem-barana-ureduju-ulcinj\/#webpage\",\"url\":\"https:\/\/www.visit-ulcinj.com\/blog\/2008\/11\/22\/novcem-barana-ureduju-ulcinj\/\",\"name\":\"Novcem Barana ure?uju Ulcinj - Lajme nga Ulqini\",\"isPartOf\":{\"@id\":\"https:\/\/www.visit-ulcinj.com\/blog\/#website\"},\"primaryImageOfPage\":{\"@id\":\"https:\/\/www.visit-ulcinj.com\/blog\/2008\/11\/22\/novcem-barana-ureduju-ulcinj\/#primaryimage\"},\"datePublished\":\"2008-11-22T18:53:09+00:00\",\"dateModified\":\"2008-11-22T19:46:56+00:00\",\"author\":{\"@id\":\"https:\/\/www.visit-ulcinj.com\/blog\/#\/schema\/person\/dcab619c614d3038751c63bc2aadc06d\"},\"description\":\"Protest pokreta za promjene iz grada pod rumijom Bar - Barski PzP najo\u0161trije osu?uje rasipanje para iz bud\u017eeta u uslovima velike ekonomske krize kada\",\"breadcrumb\":{\"@id\":\"https:\/\/www.visit-ulcinj.com\/blog\/2008\/11\/22\/novcem-barana-ureduju-ulcinj\/#breadcrumb\"},\"inLanguage\":\"en-US\",\"potentialAction\":[{\"@type\":\"ReadAction\",\"target\":[\"https:\/\/www.visit-ulcinj.com\/blog\/2008\/11\/22\/novcem-barana-ureduju-ulcinj\/\"]}]},{\"@type\":\"BreadcrumbList\",\"@id\":\"https:\/\/www.visit-ulcinj.com\/blog\/2008\/11\/22\/novcem-barana-ureduju-ulcinj\/#breadcrumb\",\"itemListElement\":[{\"@type\":\"ListItem\",\"position\":1,\"name\":\"Novcem Barana ure?uju Ulcinj\"}]},{\"@type\":\"Person\",\"@id\":\"https:\/\/www.visit-ulcinj.com\/blog\/#\/schema\/person\/dcab619c614d3038751c63bc2aadc06d\",\"name\":\"ulqini\",\"sameAs\":[\"http:\/\/www.visit-ulcinj.com\"],\"url\":\"https:\/\/www.visit-ulcinj.com\/blog\/author\/admin\/\"}]}<\/script>\n<!-- \/ Yoast SEO plugin. -->","yoast_head_json":{"title":"Novcem Barana ure?uju Ulcinj - Lajme nga Ulqini","description":"Protest pokreta za promjene iz grada pod rumijom Bar - Barski PzP najo\u0161trije osu?uje rasipanje para iz bud\u017eeta u uslovima velike ekonomske krize kada","robots":{"index":"index","follow":"follow","max-snippet":"max-snippet:-1","max-image-preview":"max-image-preview:large","max-video-preview":"max-video-preview:-1"},"canonical":"https:\/\/www.visit-ulcinj.com\/blog\/2008\/11\/22\/novcem-barana-ureduju-ulcinj\/","og_locale":"en_US","og_type":"article","og_title":"Novcem Barana ure?uju Ulcinj - Lajme nga Ulqini","og_description":"Protest pokreta za promjene iz grada pod rumijom Bar - Barski PzP najo\u0161trije osu?uje rasipanje para iz bud\u017eeta u uslovima velike ekonomske krize kada","og_url":"https:\/\/www.visit-ulcinj.com\/blog\/2008\/11\/22\/novcem-barana-ureduju-ulcinj\/","og_site_name":"Lajme nga Ulqini","article_published_time":"2008-11-22T18:53:09+00:00","article_modified_time":"2008-11-22T19:46:56+00:00","og_image":[{"url":"http:\/\/www.visit-ulcinj.com\/blog\/wp-content\/uploads\/2008\/11\/vrh-pazara-ulcinj-300x214.jpg"}],"twitter_misc":{"Written by":"ulqini","Est. reading time":"1 minute"},"schema":{"@context":"https:\/\/schema.org","@graph":[{"@type":"WebSite","@id":"https:\/\/www.visit-ulcinj.com\/blog\/#website","url":"https:\/\/www.visit-ulcinj.com\/blog\/","name":"Lajme nga Ulqini","description":"Lajme,Vijesti,Ulqini,Ulqin,Crna Gora,Mali i Zi","potentialAction":[{"@type":"SearchAction","target":{"@type":"EntryPoint","urlTemplate":"https:\/\/www.visit-ulcinj.com\/blog\/?s={search_term_string}"},"query-input":"required name=search_term_string"}],"inLanguage":"en-US"},{"@type":"ImageObject","inLanguage":"en-US","@id":"https:\/\/www.visit-ulcinj.com\/blog\/2008\/11\/22\/novcem-barana-ureduju-ulcinj\/#primaryimage","url":"http:\/\/www.visit-ulcinj.com\/blog\/wp-content\/uploads\/2008\/11\/vrh-pazara-ulcinj-300x214.jpg","contentUrl":"http:\/\/www.visit-ulcinj.com\/blog\/wp-content\/uploads\/2008\/11\/vrh-pazara-ulcinj-300x214.jpg"},{"@type":"WebPage","@id":"https:\/\/www.visit-ulcinj.com\/blog\/2008\/11\/22\/novcem-barana-ureduju-ulcinj\/#webpage","url":"https:\/\/www.visit-ulcinj.com\/blog\/2008\/11\/22\/novcem-barana-ureduju-ulcinj\/","name":"Novcem Barana ure?uju Ulcinj - Lajme nga Ulqini","isPartOf":{"@id":"https:\/\/www.visit-ulcinj.com\/blog\/#website"},"primaryImageOfPage":{"@id":"https:\/\/www.visit-ulcinj.com\/blog\/2008\/11\/22\/novcem-barana-ureduju-ulcinj\/#primaryimage"},"datePublished":"2008-11-22T18:53:09+00:00","dateModified":"2008-11-22T19:46:56+00:00","author":{"@id":"https:\/\/www.visit-ulcinj.com\/blog\/#\/schema\/person\/dcab619c614d3038751c63bc2aadc06d"},"description":"Protest pokreta za promjene iz grada pod rumijom Bar - Barski PzP najo\u0161trije osu?uje rasipanje para iz bud\u017eeta u uslovima velike ekonomske krize kada","breadcrumb":{"@id":"https:\/\/www.visit-ulcinj.com\/blog\/2008\/11\/22\/novcem-barana-ureduju-ulcinj\/#breadcrumb"},"inLanguage":"en-US","potentialAction":[{"@type":"ReadAction","target":["https:\/\/www.visit-ulcinj.com\/blog\/2008\/11\/22\/novcem-barana-ureduju-ulcinj\/"]}]},{"@type":"BreadcrumbList","@id":"https:\/\/www.visit-ulcinj.com\/blog\/2008\/11\/22\/novcem-barana-ureduju-ulcinj\/#breadcrumb","itemListElement":[{"@type":"ListItem","position":1,"name":"Novcem Barana ure?uju Ulcinj"}]},{"@type":"Person","@id":"https:\/\/www.visit-ulcinj.com\/blog\/#\/schema\/person\/dcab619c614d3038751c63bc2aadc06d","name":"ulqini","sameAs":["http:\/\/www.visit-ulcinj.com"],"url":"https:\/\/www.visit-ulcinj.com\/blog\/author\/admin\/"}]}},"jetpack_featured_media_url":"","jetpack_sharing_enabled":true,"jetpack_shortlink":"https:\/\/wp.me\/pe6lTn-1Go","_links":{"self":[{"href":"https:\/\/www.visit-ulcinj.com\/blog\/wp-json\/wp\/v2\/posts\/6472"}],"collection":[{"href":"https:\/\/www.visit-ulcinj.com\/blog\/wp-json\/wp\/v2\/posts"}],"about":[{"href":"https:\/\/www.visit-ulcinj.com\/blog\/wp-json\/wp\/v2\/types\/post"}],"author":[{"embeddable":true,"href":"https:\/\/www.visit-ulcinj.com\/blog\/wp-json\/wp\/v2\/users\/1"}],"replies":[{"embeddable":true,"href":"https:\/\/www.visit-ulcinj.com\/blog\/wp-json\/wp\/v2\/comments?post=6472"}],"version-history":[{"count":0,"href":"https:\/\/www.visit-ulcinj.com\/blog\/wp-json\/wp\/v2\/posts\/6472\/revisions"}],"wp:attachment":[{"href":"https:\/\/www.visit-ulcinj.com\/blog\/wp-json\/wp\/v2\/media?parent=6472"}],"wp:term":[{"taxonomy":"category","embeddable":true,"href":"https:\/\/www.visit-ulcinj.com\/blog\/wp-json\/wp\/v2\/categories?post=6472"},{"taxonomy":"post_tag","embeddable":true,"href":"https:\/\/www.visit-ulcinj.com\/blog\/wp-json\/wp\/v2\/tags?post=6472"}],"curies":[{"name":"wp","href":"https:\/\/api.w.org\/{rel}","templated":true}]}}