{"id":64721,"date":"2012-10-16T19:18:12","date_gmt":"2012-10-16T18:18:12","guid":{"rendered":"http:\/\/www.visit-ulcinj.com\/blog\/?p=64721"},"modified":"2012-10-16T19:18:12","modified_gmt":"2012-10-16T18:18:12","slug":"nazif-cungu-se-sastao-sa-ekspertom-rockfeller-brothers-fund-a","status":"publish","type":"post","link":"https:\/\/www.visit-ulcinj.com\/blog\/2012\/10\/16\/nazif-cungu-se-sastao-sa-ekspertom-rockfeller-brothers-fund-a\/","title":{"rendered":"Nazif Cungu se sastao sa ekspertom Rockfeller Brothers Fund-a"},"content":{"rendered":"<p><a href=\"http:\/\/www.visit-ulcinj.com\/blog\/wp-content\/uploads\/2012\/10\/Nazif-Cungu-ekspert-Rockfeller-Brothers-Fund-a_Ulcinj.jpg\"><img loading=\"lazy\" class=\"alignleft  wp-image-64722\" title=\"Nazif Cungu ekspert Rockfeller Brothers Fund-a_Ulcinj\" src=\"http:\/\/www.visit-ulcinj.com\/blog\/wp-content\/uploads\/2012\/10\/Nazif-Cungu-ekspert-Rockfeller-Brothers-Fund-a_Ulcinj.jpg\" alt=\"\" width=\"508\" height=\"360\" \/><\/a>Predsjednik Op\u0161tine Ulcinj Nazif Cungu sastao se danas sa ekspertom Rockfeller Brothers Fund-a, iz New York-a g-\u0111om. Katharine Millonzi i predstavnikom organizacije za razvoj &#8220;4 E&#8221; iz Kosova, g-dinom. \u0160kelzen Ba\u0161otom. Cilj sastanka je izrada studija razli\u010ditih razvojnih projekata u turizmu, poljoprivredi i obnovljivoj energiji.<\/p>\n<p>Predsjednik Cungu je prisutne informisao o situaci u agronomiji i turizmu u Ulcinju. On je naveo da je od velikog zna\u010daja za Ulcinj, izrada studije fizibiliteta kao i priprema infrastrukture biznis zone u Krutima, naglasiv\u0161i da ve\u0107 postoje zainteresovani investitori za ovu zonu.<\/p>\n<p><a href=\"http:\/\/www.visit-ulcinj.com\/blog\/wp-content\/uploads\/2012\/10\/Nazif-Cungu-ekspert-Rockfeller-Brothers-Fund-a_Ulcinj.1.jpg\"><img loading=\"lazy\" class=\"alignleft  wp-image-64723\" title=\"Nazif Cungu ekspert Rockfeller Brothers Fund-a_Ulcinj.1\" src=\"http:\/\/www.visit-ulcinj.com\/blog\/wp-content\/uploads\/2012\/10\/Nazif-Cungu-ekspert-Rockfeller-Brothers-Fund-a_Ulcinj.1.jpg\" alt=\"\" width=\"508\" height=\"300\" \/><\/a><\/p>\n<p>G-\u0111a. Millonzi i g-din. Ba\u0161ota izlo\u017eili su svoje ideje na osnovu dosada\u0161njih analiza. Oni smatraju da postoje velike mogu\u0107nosti da Ulcinj kroz lokalne proizvode kao\u00a0\u0161to su: maslina, narand\u017ea, lubenica i sli\u010dno\u00a0zauzme zna\u010dajnu poziciju na tr\u017ei\u0161tu regiona. Oni dodaju da bi se uz dobru strategiju i promociju moglo zna\u010dajno uticati i na produ\u017eetak turisti\u010dke sezone.<\/p>\n<p>G-\u0111a Milolonzi, ekspert u eko-gastronomiji, boravi\u0107e nekoliko dana u Ulcinju u cilju prikupljanja potrebnih informacija za po\u010detak izrade navedenih studija. U pratnji predstavnika Biroa za me\u0111unarodne projekte, planirano je niz sastanaka sa predstavnicima Op\u0161tine kao i posjete lokalnim proizvo\u0111a\u010dima u\u00a0Ulcinju.<\/p>\n<p><strong>Op\u0161tina Ulcinj \/ Komuna e Ulqinit<\/strong><br \/>\nTel: +382 30 412 050<br \/>\nFax: +382 30 412 413<br \/>\nAdresa: Bul. Skenderbeu bb, 85360 Ulcinj, MNE<\/p>\n","protected":false},"excerpt":{"rendered":"<p>Predsjednik Op\u0161tine Ulcinj Nazif Cungu sastao se danas sa ekspertom Rockfeller Brothers Fund-a, iz New York-a g-\u0111om. Katharine Millonzi i predstavnikom organizacije za razvoj &#8220;4 E&#8221; iz Kosova, g-dinom. \u0160kelzen Ba\u0161otom. Cilj sastanka je izrada studija razli\u010ditih razvojnih projekata u turizmu, poljoprivredi i obnovljivoj energiji. Predsjednik Cungu je prisutne informisao o situaci u agronomiji i [&hellip;]<\/p>\n","protected":false},"author":1,"featured_media":0,"comment_status":"open","ping_status":"closed","sticky":false,"template":"","format":"standard","meta":{"spay_email":"","jetpack_publicize_message":"","jetpack_is_tweetstorm":false,"jetpack_publicize_feature_enabled":true},"categories":[6950],"tags":[118,264,19],"jetpack_publicize_connections":[],"yoast_head":"<!-- This site is optimized with the Yoast SEO plugin v19.1 - https:\/\/yoast.com\/wordpress\/plugins\/seo\/ -->\n<title>Nazif Cungu se sastao sa ekspertom Rockfeller Brothers Fund-a - Lajme nga Ulqini<\/title>\n<meta name=\"description\" content=\"Predsjednik Op\u0161tine Ulcinj Nazif Cungu sastao se danas sa ekspertom Rockfeller Brothers Fund-a, iz New York-a g-\u0111om. Katharine Millonzi i predstavnikom\" \/>\n<meta name=\"robots\" content=\"index, follow, max-snippet:-1, max-image-preview:large, max-video-preview:-1\" \/>\n<link rel=\"canonical\" href=\"https:\/\/www.visit-ulcinj.com\/blog\/2012\/10\/16\/nazif-cungu-se-sastao-sa-ekspertom-rockfeller-brothers-fund-a\/\" \/>\n<meta property=\"og:locale\" content=\"en_US\" \/>\n<meta property=\"og:type\" content=\"article\" \/>\n<meta property=\"og:title\" content=\"Nazif Cungu se sastao sa ekspertom Rockfeller Brothers Fund-a - Lajme nga Ulqini\" \/>\n<meta property=\"og:description\" content=\"Predsjednik Op\u0161tine Ulcinj Nazif Cungu sastao se danas sa ekspertom Rockfeller Brothers Fund-a, iz New York-a g-\u0111om. Katharine Millonzi i predstavnikom\" \/>\n<meta property=\"og:url\" content=\"https:\/\/www.visit-ulcinj.com\/blog\/2012\/10\/16\/nazif-cungu-se-sastao-sa-ekspertom-rockfeller-brothers-fund-a\/\" \/>\n<meta property=\"og:site_name\" content=\"Lajme nga Ulqini\" \/>\n<meta property=\"article:published_time\" content=\"2012-10-16T18:18:12+00:00\" \/>\n<meta property=\"og:image\" content=\"http:\/\/www.visit-ulcinj.com\/blog\/wp-content\/uploads\/2012\/10\/Nazif-Cungu-ekspert-Rockfeller-Brothers-Fund-a_Ulcinj.jpg\" \/>\n<meta name=\"twitter:label1\" content=\"Written by\" \/>\n\t<meta name=\"twitter:data1\" content=\"ulqini\" \/>\n\t<meta name=\"twitter:label2\" content=\"Est. reading time\" \/>\n\t<meta name=\"twitter:data2\" content=\"1 minute\" \/>\n<script type=\"application\/ld+json\" class=\"yoast-schema-graph\">{\"@context\":\"https:\/\/schema.org\",\"@graph\":[{\"@type\":\"WebSite\",\"@id\":\"https:\/\/www.visit-ulcinj.com\/blog\/#website\",\"url\":\"https:\/\/www.visit-ulcinj.com\/blog\/\",\"name\":\"Lajme nga Ulqini\",\"description\":\"Lajme,Vijesti,Ulqini,Ulqin,Crna Gora,Mali i Zi\",\"potentialAction\":[{\"@type\":\"SearchAction\",\"target\":{\"@type\":\"EntryPoint\",\"urlTemplate\":\"https:\/\/www.visit-ulcinj.com\/blog\/?s={search_term_string}\"},\"query-input\":\"required name=search_term_string\"}],\"inLanguage\":\"en-US\"},{\"@type\":\"ImageObject\",\"inLanguage\":\"en-US\",\"@id\":\"https:\/\/www.visit-ulcinj.com\/blog\/2012\/10\/16\/nazif-cungu-se-sastao-sa-ekspertom-rockfeller-brothers-fund-a\/#primaryimage\",\"url\":\"https:\/\/www.visit-ulcinj.com\/blog\/wp-content\/uploads\/2012\/10\/Nazif-Cungu-ekspert-Rockfeller-Brothers-Fund-a_Ulcinj.jpg\",\"contentUrl\":\"https:\/\/www.visit-ulcinj.com\/blog\/wp-content\/uploads\/2012\/10\/Nazif-Cungu-ekspert-Rockfeller-Brothers-Fund-a_Ulcinj.jpg\",\"width\":\"640\",\"height\":\"424\"},{\"@type\":\"WebPage\",\"@id\":\"https:\/\/www.visit-ulcinj.com\/blog\/2012\/10\/16\/nazif-cungu-se-sastao-sa-ekspertom-rockfeller-brothers-fund-a\/#webpage\",\"url\":\"https:\/\/www.visit-ulcinj.com\/blog\/2012\/10\/16\/nazif-cungu-se-sastao-sa-ekspertom-rockfeller-brothers-fund-a\/\",\"name\":\"Nazif Cungu se sastao sa ekspertom Rockfeller Brothers Fund-a - Lajme nga Ulqini\",\"isPartOf\":{\"@id\":\"https:\/\/www.visit-ulcinj.com\/blog\/#website\"},\"primaryImageOfPage\":{\"@id\":\"https:\/\/www.visit-ulcinj.com\/blog\/2012\/10\/16\/nazif-cungu-se-sastao-sa-ekspertom-rockfeller-brothers-fund-a\/#primaryimage\"},\"datePublished\":\"2012-10-16T18:18:12+00:00\",\"dateModified\":\"2012-10-16T18:18:12+00:00\",\"author\":{\"@id\":\"https:\/\/www.visit-ulcinj.com\/blog\/#\/schema\/person\/dcab619c614d3038751c63bc2aadc06d\"},\"description\":\"Predsjednik Op\u0161tine Ulcinj Nazif Cungu sastao se danas sa ekspertom Rockfeller Brothers Fund-a, iz New York-a g-\u0111om. Katharine Millonzi i predstavnikom\",\"breadcrumb\":{\"@id\":\"https:\/\/www.visit-ulcinj.com\/blog\/2012\/10\/16\/nazif-cungu-se-sastao-sa-ekspertom-rockfeller-brothers-fund-a\/#breadcrumb\"},\"inLanguage\":\"en-US\",\"potentialAction\":[{\"@type\":\"ReadAction\",\"target\":[\"https:\/\/www.visit-ulcinj.com\/blog\/2012\/10\/16\/nazif-cungu-se-sastao-sa-ekspertom-rockfeller-brothers-fund-a\/\"]}]},{\"@type\":\"BreadcrumbList\",\"@id\":\"https:\/\/www.visit-ulcinj.com\/blog\/2012\/10\/16\/nazif-cungu-se-sastao-sa-ekspertom-rockfeller-brothers-fund-a\/#breadcrumb\",\"itemListElement\":[{\"@type\":\"ListItem\",\"position\":1,\"name\":\"Nazif Cungu se sastao sa ekspertom Rockfeller Brothers Fund-a\"}]},{\"@type\":\"Person\",\"@id\":\"https:\/\/www.visit-ulcinj.com\/blog\/#\/schema\/person\/dcab619c614d3038751c63bc2aadc06d\",\"name\":\"ulqini\",\"sameAs\":[\"http:\/\/www.visit-ulcinj.com\"],\"url\":\"https:\/\/www.visit-ulcinj.com\/blog\/author\/admin\/\"}]}<\/script>\n<!-- \/ Yoast SEO plugin. -->","yoast_head_json":{"title":"Nazif Cungu se sastao sa ekspertom Rockfeller Brothers Fund-a - Lajme nga Ulqini","description":"Predsjednik Op\u0161tine Ulcinj Nazif Cungu sastao se danas sa ekspertom Rockfeller Brothers Fund-a, iz New York-a g-\u0111om. Katharine Millonzi i predstavnikom","robots":{"index":"index","follow":"follow","max-snippet":"max-snippet:-1","max-image-preview":"max-image-preview:large","max-video-preview":"max-video-preview:-1"},"canonical":"https:\/\/www.visit-ulcinj.com\/blog\/2012\/10\/16\/nazif-cungu-se-sastao-sa-ekspertom-rockfeller-brothers-fund-a\/","og_locale":"en_US","og_type":"article","og_title":"Nazif Cungu se sastao sa ekspertom Rockfeller Brothers Fund-a - Lajme nga Ulqini","og_description":"Predsjednik Op\u0161tine Ulcinj Nazif Cungu sastao se danas sa ekspertom Rockfeller Brothers Fund-a, iz New York-a g-\u0111om. Katharine Millonzi i predstavnikom","og_url":"https:\/\/www.visit-ulcinj.com\/blog\/2012\/10\/16\/nazif-cungu-se-sastao-sa-ekspertom-rockfeller-brothers-fund-a\/","og_site_name":"Lajme nga Ulqini","article_published_time":"2012-10-16T18:18:12+00:00","og_image":[{"url":"http:\/\/www.visit-ulcinj.com\/blog\/wp-content\/uploads\/2012\/10\/Nazif-Cungu-ekspert-Rockfeller-Brothers-Fund-a_Ulcinj.jpg"}],"twitter_misc":{"Written by":"ulqini","Est. reading time":"1 minute"},"schema":{"@context":"https:\/\/schema.org","@graph":[{"@type":"WebSite","@id":"https:\/\/www.visit-ulcinj.com\/blog\/#website","url":"https:\/\/www.visit-ulcinj.com\/blog\/","name":"Lajme nga Ulqini","description":"Lajme,Vijesti,Ulqini,Ulqin,Crna Gora,Mali i Zi","potentialAction":[{"@type":"SearchAction","target":{"@type":"EntryPoint","urlTemplate":"https:\/\/www.visit-ulcinj.com\/blog\/?s={search_term_string}"},"query-input":"required name=search_term_string"}],"inLanguage":"en-US"},{"@type":"ImageObject","inLanguage":"en-US","@id":"https:\/\/www.visit-ulcinj.com\/blog\/2012\/10\/16\/nazif-cungu-se-sastao-sa-ekspertom-rockfeller-brothers-fund-a\/#primaryimage","url":"https:\/\/www.visit-ulcinj.com\/blog\/wp-content\/uploads\/2012\/10\/Nazif-Cungu-ekspert-Rockfeller-Brothers-Fund-a_Ulcinj.jpg","contentUrl":"https:\/\/www.visit-ulcinj.com\/blog\/wp-content\/uploads\/2012\/10\/Nazif-Cungu-ekspert-Rockfeller-Brothers-Fund-a_Ulcinj.jpg","width":"640","height":"424"},{"@type":"WebPage","@id":"https:\/\/www.visit-ulcinj.com\/blog\/2012\/10\/16\/nazif-cungu-se-sastao-sa-ekspertom-rockfeller-brothers-fund-a\/#webpage","url":"https:\/\/www.visit-ulcinj.com\/blog\/2012\/10\/16\/nazif-cungu-se-sastao-sa-ekspertom-rockfeller-brothers-fund-a\/","name":"Nazif Cungu se sastao sa ekspertom Rockfeller Brothers Fund-a - Lajme nga Ulqini","isPartOf":{"@id":"https:\/\/www.visit-ulcinj.com\/blog\/#website"},"primaryImageOfPage":{"@id":"https:\/\/www.visit-ulcinj.com\/blog\/2012\/10\/16\/nazif-cungu-se-sastao-sa-ekspertom-rockfeller-brothers-fund-a\/#primaryimage"},"datePublished":"2012-10-16T18:18:12+00:00","dateModified":"2012-10-16T18:18:12+00:00","author":{"@id":"https:\/\/www.visit-ulcinj.com\/blog\/#\/schema\/person\/dcab619c614d3038751c63bc2aadc06d"},"description":"Predsjednik Op\u0161tine Ulcinj Nazif Cungu sastao se danas sa ekspertom Rockfeller Brothers Fund-a, iz New York-a g-\u0111om. Katharine Millonzi i predstavnikom","breadcrumb":{"@id":"https:\/\/www.visit-ulcinj.com\/blog\/2012\/10\/16\/nazif-cungu-se-sastao-sa-ekspertom-rockfeller-brothers-fund-a\/#breadcrumb"},"inLanguage":"en-US","potentialAction":[{"@type":"ReadAction","target":["https:\/\/www.visit-ulcinj.com\/blog\/2012\/10\/16\/nazif-cungu-se-sastao-sa-ekspertom-rockfeller-brothers-fund-a\/"]}]},{"@type":"BreadcrumbList","@id":"https:\/\/www.visit-ulcinj.com\/blog\/2012\/10\/16\/nazif-cungu-se-sastao-sa-ekspertom-rockfeller-brothers-fund-a\/#breadcrumb","itemListElement":[{"@type":"ListItem","position":1,"name":"Nazif Cungu se sastao sa ekspertom Rockfeller Brothers Fund-a"}]},{"@type":"Person","@id":"https:\/\/www.visit-ulcinj.com\/blog\/#\/schema\/person\/dcab619c614d3038751c63bc2aadc06d","name":"ulqini","sameAs":["http:\/\/www.visit-ulcinj.com"],"url":"https:\/\/www.visit-ulcinj.com\/blog\/author\/admin\/"}]}},"jetpack_featured_media_url":"","jetpack_sharing_enabled":true,"jetpack_shortlink":"https:\/\/wp.me\/pe6lTn-gPT","_links":{"self":[{"href":"https:\/\/www.visit-ulcinj.com\/blog\/wp-json\/wp\/v2\/posts\/64721"}],"collection":[{"href":"https:\/\/www.visit-ulcinj.com\/blog\/wp-json\/wp\/v2\/posts"}],"about":[{"href":"https:\/\/www.visit-ulcinj.com\/blog\/wp-json\/wp\/v2\/types\/post"}],"author":[{"embeddable":true,"href":"https:\/\/www.visit-ulcinj.com\/blog\/wp-json\/wp\/v2\/users\/1"}],"replies":[{"embeddable":true,"href":"https:\/\/www.visit-ulcinj.com\/blog\/wp-json\/wp\/v2\/comments?post=64721"}],"version-history":[{"count":1,"href":"https:\/\/www.visit-ulcinj.com\/blog\/wp-json\/wp\/v2\/posts\/64721\/revisions"}],"predecessor-version":[{"id":64724,"href":"https:\/\/www.visit-ulcinj.com\/blog\/wp-json\/wp\/v2\/posts\/64721\/revisions\/64724"}],"wp:attachment":[{"href":"https:\/\/www.visit-ulcinj.com\/blog\/wp-json\/wp\/v2\/media?parent=64721"}],"wp:term":[{"taxonomy":"category","embeddable":true,"href":"https:\/\/www.visit-ulcinj.com\/blog\/wp-json\/wp\/v2\/categories?post=64721"},{"taxonomy":"post_tag","embeddable":true,"href":"https:\/\/www.visit-ulcinj.com\/blog\/wp-json\/wp\/v2\/tags?post=64721"}],"curies":[{"name":"wp","href":"https:\/\/api.w.org\/{rel}","templated":true}]}}