{"id":64725,"date":"2012-10-17T08:40:15","date_gmt":"2012-10-17T07:40:15","guid":{"rendered":"http:\/\/www.visit-ulcinj.com\/blog\/?p=64725"},"modified":"2012-10-19T17:36:05","modified_gmt":"2012-10-19T16:36:05","slug":"kryetari-cungu-u-takua-me-eksperten-e-rockfeller-brothers-fund","status":"publish","type":"post","link":"https:\/\/www.visit-ulcinj.com\/blog\/2012\/10\/17\/kryetari-cungu-u-takua-me-eksperten-e-rockfeller-brothers-fund\/","title":{"rendered":"Kryetari Cungu u takua me eksperten e Rockfeller Brothers Fund"},"content":{"rendered":"<p><strong><a href=\"http:\/\/www.visit-ulcinj.com\/blog\/wp-content\/uploads\/2012\/10\/Nazif-Cungu-ekspert-Rockfeller-Brothers-Fund-a_Ulqin.jpg\"><img loading=\"lazy\" class=\"alignleft size-full wp-image-64726\" title=\"Nazif-Cungu-ekspert-Rockfeller-Brothers-Fund-a_Ulqin\" src=\"http:\/\/www.visit-ulcinj.com\/blog\/wp-content\/uploads\/2012\/10\/Nazif-Cungu-ekspert-Rockfeller-Brothers-Fund-a_Ulqin.jpg\" alt=\"\" width=\"640\" height=\"424\" srcset=\"https:\/\/www.visit-ulcinj.com\/blog\/wp-content\/uploads\/2012\/10\/Nazif-Cungu-ekspert-Rockfeller-Brothers-Fund-a_Ulqin.jpg 640w, https:\/\/www.visit-ulcinj.com\/blog\/wp-content\/uploads\/2012\/10\/Nazif-Cungu-ekspert-Rockfeller-Brothers-Fund-a_Ulqin-300x198.jpg 300w\" sizes=\"(max-width: 640px) 100vw, 640px\" \/><\/a>Kryetari i Komun\u00ebs s\u00eb Ulqinit Nazif Cungu \u00ebsht\u00eb takuar me eksperten e Rockfeller Brothers Fund <\/strong><\/p>\n<p>Kryetari i Komun\u00ebs s\u00eb Ulqinit Nazif Cungu \u00ebsht\u00eb takuar sot me eksperten e Rockfeller Brothers Fund nga Nju Jorku znj. Katarin Millonzi dhe p\u00ebrfaq\u00ebsuesin e organizat\u00ebs p\u00ebr zhvillim &#8220;4E&#8221; nga Kosova, z. Shkelzen Bashota. Q\u00ebllimi i k\u00ebtij takimi ishte punimi i studimeve p\u00ebr projekte t\u00eb ndryshme zhvillimore n\u00eb turiz\u00ebm, bujq\u00ebsi dhe energji t\u00eb rip\u00ebrt\u00ebritshme.<\/p>\n<p>Kryetari Cungu i ka informuar t\u00eb pranishmit me situat\u00ebn n\u00eb bujq\u00ebsi\u00a0dhe turiz\u00ebm. Ai tha se p\u00ebr Ulqinin \u00ebsht\u00eb shum\u00eb e r\u00ebnd\u00ebsishme punimi i studimit t\u00eb fizibilitetit si dhe p\u00ebrgatitja e infrastruktur\u00ebs n\u00eb zon\u00ebn e biznesit n\u00eb Kryth\u00eb, duke th\u00ebn\u00eb se tashm\u00eb ka investtitor\u00eb t\u00eb iteresuar p\u00ebr k\u00ebt\u00eb zon\u00eb.<br \/>\n<a href=\"http:\/\/www.visit-ulcinj.com\/blog\/wp-content\/uploads\/2012\/10\/Nazif-Cungu-ekspert-Rockfeller-Brothers-Fund-a_Ulqin.1.jpg\"><img loading=\"lazy\" class=\"alignleft  wp-image-64727\" title=\"Nazif Cungu ekspert Rockfeller Brothers Fund-a_Ulqin.1\" src=\"http:\/\/www.visit-ulcinj.com\/blog\/wp-content\/uploads\/2012\/10\/Nazif-Cungu-ekspert-Rockfeller-Brothers-Fund-a_Ulqin.1.jpg\" alt=\"\" width=\"508\" height=\"300\" \/><\/a><br \/>\nZnj. Millonzi dhe z. Bashota i kan\u00eb shpalosur idet\u00eb e veta n\u00eb baz\u00eb t\u00eb analizave t\u00eb deritashme. Ata konsiderojn\u00eb\u00a0se ekzistojn\u00eb mund\u00ebsi t\u00eb m\u00ebdha q\u00eb Ulqini p\u00ebrmes prodhimeve lokale si\u00e7 jan\u00eb: ullini, portokalli, bostani e tjer\u00eb t\u00eb z\u00ebn\u00eb nj\u00eb pozit\u00eb t\u00eb r\u00ebnd\u00ebsishme n\u00eb tregun e rajonit. Ata shtojn\u00eb se me nj\u00eb strategji t\u00eb planifikuar dhe promovim t\u00eb mir\u00eb\u00a0do t\u00eb mund t\u00eb ndikohet n\u00eb zgjatjen e sezonit turistik.<br \/>\nZnj. Milolonzi, eksperte n\u00eb eko \u2013 gastronomi, do t\u00eb q\u00ebndroj\u00eb disa dit\u00eb n\u00eb Ulqin me q\u00ebllim t\u00eb mbledhjes s\u00eb informatave t\u00eb nevojshme p\u00ebr fillimin e punimit t\u00eb studimeve t\u00eb p\u00ebrmendura. N\u00ebn p\u00ebrcjelljen e p\u00ebrfaq\u00ebsuesve t\u00eb Zyr\u00ebs p\u00ebr projekte nd\u00ebrkomb\u00ebtare, jan\u00eb planifikuar disa takime me p\u00ebrfaq\u00ebsuesit e komun\u00ebs si dhe vizita prodhues\u00ebve lokal\u00eb n\u00eb Ulqin.<\/p>\n<p><strong>Op\u0161tina Ulcinj \/ Komuna e Ulqinit<\/strong><br \/>\nTel: +382 30 412 050<br \/>\nFax: +382 30 412 413<br \/>\nAdresa: Bul. Skenderbeu bb, 85360 Ulcinj, MNE<\/p>\n","protected":false},"excerpt":{"rendered":"<p>Kryetari i Komun\u00ebs s\u00eb Ulqinit Nazif Cungu \u00ebsht\u00eb takuar me eksperten e Rockfeller Brothers Fund Kryetari i Komun\u00ebs s\u00eb Ulqinit Nazif Cungu \u00ebsht\u00eb takuar sot me eksperten e Rockfeller Brothers Fund nga Nju Jorku znj. Katarin Millonzi dhe p\u00ebrfaq\u00ebsuesin e organizat\u00ebs p\u00ebr zhvillim &#8220;4E&#8221; nga Kosova, z. Shkelzen Bashota. Q\u00ebllimi i k\u00ebtij takimi ishte punimi [&hellip;]<\/p>\n","protected":false},"author":1,"featured_media":0,"comment_status":"open","ping_status":"closed","sticky":false,"template":"","format":"standard","meta":{"spay_email":"","jetpack_publicize_message":"","jetpack_is_tweetstorm":false,"jetpack_publicize_feature_enabled":true},"categories":[10,1],"tags":[21218,19227,21217,200],"jetpack_publicize_connections":[],"yoast_head":"<!-- This site is optimized with the Yoast SEO plugin v19.1 - https:\/\/yoast.com\/wordpress\/plugins\/seo\/ -->\n<title>Kryetari Cungu u takua me eksperten e Rockfeller Brothers Fund - Lajme nga Ulqini<\/title>\n<meta name=\"description\" content=\"Kryetari i Komun\u00ebs s\u00eb Ulqinit Nazif Cungu \u00ebsht\u00eb takuar me eksperten e Rockfeller Brothers Fund Kryetari i Komun\u00ebs s\u00eb Ulqinit Nazif Cungu \u00ebsht\u00eb takuar sot\" \/>\n<meta name=\"robots\" content=\"index, follow, max-snippet:-1, max-image-preview:large, max-video-preview:-1\" \/>\n<link rel=\"canonical\" href=\"https:\/\/www.visit-ulcinj.com\/blog\/2012\/10\/17\/kryetari-cungu-u-takua-me-eksperten-e-rockfeller-brothers-fund\/\" \/>\n<meta property=\"og:locale\" content=\"en_US\" \/>\n<meta property=\"og:type\" content=\"article\" \/>\n<meta property=\"og:title\" content=\"Kryetari Cungu u takua me eksperten e Rockfeller Brothers Fund - Lajme nga Ulqini\" \/>\n<meta property=\"og:description\" content=\"Kryetari i Komun\u00ebs s\u00eb Ulqinit Nazif Cungu \u00ebsht\u00eb takuar me eksperten e Rockfeller Brothers Fund Kryetari i Komun\u00ebs s\u00eb Ulqinit Nazif Cungu \u00ebsht\u00eb takuar sot\" \/>\n<meta property=\"og:url\" content=\"https:\/\/www.visit-ulcinj.com\/blog\/2012\/10\/17\/kryetari-cungu-u-takua-me-eksperten-e-rockfeller-brothers-fund\/\" \/>\n<meta property=\"og:site_name\" content=\"Lajme nga Ulqini\" \/>\n<meta property=\"article:published_time\" content=\"2012-10-17T07:40:15+00:00\" \/>\n<meta property=\"article:modified_time\" content=\"2012-10-19T16:36:05+00:00\" \/>\n<meta property=\"og:image\" content=\"http:\/\/www.visit-ulcinj.com\/blog\/wp-content\/uploads\/2012\/10\/Nazif-Cungu-ekspert-Rockfeller-Brothers-Fund-a_Ulqin.jpg\" \/>\n<meta name=\"twitter:label1\" content=\"Written by\" \/>\n\t<meta name=\"twitter:data1\" content=\"ulqini\" \/>\n\t<meta name=\"twitter:label2\" content=\"Est. reading time\" \/>\n\t<meta name=\"twitter:data2\" content=\"2 minutes\" \/>\n<script type=\"application\/ld+json\" class=\"yoast-schema-graph\">{\"@context\":\"https:\/\/schema.org\",\"@graph\":[{\"@type\":\"WebSite\",\"@id\":\"https:\/\/www.visit-ulcinj.com\/blog\/#website\",\"url\":\"https:\/\/www.visit-ulcinj.com\/blog\/\",\"name\":\"Lajme nga Ulqini\",\"description\":\"Lajme,Vijesti,Ulqini,Ulqin,Crna Gora,Mali i Zi\",\"potentialAction\":[{\"@type\":\"SearchAction\",\"target\":{\"@type\":\"EntryPoint\",\"urlTemplate\":\"https:\/\/www.visit-ulcinj.com\/blog\/?s={search_term_string}\"},\"query-input\":\"required name=search_term_string\"}],\"inLanguage\":\"en-US\"},{\"@type\":\"ImageObject\",\"inLanguage\":\"en-US\",\"@id\":\"https:\/\/www.visit-ulcinj.com\/blog\/2012\/10\/17\/kryetari-cungu-u-takua-me-eksperten-e-rockfeller-brothers-fund\/#primaryimage\",\"url\":\"https:\/\/www.visit-ulcinj.com\/blog\/wp-content\/uploads\/2012\/10\/Nazif-Cungu-ekspert-Rockfeller-Brothers-Fund-a_Ulqin.jpg\",\"contentUrl\":\"https:\/\/www.visit-ulcinj.com\/blog\/wp-content\/uploads\/2012\/10\/Nazif-Cungu-ekspert-Rockfeller-Brothers-Fund-a_Ulqin.jpg\",\"width\":\"640\",\"height\":\"424\"},{\"@type\":\"WebPage\",\"@id\":\"https:\/\/www.visit-ulcinj.com\/blog\/2012\/10\/17\/kryetari-cungu-u-takua-me-eksperten-e-rockfeller-brothers-fund\/#webpage\",\"url\":\"https:\/\/www.visit-ulcinj.com\/blog\/2012\/10\/17\/kryetari-cungu-u-takua-me-eksperten-e-rockfeller-brothers-fund\/\",\"name\":\"Kryetari Cungu u takua me eksperten e Rockfeller Brothers Fund - Lajme nga Ulqini\",\"isPartOf\":{\"@id\":\"https:\/\/www.visit-ulcinj.com\/blog\/#website\"},\"primaryImageOfPage\":{\"@id\":\"https:\/\/www.visit-ulcinj.com\/blog\/2012\/10\/17\/kryetari-cungu-u-takua-me-eksperten-e-rockfeller-brothers-fund\/#primaryimage\"},\"datePublished\":\"2012-10-17T07:40:15+00:00\",\"dateModified\":\"2012-10-19T16:36:05+00:00\",\"author\":{\"@id\":\"https:\/\/www.visit-ulcinj.com\/blog\/#\/schema\/person\/dcab619c614d3038751c63bc2aadc06d\"},\"description\":\"Kryetari i Komun\u00ebs s\u00eb Ulqinit Nazif Cungu \u00ebsht\u00eb takuar me eksperten e Rockfeller Brothers Fund Kryetari i Komun\u00ebs s\u00eb Ulqinit Nazif Cungu \u00ebsht\u00eb takuar sot\",\"breadcrumb\":{\"@id\":\"https:\/\/www.visit-ulcinj.com\/blog\/2012\/10\/17\/kryetari-cungu-u-takua-me-eksperten-e-rockfeller-brothers-fund\/#breadcrumb\"},\"inLanguage\":\"en-US\",\"potentialAction\":[{\"@type\":\"ReadAction\",\"target\":[\"https:\/\/www.visit-ulcinj.com\/blog\/2012\/10\/17\/kryetari-cungu-u-takua-me-eksperten-e-rockfeller-brothers-fund\/\"]}]},{\"@type\":\"BreadcrumbList\",\"@id\":\"https:\/\/www.visit-ulcinj.com\/blog\/2012\/10\/17\/kryetari-cungu-u-takua-me-eksperten-e-rockfeller-brothers-fund\/#breadcrumb\",\"itemListElement\":[{\"@type\":\"ListItem\",\"position\":1,\"name\":\"Kryetari Cungu u takua me eksperten e Rockfeller Brothers Fund\"}]},{\"@type\":\"Person\",\"@id\":\"https:\/\/www.visit-ulcinj.com\/blog\/#\/schema\/person\/dcab619c614d3038751c63bc2aadc06d\",\"name\":\"ulqini\",\"sameAs\":[\"http:\/\/www.visit-ulcinj.com\"],\"url\":\"https:\/\/www.visit-ulcinj.com\/blog\/author\/admin\/\"}]}<\/script>\n<!-- \/ Yoast SEO plugin. -->","yoast_head_json":{"title":"Kryetari Cungu u takua me eksperten e Rockfeller Brothers Fund - Lajme nga Ulqini","description":"Kryetari i Komun\u00ebs s\u00eb Ulqinit Nazif Cungu \u00ebsht\u00eb takuar me eksperten e Rockfeller Brothers Fund Kryetari i Komun\u00ebs s\u00eb Ulqinit Nazif Cungu \u00ebsht\u00eb takuar sot","robots":{"index":"index","follow":"follow","max-snippet":"max-snippet:-1","max-image-preview":"max-image-preview:large","max-video-preview":"max-video-preview:-1"},"canonical":"https:\/\/www.visit-ulcinj.com\/blog\/2012\/10\/17\/kryetari-cungu-u-takua-me-eksperten-e-rockfeller-brothers-fund\/","og_locale":"en_US","og_type":"article","og_title":"Kryetari Cungu u takua me eksperten e Rockfeller Brothers Fund - Lajme nga Ulqini","og_description":"Kryetari i Komun\u00ebs s\u00eb Ulqinit Nazif Cungu \u00ebsht\u00eb takuar me eksperten e Rockfeller Brothers Fund Kryetari i Komun\u00ebs s\u00eb Ulqinit Nazif Cungu \u00ebsht\u00eb takuar sot","og_url":"https:\/\/www.visit-ulcinj.com\/blog\/2012\/10\/17\/kryetari-cungu-u-takua-me-eksperten-e-rockfeller-brothers-fund\/","og_site_name":"Lajme nga Ulqini","article_published_time":"2012-10-17T07:40:15+00:00","article_modified_time":"2012-10-19T16:36:05+00:00","og_image":[{"url":"http:\/\/www.visit-ulcinj.com\/blog\/wp-content\/uploads\/2012\/10\/Nazif-Cungu-ekspert-Rockfeller-Brothers-Fund-a_Ulqin.jpg"}],"twitter_misc":{"Written by":"ulqini","Est. reading time":"2 minutes"},"schema":{"@context":"https:\/\/schema.org","@graph":[{"@type":"WebSite","@id":"https:\/\/www.visit-ulcinj.com\/blog\/#website","url":"https:\/\/www.visit-ulcinj.com\/blog\/","name":"Lajme nga Ulqini","description":"Lajme,Vijesti,Ulqini,Ulqin,Crna Gora,Mali i Zi","potentialAction":[{"@type":"SearchAction","target":{"@type":"EntryPoint","urlTemplate":"https:\/\/www.visit-ulcinj.com\/blog\/?s={search_term_string}"},"query-input":"required name=search_term_string"}],"inLanguage":"en-US"},{"@type":"ImageObject","inLanguage":"en-US","@id":"https:\/\/www.visit-ulcinj.com\/blog\/2012\/10\/17\/kryetari-cungu-u-takua-me-eksperten-e-rockfeller-brothers-fund\/#primaryimage","url":"https:\/\/www.visit-ulcinj.com\/blog\/wp-content\/uploads\/2012\/10\/Nazif-Cungu-ekspert-Rockfeller-Brothers-Fund-a_Ulqin.jpg","contentUrl":"https:\/\/www.visit-ulcinj.com\/blog\/wp-content\/uploads\/2012\/10\/Nazif-Cungu-ekspert-Rockfeller-Brothers-Fund-a_Ulqin.jpg","width":"640","height":"424"},{"@type":"WebPage","@id":"https:\/\/www.visit-ulcinj.com\/blog\/2012\/10\/17\/kryetari-cungu-u-takua-me-eksperten-e-rockfeller-brothers-fund\/#webpage","url":"https:\/\/www.visit-ulcinj.com\/blog\/2012\/10\/17\/kryetari-cungu-u-takua-me-eksperten-e-rockfeller-brothers-fund\/","name":"Kryetari Cungu u takua me eksperten e Rockfeller Brothers Fund - Lajme nga Ulqini","isPartOf":{"@id":"https:\/\/www.visit-ulcinj.com\/blog\/#website"},"primaryImageOfPage":{"@id":"https:\/\/www.visit-ulcinj.com\/blog\/2012\/10\/17\/kryetari-cungu-u-takua-me-eksperten-e-rockfeller-brothers-fund\/#primaryimage"},"datePublished":"2012-10-17T07:40:15+00:00","dateModified":"2012-10-19T16:36:05+00:00","author":{"@id":"https:\/\/www.visit-ulcinj.com\/blog\/#\/schema\/person\/dcab619c614d3038751c63bc2aadc06d"},"description":"Kryetari i Komun\u00ebs s\u00eb Ulqinit Nazif Cungu \u00ebsht\u00eb takuar me eksperten e Rockfeller Brothers Fund Kryetari i Komun\u00ebs s\u00eb Ulqinit Nazif Cungu \u00ebsht\u00eb takuar sot","breadcrumb":{"@id":"https:\/\/www.visit-ulcinj.com\/blog\/2012\/10\/17\/kryetari-cungu-u-takua-me-eksperten-e-rockfeller-brothers-fund\/#breadcrumb"},"inLanguage":"en-US","potentialAction":[{"@type":"ReadAction","target":["https:\/\/www.visit-ulcinj.com\/blog\/2012\/10\/17\/kryetari-cungu-u-takua-me-eksperten-e-rockfeller-brothers-fund\/"]}]},{"@type":"BreadcrumbList","@id":"https:\/\/www.visit-ulcinj.com\/blog\/2012\/10\/17\/kryetari-cungu-u-takua-me-eksperten-e-rockfeller-brothers-fund\/#breadcrumb","itemListElement":[{"@type":"ListItem","position":1,"name":"Kryetari Cungu u takua me eksperten e Rockfeller Brothers Fund"}]},{"@type":"Person","@id":"https:\/\/www.visit-ulcinj.com\/blog\/#\/schema\/person\/dcab619c614d3038751c63bc2aadc06d","name":"ulqini","sameAs":["http:\/\/www.visit-ulcinj.com"],"url":"https:\/\/www.visit-ulcinj.com\/blog\/author\/admin\/"}]}},"jetpack_featured_media_url":"","jetpack_sharing_enabled":true,"jetpack_shortlink":"https:\/\/wp.me\/pe6lTn-gPX","_links":{"self":[{"href":"https:\/\/www.visit-ulcinj.com\/blog\/wp-json\/wp\/v2\/posts\/64725"}],"collection":[{"href":"https:\/\/www.visit-ulcinj.com\/blog\/wp-json\/wp\/v2\/posts"}],"about":[{"href":"https:\/\/www.visit-ulcinj.com\/blog\/wp-json\/wp\/v2\/types\/post"}],"author":[{"embeddable":true,"href":"https:\/\/www.visit-ulcinj.com\/blog\/wp-json\/wp\/v2\/users\/1"}],"replies":[{"embeddable":true,"href":"https:\/\/www.visit-ulcinj.com\/blog\/wp-json\/wp\/v2\/comments?post=64725"}],"version-history":[{"count":4,"href":"https:\/\/www.visit-ulcinj.com\/blog\/wp-json\/wp\/v2\/posts\/64725\/revisions"}],"predecessor-version":[{"id":64858,"href":"https:\/\/www.visit-ulcinj.com\/blog\/wp-json\/wp\/v2\/posts\/64725\/revisions\/64858"}],"wp:attachment":[{"href":"https:\/\/www.visit-ulcinj.com\/blog\/wp-json\/wp\/v2\/media?parent=64725"}],"wp:term":[{"taxonomy":"category","embeddable":true,"href":"https:\/\/www.visit-ulcinj.com\/blog\/wp-json\/wp\/v2\/categories?post=64725"},{"taxonomy":"post_tag","embeddable":true,"href":"https:\/\/www.visit-ulcinj.com\/blog\/wp-json\/wp\/v2\/tags?post=64725"}],"curies":[{"name":"wp","href":"https:\/\/api.w.org\/{rel}","templated":true}]}}