{"id":64747,"date":"2012-10-17T17:30:56","date_gmt":"2012-10-17T16:30:56","guid":{"rendered":"http:\/\/www.visit-ulcinj.com\/blog\/?p=64747"},"modified":"2012-10-17T17:30:56","modified_gmt":"2012-10-17T16:30:56","slug":"vasel-sinishtaj-flet-mbi-mundesin-e-pjesmarrjes-ne-formimin-e-qeverise","status":"publish","type":"post","link":"https:\/\/www.visit-ulcinj.com\/blog\/2012\/10\/17\/vasel-sinishtaj-flet-mbi-mundesin-e-pjesmarrjes-ne-formimin-e-qeverise\/","title":{"rendered":"Vasel Sinishtaj flet mbi mund\u00ebsin e pjesmarrjes n\u00eb formimin e Qeveris\u00eb"},"content":{"rendered":"<p><strong><a href=\"http:\/\/www.visit-ulcinj.com\/blog\/wp-content\/uploads\/2012\/10\/sinishtaj_medojeviq.jpg\"><img loading=\"lazy\" class=\"alignleft  wp-image-64748\" title=\"sinishtaj_medojeviq\" src=\"http:\/\/www.visit-ulcinj.com\/blog\/wp-content\/uploads\/2012\/10\/sinishtaj_medojeviq.jpg\" alt=\"\" width=\"508\" height=\"360\" \/><\/a>Ftesa e Miodrag Lekic \u00ebsht\u00eb e pr\u00ebnuashme<\/strong><\/p>\n<p>Thirrja p\u00ebr bisedime mbi formimin e nj\u00eb qeveri uniteti, t\u00eb cil\u00ebn e ka b\u00ebr\u00eb Lideri Frontit Demokratik Miodrag Lekic, \u00ebsht\u00eb shum\u00eb i pranueshme, deklaroi p\u00ebr \u201cDan\u201d, p\u00ebrfaq\u00ebsues i list\u00ebs s\u00eb koalicionit t\u00eb Forc\u00ebs p\u00ebr Bashkim, Vasel Sinishtaj.<\/p>\n<p>&#8211; Disa gabime mund ti korrigjoi vet\u00ebm nj\u00eb q\u00eb nuk ishte i pranish\u00ebm kur ato jan\u00eb b\u00ebr\u00eb. K\u00ebtu m\u00ebndoj n\u00eb pjes\u00ebn e Frontit Demokratik, paras\u00ebgjithash n\u00eb udh\u00ebheq\u00ebsin, Lekic, i cili nuk ishte i pranish\u00ebm kur na jan\u00eb hequr t\u00eb drejtat e fituara \u2013 pes\u00eb mandate dhe vendet e posa\u00e7me t\u00eb votimit deklaroi Sinishtaj.<\/p>\n<p>Ai mendon se detyra e par\u00eb e nj\u00eb qeverie t\u00eb unitetit komb\u00ebtar duhet t\u00eb jete p\u00ebrgatitja e ambientit p\u00ebr zgjedhje t\u00eb ndershme dhe demokratike, \u201cn\u00eb t\u00eb cilat nuk do t\u00eb ket\u00eb korrupsion, makina qeveritare dhe zyrtar\u00eb shtet\u00ebror\u00eb n\u00eb takimet parazgjedhore, ku qytetar\u00ebve do t\u00eb u lejohet t\u00eb shprehen lirish\u00ebm.<\/p>\n<p>Si nj\u00eb njeri i cili kam kaluar shum\u00eb vjet n\u00eb opozit\u00eb, mund t\u00eb jam ende atje. P\u00ebr mua m\u00eb af\u00ebr \u00ebsht\u00eb ky opsion i qeveris\u00eb s\u00eb unitetit komb\u00ebtar. Un\u00eb mendoj se \u00ebsht\u00eb e d\u00ebshirueshme p\u00ebr Malin e Zi, jo vetem p\u00ebr shkak t\u00eb shqiptar\u00ebve, por p\u00ebr t\u00eb gjith\u00eb qytetar\u00ebt, dhe se do t\u00eb krijohet mjedis q\u00eb pritet kaq shum\u00eb vite dhe kjo \u00ebsht\u00eb demokratizimi i shoq\u00ebris\u00eb. \u00cbsht\u00eb e mundur q\u00eb k\u00ebto zgjedhje ishin kritike p\u00ebr dik\u00eb. P\u00ebr ne jo, pasi q\u00eb ky \u00ebsht\u00eb nj\u00eb proces i cili vonon. A nis nj\u00eb bised\u00eb dhe nj\u00eb pushtet absolut m\u00eb nuk ekziston., deklaroi Sinishtaj. \u00a0\/Albert Camaj\/<\/p>\n<p>MALESIA.ORG<\/p>\n","protected":false},"excerpt":{"rendered":"<p>Ftesa e Miodrag Lekic \u00ebsht\u00eb e pr\u00ebnuashme Thirrja p\u00ebr bisedime mbi formimin e nj\u00eb qeveri uniteti, t\u00eb cil\u00ebn e ka b\u00ebr\u00eb Lideri Frontit Demokratik Miodrag Lekic, \u00ebsht\u00eb shum\u00eb i pranueshme, deklaroi p\u00ebr \u201cDan\u201d, p\u00ebrfaq\u00ebsues i list\u00ebs s\u00eb koalicionit t\u00eb Forc\u00ebs p\u00ebr Bashkim, Vasel Sinishtaj. &#8211; Disa gabime mund ti korrigjoi vet\u00ebm nj\u00eb q\u00eb nuk ishte [&hellip;]<\/p>\n","protected":false},"author":1,"featured_media":0,"comment_status":"open","ping_status":"closed","sticky":false,"template":"","format":"standard","meta":{"spay_email":"","jetpack_publicize_message":"","jetpack_is_tweetstorm":false,"jetpack_publicize_feature_enabled":true},"categories":[6950],"tags":[21263,2226],"jetpack_publicize_connections":[],"yoast_head":"<!-- This site is optimized with the Yoast SEO plugin v19.1 - https:\/\/yoast.com\/wordpress\/plugins\/seo\/ -->\n<title>Vasel Sinishtaj flet mbi mund\u00ebsin e pjesmarrjes n\u00eb formimin e Qeveris\u00eb - Lajme nga Ulqini<\/title>\n<meta name=\"description\" content=\"Ftesa e Miodrag Lekic \u00ebsht\u00eb e pr\u00ebnuashme Thirrja p\u00ebr bisedime mbi formimin e nj\u00eb qeveri uniteti, t\u00eb cil\u00ebn e ka b\u00ebr\u00eb Lideri Frontit Demokratik Miodrag\" \/>\n<meta name=\"robots\" content=\"index, follow, max-snippet:-1, max-image-preview:large, max-video-preview:-1\" \/>\n<link rel=\"canonical\" href=\"https:\/\/www.visit-ulcinj.com\/blog\/2012\/10\/17\/vasel-sinishtaj-flet-mbi-mundesin-e-pjesmarrjes-ne-formimin-e-qeverise\/\" \/>\n<meta property=\"og:locale\" content=\"en_US\" \/>\n<meta property=\"og:type\" content=\"article\" \/>\n<meta property=\"og:title\" content=\"Vasel Sinishtaj flet mbi mund\u00ebsin e pjesmarrjes n\u00eb formimin e Qeveris\u00eb - Lajme nga Ulqini\" \/>\n<meta property=\"og:description\" content=\"Ftesa e Miodrag Lekic \u00ebsht\u00eb e pr\u00ebnuashme Thirrja p\u00ebr bisedime mbi formimin e nj\u00eb qeveri uniteti, t\u00eb cil\u00ebn e ka b\u00ebr\u00eb Lideri Frontit Demokratik Miodrag\" \/>\n<meta property=\"og:url\" content=\"https:\/\/www.visit-ulcinj.com\/blog\/2012\/10\/17\/vasel-sinishtaj-flet-mbi-mundesin-e-pjesmarrjes-ne-formimin-e-qeverise\/\" \/>\n<meta property=\"og:site_name\" content=\"Lajme nga Ulqini\" \/>\n<meta property=\"article:published_time\" content=\"2012-10-17T16:30:56+00:00\" \/>\n<meta property=\"og:image\" content=\"http:\/\/www.visit-ulcinj.com\/blog\/wp-content\/uploads\/2012\/10\/sinishtaj_medojeviq.jpg\" \/>\n<meta name=\"twitter:label1\" content=\"Written by\" \/>\n\t<meta name=\"twitter:data1\" content=\"ulqini\" \/>\n\t<meta name=\"twitter:label2\" content=\"Est. reading time\" \/>\n\t<meta name=\"twitter:data2\" content=\"1 minute\" \/>\n<script type=\"application\/ld+json\" class=\"yoast-schema-graph\">{\"@context\":\"https:\/\/schema.org\",\"@graph\":[{\"@type\":\"WebSite\",\"@id\":\"https:\/\/www.visit-ulcinj.com\/blog\/#website\",\"url\":\"https:\/\/www.visit-ulcinj.com\/blog\/\",\"name\":\"Lajme nga Ulqini\",\"description\":\"Lajme,Vijesti,Ulqini,Ulqin,Crna Gora,Mali i Zi\",\"potentialAction\":[{\"@type\":\"SearchAction\",\"target\":{\"@type\":\"EntryPoint\",\"urlTemplate\":\"https:\/\/www.visit-ulcinj.com\/blog\/?s={search_term_string}\"},\"query-input\":\"required name=search_term_string\"}],\"inLanguage\":\"en-US\"},{\"@type\":\"ImageObject\",\"inLanguage\":\"en-US\",\"@id\":\"https:\/\/www.visit-ulcinj.com\/blog\/2012\/10\/17\/vasel-sinishtaj-flet-mbi-mundesin-e-pjesmarrjes-ne-formimin-e-qeverise\/#primaryimage\",\"url\":\"https:\/\/www.visit-ulcinj.com\/blog\/wp-content\/uploads\/2012\/10\/sinishtaj_medojeviq.jpg\",\"contentUrl\":\"https:\/\/www.visit-ulcinj.com\/blog\/wp-content\/uploads\/2012\/10\/sinishtaj_medojeviq.jpg\",\"width\":\"640\",\"height\":\"480\"},{\"@type\":\"WebPage\",\"@id\":\"https:\/\/www.visit-ulcinj.com\/blog\/2012\/10\/17\/vasel-sinishtaj-flet-mbi-mundesin-e-pjesmarrjes-ne-formimin-e-qeverise\/#webpage\",\"url\":\"https:\/\/www.visit-ulcinj.com\/blog\/2012\/10\/17\/vasel-sinishtaj-flet-mbi-mundesin-e-pjesmarrjes-ne-formimin-e-qeverise\/\",\"name\":\"Vasel Sinishtaj flet mbi mund\u00ebsin e pjesmarrjes n\u00eb formimin e Qeveris\u00eb - Lajme nga Ulqini\",\"isPartOf\":{\"@id\":\"https:\/\/www.visit-ulcinj.com\/blog\/#website\"},\"primaryImageOfPage\":{\"@id\":\"https:\/\/www.visit-ulcinj.com\/blog\/2012\/10\/17\/vasel-sinishtaj-flet-mbi-mundesin-e-pjesmarrjes-ne-formimin-e-qeverise\/#primaryimage\"},\"datePublished\":\"2012-10-17T16:30:56+00:00\",\"dateModified\":\"2012-10-17T16:30:56+00:00\",\"author\":{\"@id\":\"https:\/\/www.visit-ulcinj.com\/blog\/#\/schema\/person\/dcab619c614d3038751c63bc2aadc06d\"},\"description\":\"Ftesa e Miodrag Lekic \u00ebsht\u00eb e pr\u00ebnuashme Thirrja p\u00ebr bisedime mbi formimin e nj\u00eb qeveri uniteti, t\u00eb cil\u00ebn e ka b\u00ebr\u00eb Lideri Frontit Demokratik Miodrag\",\"breadcrumb\":{\"@id\":\"https:\/\/www.visit-ulcinj.com\/blog\/2012\/10\/17\/vasel-sinishtaj-flet-mbi-mundesin-e-pjesmarrjes-ne-formimin-e-qeverise\/#breadcrumb\"},\"inLanguage\":\"en-US\",\"potentialAction\":[{\"@type\":\"ReadAction\",\"target\":[\"https:\/\/www.visit-ulcinj.com\/blog\/2012\/10\/17\/vasel-sinishtaj-flet-mbi-mundesin-e-pjesmarrjes-ne-formimin-e-qeverise\/\"]}]},{\"@type\":\"BreadcrumbList\",\"@id\":\"https:\/\/www.visit-ulcinj.com\/blog\/2012\/10\/17\/vasel-sinishtaj-flet-mbi-mundesin-e-pjesmarrjes-ne-formimin-e-qeverise\/#breadcrumb\",\"itemListElement\":[{\"@type\":\"ListItem\",\"position\":1,\"name\":\"Vasel Sinishtaj flet mbi mund\u00ebsin e pjesmarrjes n\u00eb formimin e Qeveris\u00eb\"}]},{\"@type\":\"Person\",\"@id\":\"https:\/\/www.visit-ulcinj.com\/blog\/#\/schema\/person\/dcab619c614d3038751c63bc2aadc06d\",\"name\":\"ulqini\",\"sameAs\":[\"http:\/\/www.visit-ulcinj.com\"],\"url\":\"https:\/\/www.visit-ulcinj.com\/blog\/author\/admin\/\"}]}<\/script>\n<!-- \/ Yoast SEO plugin. -->","yoast_head_json":{"title":"Vasel Sinishtaj flet mbi mund\u00ebsin e pjesmarrjes n\u00eb formimin e Qeveris\u00eb - Lajme nga Ulqini","description":"Ftesa e Miodrag Lekic \u00ebsht\u00eb e pr\u00ebnuashme Thirrja p\u00ebr bisedime mbi formimin e nj\u00eb qeveri uniteti, t\u00eb cil\u00ebn e ka b\u00ebr\u00eb Lideri Frontit Demokratik Miodrag","robots":{"index":"index","follow":"follow","max-snippet":"max-snippet:-1","max-image-preview":"max-image-preview:large","max-video-preview":"max-video-preview:-1"},"canonical":"https:\/\/www.visit-ulcinj.com\/blog\/2012\/10\/17\/vasel-sinishtaj-flet-mbi-mundesin-e-pjesmarrjes-ne-formimin-e-qeverise\/","og_locale":"en_US","og_type":"article","og_title":"Vasel Sinishtaj flet mbi mund\u00ebsin e pjesmarrjes n\u00eb formimin e Qeveris\u00eb - Lajme nga Ulqini","og_description":"Ftesa e Miodrag Lekic \u00ebsht\u00eb e pr\u00ebnuashme Thirrja p\u00ebr bisedime mbi formimin e nj\u00eb qeveri uniteti, t\u00eb cil\u00ebn e ka b\u00ebr\u00eb Lideri Frontit Demokratik Miodrag","og_url":"https:\/\/www.visit-ulcinj.com\/blog\/2012\/10\/17\/vasel-sinishtaj-flet-mbi-mundesin-e-pjesmarrjes-ne-formimin-e-qeverise\/","og_site_name":"Lajme nga Ulqini","article_published_time":"2012-10-17T16:30:56+00:00","og_image":[{"url":"http:\/\/www.visit-ulcinj.com\/blog\/wp-content\/uploads\/2012\/10\/sinishtaj_medojeviq.jpg"}],"twitter_misc":{"Written by":"ulqini","Est. reading time":"1 minute"},"schema":{"@context":"https:\/\/schema.org","@graph":[{"@type":"WebSite","@id":"https:\/\/www.visit-ulcinj.com\/blog\/#website","url":"https:\/\/www.visit-ulcinj.com\/blog\/","name":"Lajme nga Ulqini","description":"Lajme,Vijesti,Ulqini,Ulqin,Crna Gora,Mali i Zi","potentialAction":[{"@type":"SearchAction","target":{"@type":"EntryPoint","urlTemplate":"https:\/\/www.visit-ulcinj.com\/blog\/?s={search_term_string}"},"query-input":"required name=search_term_string"}],"inLanguage":"en-US"},{"@type":"ImageObject","inLanguage":"en-US","@id":"https:\/\/www.visit-ulcinj.com\/blog\/2012\/10\/17\/vasel-sinishtaj-flet-mbi-mundesin-e-pjesmarrjes-ne-formimin-e-qeverise\/#primaryimage","url":"https:\/\/www.visit-ulcinj.com\/blog\/wp-content\/uploads\/2012\/10\/sinishtaj_medojeviq.jpg","contentUrl":"https:\/\/www.visit-ulcinj.com\/blog\/wp-content\/uploads\/2012\/10\/sinishtaj_medojeviq.jpg","width":"640","height":"480"},{"@type":"WebPage","@id":"https:\/\/www.visit-ulcinj.com\/blog\/2012\/10\/17\/vasel-sinishtaj-flet-mbi-mundesin-e-pjesmarrjes-ne-formimin-e-qeverise\/#webpage","url":"https:\/\/www.visit-ulcinj.com\/blog\/2012\/10\/17\/vasel-sinishtaj-flet-mbi-mundesin-e-pjesmarrjes-ne-formimin-e-qeverise\/","name":"Vasel Sinishtaj flet mbi mund\u00ebsin e pjesmarrjes n\u00eb formimin e Qeveris\u00eb - Lajme nga Ulqini","isPartOf":{"@id":"https:\/\/www.visit-ulcinj.com\/blog\/#website"},"primaryImageOfPage":{"@id":"https:\/\/www.visit-ulcinj.com\/blog\/2012\/10\/17\/vasel-sinishtaj-flet-mbi-mundesin-e-pjesmarrjes-ne-formimin-e-qeverise\/#primaryimage"},"datePublished":"2012-10-17T16:30:56+00:00","dateModified":"2012-10-17T16:30:56+00:00","author":{"@id":"https:\/\/www.visit-ulcinj.com\/blog\/#\/schema\/person\/dcab619c614d3038751c63bc2aadc06d"},"description":"Ftesa e Miodrag Lekic \u00ebsht\u00eb e pr\u00ebnuashme Thirrja p\u00ebr bisedime mbi formimin e nj\u00eb qeveri uniteti, t\u00eb cil\u00ebn e ka b\u00ebr\u00eb Lideri Frontit Demokratik Miodrag","breadcrumb":{"@id":"https:\/\/www.visit-ulcinj.com\/blog\/2012\/10\/17\/vasel-sinishtaj-flet-mbi-mundesin-e-pjesmarrjes-ne-formimin-e-qeverise\/#breadcrumb"},"inLanguage":"en-US","potentialAction":[{"@type":"ReadAction","target":["https:\/\/www.visit-ulcinj.com\/blog\/2012\/10\/17\/vasel-sinishtaj-flet-mbi-mundesin-e-pjesmarrjes-ne-formimin-e-qeverise\/"]}]},{"@type":"BreadcrumbList","@id":"https:\/\/www.visit-ulcinj.com\/blog\/2012\/10\/17\/vasel-sinishtaj-flet-mbi-mundesin-e-pjesmarrjes-ne-formimin-e-qeverise\/#breadcrumb","itemListElement":[{"@type":"ListItem","position":1,"name":"Vasel Sinishtaj flet mbi mund\u00ebsin e pjesmarrjes n\u00eb formimin e Qeveris\u00eb"}]},{"@type":"Person","@id":"https:\/\/www.visit-ulcinj.com\/blog\/#\/schema\/person\/dcab619c614d3038751c63bc2aadc06d","name":"ulqini","sameAs":["http:\/\/www.visit-ulcinj.com"],"url":"https:\/\/www.visit-ulcinj.com\/blog\/author\/admin\/"}]}},"jetpack_featured_media_url":"","jetpack_sharing_enabled":true,"jetpack_shortlink":"https:\/\/wp.me\/pe6lTn-gQj","_links":{"self":[{"href":"https:\/\/www.visit-ulcinj.com\/blog\/wp-json\/wp\/v2\/posts\/64747"}],"collection":[{"href":"https:\/\/www.visit-ulcinj.com\/blog\/wp-json\/wp\/v2\/posts"}],"about":[{"href":"https:\/\/www.visit-ulcinj.com\/blog\/wp-json\/wp\/v2\/types\/post"}],"author":[{"embeddable":true,"href":"https:\/\/www.visit-ulcinj.com\/blog\/wp-json\/wp\/v2\/users\/1"}],"replies":[{"embeddable":true,"href":"https:\/\/www.visit-ulcinj.com\/blog\/wp-json\/wp\/v2\/comments?post=64747"}],"version-history":[{"count":1,"href":"https:\/\/www.visit-ulcinj.com\/blog\/wp-json\/wp\/v2\/posts\/64747\/revisions"}],"predecessor-version":[{"id":64749,"href":"https:\/\/www.visit-ulcinj.com\/blog\/wp-json\/wp\/v2\/posts\/64747\/revisions\/64749"}],"wp:attachment":[{"href":"https:\/\/www.visit-ulcinj.com\/blog\/wp-json\/wp\/v2\/media?parent=64747"}],"wp:term":[{"taxonomy":"category","embeddable":true,"href":"https:\/\/www.visit-ulcinj.com\/blog\/wp-json\/wp\/v2\/categories?post=64747"},{"taxonomy":"post_tag","embeddable":true,"href":"https:\/\/www.visit-ulcinj.com\/blog\/wp-json\/wp\/v2\/tags?post=64747"}],"curies":[{"name":"wp","href":"https:\/\/api.w.org\/{rel}","templated":true}]}}