{"id":6475,"date":"2008-11-22T14:13:50","date_gmt":"2008-11-22T19:13:50","guid":{"rendered":"http:\/\/www.visit-ulcinj.com\/blog\/?p=6475"},"modified":"2008-11-23T11:49:09","modified_gmt":"2008-11-23T16:49:09","slug":"kontribut-per-njohjen-e-historise-se-klleznes","status":"publish","type":"post","link":"https:\/\/www.visit-ulcinj.com\/blog\/2008\/11\/22\/kontribut-per-njohjen-e-historise-se-klleznes\/","title":{"rendered":"Kontribut p\u00ebr njohjen e historis\u00eb s\u00eb Kllezn\u00ebs"},"content":{"rendered":"<p><a href=\"http:\/\/www.visit-ulcinj.com\/blog\/wp-content\/uploads\/2008\/11\/kllezna.jpg\"><img loading=\"lazy\" class=\"alignleft size-medium wp-image-6476\" title=\"kllezna\" src=\"http:\/\/www.visit-ulcinj.com\/blog\/wp-content\/uploads\/2008\/11\/kllezna-300x224.jpg\" alt=\"\" width=\"464\" height=\"346\" srcset=\"https:\/\/www.visit-ulcinj.com\/blog\/wp-content\/uploads\/2008\/11\/kllezna-300x224.jpg 300w, https:\/\/www.visit-ulcinj.com\/blog\/wp-content\/uploads\/2008\/11\/kllezna.jpg 369w\" sizes=\"(max-width: 464px) 100vw, 464px\" \/><\/a><strong>Mbi librin m\u00eb t\u00eb ri t\u00eb Ded\u00eb Ndoc Filipajt &#8220;Mali i Bris\u00eb &#8211; Kllezna n\u00eb tradit\u00ebn popullore&#8221;<\/strong><br \/>\nAutori p\u00ebrmes rr\u00ebfimeve e bisedave me pleqt\u00eb e vendit mbi historin\u00eb e mo\u00e7me t\u00eb Kllezn\u00ebs dhe p\u00ebrmes vargjeve &#8211; k\u00ebng\u00ebs, her\u00eb-her\u00eb edhe n\u00eb versione, i frym\u00ebzuar nga shum\u00eb ngjarje dhe vepra fisnike t\u00eb bashk\u00ebvendasve t\u00eb tij, jo vet\u00ebm se shleu nj\u00eb borxh ndaj kombit t\u00eb vet n\u00eb p\u00ebrgjith\u00ebsi, por n\u00eb ve\u00e7anti e b\u00ebri t\u00eb pavdekshme nj\u00eb pjes\u00eb t\u00eb tradit\u00ebs popullore t\u00eb Malit t\u00eb Bris\u00eb &#8211; trev\u00eb me popullat\u00eb shqiptare, me nj\u00eb histori sa t\u00eb lavdishme aq edhe krenare n\u00eb kultivimin, begatimin dhe ruajtjen e identitetit komb\u00ebtar.<br \/>\nPas ribotimit t\u00eb tret\u00eb t\u00eb librit &#8220;Me mall t\u00eb kujtoj&#8221;, Ded\u00eb Ndoc Filipaj nga fshati Kllez\u00ebn e Poshtme, komuna e Ulqinit, i cili q\u00eb n\u00eb rini jeton n\u00eb Shtetet e Bashkuara t\u00eb Amerik\u00ebs, lexuesve shqiptar\u00eb u dhuroi vepr\u00ebn e re &#8220;Mali i Bris\u00eb &#8211; Kllezna n\u00eb tradit\u00ebn popullore&#8221;. Ky m\u00ebrgimtar i devotsh\u00ebm, i apasionuar me vendlindjen e tij, ku i kaloi vitet e rinis\u00eb, edhe pse n\u00eb mosh\u00eb t\u00eb thyer (lindi n\u00eb vitin 1929), mbajti premtimin e dh\u00ebn\u00eb: \u201cN\u00ebse Ai i Larti t\u00eb m\u00eb mbaj\u00eb gjall\u00eb e n\u00eb gjendje t\u00eb mir\u00eb sh\u00ebndet\u00ebsore do t\u00eb merrem me historin\u00eb e Malit t\u00eb Bris\u00eb&#8221;. Dhe ja, kjo vep\u00ebr q\u00eb tashm\u00eb e kemi n\u00eb dor\u00eb, e botuar nga Enti Botues &#8220;Gjergj Fishta&#8221;, \u00ebsht\u00eb nj\u00eb d\u00ebshmi e sprovuar se mosha dhe p\u00ebrgatitja arsimore nuk jan\u00eb pengesa t\u00eb pakap\u00ebrcyeshme p\u00ebr nj\u00eb krijues, i cili ka vullnet t\u00eb fort\u00eb, dashuri t\u00eb madhe dhe \u00ebsht\u00eb i p\u00ebrkushtuar me gjith\u00eb shpirt e zem\u00ebr p\u00ebr t\u00eb l\u00ebn\u00eb gjurm\u00eb p\u00ebr t\u00eb mir\u00eb brenda mund\u00ebsive t\u00eb tij psikike e fizike.<br \/>\nI vet\u00ebdijsh\u00ebm p\u00ebr k\u00ebt\u00eb, autori i k\u00ebtij libri, si\u00e7 e quan ai &#8220;t\u00eb vog\u00ebl&#8221;, mori pen\u00ebn dhe i radhiti n\u00eb let\u00ebr shum\u00eb kujtime e ngjarje nga vendlindja, bazuar n\u00eb goj\u00ebdh\u00ebnat e pleqve t\u00eb koh\u00ebs, t\u00eb trash\u00ebguara dhe t\u00eb ruajtura brez pas brezi, t\u00eb cilat paraqesin nj\u00eb kontribut t\u00eb \u00e7muar p\u00ebr njohjen e historis\u00eb s\u00eb Kllezn\u00ebs, respektivisht t\u00eb fshatit t\u00eb Bris\u00eb.<br \/>\nAutori p\u00ebrmes rr\u00ebfimeve e bisedave me pleqt\u00eb e vendit mbi historin\u00eb e mo\u00e7me t\u00eb Kllezn\u00ebs dhe p\u00ebrmes vargjeve &#8211; k\u00ebng\u00ebs, her\u00eb-her\u00eb edhe n\u00eb versione, i frym\u00ebzuar nga shum\u00eb ngjarje dhe vepra fisnike t\u00eb bashk\u00ebvendasve t\u00eb tij, jo vet\u00ebm se shleu nj\u00eb borxh ndaj kombit t\u00eb vet n\u00eb p\u00ebrgjith\u00ebsi, por n\u00eb ve\u00e7anti e b\u00ebri t\u00eb pavdekshme nj\u00eb pjes\u00eb t\u00eb tradit\u00ebs popullore t\u00eb Malit t\u00eb Bris\u00eb &#8211; trev\u00eb me popullat\u00eb shqiptare, me nj\u00eb histori sa t\u00eb lavdishme aq edhe krenare n\u00eb kultivimin, begatimin dhe ruajtjen e identitetit komb\u00ebtar.<a href=\"http:\/\/www.visit-ulcinj.com\/blog\/wp-content\/uploads\/2008\/11\/ura-e-klleznes.jpg\"><img loading=\"lazy\" class=\"alignright size-medium wp-image-6477\" title=\"ura-e-klleznes\" src=\"http:\/\/www.visit-ulcinj.com\/blog\/wp-content\/uploads\/2008\/11\/ura-e-klleznes.jpg\" alt=\"\" width=\"283\" height=\"213\" \/><\/a><br \/>\nDed\u00eb Filipaj me k\u00ebt\u00eb botim, krahas historis\u00eb shkruan edhe p\u00ebr toponimet dhe mikrotoponimet n\u00eb Kllez\u00ebn sipas tradit\u00ebs gojore, p\u00ebr shp\u00ebrnguljen e hershme q\u00eb nga viti 1600 e k\u00ebndej n\u00eb Ulqin, Tivar, Shtetet e Bashkuara t\u00eb Amerik\u00ebs, Australi, Belgjik\u00eb, Franc\u00eb, Gjermani, Prishtin\u00eb e gjetk\u00eb.<br \/>\nNj\u00eb pjes\u00eb t\u00eb konsiderushme t\u00eb librit ia ka kushtuar k\u00ebng\u00ebve me motive t\u00eb ndryshme, kushtuar Kllezn\u00ebs, bijve dhe bijave t\u00eb saj, bilbilit, qyrlykut, dall\u00ebndyshes, skifterit grabitqar, rr\u00ebshajave, sokolit, flutur\u00ebs, thnegl\u00ebs, pleshtit, bukul\u00ebs, miut, marimang\u00ebs, peshkut, pinikut, arave, k\u00ebnetave, frys\u00ebs, kallamit, kasht\u00ebs s\u00eb rr\u00ebgot\u00ebs, l\u00ebkonit n\u00eb liqe, n\u00ebn\u00ebs, pranver\u00ebs, vjesht\u00ebs, shkozave, dhive, lisit, ferr\u00ebkuqes, ferrman\u00ebs, frashnit, shelqes, plepit, qershis\u00eb, hardhis\u00eb, rrushit \u00e7ylek e pem\u00ebve t\u00eb tjera.<br \/>\nAutori nj\u00eb kapitull t\u00eb ve\u00e7ant\u00eb ua ka kushtuar edhe k\u00ebng\u00ebve t\u00eb trim\u00ebris\u00eb dhe k\u00ebng\u00ebve folklorike, me t\u00eb cilat edhe p\u00ebrmbyllet libri. E gjith\u00eb kjo histori e Kllezn\u00ebs e bazuar n\u00eb goj\u00ebdh\u00ebn\u00eb q\u00eb i ofrohet lexuesit \u00ebsht\u00eb burim me vler\u00eb i nevojshm\u00ebm, i domosdosh\u00ebm dhe i mir\u00ebseardhur p\u00ebr t\u00eb tjer\u00ebt q\u00eb do t\u00eb merren me nj\u00eb histori t\u00eb mir\u00ebfillt\u00eb t\u00eb k\u00ebtij populli i cili, si\u00e7 shprehet autori, &#8220;ka hequr t\u00eb zit\u00eb e ullirit qysh n\u00eb koh\u00ebn e romak\u00ebve&#8221;. Andaj duhet p\u00ebrg\u00ebzuar autorin p\u00ebr k\u00ebt\u00eb angazhim dhe kontribut p\u00ebr Kllezn\u00ebn q\u00eb e do aq shum\u00eb.<br \/>\n<strong>Gj. Gjonaj<br \/>\nKoha Javore<\/strong><\/p>\n<!--YouTube Error: bad URL entered-->\n","protected":false},"excerpt":{"rendered":"<p>Mbi librin m\u00eb t\u00eb ri t\u00eb Ded\u00eb Ndoc Filipajt &#8220;Mali i Bris\u00eb &#8211; Kllezna n\u00eb tradit\u00ebn popullore&#8221; Autori p\u00ebrmes rr\u00ebfimeve e bisedave me pleqt\u00eb e vendit mbi historin\u00eb e mo\u00e7me t\u00eb Kllezn\u00ebs dhe p\u00ebrmes vargjeve &#8211; k\u00ebng\u00ebs, her\u00eb-her\u00eb edhe n\u00eb versione, i frym\u00ebzuar nga shum\u00eb ngjarje dhe vepra fisnike t\u00eb bashk\u00ebvendasve t\u00eb tij, jo vet\u00ebm [&hellip;]<\/p>\n","protected":false},"author":1,"featured_media":0,"comment_status":"open","ping_status":"closed","sticky":false,"template":"","format":"standard","meta":{"spay_email":"","jetpack_publicize_message":"","jetpack_is_tweetstorm":false,"jetpack_publicize_feature_enabled":true},"categories":[4],"tags":[3509,5116,200],"jetpack_publicize_connections":[],"yoast_head":"<!-- This site is optimized with the Yoast SEO plugin v19.1 - https:\/\/yoast.com\/wordpress\/plugins\/seo\/ -->\n<title>Kontribut p\u00ebr njohjen e historis\u00eb s\u00eb Kllezn\u00ebs - Lajme nga Ulqini<\/title>\n<meta name=\"description\" content=\"Mbi librin m\u00eb t\u00eb ri t\u00eb Ded\u00eb Ndoc Filipajt &quot;Mali i Bris\u00eb - Kllezna n\u00eb tradit\u00ebn popullore&quot; Autori p\u00ebrmes rr\u00ebfimeve e bisedave me pleqt\u00eb e vendit mbi\" \/>\n<meta name=\"robots\" content=\"index, follow, max-snippet:-1, max-image-preview:large, max-video-preview:-1\" \/>\n<link rel=\"canonical\" href=\"https:\/\/www.visit-ulcinj.com\/blog\/2008\/11\/22\/kontribut-per-njohjen-e-historise-se-klleznes\/\" \/>\n<meta property=\"og:locale\" content=\"en_US\" \/>\n<meta property=\"og:type\" content=\"article\" \/>\n<meta property=\"og:title\" content=\"Kontribut p\u00ebr njohjen e historis\u00eb s\u00eb Kllezn\u00ebs - Lajme nga Ulqini\" \/>\n<meta property=\"og:description\" content=\"Mbi librin m\u00eb t\u00eb ri t\u00eb Ded\u00eb Ndoc Filipajt &quot;Mali i Bris\u00eb - Kllezna n\u00eb tradit\u00ebn popullore&quot; Autori p\u00ebrmes rr\u00ebfimeve e bisedave me pleqt\u00eb e vendit mbi\" \/>\n<meta property=\"og:url\" content=\"https:\/\/www.visit-ulcinj.com\/blog\/2008\/11\/22\/kontribut-per-njohjen-e-historise-se-klleznes\/\" \/>\n<meta property=\"og:site_name\" content=\"Lajme nga Ulqini\" \/>\n<meta property=\"article:published_time\" content=\"2008-11-22T19:13:50+00:00\" \/>\n<meta property=\"article:modified_time\" content=\"2008-11-23T16:49:09+00:00\" \/>\n<meta property=\"og:image\" content=\"http:\/\/www.visit-ulcinj.com\/blog\/wp-content\/uploads\/2008\/11\/kllezna-300x224.jpg\" \/>\n<meta name=\"twitter:label1\" content=\"Written by\" \/>\n\t<meta name=\"twitter:data1\" content=\"ulqini\" \/>\n\t<meta name=\"twitter:label2\" content=\"Est. reading time\" \/>\n\t<meta name=\"twitter:data2\" content=\"4 minutes\" \/>\n<script type=\"application\/ld+json\" class=\"yoast-schema-graph\">{\"@context\":\"https:\/\/schema.org\",\"@graph\":[{\"@type\":\"WebSite\",\"@id\":\"https:\/\/www.visit-ulcinj.com\/blog\/#website\",\"url\":\"https:\/\/www.visit-ulcinj.com\/blog\/\",\"name\":\"Lajme nga Ulqini\",\"description\":\"Lajme,Vijesti,Ulqini,Ulqin,Crna Gora,Mali i Zi\",\"potentialAction\":[{\"@type\":\"SearchAction\",\"target\":{\"@type\":\"EntryPoint\",\"urlTemplate\":\"https:\/\/www.visit-ulcinj.com\/blog\/?s={search_term_string}\"},\"query-input\":\"required name=search_term_string\"}],\"inLanguage\":\"en-US\"},{\"@type\":\"ImageObject\",\"inLanguage\":\"en-US\",\"@id\":\"https:\/\/www.visit-ulcinj.com\/blog\/2008\/11\/22\/kontribut-per-njohjen-e-historise-se-klleznes\/#primaryimage\",\"url\":\"http:\/\/www.visit-ulcinj.com\/blog\/wp-content\/uploads\/2008\/11\/kllezna-300x224.jpg\",\"contentUrl\":\"http:\/\/www.visit-ulcinj.com\/blog\/wp-content\/uploads\/2008\/11\/kllezna-300x224.jpg\"},{\"@type\":\"WebPage\",\"@id\":\"https:\/\/www.visit-ulcinj.com\/blog\/2008\/11\/22\/kontribut-per-njohjen-e-historise-se-klleznes\/#webpage\",\"url\":\"https:\/\/www.visit-ulcinj.com\/blog\/2008\/11\/22\/kontribut-per-njohjen-e-historise-se-klleznes\/\",\"name\":\"Kontribut p\u00ebr njohjen e historis\u00eb s\u00eb Kllezn\u00ebs - Lajme nga Ulqini\",\"isPartOf\":{\"@id\":\"https:\/\/www.visit-ulcinj.com\/blog\/#website\"},\"primaryImageOfPage\":{\"@id\":\"https:\/\/www.visit-ulcinj.com\/blog\/2008\/11\/22\/kontribut-per-njohjen-e-historise-se-klleznes\/#primaryimage\"},\"datePublished\":\"2008-11-22T19:13:50+00:00\",\"dateModified\":\"2008-11-23T16:49:09+00:00\",\"author\":{\"@id\":\"https:\/\/www.visit-ulcinj.com\/blog\/#\/schema\/person\/dcab619c614d3038751c63bc2aadc06d\"},\"description\":\"Mbi librin m\u00eb t\u00eb ri t\u00eb Ded\u00eb Ndoc Filipajt \\\"Mali i Bris\u00eb - Kllezna n\u00eb tradit\u00ebn popullore\\\" Autori p\u00ebrmes rr\u00ebfimeve e bisedave me pleqt\u00eb e vendit mbi\",\"breadcrumb\":{\"@id\":\"https:\/\/www.visit-ulcinj.com\/blog\/2008\/11\/22\/kontribut-per-njohjen-e-historise-se-klleznes\/#breadcrumb\"},\"inLanguage\":\"en-US\",\"potentialAction\":[{\"@type\":\"ReadAction\",\"target\":[\"https:\/\/www.visit-ulcinj.com\/blog\/2008\/11\/22\/kontribut-per-njohjen-e-historise-se-klleznes\/\"]}]},{\"@type\":\"BreadcrumbList\",\"@id\":\"https:\/\/www.visit-ulcinj.com\/blog\/2008\/11\/22\/kontribut-per-njohjen-e-historise-se-klleznes\/#breadcrumb\",\"itemListElement\":[{\"@type\":\"ListItem\",\"position\":1,\"name\":\"Kontribut p\u00ebr njohjen e historis\u00eb s\u00eb Kllezn\u00ebs\"}]},{\"@type\":\"Person\",\"@id\":\"https:\/\/www.visit-ulcinj.com\/blog\/#\/schema\/person\/dcab619c614d3038751c63bc2aadc06d\",\"name\":\"ulqini\",\"sameAs\":[\"http:\/\/www.visit-ulcinj.com\"],\"url\":\"https:\/\/www.visit-ulcinj.com\/blog\/author\/admin\/\"}]}<\/script>\n<!-- \/ Yoast SEO plugin. -->","yoast_head_json":{"title":"Kontribut p\u00ebr njohjen e historis\u00eb s\u00eb Kllezn\u00ebs - Lajme nga Ulqini","description":"Mbi librin m\u00eb t\u00eb ri t\u00eb Ded\u00eb Ndoc Filipajt \"Mali i Bris\u00eb - Kllezna n\u00eb tradit\u00ebn popullore\" Autori p\u00ebrmes rr\u00ebfimeve e bisedave me pleqt\u00eb e vendit mbi","robots":{"index":"index","follow":"follow","max-snippet":"max-snippet:-1","max-image-preview":"max-image-preview:large","max-video-preview":"max-video-preview:-1"},"canonical":"https:\/\/www.visit-ulcinj.com\/blog\/2008\/11\/22\/kontribut-per-njohjen-e-historise-se-klleznes\/","og_locale":"en_US","og_type":"article","og_title":"Kontribut p\u00ebr njohjen e historis\u00eb s\u00eb Kllezn\u00ebs - Lajme nga Ulqini","og_description":"Mbi librin m\u00eb t\u00eb ri t\u00eb Ded\u00eb Ndoc Filipajt \"Mali i Bris\u00eb - Kllezna n\u00eb tradit\u00ebn popullore\" Autori p\u00ebrmes rr\u00ebfimeve e bisedave me pleqt\u00eb e vendit mbi","og_url":"https:\/\/www.visit-ulcinj.com\/blog\/2008\/11\/22\/kontribut-per-njohjen-e-historise-se-klleznes\/","og_site_name":"Lajme nga Ulqini","article_published_time":"2008-11-22T19:13:50+00:00","article_modified_time":"2008-11-23T16:49:09+00:00","og_image":[{"url":"http:\/\/www.visit-ulcinj.com\/blog\/wp-content\/uploads\/2008\/11\/kllezna-300x224.jpg"}],"twitter_misc":{"Written by":"ulqini","Est. reading time":"4 minutes"},"schema":{"@context":"https:\/\/schema.org","@graph":[{"@type":"WebSite","@id":"https:\/\/www.visit-ulcinj.com\/blog\/#website","url":"https:\/\/www.visit-ulcinj.com\/blog\/","name":"Lajme nga Ulqini","description":"Lajme,Vijesti,Ulqini,Ulqin,Crna Gora,Mali i Zi","potentialAction":[{"@type":"SearchAction","target":{"@type":"EntryPoint","urlTemplate":"https:\/\/www.visit-ulcinj.com\/blog\/?s={search_term_string}"},"query-input":"required name=search_term_string"}],"inLanguage":"en-US"},{"@type":"ImageObject","inLanguage":"en-US","@id":"https:\/\/www.visit-ulcinj.com\/blog\/2008\/11\/22\/kontribut-per-njohjen-e-historise-se-klleznes\/#primaryimage","url":"http:\/\/www.visit-ulcinj.com\/blog\/wp-content\/uploads\/2008\/11\/kllezna-300x224.jpg","contentUrl":"http:\/\/www.visit-ulcinj.com\/blog\/wp-content\/uploads\/2008\/11\/kllezna-300x224.jpg"},{"@type":"WebPage","@id":"https:\/\/www.visit-ulcinj.com\/blog\/2008\/11\/22\/kontribut-per-njohjen-e-historise-se-klleznes\/#webpage","url":"https:\/\/www.visit-ulcinj.com\/blog\/2008\/11\/22\/kontribut-per-njohjen-e-historise-se-klleznes\/","name":"Kontribut p\u00ebr njohjen e historis\u00eb s\u00eb Kllezn\u00ebs - Lajme nga Ulqini","isPartOf":{"@id":"https:\/\/www.visit-ulcinj.com\/blog\/#website"},"primaryImageOfPage":{"@id":"https:\/\/www.visit-ulcinj.com\/blog\/2008\/11\/22\/kontribut-per-njohjen-e-historise-se-klleznes\/#primaryimage"},"datePublished":"2008-11-22T19:13:50+00:00","dateModified":"2008-11-23T16:49:09+00:00","author":{"@id":"https:\/\/www.visit-ulcinj.com\/blog\/#\/schema\/person\/dcab619c614d3038751c63bc2aadc06d"},"description":"Mbi librin m\u00eb t\u00eb ri t\u00eb Ded\u00eb Ndoc Filipajt \"Mali i Bris\u00eb - Kllezna n\u00eb tradit\u00ebn popullore\" Autori p\u00ebrmes rr\u00ebfimeve e bisedave me pleqt\u00eb e vendit mbi","breadcrumb":{"@id":"https:\/\/www.visit-ulcinj.com\/blog\/2008\/11\/22\/kontribut-per-njohjen-e-historise-se-klleznes\/#breadcrumb"},"inLanguage":"en-US","potentialAction":[{"@type":"ReadAction","target":["https:\/\/www.visit-ulcinj.com\/blog\/2008\/11\/22\/kontribut-per-njohjen-e-historise-se-klleznes\/"]}]},{"@type":"BreadcrumbList","@id":"https:\/\/www.visit-ulcinj.com\/blog\/2008\/11\/22\/kontribut-per-njohjen-e-historise-se-klleznes\/#breadcrumb","itemListElement":[{"@type":"ListItem","position":1,"name":"Kontribut p\u00ebr njohjen e historis\u00eb s\u00eb Kllezn\u00ebs"}]},{"@type":"Person","@id":"https:\/\/www.visit-ulcinj.com\/blog\/#\/schema\/person\/dcab619c614d3038751c63bc2aadc06d","name":"ulqini","sameAs":["http:\/\/www.visit-ulcinj.com"],"url":"https:\/\/www.visit-ulcinj.com\/blog\/author\/admin\/"}]}},"jetpack_featured_media_url":"","jetpack_sharing_enabled":true,"jetpack_shortlink":"https:\/\/wp.me\/pe6lTn-1Gr","_links":{"self":[{"href":"https:\/\/www.visit-ulcinj.com\/blog\/wp-json\/wp\/v2\/posts\/6475"}],"collection":[{"href":"https:\/\/www.visit-ulcinj.com\/blog\/wp-json\/wp\/v2\/posts"}],"about":[{"href":"https:\/\/www.visit-ulcinj.com\/blog\/wp-json\/wp\/v2\/types\/post"}],"author":[{"embeddable":true,"href":"https:\/\/www.visit-ulcinj.com\/blog\/wp-json\/wp\/v2\/users\/1"}],"replies":[{"embeddable":true,"href":"https:\/\/www.visit-ulcinj.com\/blog\/wp-json\/wp\/v2\/comments?post=6475"}],"version-history":[{"count":0,"href":"https:\/\/www.visit-ulcinj.com\/blog\/wp-json\/wp\/v2\/posts\/6475\/revisions"}],"wp:attachment":[{"href":"https:\/\/www.visit-ulcinj.com\/blog\/wp-json\/wp\/v2\/media?parent=6475"}],"wp:term":[{"taxonomy":"category","embeddable":true,"href":"https:\/\/www.visit-ulcinj.com\/blog\/wp-json\/wp\/v2\/categories?post=6475"},{"taxonomy":"post_tag","embeddable":true,"href":"https:\/\/www.visit-ulcinj.com\/blog\/wp-json\/wp\/v2\/tags?post=6475"}],"curies":[{"name":"wp","href":"https:\/\/api.w.org\/{rel}","templated":true}]}}