{"id":64750,"date":"2012-10-17T17:51:41","date_gmt":"2012-10-17T16:51:41","guid":{"rendered":"http:\/\/www.visit-ulcinj.com\/blog\/?p=64750"},"modified":"2012-10-17T17:52:12","modified_gmt":"2012-10-17T16:52:12","slug":"nga-komisioni-pohojne-ende-nuk-kane-marr-ankesen-e-udsh","status":"publish","type":"post","link":"https:\/\/www.visit-ulcinj.com\/blog\/2012\/10\/17\/nga-komisioni-pohojne-ende-nuk-kane-marr-ankesen-e-udsh\/","title":{"rendered":"Nga Komisioni pohojn\u00eb ende nuk kan\u00eb marr ankes\u00ebn e UDSH"},"content":{"rendered":"<p><a href=\"http:\/\/www.visit-ulcinj.com\/blog\/wp-content\/uploads\/2012\/10\/Ivan-Kaleziq.jpg\"><img loading=\"lazy\" class=\"alignleft  wp-image-64751\" title=\"Ivan Kaleziq\" src=\"http:\/\/www.visit-ulcinj.com\/blog\/wp-content\/uploads\/2012\/10\/Ivan-Kaleziq.jpg\" alt=\"\" width=\"508\" height=\"300\" \/><\/a>Kryetari i Komisionit shtet\u00ebror\u00eb t\u00eb zgjedhjeve , Ivan Kaleziq, ka theksuar se ky institucion, nuk e ka marr\u00eb ende ankes\u00ebn nga UDSH, e cila ka paralajm\u00ebruar dje se do t&#8217;i ankohet Komisionit shtet\u00ebror t\u00eb zgjedhjeve n\u00eb rezultatet zgjedhore, sepse , sipas tyre, k\u00ebsaj partie i \u00ebsht\u00eb marr mandati i deputetit, p\u00ebr shkak t\u00eb interpretimit t\u00eb dob\u00ebt t\u00eb ligjit p\u00ebr zgjedhjen e k\u00ebshilltar\u00ebve dhe deputet\u00ebve .<\/p>\n<p>Kaleziq, ka theksuar se nuk mund t\u00eb thot\u00eb se si do t\u00eb jet\u00eb q\u00ebndrimi i Komsionit shtet\u00ebror t\u00eb zgjedhjeve lidhur me ankes\u00ebn e UDSH, derisa t\u00eb fitohet ankesa , sepse p\u00ebr t\u00eb do t\u00eb vendos Komisioni, ka theksuar ai, p\u00ebr portall analitika.<\/p>\n<p>TVCG<\/p>\n","protected":false},"excerpt":{"rendered":"<p>Kryetari i Komisionit shtet\u00ebror\u00eb t\u00eb zgjedhjeve , Ivan Kaleziq, ka theksuar se ky institucion, nuk e ka marr\u00eb ende ankes\u00ebn nga UDSH, e cila ka paralajm\u00ebruar dje se do t&#8217;i ankohet Komisionit shtet\u00ebror t\u00eb zgjedhjeve n\u00eb rezultatet zgjedhore, sepse , sipas tyre, k\u00ebsaj partie i \u00ebsht\u00eb marr mandati i deputetit, p\u00ebr shkak t\u00eb interpretimit t\u00eb [&hellip;]<\/p>\n","protected":false},"author":1,"featured_media":0,"comment_status":"open","ping_status":"closed","sticky":false,"template":"","format":"standard","meta":{"spay_email":"","jetpack_publicize_message":"","jetpack_is_tweetstorm":false,"jetpack_publicize_feature_enabled":true},"categories":[11],"tags":[21264],"jetpack_publicize_connections":[],"yoast_head":"<!-- This site is optimized with the Yoast SEO plugin v19.1 - https:\/\/yoast.com\/wordpress\/plugins\/seo\/ -->\n<title>Nga Komisioni pohojn\u00eb ende nuk kan\u00eb marr ankes\u00ebn e UDSH - Lajme nga Ulqini<\/title>\n<meta name=\"description\" content=\"Kryetari i Komisionit shtet\u00ebror\u00eb t\u00eb zgjedhjeve , Ivan Kaleziq, ka theksuar se ky institucion, nuk e ka marr\u00eb ende ankes\u00ebn nga UDSH, e cila ka\" \/>\n<meta name=\"robots\" content=\"index, follow, max-snippet:-1, max-image-preview:large, max-video-preview:-1\" \/>\n<link rel=\"canonical\" href=\"https:\/\/www.visit-ulcinj.com\/blog\/2012\/10\/17\/nga-komisioni-pohojne-ende-nuk-kane-marr-ankesen-e-udsh\/\" \/>\n<meta property=\"og:locale\" content=\"en_US\" \/>\n<meta property=\"og:type\" content=\"article\" \/>\n<meta property=\"og:title\" content=\"Nga Komisioni pohojn\u00eb ende nuk kan\u00eb marr ankes\u00ebn e UDSH - Lajme nga Ulqini\" \/>\n<meta property=\"og:description\" content=\"Kryetari i Komisionit shtet\u00ebror\u00eb t\u00eb zgjedhjeve , Ivan Kaleziq, ka theksuar se ky institucion, nuk e ka marr\u00eb ende ankes\u00ebn nga UDSH, e cila ka\" \/>\n<meta property=\"og:url\" content=\"https:\/\/www.visit-ulcinj.com\/blog\/2012\/10\/17\/nga-komisioni-pohojne-ende-nuk-kane-marr-ankesen-e-udsh\/\" \/>\n<meta property=\"og:site_name\" content=\"Lajme nga Ulqini\" \/>\n<meta property=\"article:published_time\" content=\"2012-10-17T16:51:41+00:00\" \/>\n<meta property=\"article:modified_time\" content=\"2012-10-17T16:52:12+00:00\" \/>\n<meta property=\"og:image\" content=\"http:\/\/www.visit-ulcinj.com\/blog\/wp-content\/uploads\/2012\/10\/Ivan-Kaleziq.jpg\" \/>\n<meta name=\"twitter:label1\" content=\"Written by\" \/>\n\t<meta name=\"twitter:data1\" content=\"ulqini\" \/>\n\t<meta name=\"twitter:label2\" content=\"Est. reading time\" \/>\n\t<meta name=\"twitter:data2\" content=\"1 minute\" \/>\n<script type=\"application\/ld+json\" class=\"yoast-schema-graph\">{\"@context\":\"https:\/\/schema.org\",\"@graph\":[{\"@type\":\"WebSite\",\"@id\":\"https:\/\/www.visit-ulcinj.com\/blog\/#website\",\"url\":\"https:\/\/www.visit-ulcinj.com\/blog\/\",\"name\":\"Lajme nga Ulqini\",\"description\":\"Lajme,Vijesti,Ulqini,Ulqin,Crna Gora,Mali i Zi\",\"potentialAction\":[{\"@type\":\"SearchAction\",\"target\":{\"@type\":\"EntryPoint\",\"urlTemplate\":\"https:\/\/www.visit-ulcinj.com\/blog\/?s={search_term_string}\"},\"query-input\":\"required name=search_term_string\"}],\"inLanguage\":\"en-US\"},{\"@type\":\"ImageObject\",\"inLanguage\":\"en-US\",\"@id\":\"https:\/\/www.visit-ulcinj.com\/blog\/2012\/10\/17\/nga-komisioni-pohojne-ende-nuk-kane-marr-ankesen-e-udsh\/#primaryimage\",\"url\":\"https:\/\/www.visit-ulcinj.com\/blog\/wp-content\/uploads\/2012\/10\/Ivan-Kaleziq.jpg\",\"contentUrl\":\"https:\/\/www.visit-ulcinj.com\/blog\/wp-content\/uploads\/2012\/10\/Ivan-Kaleziq.jpg\",\"width\":\"654\",\"height\":\"300\"},{\"@type\":\"WebPage\",\"@id\":\"https:\/\/www.visit-ulcinj.com\/blog\/2012\/10\/17\/nga-komisioni-pohojne-ende-nuk-kane-marr-ankesen-e-udsh\/#webpage\",\"url\":\"https:\/\/www.visit-ulcinj.com\/blog\/2012\/10\/17\/nga-komisioni-pohojne-ende-nuk-kane-marr-ankesen-e-udsh\/\",\"name\":\"Nga Komisioni pohojn\u00eb ende nuk kan\u00eb marr ankes\u00ebn e UDSH - Lajme nga Ulqini\",\"isPartOf\":{\"@id\":\"https:\/\/www.visit-ulcinj.com\/blog\/#website\"},\"primaryImageOfPage\":{\"@id\":\"https:\/\/www.visit-ulcinj.com\/blog\/2012\/10\/17\/nga-komisioni-pohojne-ende-nuk-kane-marr-ankesen-e-udsh\/#primaryimage\"},\"datePublished\":\"2012-10-17T16:51:41+00:00\",\"dateModified\":\"2012-10-17T16:52:12+00:00\",\"author\":{\"@id\":\"https:\/\/www.visit-ulcinj.com\/blog\/#\/schema\/person\/dcab619c614d3038751c63bc2aadc06d\"},\"description\":\"Kryetari i Komisionit shtet\u00ebror\u00eb t\u00eb zgjedhjeve , Ivan Kaleziq, ka theksuar se ky institucion, nuk e ka marr\u00eb ende ankes\u00ebn nga UDSH, e cila ka\",\"breadcrumb\":{\"@id\":\"https:\/\/www.visit-ulcinj.com\/blog\/2012\/10\/17\/nga-komisioni-pohojne-ende-nuk-kane-marr-ankesen-e-udsh\/#breadcrumb\"},\"inLanguage\":\"en-US\",\"potentialAction\":[{\"@type\":\"ReadAction\",\"target\":[\"https:\/\/www.visit-ulcinj.com\/blog\/2012\/10\/17\/nga-komisioni-pohojne-ende-nuk-kane-marr-ankesen-e-udsh\/\"]}]},{\"@type\":\"BreadcrumbList\",\"@id\":\"https:\/\/www.visit-ulcinj.com\/blog\/2012\/10\/17\/nga-komisioni-pohojne-ende-nuk-kane-marr-ankesen-e-udsh\/#breadcrumb\",\"itemListElement\":[{\"@type\":\"ListItem\",\"position\":1,\"name\":\"Nga Komisioni pohojn\u00eb ende nuk kan\u00eb marr ankes\u00ebn e UDSH\"}]},{\"@type\":\"Person\",\"@id\":\"https:\/\/www.visit-ulcinj.com\/blog\/#\/schema\/person\/dcab619c614d3038751c63bc2aadc06d\",\"name\":\"ulqini\",\"sameAs\":[\"http:\/\/www.visit-ulcinj.com\"],\"url\":\"https:\/\/www.visit-ulcinj.com\/blog\/author\/admin\/\"}]}<\/script>\n<!-- \/ Yoast SEO plugin. -->","yoast_head_json":{"title":"Nga Komisioni pohojn\u00eb ende nuk kan\u00eb marr ankes\u00ebn e UDSH - Lajme nga Ulqini","description":"Kryetari i Komisionit shtet\u00ebror\u00eb t\u00eb zgjedhjeve , Ivan Kaleziq, ka theksuar se ky institucion, nuk e ka marr\u00eb ende ankes\u00ebn nga UDSH, e cila ka","robots":{"index":"index","follow":"follow","max-snippet":"max-snippet:-1","max-image-preview":"max-image-preview:large","max-video-preview":"max-video-preview:-1"},"canonical":"https:\/\/www.visit-ulcinj.com\/blog\/2012\/10\/17\/nga-komisioni-pohojne-ende-nuk-kane-marr-ankesen-e-udsh\/","og_locale":"en_US","og_type":"article","og_title":"Nga Komisioni pohojn\u00eb ende nuk kan\u00eb marr ankes\u00ebn e UDSH - Lajme nga Ulqini","og_description":"Kryetari i Komisionit shtet\u00ebror\u00eb t\u00eb zgjedhjeve , Ivan Kaleziq, ka theksuar se ky institucion, nuk e ka marr\u00eb ende ankes\u00ebn nga UDSH, e cila ka","og_url":"https:\/\/www.visit-ulcinj.com\/blog\/2012\/10\/17\/nga-komisioni-pohojne-ende-nuk-kane-marr-ankesen-e-udsh\/","og_site_name":"Lajme nga Ulqini","article_published_time":"2012-10-17T16:51:41+00:00","article_modified_time":"2012-10-17T16:52:12+00:00","og_image":[{"url":"http:\/\/www.visit-ulcinj.com\/blog\/wp-content\/uploads\/2012\/10\/Ivan-Kaleziq.jpg"}],"twitter_misc":{"Written by":"ulqini","Est. reading time":"1 minute"},"schema":{"@context":"https:\/\/schema.org","@graph":[{"@type":"WebSite","@id":"https:\/\/www.visit-ulcinj.com\/blog\/#website","url":"https:\/\/www.visit-ulcinj.com\/blog\/","name":"Lajme nga Ulqini","description":"Lajme,Vijesti,Ulqini,Ulqin,Crna Gora,Mali i Zi","potentialAction":[{"@type":"SearchAction","target":{"@type":"EntryPoint","urlTemplate":"https:\/\/www.visit-ulcinj.com\/blog\/?s={search_term_string}"},"query-input":"required name=search_term_string"}],"inLanguage":"en-US"},{"@type":"ImageObject","inLanguage":"en-US","@id":"https:\/\/www.visit-ulcinj.com\/blog\/2012\/10\/17\/nga-komisioni-pohojne-ende-nuk-kane-marr-ankesen-e-udsh\/#primaryimage","url":"https:\/\/www.visit-ulcinj.com\/blog\/wp-content\/uploads\/2012\/10\/Ivan-Kaleziq.jpg","contentUrl":"https:\/\/www.visit-ulcinj.com\/blog\/wp-content\/uploads\/2012\/10\/Ivan-Kaleziq.jpg","width":"654","height":"300"},{"@type":"WebPage","@id":"https:\/\/www.visit-ulcinj.com\/blog\/2012\/10\/17\/nga-komisioni-pohojne-ende-nuk-kane-marr-ankesen-e-udsh\/#webpage","url":"https:\/\/www.visit-ulcinj.com\/blog\/2012\/10\/17\/nga-komisioni-pohojne-ende-nuk-kane-marr-ankesen-e-udsh\/","name":"Nga Komisioni pohojn\u00eb ende nuk kan\u00eb marr ankes\u00ebn e UDSH - Lajme nga Ulqini","isPartOf":{"@id":"https:\/\/www.visit-ulcinj.com\/blog\/#website"},"primaryImageOfPage":{"@id":"https:\/\/www.visit-ulcinj.com\/blog\/2012\/10\/17\/nga-komisioni-pohojne-ende-nuk-kane-marr-ankesen-e-udsh\/#primaryimage"},"datePublished":"2012-10-17T16:51:41+00:00","dateModified":"2012-10-17T16:52:12+00:00","author":{"@id":"https:\/\/www.visit-ulcinj.com\/blog\/#\/schema\/person\/dcab619c614d3038751c63bc2aadc06d"},"description":"Kryetari i Komisionit shtet\u00ebror\u00eb t\u00eb zgjedhjeve , Ivan Kaleziq, ka theksuar se ky institucion, nuk e ka marr\u00eb ende ankes\u00ebn nga UDSH, e cila ka","breadcrumb":{"@id":"https:\/\/www.visit-ulcinj.com\/blog\/2012\/10\/17\/nga-komisioni-pohojne-ende-nuk-kane-marr-ankesen-e-udsh\/#breadcrumb"},"inLanguage":"en-US","potentialAction":[{"@type":"ReadAction","target":["https:\/\/www.visit-ulcinj.com\/blog\/2012\/10\/17\/nga-komisioni-pohojne-ende-nuk-kane-marr-ankesen-e-udsh\/"]}]},{"@type":"BreadcrumbList","@id":"https:\/\/www.visit-ulcinj.com\/blog\/2012\/10\/17\/nga-komisioni-pohojne-ende-nuk-kane-marr-ankesen-e-udsh\/#breadcrumb","itemListElement":[{"@type":"ListItem","position":1,"name":"Nga Komisioni pohojn\u00eb ende nuk kan\u00eb marr ankes\u00ebn e UDSH"}]},{"@type":"Person","@id":"https:\/\/www.visit-ulcinj.com\/blog\/#\/schema\/person\/dcab619c614d3038751c63bc2aadc06d","name":"ulqini","sameAs":["http:\/\/www.visit-ulcinj.com"],"url":"https:\/\/www.visit-ulcinj.com\/blog\/author\/admin\/"}]}},"jetpack_featured_media_url":"","jetpack_sharing_enabled":true,"jetpack_shortlink":"https:\/\/wp.me\/pe6lTn-gQm","_links":{"self":[{"href":"https:\/\/www.visit-ulcinj.com\/blog\/wp-json\/wp\/v2\/posts\/64750"}],"collection":[{"href":"https:\/\/www.visit-ulcinj.com\/blog\/wp-json\/wp\/v2\/posts"}],"about":[{"href":"https:\/\/www.visit-ulcinj.com\/blog\/wp-json\/wp\/v2\/types\/post"}],"author":[{"embeddable":true,"href":"https:\/\/www.visit-ulcinj.com\/blog\/wp-json\/wp\/v2\/users\/1"}],"replies":[{"embeddable":true,"href":"https:\/\/www.visit-ulcinj.com\/blog\/wp-json\/wp\/v2\/comments?post=64750"}],"version-history":[{"count":2,"href":"https:\/\/www.visit-ulcinj.com\/blog\/wp-json\/wp\/v2\/posts\/64750\/revisions"}],"predecessor-version":[{"id":64753,"href":"https:\/\/www.visit-ulcinj.com\/blog\/wp-json\/wp\/v2\/posts\/64750\/revisions\/64753"}],"wp:attachment":[{"href":"https:\/\/www.visit-ulcinj.com\/blog\/wp-json\/wp\/v2\/media?parent=64750"}],"wp:term":[{"taxonomy":"category","embeddable":true,"href":"https:\/\/www.visit-ulcinj.com\/blog\/wp-json\/wp\/v2\/categories?post=64750"},{"taxonomy":"post_tag","embeddable":true,"href":"https:\/\/www.visit-ulcinj.com\/blog\/wp-json\/wp\/v2\/tags?post=64750"}],"curies":[{"name":"wp","href":"https:\/\/api.w.org\/{rel}","templated":true}]}}