{"id":64754,"date":"2012-10-18T07:36:20","date_gmt":"2012-10-18T06:36:20","guid":{"rendered":"http:\/\/www.visit-ulcinj.com\/blog\/?p=64754"},"modified":"2012-10-19T16:26:41","modified_gmt":"2012-10-19T15:26:41","slug":"cungu-forca-per-bashkim-nuk-do-te-zhgenjej-besimin-tuaj","status":"publish","type":"post","link":"https:\/\/www.visit-ulcinj.com\/blog\/2012\/10\/18\/cungu-forca-per-bashkim-nuk-do-te-zhgenjej-besimin-tuaj\/","title":{"rendered":"Cungu: FORCA PER BASHKIM  nuk do t\u00eb zhg\u00ebnjej besimin tuaj"},"content":{"rendered":"<p><strong><a href=\"http:\/\/www.visit-ulcinj.com\/blog\/wp-content\/uploads\/2012\/10\/Forca-per-bashkim-ulqin.4.jpg\"><img loading=\"lazy\" class=\"alignleft  wp-image-64755\" title=\"Forca per bashkim-ulqin.4\" src=\"http:\/\/www.visit-ulcinj.com\/blog\/wp-content\/uploads\/2012\/10\/Forca-per-bashkim-ulqin.4.jpg\" alt=\"\" width=\"508\" height=\"360\" \/><\/a>Konference \u00a0per media- zgjedhjet parlamentare 14.10. 2012<\/strong><\/p>\n<p>Ulqin,17.10.2012<\/p>\n<p>Nr. 105\/12<\/p>\n<p>&nbsp;<\/p>\n<p>T\u00eb nderuar qytetar\u00eb,<\/p>\n<p>&nbsp;<\/p>\n<p>S\u00eb pari, dua t\u00eb fal\u00ebnderojm\u00eb\u00a0 votuesit,an\u00ebtar\u00ebt dhe simpatizuesit e koalicionit FORCA PER BASHKIM q\u00eb jan\u00eb angazhuar gjat\u00eb fushat\u00ebs dhe n\u00eb komisione.<\/p>\n<p>K\u00ebto zgjedhje kan\u00eb v\u00ebrrtetuar se koalicioni FORCA PER BASHKIM\u00a0 \u00ebsht\u00eb\u00a0 koalicioni m\u00eb i madh shqiptar\u00eb n\u00eb Mal t\u00eb Zi.<\/p>\n<p>Me k\u00ebt\u00eb rast edhe nj\u00ebher\u00eb ju falenderoj p\u00ebr besimin q\u00eb na keni dh\u00ebn\u00eb dhe ju v\u00ebrrtetoj\u00a0 q\u00eb FORCA PER BASHKIM\u00a0 nuk do t\u00eb zhg\u00ebnjej besimin tuaj.<\/p>\n<p>K\u00ebto zgjedhje jan\u00eb\u00a0 mbajtur n\u00eb rrethana t\u00eb v\u00ebshtira p\u00ebr Forc\u00ebn p\u00ebr shkak t\u00eb gjendjes s\u00eb v\u00ebshtir\u00eb finasiare t\u00eb cil\u00ebn e ka krijuar pushteti lokal i m\u00ebparsh\u00ebm\u00a0 n\u00eb komunen e Ulqinit.<\/p>\n<p>Gjat\u00eb fushat\u00ebs parazgjedhore si dhe gjat\u00eb procesit zgjedhor kemi \u00a0identifikuar shkelje t\u00eb shumta dhe kemi vendosur q\u00eb detaisht t\u00eb analizojm\u00eb shkall\u00ebn e ndikimit t\u00eb keqp\u00ebrdorimeve.<\/p>\n<p>Megjith\u00eb k\u00ebto parregullsi,ne kemi arritur sukses t\u00eb jasht\u00ebzakonsh\u00ebm dhe sikur t\u00eb ishte ligji i m\u00ebparsh\u00ebm n\u00eb fuqi ne do t\u00eb kishim 2 mandate, kurse me k\u00ebt\u00eb Ligj q\u00eb \u00ebsht\u00eb diskriminues p\u00ebr shqiptar\u00ebt, neve na kan\u00eb\u00a0 munguar 361 vota \u00a0p\u00ebr mandatin e dyte.<\/p>\n<p>&nbsp;<\/p>\n<p>P\u00ebrfaqesuesit e UDSH<strong>-s\u00eb<\/strong> provojn q\u00eb p\u00ebr humbjen e zgjedhjeve t\u00eb fajsojn\u00eb antarin e Komisionit te Forces. As antari i Forc\u00ebs,as ndonj\u00ebri prej antar\u00ebve t\u00eb Komisionit nuk kan\u00eb drejt p\u00ebr t\u00eb \u00a0ndrruar Ligjin. Ligji mund t\u00eb ndrrohet vet\u00ebm n\u00eb Parlamentin e Malit t\u00eb ZI.<\/p>\n<p>I kemi terhequr v\u00ebrejtjen para dy vitesh p\u00ebrfaq\u00ebsuesve t\u00eb UDSH-s\u00eb\u00a0 se \u00e7ka do t\u00eb ndodh n\u00ebse do t\u00eb aprovohet ky ligj q\u00eb \u00ebsht\u00eb tash n\u00eb fuqi.<\/p>\n<p>Ish Kryetari i UDSH-ese q\u00eb ishte n\u00eb postin e Ministrit t\u00eb pakicave,\u00ebsht\u00eb shprehur n\u00eb at\u00eb koh\u00eb,po citoj:\u201dKy \u00ebsht\u00eb Ligj afirmativ dhe m\u00eb mir\u00eb \u00ebsht\u00eb t\u00eb \u00a0kemi 3 mercedesa se 5 golfa\u201d.<\/p>\n<p>Ne baze te formules se dontit\u00a0 per k\u00ebto zgjedhje, p\u00ebr t\u00eb marre \u00a0nj\u00eb mandat nevojiteshin 4137 vota. FORCA P\u00cbR BASHKIM \u00a0ka siguruar 5244 vota q\u00eb jan\u00eb t\u00eb mjaftueshme p\u00ebr nj\u00eb mandat dhe me 350 vota i ka mundesuar \u00a0Koalicionit shqiptar PD- LD n\u00eb MZ\u00a0 t\u00eb marre mandatin,kurse koalicionit UDSH-PPD i kemi siguruar 700 vota t\u00eb cilat nuk ishin t\u00eb mjaftueshme q\u00eb t\u00eb marrin \u00a0mandatin.<\/p>\n<p>N\u00eb k\u00ebt\u00eb moment<strong>,<\/strong>me k\u00ebt\u00eb Ligj zgjedhor ne nuk kemi pasur mund\u00ebsi t\u00eb b\u00ebjm\u00eb ndihm\u00eb m\u00eb t\u00eb madhe partive tjera shqiptare<\/p>\n<p>Me k\u00ebt\u00eb rast dua t\u00eb uroj pun\u00eb \u00a0t\u00eb \u00a0mbar\u00eb p\u00ebrfaq\u00ebsuesve ton\u00eb n\u00eb Parlamentin e ri t\u00eb \u00a0Malit t\u00eb Zi.<\/p>\n<p>&nbsp;<\/p>\n<p>Ju faliminderit,<\/p>\n<p><strong>Kryetari<\/strong><br \/>\n<strong>Nazif Cungu<\/strong><\/p>\n\n\t\t<style type=\"text\/css\">\n\t\t\t#gallery-1 {\n\t\t\t\tmargin: auto;\n\t\t\t}\n\t\t\t#gallery-1 .gallery-item {\n\t\t\t\tfloat: left;\n\t\t\t\tmargin-top: 10px;\n\t\t\t\ttext-align: center;\n\t\t\t\twidth: 33%;\n\t\t\t}\n\t\t\t#gallery-1 img {\n\t\t\t\tborder: 2px solid #cfcfcf;\n\t\t\t}\n\t\t\t#gallery-1 .gallery-caption {\n\t\t\t\tmargin-left: 0;\n\t\t\t}\n\t\t\t\/* see gallery_shortcode() in wp-includes\/media.php *\/\n\t\t<\/style>\n\t\t<div id='gallery-1' class='gallery galleryid-64754 gallery-columns-3 gallery-size-thumbnail'><dl class='gallery-item'>\n\t\t\t<dt class='gallery-icon landscape'>\n\t\t\t\t<a href='https:\/\/www.visit-ulcinj.com\/blog\/wp-content\/uploads\/2012\/10\/Forca-per-bashkim-ulqin.4.jpg'><img width=\"150\" height=\"150\" src=\"https:\/\/www.visit-ulcinj.com\/blog\/wp-content\/uploads\/2012\/10\/Forca-per-bashkim-ulqin.4-150x150.jpg\" class=\"attachment-thumbnail size-thumbnail\" alt=\"\" loading=\"lazy\" \/><\/a>\n\t\t\t<\/dt><\/dl><dl class='gallery-item'>\n\t\t\t<dt class='gallery-icon landscape'>\n\t\t\t\t<a href='https:\/\/www.visit-ulcinj.com\/blog\/wp-content\/uploads\/2012\/10\/Forca-per-bashkim-ulqin.1.jpg'><img width=\"150\" height=\"150\" src=\"https:\/\/www.visit-ulcinj.com\/blog\/wp-content\/uploads\/2012\/10\/Forca-per-bashkim-ulqin.1-150x150.jpg\" class=\"attachment-thumbnail size-thumbnail\" alt=\"\" loading=\"lazy\" \/><\/a>\n\t\t\t<\/dt><\/dl><dl class='gallery-item'>\n\t\t\t<dt class='gallery-icon landscape'>\n\t\t\t\t<a href='https:\/\/www.visit-ulcinj.com\/blog\/wp-content\/uploads\/2012\/10\/Forca-per-bashkim-ulqin.2.jpg'><img width=\"150\" height=\"150\" src=\"https:\/\/www.visit-ulcinj.com\/blog\/wp-content\/uploads\/2012\/10\/Forca-per-bashkim-ulqin.2-150x150.jpg\" class=\"attachment-thumbnail size-thumbnail\" alt=\"\" loading=\"lazy\" \/><\/a>\n\t\t\t<\/dt><\/dl><br style=\"clear: both\" \/><dl class='gallery-item'>\n\t\t\t<dt class='gallery-icon landscape'>\n\t\t\t\t<a href='https:\/\/www.visit-ulcinj.com\/blog\/wp-content\/uploads\/2012\/10\/Forca-per-bashkim-ulqin.3.jpg'><img width=\"150\" height=\"150\" src=\"https:\/\/www.visit-ulcinj.com\/blog\/wp-content\/uploads\/2012\/10\/Forca-per-bashkim-ulqin.3-150x150.jpg\" class=\"attachment-thumbnail size-thumbnail\" alt=\"\" loading=\"lazy\" \/><\/a>\n\t\t\t<\/dt><\/dl><dl class='gallery-item'>\n\t\t\t<dt class='gallery-icon landscape'>\n\t\t\t\t<a href='https:\/\/www.visit-ulcinj.com\/blog\/wp-content\/uploads\/2012\/10\/Forca-per-bashkim-ulqin.5.jpg'><img width=\"150\" height=\"150\" src=\"https:\/\/www.visit-ulcinj.com\/blog\/wp-content\/uploads\/2012\/10\/Forca-per-bashkim-ulqin.5-150x150.jpg\" class=\"attachment-thumbnail size-thumbnail\" alt=\"\" loading=\"lazy\" \/><\/a>\n\t\t\t<\/dt><\/dl><dl class='gallery-item'>\n\t\t\t<dt class='gallery-icon landscape'>\n\t\t\t\t<a href='https:\/\/www.visit-ulcinj.com\/blog\/wp-content\/uploads\/2012\/10\/Forca-per-bashkim-ulqin.jpg'><img width=\"150\" height=\"150\" src=\"https:\/\/www.visit-ulcinj.com\/blog\/wp-content\/uploads\/2012\/10\/Forca-per-bashkim-ulqin-150x150.jpg\" class=\"attachment-thumbnail size-thumbnail\" alt=\"\" loading=\"lazy\" \/><\/a>\n\t\t\t<\/dt><\/dl><br style=\"clear: both\" \/>\n\t\t<\/div>\n\n","protected":false},"excerpt":{"rendered":"<p>Konference \u00a0per media- zgjedhjet parlamentare 14.10. 2012 Ulqin,17.10.2012 Nr. 105\/12 &nbsp; T\u00eb nderuar qytetar\u00eb, &nbsp; S\u00eb pari, dua t\u00eb fal\u00ebnderojm\u00eb\u00a0 votuesit,an\u00ebtar\u00ebt dhe simpatizuesit e koalicionit FORCA PER BASHKIM q\u00eb jan\u00eb angazhuar gjat\u00eb fushat\u00ebs dhe n\u00eb komisione. K\u00ebto zgjedhje kan\u00eb v\u00ebrrtetuar se koalicioni FORCA PER BASHKIM\u00a0 \u00ebsht\u00eb\u00a0 koalicioni m\u00eb i madh shqiptar\u00eb n\u00eb Mal t\u00eb Zi. [&hellip;]<\/p>\n","protected":false},"author":1,"featured_media":0,"comment_status":"open","ping_status":"closed","sticky":false,"template":"","format":"standard","meta":{"spay_email":"","jetpack_publicize_message":"","jetpack_is_tweetstorm":false,"jetpack_publicize_feature_enabled":true},"categories":[5,1],"tags":[21155,200],"jetpack_publicize_connections":[],"yoast_head":"<!-- This site is optimized with the Yoast SEO plugin v19.1 - https:\/\/yoast.com\/wordpress\/plugins\/seo\/ -->\n<title>Cungu: FORCA PER BASHKIM nuk do t\u00eb zhg\u00ebnjej besimin tuaj - Lajme nga Ulqini<\/title>\n<meta name=\"description\" content=\"Konference \u00a0per media- zgjedhjet parlamentare 14.10. 2012 Ulqin,17.10.2012 Nr. 105\/12 &nbsp; T\u00eb nderuar qytetar\u00eb, &nbsp; S\u00eb pari, dua t\u00eb fal\u00ebnderojm\u00eb\u00a0\" \/>\n<meta name=\"robots\" content=\"index, follow, max-snippet:-1, max-image-preview:large, max-video-preview:-1\" \/>\n<link rel=\"canonical\" href=\"https:\/\/www.visit-ulcinj.com\/blog\/2012\/10\/18\/cungu-forca-per-bashkim-nuk-do-te-zhgenjej-besimin-tuaj\/\" \/>\n<meta property=\"og:locale\" content=\"en_US\" \/>\n<meta property=\"og:type\" content=\"article\" \/>\n<meta property=\"og:title\" content=\"Cungu: FORCA PER BASHKIM nuk do t\u00eb zhg\u00ebnjej besimin tuaj - Lajme nga Ulqini\" \/>\n<meta property=\"og:description\" content=\"Konference \u00a0per media- zgjedhjet parlamentare 14.10. 2012 Ulqin,17.10.2012 Nr. 105\/12 &nbsp; T\u00eb nderuar qytetar\u00eb, &nbsp; S\u00eb pari, dua t\u00eb fal\u00ebnderojm\u00eb\u00a0\" \/>\n<meta property=\"og:url\" content=\"https:\/\/www.visit-ulcinj.com\/blog\/2012\/10\/18\/cungu-forca-per-bashkim-nuk-do-te-zhgenjej-besimin-tuaj\/\" \/>\n<meta property=\"og:site_name\" content=\"Lajme nga Ulqini\" \/>\n<meta property=\"article:published_time\" content=\"2012-10-18T06:36:20+00:00\" \/>\n<meta property=\"article:modified_time\" content=\"2012-10-19T15:26:41+00:00\" \/>\n<meta property=\"og:image\" content=\"https:\/\/www.visit-ulcinj.com\/blog\/wp-content\/uploads\/2012\/10\/Forca-per-bashkim-ulqin.4-150x150.jpg\" \/>\n<meta name=\"twitter:label1\" content=\"Written by\" \/>\n\t<meta name=\"twitter:data1\" content=\"ulqini\" \/>\n\t<meta name=\"twitter:label2\" content=\"Est. reading time\" \/>\n\t<meta name=\"twitter:data2\" content=\"2 minutes\" \/>\n<script type=\"application\/ld+json\" class=\"yoast-schema-graph\">{\"@context\":\"https:\/\/schema.org\",\"@graph\":[{\"@type\":\"WebSite\",\"@id\":\"https:\/\/www.visit-ulcinj.com\/blog\/#website\",\"url\":\"https:\/\/www.visit-ulcinj.com\/blog\/\",\"name\":\"Lajme nga Ulqini\",\"description\":\"Lajme,Vijesti,Ulqini,Ulqin,Crna Gora,Mali i Zi\",\"potentialAction\":[{\"@type\":\"SearchAction\",\"target\":{\"@type\":\"EntryPoint\",\"urlTemplate\":\"https:\/\/www.visit-ulcinj.com\/blog\/?s={search_term_string}\"},\"query-input\":\"required name=search_term_string\"}],\"inLanguage\":\"en-US\"},{\"@type\":\"ImageObject\",\"inLanguage\":\"en-US\",\"@id\":\"https:\/\/www.visit-ulcinj.com\/blog\/2012\/10\/18\/cungu-forca-per-bashkim-nuk-do-te-zhgenjej-besimin-tuaj\/#primaryimage\",\"url\":\"https:\/\/www.visit-ulcinj.com\/blog\/wp-content\/uploads\/2012\/10\/Forca-per-bashkim-ulqin.4.jpg\",\"contentUrl\":\"https:\/\/www.visit-ulcinj.com\/blog\/wp-content\/uploads\/2012\/10\/Forca-per-bashkim-ulqin.4.jpg\",\"width\":\"640\",\"height\":\"425\"},{\"@type\":\"WebPage\",\"@id\":\"https:\/\/www.visit-ulcinj.com\/blog\/2012\/10\/18\/cungu-forca-per-bashkim-nuk-do-te-zhgenjej-besimin-tuaj\/#webpage\",\"url\":\"https:\/\/www.visit-ulcinj.com\/blog\/2012\/10\/18\/cungu-forca-per-bashkim-nuk-do-te-zhgenjej-besimin-tuaj\/\",\"name\":\"Cungu: FORCA PER BASHKIM nuk do t\u00eb zhg\u00ebnjej besimin tuaj - Lajme nga Ulqini\",\"isPartOf\":{\"@id\":\"https:\/\/www.visit-ulcinj.com\/blog\/#website\"},\"primaryImageOfPage\":{\"@id\":\"https:\/\/www.visit-ulcinj.com\/blog\/2012\/10\/18\/cungu-forca-per-bashkim-nuk-do-te-zhgenjej-besimin-tuaj\/#primaryimage\"},\"datePublished\":\"2012-10-18T06:36:20+00:00\",\"dateModified\":\"2012-10-19T15:26:41+00:00\",\"author\":{\"@id\":\"https:\/\/www.visit-ulcinj.com\/blog\/#\/schema\/person\/dcab619c614d3038751c63bc2aadc06d\"},\"description\":\"Konference \u00a0per media- zgjedhjet parlamentare 14.10. 2012 Ulqin,17.10.2012 Nr. 105\/12 &nbsp; T\u00eb nderuar qytetar\u00eb, &nbsp; S\u00eb pari, dua t\u00eb fal\u00ebnderojm\u00eb\u00a0\",\"breadcrumb\":{\"@id\":\"https:\/\/www.visit-ulcinj.com\/blog\/2012\/10\/18\/cungu-forca-per-bashkim-nuk-do-te-zhgenjej-besimin-tuaj\/#breadcrumb\"},\"inLanguage\":\"en-US\",\"potentialAction\":[{\"@type\":\"ReadAction\",\"target\":[\"https:\/\/www.visit-ulcinj.com\/blog\/2012\/10\/18\/cungu-forca-per-bashkim-nuk-do-te-zhgenjej-besimin-tuaj\/\"]}]},{\"@type\":\"BreadcrumbList\",\"@id\":\"https:\/\/www.visit-ulcinj.com\/blog\/2012\/10\/18\/cungu-forca-per-bashkim-nuk-do-te-zhgenjej-besimin-tuaj\/#breadcrumb\",\"itemListElement\":[{\"@type\":\"ListItem\",\"position\":1,\"name\":\"Cungu: FORCA PER BASHKIM nuk do t\u00eb zhg\u00ebnjej besimin tuaj\"}]},{\"@type\":\"Person\",\"@id\":\"https:\/\/www.visit-ulcinj.com\/blog\/#\/schema\/person\/dcab619c614d3038751c63bc2aadc06d\",\"name\":\"ulqini\",\"sameAs\":[\"http:\/\/www.visit-ulcinj.com\"],\"url\":\"https:\/\/www.visit-ulcinj.com\/blog\/author\/admin\/\"}]}<\/script>\n<!-- \/ Yoast SEO plugin. -->","yoast_head_json":{"title":"Cungu: FORCA PER BASHKIM nuk do t\u00eb zhg\u00ebnjej besimin tuaj - Lajme nga Ulqini","description":"Konference \u00a0per media- zgjedhjet parlamentare 14.10. 2012 Ulqin,17.10.2012 Nr. 105\/12 &nbsp; T\u00eb nderuar qytetar\u00eb, &nbsp; S\u00eb pari, dua t\u00eb fal\u00ebnderojm\u00eb\u00a0","robots":{"index":"index","follow":"follow","max-snippet":"max-snippet:-1","max-image-preview":"max-image-preview:large","max-video-preview":"max-video-preview:-1"},"canonical":"https:\/\/www.visit-ulcinj.com\/blog\/2012\/10\/18\/cungu-forca-per-bashkim-nuk-do-te-zhgenjej-besimin-tuaj\/","og_locale":"en_US","og_type":"article","og_title":"Cungu: FORCA PER BASHKIM nuk do t\u00eb zhg\u00ebnjej besimin tuaj - Lajme nga Ulqini","og_description":"Konference \u00a0per media- zgjedhjet parlamentare 14.10. 2012 Ulqin,17.10.2012 Nr. 105\/12 &nbsp; T\u00eb nderuar qytetar\u00eb, &nbsp; S\u00eb pari, dua t\u00eb fal\u00ebnderojm\u00eb\u00a0","og_url":"https:\/\/www.visit-ulcinj.com\/blog\/2012\/10\/18\/cungu-forca-per-bashkim-nuk-do-te-zhgenjej-besimin-tuaj\/","og_site_name":"Lajme nga Ulqini","article_published_time":"2012-10-18T06:36:20+00:00","article_modified_time":"2012-10-19T15:26:41+00:00","og_image":[{"url":"https:\/\/www.visit-ulcinj.com\/blog\/wp-content\/uploads\/2012\/10\/Forca-per-bashkim-ulqin.4-150x150.jpg"}],"twitter_misc":{"Written by":"ulqini","Est. reading time":"2 minutes"},"schema":{"@context":"https:\/\/schema.org","@graph":[{"@type":"WebSite","@id":"https:\/\/www.visit-ulcinj.com\/blog\/#website","url":"https:\/\/www.visit-ulcinj.com\/blog\/","name":"Lajme nga Ulqini","description":"Lajme,Vijesti,Ulqini,Ulqin,Crna Gora,Mali i Zi","potentialAction":[{"@type":"SearchAction","target":{"@type":"EntryPoint","urlTemplate":"https:\/\/www.visit-ulcinj.com\/blog\/?s={search_term_string}"},"query-input":"required name=search_term_string"}],"inLanguage":"en-US"},{"@type":"ImageObject","inLanguage":"en-US","@id":"https:\/\/www.visit-ulcinj.com\/blog\/2012\/10\/18\/cungu-forca-per-bashkim-nuk-do-te-zhgenjej-besimin-tuaj\/#primaryimage","url":"https:\/\/www.visit-ulcinj.com\/blog\/wp-content\/uploads\/2012\/10\/Forca-per-bashkim-ulqin.4.jpg","contentUrl":"https:\/\/www.visit-ulcinj.com\/blog\/wp-content\/uploads\/2012\/10\/Forca-per-bashkim-ulqin.4.jpg","width":"640","height":"425"},{"@type":"WebPage","@id":"https:\/\/www.visit-ulcinj.com\/blog\/2012\/10\/18\/cungu-forca-per-bashkim-nuk-do-te-zhgenjej-besimin-tuaj\/#webpage","url":"https:\/\/www.visit-ulcinj.com\/blog\/2012\/10\/18\/cungu-forca-per-bashkim-nuk-do-te-zhgenjej-besimin-tuaj\/","name":"Cungu: FORCA PER BASHKIM nuk do t\u00eb zhg\u00ebnjej besimin tuaj - Lajme nga Ulqini","isPartOf":{"@id":"https:\/\/www.visit-ulcinj.com\/blog\/#website"},"primaryImageOfPage":{"@id":"https:\/\/www.visit-ulcinj.com\/blog\/2012\/10\/18\/cungu-forca-per-bashkim-nuk-do-te-zhgenjej-besimin-tuaj\/#primaryimage"},"datePublished":"2012-10-18T06:36:20+00:00","dateModified":"2012-10-19T15:26:41+00:00","author":{"@id":"https:\/\/www.visit-ulcinj.com\/blog\/#\/schema\/person\/dcab619c614d3038751c63bc2aadc06d"},"description":"Konference \u00a0per media- zgjedhjet parlamentare 14.10. 2012 Ulqin,17.10.2012 Nr. 105\/12 &nbsp; T\u00eb nderuar qytetar\u00eb, &nbsp; S\u00eb pari, dua t\u00eb fal\u00ebnderojm\u00eb\u00a0","breadcrumb":{"@id":"https:\/\/www.visit-ulcinj.com\/blog\/2012\/10\/18\/cungu-forca-per-bashkim-nuk-do-te-zhgenjej-besimin-tuaj\/#breadcrumb"},"inLanguage":"en-US","potentialAction":[{"@type":"ReadAction","target":["https:\/\/www.visit-ulcinj.com\/blog\/2012\/10\/18\/cungu-forca-per-bashkim-nuk-do-te-zhgenjej-besimin-tuaj\/"]}]},{"@type":"BreadcrumbList","@id":"https:\/\/www.visit-ulcinj.com\/blog\/2012\/10\/18\/cungu-forca-per-bashkim-nuk-do-te-zhgenjej-besimin-tuaj\/#breadcrumb","itemListElement":[{"@type":"ListItem","position":1,"name":"Cungu: FORCA PER BASHKIM nuk do t\u00eb zhg\u00ebnjej besimin tuaj"}]},{"@type":"Person","@id":"https:\/\/www.visit-ulcinj.com\/blog\/#\/schema\/person\/dcab619c614d3038751c63bc2aadc06d","name":"ulqini","sameAs":["http:\/\/www.visit-ulcinj.com"],"url":"https:\/\/www.visit-ulcinj.com\/blog\/author\/admin\/"}]}},"jetpack_featured_media_url":"","jetpack_sharing_enabled":true,"jetpack_shortlink":"https:\/\/wp.me\/pe6lTn-gQq","_links":{"self":[{"href":"https:\/\/www.visit-ulcinj.com\/blog\/wp-json\/wp\/v2\/posts\/64754"}],"collection":[{"href":"https:\/\/www.visit-ulcinj.com\/blog\/wp-json\/wp\/v2\/posts"}],"about":[{"href":"https:\/\/www.visit-ulcinj.com\/blog\/wp-json\/wp\/v2\/types\/post"}],"author":[{"embeddable":true,"href":"https:\/\/www.visit-ulcinj.com\/blog\/wp-json\/wp\/v2\/users\/1"}],"replies":[{"embeddable":true,"href":"https:\/\/www.visit-ulcinj.com\/blog\/wp-json\/wp\/v2\/comments?post=64754"}],"version-history":[{"count":3,"href":"https:\/\/www.visit-ulcinj.com\/blog\/wp-json\/wp\/v2\/posts\/64754\/revisions"}],"predecessor-version":[{"id":64831,"href":"https:\/\/www.visit-ulcinj.com\/blog\/wp-json\/wp\/v2\/posts\/64754\/revisions\/64831"}],"wp:attachment":[{"href":"https:\/\/www.visit-ulcinj.com\/blog\/wp-json\/wp\/v2\/media?parent=64754"}],"wp:term":[{"taxonomy":"category","embeddable":true,"href":"https:\/\/www.visit-ulcinj.com\/blog\/wp-json\/wp\/v2\/categories?post=64754"},{"taxonomy":"post_tag","embeddable":true,"href":"https:\/\/www.visit-ulcinj.com\/blog\/wp-json\/wp\/v2\/tags?post=64754"}],"curies":[{"name":"wp","href":"https:\/\/api.w.org\/{rel}","templated":true}]}}