{"id":64764,"date":"2012-10-18T14:59:35","date_gmt":"2012-10-18T13:59:35","guid":{"rendered":"http:\/\/www.visit-ulcinj.com\/blog\/?p=64764"},"modified":"2012-10-18T15:00:52","modified_gmt":"2012-10-18T14:00:52","slug":"zenka-odluka-dik-a-je-diskriminacija-albanaca","status":"publish","type":"post","link":"https:\/\/www.visit-ulcinj.com\/blog\/2012\/10\/18\/zenka-odluka-dik-a-je-diskriminacija-albanaca\/","title":{"rendered":"Zenka: Odluka DIK-a je diskriminacija Albanaca!"},"content":{"rendered":"<p><a href=\"http:\/\/www.visit-ulcinj.com\/blog\/wp-content\/uploads\/2012\/10\/Mehmet-Zenka2.jpg\"><img loading=\"lazy\" class=\"alignleft  wp-image-64765\" title=\"Mehmet Zenka\" src=\"http:\/\/www.visit-ulcinj.com\/blog\/wp-content\/uploads\/2012\/10\/Mehmet-Zenka2.jpg\" alt=\"\" width=\"350\" height=\"400\" \/><\/a>Lider Demokratske unije Albanaca (DUA) Mehmet Zenkaocijenio je da je odluka Dr\u017eavne izborne komisije \u201eplja\u010dka albanskih glasova\u201c i da predstavlja diskriminaciju a ne afirmativnu akciju prema ovoj etni\u010dkoj zajednici.<\/p>\n<p>\u201eAlbanci nisu zakinuti nego su oplja\u010dkani, 4.000 glasova Albanaca je preba\u010deno\u00a0 na liste nealbanaca\u201c kazao je lider DUA u izjavi za Portal Analitika. Zenka napominje da nije rije\u010d samo o odnosu prema jednoj stranci nego o odnosu prema albanskom narodu uop\u0161te.<\/p>\n<p>\u201eGola diskriminacija prema albanskom glasu. Radi se o Albancima koji \u017eive u Crnoj Gori i koji su dali veliki doprinos Crnoj Gori\u201c, kazao je Zenka.<\/p>\n<p>Predsjednik DUA smatra \u00a0da princip afirmativne akcije za manjine, koju obezbje\u0111uje Ustav i Zakon o izboru odbornika i poslanika, nije po\u0161tovan i da nije uzet u obzir prilikom raspodjele mandata za novi skup\u0161tinski saziv.<\/p>\n<p>\u201eAko se ova dr\u017eava \u017eeli odnositi prema Albancima na na\u010din da \u0107e im se zakinuti mandat tobo\u017ee se pozivaju\u0107i na afirmativnu akciju, a sa druge strane glasovi albanskih lista se mogu prelivati u druge liste, a glasovi Albanaca unutar albanskih lista ne mogu, onda Dr\u017eavna izborna komisija mora da objasni koju su to pravnu logiku upotrijebili izuzev uskopartijskih interesa\u201c, izri\u010dit je lider DUA.<\/p>\n<p>Predsjednik DUA je najavio da \u0107e se na odluku DIK-a, koju smatraju nelogi\u010dnom i pravno neutemeljenom, \u017ealiti Ustavnom sudu Crne Gore. Ali, ako i tamo ne nai\u0111u na, kako smatraju \u201epravedan \u00a0odgovor\u201c, Zenka nagla\u0161ava da \u0107e i\u0107i dalje.<\/p>\n<p>\u201eAko Ustavni sud ne bude na\u0161ao na\u010dina da jednostavno tuma\u010di zakon afirmativne akcije kao \u0161to propisuje taj zakon, mi ne\u0107emo sigurno stati na tome nego \u0107emo i\u0107i do kraja\u201c bio je izri\u010dit Zenka.<\/p>\n<p><strong>Analitika &#8211; Informativni Portal<\/strong><\/p>\n","protected":false},"excerpt":{"rendered":"<p>Lider Demokratske unije Albanaca (DUA) Mehmet Zenkaocijenio je da je odluka Dr\u017eavne izborne komisije \u201eplja\u010dka albanskih glasova\u201c i da predstavlja diskriminaciju a ne afirmativnu akciju prema ovoj etni\u010dkoj zajednici. \u201eAlbanci nisu zakinuti nego su oplja\u010dkani, 4.000 glasova Albanaca je preba\u010deno\u00a0 na liste nealbanaca\u201c kazao je lider DUA u izjavi za Portal Analitika. Zenka napominje da [&hellip;]<\/p>\n","protected":false},"author":1,"featured_media":0,"comment_status":"open","ping_status":"closed","sticky":false,"template":"","format":"standard","meta":{"spay_email":"","jetpack_publicize_message":"","jetpack_is_tweetstorm":false,"jetpack_publicize_feature_enabled":true},"categories":[8337],"tags":[19104],"jetpack_publicize_connections":[],"yoast_head":"<!-- This site is optimized with the Yoast SEO plugin v19.1 - https:\/\/yoast.com\/wordpress\/plugins\/seo\/ -->\n<title>Zenka: Odluka DIK-a je diskriminacija Albanaca! - Lajme nga Ulqini<\/title>\n<meta name=\"description\" content=\"Lider Demokratske unije Albanaca (DUA) Mehmet Zenkaocijenio je da je odluka Dr\u017eavne izborne komisije \u201eplja\u010dka albanskih glasova\u201c i da predstavlja\" \/>\n<meta name=\"robots\" content=\"index, follow, max-snippet:-1, max-image-preview:large, max-video-preview:-1\" \/>\n<link rel=\"canonical\" href=\"https:\/\/www.visit-ulcinj.com\/blog\/2012\/10\/18\/zenka-odluka-dik-a-je-diskriminacija-albanaca\/\" \/>\n<meta property=\"og:locale\" content=\"en_US\" \/>\n<meta property=\"og:type\" content=\"article\" \/>\n<meta property=\"og:title\" content=\"Zenka: Odluka DIK-a je diskriminacija Albanaca! - Lajme nga Ulqini\" \/>\n<meta property=\"og:description\" content=\"Lider Demokratske unije Albanaca (DUA) Mehmet Zenkaocijenio je da je odluka Dr\u017eavne izborne komisije \u201eplja\u010dka albanskih glasova\u201c i da predstavlja\" \/>\n<meta property=\"og:url\" content=\"https:\/\/www.visit-ulcinj.com\/blog\/2012\/10\/18\/zenka-odluka-dik-a-je-diskriminacija-albanaca\/\" \/>\n<meta property=\"og:site_name\" content=\"Lajme nga Ulqini\" \/>\n<meta property=\"article:published_time\" content=\"2012-10-18T13:59:35+00:00\" \/>\n<meta property=\"article:modified_time\" content=\"2012-10-18T14:00:52+00:00\" \/>\n<meta property=\"og:image\" content=\"http:\/\/www.visit-ulcinj.com\/blog\/wp-content\/uploads\/2012\/10\/Mehmet-Zenka2.jpg\" \/>\n<meta name=\"twitter:label1\" content=\"Written by\" \/>\n\t<meta name=\"twitter:data1\" content=\"ulqini\" \/>\n\t<meta name=\"twitter:label2\" content=\"Est. reading time\" \/>\n\t<meta name=\"twitter:data2\" content=\"1 minute\" \/>\n<script type=\"application\/ld+json\" class=\"yoast-schema-graph\">{\"@context\":\"https:\/\/schema.org\",\"@graph\":[{\"@type\":\"WebSite\",\"@id\":\"https:\/\/www.visit-ulcinj.com\/blog\/#website\",\"url\":\"https:\/\/www.visit-ulcinj.com\/blog\/\",\"name\":\"Lajme nga Ulqini\",\"description\":\"Lajme,Vijesti,Ulqini,Ulqin,Crna Gora,Mali i Zi\",\"potentialAction\":[{\"@type\":\"SearchAction\",\"target\":{\"@type\":\"EntryPoint\",\"urlTemplate\":\"https:\/\/www.visit-ulcinj.com\/blog\/?s={search_term_string}\"},\"query-input\":\"required name=search_term_string\"}],\"inLanguage\":\"en-US\"},{\"@type\":\"ImageObject\",\"inLanguage\":\"en-US\",\"@id\":\"https:\/\/www.visit-ulcinj.com\/blog\/2012\/10\/18\/zenka-odluka-dik-a-je-diskriminacija-albanaca\/#primaryimage\",\"url\":\"https:\/\/www.visit-ulcinj.com\/blog\/wp-content\/uploads\/2012\/10\/Mehmet-Zenka2.jpg\",\"contentUrl\":\"https:\/\/www.visit-ulcinj.com\/blog\/wp-content\/uploads\/2012\/10\/Mehmet-Zenka2.jpg\",\"width\":\"419\",\"height\":\"449\"},{\"@type\":\"WebPage\",\"@id\":\"https:\/\/www.visit-ulcinj.com\/blog\/2012\/10\/18\/zenka-odluka-dik-a-je-diskriminacija-albanaca\/#webpage\",\"url\":\"https:\/\/www.visit-ulcinj.com\/blog\/2012\/10\/18\/zenka-odluka-dik-a-je-diskriminacija-albanaca\/\",\"name\":\"Zenka: Odluka DIK-a je diskriminacija Albanaca! - Lajme nga Ulqini\",\"isPartOf\":{\"@id\":\"https:\/\/www.visit-ulcinj.com\/blog\/#website\"},\"primaryImageOfPage\":{\"@id\":\"https:\/\/www.visit-ulcinj.com\/blog\/2012\/10\/18\/zenka-odluka-dik-a-je-diskriminacija-albanaca\/#primaryimage\"},\"datePublished\":\"2012-10-18T13:59:35+00:00\",\"dateModified\":\"2012-10-18T14:00:52+00:00\",\"author\":{\"@id\":\"https:\/\/www.visit-ulcinj.com\/blog\/#\/schema\/person\/dcab619c614d3038751c63bc2aadc06d\"},\"description\":\"Lider Demokratske unije Albanaca (DUA) Mehmet Zenkaocijenio je da je odluka Dr\u017eavne izborne komisije \u201eplja\u010dka albanskih glasova\u201c i da predstavlja\",\"breadcrumb\":{\"@id\":\"https:\/\/www.visit-ulcinj.com\/blog\/2012\/10\/18\/zenka-odluka-dik-a-je-diskriminacija-albanaca\/#breadcrumb\"},\"inLanguage\":\"en-US\",\"potentialAction\":[{\"@type\":\"ReadAction\",\"target\":[\"https:\/\/www.visit-ulcinj.com\/blog\/2012\/10\/18\/zenka-odluka-dik-a-je-diskriminacija-albanaca\/\"]}]},{\"@type\":\"BreadcrumbList\",\"@id\":\"https:\/\/www.visit-ulcinj.com\/blog\/2012\/10\/18\/zenka-odluka-dik-a-je-diskriminacija-albanaca\/#breadcrumb\",\"itemListElement\":[{\"@type\":\"ListItem\",\"position\":1,\"name\":\"Zenka: Odluka DIK-a je diskriminacija Albanaca!\"}]},{\"@type\":\"Person\",\"@id\":\"https:\/\/www.visit-ulcinj.com\/blog\/#\/schema\/person\/dcab619c614d3038751c63bc2aadc06d\",\"name\":\"ulqini\",\"sameAs\":[\"http:\/\/www.visit-ulcinj.com\"],\"url\":\"https:\/\/www.visit-ulcinj.com\/blog\/author\/admin\/\"}]}<\/script>\n<!-- \/ Yoast SEO plugin. -->","yoast_head_json":{"title":"Zenka: Odluka DIK-a je diskriminacija Albanaca! - Lajme nga Ulqini","description":"Lider Demokratske unije Albanaca (DUA) Mehmet Zenkaocijenio je da je odluka Dr\u017eavne izborne komisije \u201eplja\u010dka albanskih glasova\u201c i da predstavlja","robots":{"index":"index","follow":"follow","max-snippet":"max-snippet:-1","max-image-preview":"max-image-preview:large","max-video-preview":"max-video-preview:-1"},"canonical":"https:\/\/www.visit-ulcinj.com\/blog\/2012\/10\/18\/zenka-odluka-dik-a-je-diskriminacija-albanaca\/","og_locale":"en_US","og_type":"article","og_title":"Zenka: Odluka DIK-a je diskriminacija Albanaca! - Lajme nga Ulqini","og_description":"Lider Demokratske unije Albanaca (DUA) Mehmet Zenkaocijenio je da je odluka Dr\u017eavne izborne komisije \u201eplja\u010dka albanskih glasova\u201c i da predstavlja","og_url":"https:\/\/www.visit-ulcinj.com\/blog\/2012\/10\/18\/zenka-odluka-dik-a-je-diskriminacija-albanaca\/","og_site_name":"Lajme nga Ulqini","article_published_time":"2012-10-18T13:59:35+00:00","article_modified_time":"2012-10-18T14:00:52+00:00","og_image":[{"url":"http:\/\/www.visit-ulcinj.com\/blog\/wp-content\/uploads\/2012\/10\/Mehmet-Zenka2.jpg"}],"twitter_misc":{"Written by":"ulqini","Est. reading time":"1 minute"},"schema":{"@context":"https:\/\/schema.org","@graph":[{"@type":"WebSite","@id":"https:\/\/www.visit-ulcinj.com\/blog\/#website","url":"https:\/\/www.visit-ulcinj.com\/blog\/","name":"Lajme nga Ulqini","description":"Lajme,Vijesti,Ulqini,Ulqin,Crna Gora,Mali i Zi","potentialAction":[{"@type":"SearchAction","target":{"@type":"EntryPoint","urlTemplate":"https:\/\/www.visit-ulcinj.com\/blog\/?s={search_term_string}"},"query-input":"required name=search_term_string"}],"inLanguage":"en-US"},{"@type":"ImageObject","inLanguage":"en-US","@id":"https:\/\/www.visit-ulcinj.com\/blog\/2012\/10\/18\/zenka-odluka-dik-a-je-diskriminacija-albanaca\/#primaryimage","url":"https:\/\/www.visit-ulcinj.com\/blog\/wp-content\/uploads\/2012\/10\/Mehmet-Zenka2.jpg","contentUrl":"https:\/\/www.visit-ulcinj.com\/blog\/wp-content\/uploads\/2012\/10\/Mehmet-Zenka2.jpg","width":"419","height":"449"},{"@type":"WebPage","@id":"https:\/\/www.visit-ulcinj.com\/blog\/2012\/10\/18\/zenka-odluka-dik-a-je-diskriminacija-albanaca\/#webpage","url":"https:\/\/www.visit-ulcinj.com\/blog\/2012\/10\/18\/zenka-odluka-dik-a-je-diskriminacija-albanaca\/","name":"Zenka: Odluka DIK-a je diskriminacija Albanaca! - Lajme nga Ulqini","isPartOf":{"@id":"https:\/\/www.visit-ulcinj.com\/blog\/#website"},"primaryImageOfPage":{"@id":"https:\/\/www.visit-ulcinj.com\/blog\/2012\/10\/18\/zenka-odluka-dik-a-je-diskriminacija-albanaca\/#primaryimage"},"datePublished":"2012-10-18T13:59:35+00:00","dateModified":"2012-10-18T14:00:52+00:00","author":{"@id":"https:\/\/www.visit-ulcinj.com\/blog\/#\/schema\/person\/dcab619c614d3038751c63bc2aadc06d"},"description":"Lider Demokratske unije Albanaca (DUA) Mehmet Zenkaocijenio je da je odluka Dr\u017eavne izborne komisije \u201eplja\u010dka albanskih glasova\u201c i da predstavlja","breadcrumb":{"@id":"https:\/\/www.visit-ulcinj.com\/blog\/2012\/10\/18\/zenka-odluka-dik-a-je-diskriminacija-albanaca\/#breadcrumb"},"inLanguage":"en-US","potentialAction":[{"@type":"ReadAction","target":["https:\/\/www.visit-ulcinj.com\/blog\/2012\/10\/18\/zenka-odluka-dik-a-je-diskriminacija-albanaca\/"]}]},{"@type":"BreadcrumbList","@id":"https:\/\/www.visit-ulcinj.com\/blog\/2012\/10\/18\/zenka-odluka-dik-a-je-diskriminacija-albanaca\/#breadcrumb","itemListElement":[{"@type":"ListItem","position":1,"name":"Zenka: Odluka DIK-a je diskriminacija Albanaca!"}]},{"@type":"Person","@id":"https:\/\/www.visit-ulcinj.com\/blog\/#\/schema\/person\/dcab619c614d3038751c63bc2aadc06d","name":"ulqini","sameAs":["http:\/\/www.visit-ulcinj.com"],"url":"https:\/\/www.visit-ulcinj.com\/blog\/author\/admin\/"}]}},"jetpack_featured_media_url":"","jetpack_sharing_enabled":true,"jetpack_shortlink":"https:\/\/wp.me\/pe6lTn-gQA","_links":{"self":[{"href":"https:\/\/www.visit-ulcinj.com\/blog\/wp-json\/wp\/v2\/posts\/64764"}],"collection":[{"href":"https:\/\/www.visit-ulcinj.com\/blog\/wp-json\/wp\/v2\/posts"}],"about":[{"href":"https:\/\/www.visit-ulcinj.com\/blog\/wp-json\/wp\/v2\/types\/post"}],"author":[{"embeddable":true,"href":"https:\/\/www.visit-ulcinj.com\/blog\/wp-json\/wp\/v2\/users\/1"}],"replies":[{"embeddable":true,"href":"https:\/\/www.visit-ulcinj.com\/blog\/wp-json\/wp\/v2\/comments?post=64764"}],"version-history":[{"count":3,"href":"https:\/\/www.visit-ulcinj.com\/blog\/wp-json\/wp\/v2\/posts\/64764\/revisions"}],"predecessor-version":[{"id":64768,"href":"https:\/\/www.visit-ulcinj.com\/blog\/wp-json\/wp\/v2\/posts\/64764\/revisions\/64768"}],"wp:attachment":[{"href":"https:\/\/www.visit-ulcinj.com\/blog\/wp-json\/wp\/v2\/media?parent=64764"}],"wp:term":[{"taxonomy":"category","embeddable":true,"href":"https:\/\/www.visit-ulcinj.com\/blog\/wp-json\/wp\/v2\/categories?post=64764"},{"taxonomy":"post_tag","embeddable":true,"href":"https:\/\/www.visit-ulcinj.com\/blog\/wp-json\/wp\/v2\/tags?post=64764"}],"curies":[{"name":"wp","href":"https:\/\/api.w.org\/{rel}","templated":true}]}}