{"id":64772,"date":"2012-10-18T16:45:17","date_gmt":"2012-10-18T15:45:17","guid":{"rendered":"http:\/\/www.visit-ulcinj.com\/blog\/?p=64772"},"modified":"2012-10-18T16:45:17","modified_gmt":"2012-10-18T15:45:17","slug":"mehmed-bardhi-jos-nema-dogovora-sa-dps-om","status":"publish","type":"post","link":"https:\/\/www.visit-ulcinj.com\/blog\/2012\/10\/18\/mehmed-bardhi-jos-nema-dogovora-sa-dps-om\/","title":{"rendered":"Mehmed Bardhi: Jo\u0161 nema dogovora sa DPS-om"},"content":{"rendered":"<p><a href=\"http:\/\/www.visit-ulcinj.com\/blog\/wp-content\/uploads\/2012\/10\/MEHMED-BARDHI-ALBANSKA-KOALICIJA-CRNA-GORA.jpg\"><img loading=\"lazy\" class=\"alignleft  wp-image-64773\" title=\"MEHMED BARDHI - ALBANSKA KOALICIJA-CRNA GORA\" src=\"http:\/\/www.visit-ulcinj.com\/blog\/wp-content\/uploads\/2012\/10\/MEHMED-BARDHI-ALBANSKA-KOALICIJA-CRNA-GORA.jpg\" alt=\"\" width=\"508\" height=\"360\" \/><\/a>&#8220;Spreman da \u010dujem sve strane, neka gospoda iz vlasti i opozicije stave na papir ponudu, pa da je vidimo\u201c, kazao je Bardhi<\/p>\n<p>Albanska koalicija (AK) jo\u0161 nije postigla dogovor o postizbornom savezu sa Demokratskom partijom socijalista (DPS), i spremna je na razgovore i sa vlastima i opozicijom, kazao je predsjednik Demokratskog saveza u Crnoj Gori Mehmed Bardhi.<\/p>\n<p>On je naveo da \u0107e zahtjevi AK u pregovorima biti da Tuzi budu punopravna op\u0161tina, i da Albanci budu proporcionalno zastupljeni u institucijama.<\/p>\n<p>\u201eNemam informaciju da su po\u010deli razgovori sa DPS-om, ali spremni smo na razgovore i sa vlas\u0161\u0107u i opozicijom. Spreman da \u010dujem sve strane, neka gospoda iz vlasti i opozicije stave na papir ponudu, pa da je vidimo\u201c, kazao je Bardhi agenciji MINA.<\/p>\n<p>On je rekao da je AK na izborima zabilje\u017eila uspjeh osvojiv\u0161i jedan mandat, ocjenjuju\u0107i da su Albanci do\u017eivjeli pad na izborima, jer \u0107e u parlamentu imati samo dva predstavnika.<\/p>\n<p><strong>&#8220;Zakon diskrimini\u0161e manjine&#8221;<\/strong><\/p>\n<p>Bardhi smatra da je razlog za\u0161to Albanci ne\u0107e imati vi\u0161e poslanika u Izbornom zakonu, koji je, kako je naveo, jednostrano usvojila crnogorsko-srpska pravoslavna ve\u0107ina.<\/p>\n<p>\u201eZakon je pokazao da nije dobar i pravi\u010dan i da diskrimini\u0161e manjinske narode.Pokazalo se da je na\u0161e protivljenje njegovom usvajanju bilo opravdano, jer taj Zakon ne po\u0161tuje odredbe Ustava\u201c, precizirao je on.<\/p>\n<p>Bardhi je dodao da su albanskim partijama posmatra\u010di OEBS-a saop\u0161tili da Izborni zakon nije dobar.<\/p>\n<p>Prema njegovim rije\u010dima, o tom aktu treba dublje da razmi\u0161ljaju rukovode\u0107e strukture i opozicija, \u201ejer ne\u0107e biti lako da se Albanci odbace\u201c.<\/p>\n<p>\u201eArhitekte izbornog zakona moraju dobro da aniliziraju njegove posledice jer realnost i istorija ne pra\u0161taju. Albancima su zakinuta prava, a to je narod koji je glasanjem za suverenu Crnu Goru postao dr\u017eavotvoran i ne pristajemo da neko poku\u0161ava da nas marginalizuje\u201c, kazao je Bardhi.<\/p>\n<p>On je ocijenio da su izbori pokazali svu problematiku unutar albanskih partija, kojima je nedostajalo jedinstvo zbog politi\u010dkog neprofilisanja odre\u0111enih subjekata.<\/p>\n<p>\u201eKod nekih stranaka je do\u0161la do izra\u017eaja politi\u010dka korupcija, \u0161to je opasnije od materijalne i finansijske korupcije jer to srozava dru\u0161tvo\u201c, kazao je Bardhi.<\/p>\n<p>Predsjednik Force Nazif Cungu rekao je agenciji MINA da taj savez, o mogu\u0107im postizbornim koalicijama, nije kontaktirao za sada niko.<\/p>\n<p>\u201eO na\u0161im zahtjevima govori\u0107emo kada se to desi\u201c, naveo je on.<\/p>\n<p><strong><a href=\"http:\/\/www.vijesti.me\/vijesti\/bardhi-jos-nema-dogovora-sa-dps-om-clanak-96533\" target=\"_blank\">Izvor: Mina<\/a><br \/>\n<a href=\"http:\/\/www.vijesti.me\/vijesti\/bardhi-jos-nema-dogovora-sa-dps-om-clanak-96533\" target=\"_blank\">Vijesti online<\/a><br \/>\n<\/strong><\/p>\n","protected":false},"excerpt":{"rendered":"<p>&#8220;Spreman da \u010dujem sve strane, neka gospoda iz vlasti i opozicije stave na papir ponudu, pa da je vidimo\u201c, kazao je Bardhi Albanska koalicija (AK) jo\u0161 nije postigla dogovor o postizbornom savezu sa Demokratskom partijom socijalista (DPS), i spremna je na razgovore i sa vlastima i opozicijom, kazao je predsjednik Demokratskog saveza u Crnoj Gori [&hellip;]<\/p>\n","protected":false},"author":1,"featured_media":0,"comment_status":"open","ping_status":"closed","sticky":false,"template":"","format":"standard","meta":{"spay_email":"","jetpack_publicize_message":"","jetpack_is_tweetstorm":false,"jetpack_publicize_feature_enabled":true},"categories":[8337],"tags":[21266,4513,19],"jetpack_publicize_connections":[],"yoast_head":"<!-- This site is optimized with the Yoast SEO plugin v19.1 - https:\/\/yoast.com\/wordpress\/plugins\/seo\/ -->\n<title>Mehmed Bardhi: Jo\u0161 nema dogovora sa DPS-om - Lajme nga Ulqini<\/title>\n<meta name=\"description\" content=\"&quot;Spreman da \u010dujem sve strane, neka gospoda iz vlasti i opozicije stave na papir ponudu, pa da je vidimo\u201c, kazao je Bardhi Albanska koalicija (AK) jo\u0161 nije\" \/>\n<meta name=\"robots\" content=\"index, follow, max-snippet:-1, max-image-preview:large, max-video-preview:-1\" \/>\n<link rel=\"canonical\" href=\"https:\/\/www.visit-ulcinj.com\/blog\/2012\/10\/18\/mehmed-bardhi-jos-nema-dogovora-sa-dps-om\/\" \/>\n<meta property=\"og:locale\" content=\"en_US\" \/>\n<meta property=\"og:type\" content=\"article\" \/>\n<meta property=\"og:title\" content=\"Mehmed Bardhi: Jo\u0161 nema dogovora sa DPS-om - Lajme nga Ulqini\" \/>\n<meta property=\"og:description\" content=\"&quot;Spreman da \u010dujem sve strane, neka gospoda iz vlasti i opozicije stave na papir ponudu, pa da je vidimo\u201c, kazao je Bardhi Albanska koalicija (AK) jo\u0161 nije\" \/>\n<meta property=\"og:url\" content=\"https:\/\/www.visit-ulcinj.com\/blog\/2012\/10\/18\/mehmed-bardhi-jos-nema-dogovora-sa-dps-om\/\" \/>\n<meta property=\"og:site_name\" content=\"Lajme nga Ulqini\" \/>\n<meta property=\"article:published_time\" content=\"2012-10-18T15:45:17+00:00\" \/>\n<meta property=\"og:image\" content=\"http:\/\/www.visit-ulcinj.com\/blog\/wp-content\/uploads\/2012\/10\/MEHMED-BARDHI-ALBANSKA-KOALICIJA-CRNA-GORA.jpg\" \/>\n<meta name=\"twitter:label1\" content=\"Written by\" \/>\n\t<meta name=\"twitter:data1\" content=\"ulqini\" \/>\n\t<meta name=\"twitter:label2\" content=\"Est. reading time\" \/>\n\t<meta name=\"twitter:data2\" content=\"2 minutes\" \/>\n<script type=\"application\/ld+json\" class=\"yoast-schema-graph\">{\"@context\":\"https:\/\/schema.org\",\"@graph\":[{\"@type\":\"WebSite\",\"@id\":\"https:\/\/www.visit-ulcinj.com\/blog\/#website\",\"url\":\"https:\/\/www.visit-ulcinj.com\/blog\/\",\"name\":\"Lajme nga Ulqini\",\"description\":\"Lajme,Vijesti,Ulqini,Ulqin,Crna Gora,Mali i Zi\",\"potentialAction\":[{\"@type\":\"SearchAction\",\"target\":{\"@type\":\"EntryPoint\",\"urlTemplate\":\"https:\/\/www.visit-ulcinj.com\/blog\/?s={search_term_string}\"},\"query-input\":\"required name=search_term_string\"}],\"inLanguage\":\"en-US\"},{\"@type\":\"ImageObject\",\"inLanguage\":\"en-US\",\"@id\":\"https:\/\/www.visit-ulcinj.com\/blog\/2012\/10\/18\/mehmed-bardhi-jos-nema-dogovora-sa-dps-om\/#primaryimage\",\"url\":\"https:\/\/www.visit-ulcinj.com\/blog\/wp-content\/uploads\/2012\/10\/MEHMED-BARDHI-ALBANSKA-KOALICIJA-CRNA-GORA.jpg\",\"contentUrl\":\"https:\/\/www.visit-ulcinj.com\/blog\/wp-content\/uploads\/2012\/10\/MEHMED-BARDHI-ALBANSKA-KOALICIJA-CRNA-GORA.jpg\",\"width\":\"960\",\"height\":\"640\"},{\"@type\":\"WebPage\",\"@id\":\"https:\/\/www.visit-ulcinj.com\/blog\/2012\/10\/18\/mehmed-bardhi-jos-nema-dogovora-sa-dps-om\/#webpage\",\"url\":\"https:\/\/www.visit-ulcinj.com\/blog\/2012\/10\/18\/mehmed-bardhi-jos-nema-dogovora-sa-dps-om\/\",\"name\":\"Mehmed Bardhi: Jo\u0161 nema dogovora sa DPS-om - Lajme nga Ulqini\",\"isPartOf\":{\"@id\":\"https:\/\/www.visit-ulcinj.com\/blog\/#website\"},\"primaryImageOfPage\":{\"@id\":\"https:\/\/www.visit-ulcinj.com\/blog\/2012\/10\/18\/mehmed-bardhi-jos-nema-dogovora-sa-dps-om\/#primaryimage\"},\"datePublished\":\"2012-10-18T15:45:17+00:00\",\"dateModified\":\"2012-10-18T15:45:17+00:00\",\"author\":{\"@id\":\"https:\/\/www.visit-ulcinj.com\/blog\/#\/schema\/person\/dcab619c614d3038751c63bc2aadc06d\"},\"description\":\"\\\"Spreman da \u010dujem sve strane, neka gospoda iz vlasti i opozicije stave na papir ponudu, pa da je vidimo\u201c, kazao je Bardhi Albanska koalicija (AK) jo\u0161 nije\",\"breadcrumb\":{\"@id\":\"https:\/\/www.visit-ulcinj.com\/blog\/2012\/10\/18\/mehmed-bardhi-jos-nema-dogovora-sa-dps-om\/#breadcrumb\"},\"inLanguage\":\"en-US\",\"potentialAction\":[{\"@type\":\"ReadAction\",\"target\":[\"https:\/\/www.visit-ulcinj.com\/blog\/2012\/10\/18\/mehmed-bardhi-jos-nema-dogovora-sa-dps-om\/\"]}]},{\"@type\":\"BreadcrumbList\",\"@id\":\"https:\/\/www.visit-ulcinj.com\/blog\/2012\/10\/18\/mehmed-bardhi-jos-nema-dogovora-sa-dps-om\/#breadcrumb\",\"itemListElement\":[{\"@type\":\"ListItem\",\"position\":1,\"name\":\"Mehmed Bardhi: Jo\u0161 nema dogovora sa DPS-om\"}]},{\"@type\":\"Person\",\"@id\":\"https:\/\/www.visit-ulcinj.com\/blog\/#\/schema\/person\/dcab619c614d3038751c63bc2aadc06d\",\"name\":\"ulqini\",\"sameAs\":[\"http:\/\/www.visit-ulcinj.com\"],\"url\":\"https:\/\/www.visit-ulcinj.com\/blog\/author\/admin\/\"}]}<\/script>\n<!-- \/ Yoast SEO plugin. -->","yoast_head_json":{"title":"Mehmed Bardhi: Jo\u0161 nema dogovora sa DPS-om - Lajme nga Ulqini","description":"\"Spreman da \u010dujem sve strane, neka gospoda iz vlasti i opozicije stave na papir ponudu, pa da je vidimo\u201c, kazao je Bardhi Albanska koalicija (AK) jo\u0161 nije","robots":{"index":"index","follow":"follow","max-snippet":"max-snippet:-1","max-image-preview":"max-image-preview:large","max-video-preview":"max-video-preview:-1"},"canonical":"https:\/\/www.visit-ulcinj.com\/blog\/2012\/10\/18\/mehmed-bardhi-jos-nema-dogovora-sa-dps-om\/","og_locale":"en_US","og_type":"article","og_title":"Mehmed Bardhi: Jo\u0161 nema dogovora sa DPS-om - Lajme nga Ulqini","og_description":"\"Spreman da \u010dujem sve strane, neka gospoda iz vlasti i opozicije stave na papir ponudu, pa da je vidimo\u201c, kazao je Bardhi Albanska koalicija (AK) jo\u0161 nije","og_url":"https:\/\/www.visit-ulcinj.com\/blog\/2012\/10\/18\/mehmed-bardhi-jos-nema-dogovora-sa-dps-om\/","og_site_name":"Lajme nga Ulqini","article_published_time":"2012-10-18T15:45:17+00:00","og_image":[{"url":"http:\/\/www.visit-ulcinj.com\/blog\/wp-content\/uploads\/2012\/10\/MEHMED-BARDHI-ALBANSKA-KOALICIJA-CRNA-GORA.jpg"}],"twitter_misc":{"Written by":"ulqini","Est. reading time":"2 minutes"},"schema":{"@context":"https:\/\/schema.org","@graph":[{"@type":"WebSite","@id":"https:\/\/www.visit-ulcinj.com\/blog\/#website","url":"https:\/\/www.visit-ulcinj.com\/blog\/","name":"Lajme nga Ulqini","description":"Lajme,Vijesti,Ulqini,Ulqin,Crna Gora,Mali i Zi","potentialAction":[{"@type":"SearchAction","target":{"@type":"EntryPoint","urlTemplate":"https:\/\/www.visit-ulcinj.com\/blog\/?s={search_term_string}"},"query-input":"required name=search_term_string"}],"inLanguage":"en-US"},{"@type":"ImageObject","inLanguage":"en-US","@id":"https:\/\/www.visit-ulcinj.com\/blog\/2012\/10\/18\/mehmed-bardhi-jos-nema-dogovora-sa-dps-om\/#primaryimage","url":"https:\/\/www.visit-ulcinj.com\/blog\/wp-content\/uploads\/2012\/10\/MEHMED-BARDHI-ALBANSKA-KOALICIJA-CRNA-GORA.jpg","contentUrl":"https:\/\/www.visit-ulcinj.com\/blog\/wp-content\/uploads\/2012\/10\/MEHMED-BARDHI-ALBANSKA-KOALICIJA-CRNA-GORA.jpg","width":"960","height":"640"},{"@type":"WebPage","@id":"https:\/\/www.visit-ulcinj.com\/blog\/2012\/10\/18\/mehmed-bardhi-jos-nema-dogovora-sa-dps-om\/#webpage","url":"https:\/\/www.visit-ulcinj.com\/blog\/2012\/10\/18\/mehmed-bardhi-jos-nema-dogovora-sa-dps-om\/","name":"Mehmed Bardhi: Jo\u0161 nema dogovora sa DPS-om - Lajme nga Ulqini","isPartOf":{"@id":"https:\/\/www.visit-ulcinj.com\/blog\/#website"},"primaryImageOfPage":{"@id":"https:\/\/www.visit-ulcinj.com\/blog\/2012\/10\/18\/mehmed-bardhi-jos-nema-dogovora-sa-dps-om\/#primaryimage"},"datePublished":"2012-10-18T15:45:17+00:00","dateModified":"2012-10-18T15:45:17+00:00","author":{"@id":"https:\/\/www.visit-ulcinj.com\/blog\/#\/schema\/person\/dcab619c614d3038751c63bc2aadc06d"},"description":"\"Spreman da \u010dujem sve strane, neka gospoda iz vlasti i opozicije stave na papir ponudu, pa da je vidimo\u201c, kazao je Bardhi Albanska koalicija (AK) jo\u0161 nije","breadcrumb":{"@id":"https:\/\/www.visit-ulcinj.com\/blog\/2012\/10\/18\/mehmed-bardhi-jos-nema-dogovora-sa-dps-om\/#breadcrumb"},"inLanguage":"en-US","potentialAction":[{"@type":"ReadAction","target":["https:\/\/www.visit-ulcinj.com\/blog\/2012\/10\/18\/mehmed-bardhi-jos-nema-dogovora-sa-dps-om\/"]}]},{"@type":"BreadcrumbList","@id":"https:\/\/www.visit-ulcinj.com\/blog\/2012\/10\/18\/mehmed-bardhi-jos-nema-dogovora-sa-dps-om\/#breadcrumb","itemListElement":[{"@type":"ListItem","position":1,"name":"Mehmed Bardhi: Jo\u0161 nema dogovora sa DPS-om"}]},{"@type":"Person","@id":"https:\/\/www.visit-ulcinj.com\/blog\/#\/schema\/person\/dcab619c614d3038751c63bc2aadc06d","name":"ulqini","sameAs":["http:\/\/www.visit-ulcinj.com"],"url":"https:\/\/www.visit-ulcinj.com\/blog\/author\/admin\/"}]}},"jetpack_featured_media_url":"","jetpack_sharing_enabled":true,"jetpack_shortlink":"https:\/\/wp.me\/pe6lTn-gQI","_links":{"self":[{"href":"https:\/\/www.visit-ulcinj.com\/blog\/wp-json\/wp\/v2\/posts\/64772"}],"collection":[{"href":"https:\/\/www.visit-ulcinj.com\/blog\/wp-json\/wp\/v2\/posts"}],"about":[{"href":"https:\/\/www.visit-ulcinj.com\/blog\/wp-json\/wp\/v2\/types\/post"}],"author":[{"embeddable":true,"href":"https:\/\/www.visit-ulcinj.com\/blog\/wp-json\/wp\/v2\/users\/1"}],"replies":[{"embeddable":true,"href":"https:\/\/www.visit-ulcinj.com\/blog\/wp-json\/wp\/v2\/comments?post=64772"}],"version-history":[{"count":1,"href":"https:\/\/www.visit-ulcinj.com\/blog\/wp-json\/wp\/v2\/posts\/64772\/revisions"}],"predecessor-version":[{"id":64774,"href":"https:\/\/www.visit-ulcinj.com\/blog\/wp-json\/wp\/v2\/posts\/64772\/revisions\/64774"}],"wp:attachment":[{"href":"https:\/\/www.visit-ulcinj.com\/blog\/wp-json\/wp\/v2\/media?parent=64772"}],"wp:term":[{"taxonomy":"category","embeddable":true,"href":"https:\/\/www.visit-ulcinj.com\/blog\/wp-json\/wp\/v2\/categories?post=64772"},{"taxonomy":"post_tag","embeddable":true,"href":"https:\/\/www.visit-ulcinj.com\/blog\/wp-json\/wp\/v2\/tags?post=64772"}],"curies":[{"name":"wp","href":"https:\/\/api.w.org\/{rel}","templated":true}]}}