{"id":64775,"date":"2012-10-18T17:04:01","date_gmt":"2012-10-18T16:04:01","guid":{"rendered":"http:\/\/www.visit-ulcinj.com\/blog\/?p=64775"},"modified":"2012-10-18T17:04:01","modified_gmt":"2012-10-18T16:04:01","slug":"deka-albanska-koalicija-dogovorila-savez-sa-evropskom-crnom-gorom","status":"publish","type":"post","link":"https:\/\/www.visit-ulcinj.com\/blog\/2012\/10\/18\/deka-albanska-koalicija-dogovorila-savez-sa-evropskom-crnom-gorom\/","title":{"rendered":"\u0110eka: Albanska koalicija dogovorila savez sa Evropskom Crnom Gorom"},"content":{"rendered":"<p><a href=\"http:\/\/www.visit-ulcinj.com\/blog\/wp-content\/uploads\/2012\/10\/Fatmir-Djeka-Albanska-koalicija-Ulcinj-Crna-Gora.jpg\"><img loading=\"lazy\" class=\"alignleft  wp-image-64776\" title=\"Fatmir Djeka -  Albanska koalicija -Ulcinj -Crna Gora\" src=\"http:\/\/www.visit-ulcinj.com\/blog\/wp-content\/uploads\/2012\/10\/Fatmir-Djeka-Albanska-koalicija-Ulcinj-Crna-Gora.jpg\" alt=\"\" width=\"508\" height=\"360\" \/><\/a>Albanska koalicija na\u010delno je dogovorila savez sa Evropskom Crnom Gorom, a prema tom dogovoru Albanci bi trebalo da dobiju jedno ministarstvo i garanciju da \u0107e Malesija biti punopravna op\u0161tina, saznaju \u201cVijesti\u201d u tom albanskom politi\u010dkom savezu.<\/p>\n<p>Nekoliko sagovornika \u201cVijesti\u201d upu\u0107enih u pregovore potvrdilo je da \u0107e Albanska kolicija u\u0107i u Vladu, u kojoj bi osim njih za sada trebalo da bude i Hrvatska gra\u0111anska inicijativa (HGI). Iako jo\u0161 nije bilo konkretnih razgovora o funkcijama, o\u010dekuje se da predstavnik Albanske koalicije, na \u010dijem je \u010delu lider Demokratske partije Fatmir \u0110eka, dobije mjesto u Ministarstvu za za\u0161titu manjinskih prava, koju je do sada vodila Demokratska unija Albanaca (DUA).<\/p>\n<p>\u201cOsnovni dio dogovora je garancija vladaju\u0107e koalicije da se Malesiji obezbijedi status punopravne op\u0161tine, pri \u010demu \u0107e DPS stati iza te ideje na referendumu. U tom slu\u010daju gra\u0111ani Malesije bi ve\u0107 na narednim izborima glasali u svojoj op\u0161tini\u201d, kazao je jedan od sagovornika \u201cVijesti\u201d.<\/p>\n<p>Albanska koalicija, koju uz Demokrtsku partiju \u010dine Albanska alternativa i Demokratski savez, u parlamentu ima jednog poslanika, koji bi uz poslanika HGI obezbijedio Evropskoj Crnoj Gori ve\u0107inu od 41 predstavnika u parlamentu.<\/p>\n<p>U vladaju\u0107oj koaliciji navode da konkretnih razgovora sa \u0110ekom nije bilo, ali da Albansku koaliciju vide kao prirodnog saveznika koji bi im uz HGI obezbjedio ve\u0107inu u parlamentu. Oni ne odbacuju mogu\u0107nost da u Vladu u\u0111e i Bo\u0161nja\u010dka stranka (BS) i druga albanska lista, Forca za jedinstvo, navode\u0107i da \u0107e te\u017eiti \u0161to ve\u0107oj podr\u0161ci Vladi. Okviri \u0161irenja koalicije, kako tvrde, zavisi\u0107e od zahtjeva manjinskih stranaka.<\/p>\n<p>\u201cS obzirom na to da su, nakon izbora neki na\u0161i partneri po\u010deli da postavljaju nerealne uslove, uvo\u0111enjem albanskih partija u Vladu i HGI smanjili bi njihove apetite, i sveli ih na mjeru koja je prihvatljiva za sve\u201d, tvrdi jedan od sagovornika \u201cVijesti\u201d iz Evropske Crne Gore.<\/p>\n<p><a href=\"http:\/\/www.vijesti.me\/izbori-2012\/deka-ulazi-vladu-clanak-96443\" target=\"_blank\"><strong>Vijesti online<\/strong><\/a><\/p>\n","protected":false},"excerpt":{"rendered":"<p>Albanska koalicija na\u010delno je dogovorila savez sa Evropskom Crnom Gorom, a prema tom dogovoru Albanci bi trebalo da dobiju jedno ministarstvo i garanciju da \u0107e Malesija biti punopravna op\u0161tina, saznaju \u201cVijesti\u201d u tom albanskom politi\u010dkom savezu. Nekoliko sagovornika \u201cVijesti\u201d upu\u0107enih u pregovore potvrdilo je da \u0107e Albanska kolicija u\u0107i u Vladu, u kojoj bi osim [&hellip;]<\/p>\n","protected":false},"author":1,"featured_media":0,"comment_status":"open","ping_status":"closed","sticky":false,"template":"","format":"standard","meta":{"spay_email":"","jetpack_publicize_message":"","jetpack_is_tweetstorm":false,"jetpack_publicize_feature_enabled":true},"categories":[8337],"tags":[21266,20,19738,19],"jetpack_publicize_connections":[],"yoast_head":"<!-- This site is optimized with the Yoast SEO plugin v19.1 - https:\/\/yoast.com\/wordpress\/plugins\/seo\/ -->\n<title>\u0110eka: Albanska koalicija dogovorila savez sa Evropskom Crnom Gorom - Lajme nga Ulqini<\/title>\n<meta name=\"description\" content=\"Albanska koalicija na\u010delno je dogovorila savez sa Evropskom Crnom Gorom, a prema tom dogovoru Albanci bi trebalo da dobiju jedno ministarstvo i garanciju\" \/>\n<meta name=\"robots\" content=\"index, follow, max-snippet:-1, max-image-preview:large, max-video-preview:-1\" \/>\n<link rel=\"canonical\" href=\"https:\/\/www.visit-ulcinj.com\/blog\/2012\/10\/18\/deka-albanska-koalicija-dogovorila-savez-sa-evropskom-crnom-gorom\/\" \/>\n<meta property=\"og:locale\" content=\"en_US\" \/>\n<meta property=\"og:type\" content=\"article\" \/>\n<meta property=\"og:title\" content=\"\u0110eka: Albanska koalicija dogovorila savez sa Evropskom Crnom Gorom - Lajme nga Ulqini\" \/>\n<meta property=\"og:description\" content=\"Albanska koalicija na\u010delno je dogovorila savez sa Evropskom Crnom Gorom, a prema tom dogovoru Albanci bi trebalo da dobiju jedno ministarstvo i garanciju\" \/>\n<meta property=\"og:url\" content=\"https:\/\/www.visit-ulcinj.com\/blog\/2012\/10\/18\/deka-albanska-koalicija-dogovorila-savez-sa-evropskom-crnom-gorom\/\" \/>\n<meta property=\"og:site_name\" content=\"Lajme nga Ulqini\" \/>\n<meta property=\"article:published_time\" content=\"2012-10-18T16:04:01+00:00\" \/>\n<meta property=\"og:image\" content=\"http:\/\/www.visit-ulcinj.com\/blog\/wp-content\/uploads\/2012\/10\/Fatmir-Djeka-Albanska-koalicija-Ulcinj-Crna-Gora.jpg\" \/>\n<meta name=\"twitter:label1\" content=\"Written by\" \/>\n\t<meta name=\"twitter:data1\" content=\"ulqini\" \/>\n\t<meta name=\"twitter:label2\" content=\"Est. reading time\" \/>\n\t<meta name=\"twitter:data2\" content=\"2 minutes\" \/>\n<script type=\"application\/ld+json\" class=\"yoast-schema-graph\">{\"@context\":\"https:\/\/schema.org\",\"@graph\":[{\"@type\":\"WebSite\",\"@id\":\"https:\/\/www.visit-ulcinj.com\/blog\/#website\",\"url\":\"https:\/\/www.visit-ulcinj.com\/blog\/\",\"name\":\"Lajme nga Ulqini\",\"description\":\"Lajme,Vijesti,Ulqini,Ulqin,Crna Gora,Mali i Zi\",\"potentialAction\":[{\"@type\":\"SearchAction\",\"target\":{\"@type\":\"EntryPoint\",\"urlTemplate\":\"https:\/\/www.visit-ulcinj.com\/blog\/?s={search_term_string}\"},\"query-input\":\"required name=search_term_string\"}],\"inLanguage\":\"en-US\"},{\"@type\":\"ImageObject\",\"inLanguage\":\"en-US\",\"@id\":\"https:\/\/www.visit-ulcinj.com\/blog\/2012\/10\/18\/deka-albanska-koalicija-dogovorila-savez-sa-evropskom-crnom-gorom\/#primaryimage\",\"url\":\"https:\/\/www.visit-ulcinj.com\/blog\/wp-content\/uploads\/2012\/10\/Fatmir-Djeka-Albanska-koalicija-Ulcinj-Crna-Gora.jpg\",\"contentUrl\":\"https:\/\/www.visit-ulcinj.com\/blog\/wp-content\/uploads\/2012\/10\/Fatmir-Djeka-Albanska-koalicija-Ulcinj-Crna-Gora.jpg\",\"width\":\"960\",\"height\":\"640\"},{\"@type\":\"WebPage\",\"@id\":\"https:\/\/www.visit-ulcinj.com\/blog\/2012\/10\/18\/deka-albanska-koalicija-dogovorila-savez-sa-evropskom-crnom-gorom\/#webpage\",\"url\":\"https:\/\/www.visit-ulcinj.com\/blog\/2012\/10\/18\/deka-albanska-koalicija-dogovorila-savez-sa-evropskom-crnom-gorom\/\",\"name\":\"\u0110eka: Albanska koalicija dogovorila savez sa Evropskom Crnom Gorom - Lajme nga Ulqini\",\"isPartOf\":{\"@id\":\"https:\/\/www.visit-ulcinj.com\/blog\/#website\"},\"primaryImageOfPage\":{\"@id\":\"https:\/\/www.visit-ulcinj.com\/blog\/2012\/10\/18\/deka-albanska-koalicija-dogovorila-savez-sa-evropskom-crnom-gorom\/#primaryimage\"},\"datePublished\":\"2012-10-18T16:04:01+00:00\",\"dateModified\":\"2012-10-18T16:04:01+00:00\",\"author\":{\"@id\":\"https:\/\/www.visit-ulcinj.com\/blog\/#\/schema\/person\/dcab619c614d3038751c63bc2aadc06d\"},\"description\":\"Albanska koalicija na\u010delno je dogovorila savez sa Evropskom Crnom Gorom, a prema tom dogovoru Albanci bi trebalo da dobiju jedno ministarstvo i garanciju\",\"breadcrumb\":{\"@id\":\"https:\/\/www.visit-ulcinj.com\/blog\/2012\/10\/18\/deka-albanska-koalicija-dogovorila-savez-sa-evropskom-crnom-gorom\/#breadcrumb\"},\"inLanguage\":\"en-US\",\"potentialAction\":[{\"@type\":\"ReadAction\",\"target\":[\"https:\/\/www.visit-ulcinj.com\/blog\/2012\/10\/18\/deka-albanska-koalicija-dogovorila-savez-sa-evropskom-crnom-gorom\/\"]}]},{\"@type\":\"BreadcrumbList\",\"@id\":\"https:\/\/www.visit-ulcinj.com\/blog\/2012\/10\/18\/deka-albanska-koalicija-dogovorila-savez-sa-evropskom-crnom-gorom\/#breadcrumb\",\"itemListElement\":[{\"@type\":\"ListItem\",\"position\":1,\"name\":\"\u0110eka: Albanska koalicija dogovorila savez sa Evropskom Crnom Gorom\"}]},{\"@type\":\"Person\",\"@id\":\"https:\/\/www.visit-ulcinj.com\/blog\/#\/schema\/person\/dcab619c614d3038751c63bc2aadc06d\",\"name\":\"ulqini\",\"sameAs\":[\"http:\/\/www.visit-ulcinj.com\"],\"url\":\"https:\/\/www.visit-ulcinj.com\/blog\/author\/admin\/\"}]}<\/script>\n<!-- \/ Yoast SEO plugin. -->","yoast_head_json":{"title":"\u0110eka: Albanska koalicija dogovorila savez sa Evropskom Crnom Gorom - Lajme nga Ulqini","description":"Albanska koalicija na\u010delno je dogovorila savez sa Evropskom Crnom Gorom, a prema tom dogovoru Albanci bi trebalo da dobiju jedno ministarstvo i garanciju","robots":{"index":"index","follow":"follow","max-snippet":"max-snippet:-1","max-image-preview":"max-image-preview:large","max-video-preview":"max-video-preview:-1"},"canonical":"https:\/\/www.visit-ulcinj.com\/blog\/2012\/10\/18\/deka-albanska-koalicija-dogovorila-savez-sa-evropskom-crnom-gorom\/","og_locale":"en_US","og_type":"article","og_title":"\u0110eka: Albanska koalicija dogovorila savez sa Evropskom Crnom Gorom - Lajme nga Ulqini","og_description":"Albanska koalicija na\u010delno je dogovorila savez sa Evropskom Crnom Gorom, a prema tom dogovoru Albanci bi trebalo da dobiju jedno ministarstvo i garanciju","og_url":"https:\/\/www.visit-ulcinj.com\/blog\/2012\/10\/18\/deka-albanska-koalicija-dogovorila-savez-sa-evropskom-crnom-gorom\/","og_site_name":"Lajme nga Ulqini","article_published_time":"2012-10-18T16:04:01+00:00","og_image":[{"url":"http:\/\/www.visit-ulcinj.com\/blog\/wp-content\/uploads\/2012\/10\/Fatmir-Djeka-Albanska-koalicija-Ulcinj-Crna-Gora.jpg"}],"twitter_misc":{"Written by":"ulqini","Est. reading time":"2 minutes"},"schema":{"@context":"https:\/\/schema.org","@graph":[{"@type":"WebSite","@id":"https:\/\/www.visit-ulcinj.com\/blog\/#website","url":"https:\/\/www.visit-ulcinj.com\/blog\/","name":"Lajme nga Ulqini","description":"Lajme,Vijesti,Ulqini,Ulqin,Crna Gora,Mali i Zi","potentialAction":[{"@type":"SearchAction","target":{"@type":"EntryPoint","urlTemplate":"https:\/\/www.visit-ulcinj.com\/blog\/?s={search_term_string}"},"query-input":"required name=search_term_string"}],"inLanguage":"en-US"},{"@type":"ImageObject","inLanguage":"en-US","@id":"https:\/\/www.visit-ulcinj.com\/blog\/2012\/10\/18\/deka-albanska-koalicija-dogovorila-savez-sa-evropskom-crnom-gorom\/#primaryimage","url":"https:\/\/www.visit-ulcinj.com\/blog\/wp-content\/uploads\/2012\/10\/Fatmir-Djeka-Albanska-koalicija-Ulcinj-Crna-Gora.jpg","contentUrl":"https:\/\/www.visit-ulcinj.com\/blog\/wp-content\/uploads\/2012\/10\/Fatmir-Djeka-Albanska-koalicija-Ulcinj-Crna-Gora.jpg","width":"960","height":"640"},{"@type":"WebPage","@id":"https:\/\/www.visit-ulcinj.com\/blog\/2012\/10\/18\/deka-albanska-koalicija-dogovorila-savez-sa-evropskom-crnom-gorom\/#webpage","url":"https:\/\/www.visit-ulcinj.com\/blog\/2012\/10\/18\/deka-albanska-koalicija-dogovorila-savez-sa-evropskom-crnom-gorom\/","name":"\u0110eka: Albanska koalicija dogovorila savez sa Evropskom Crnom Gorom - Lajme nga Ulqini","isPartOf":{"@id":"https:\/\/www.visit-ulcinj.com\/blog\/#website"},"primaryImageOfPage":{"@id":"https:\/\/www.visit-ulcinj.com\/blog\/2012\/10\/18\/deka-albanska-koalicija-dogovorila-savez-sa-evropskom-crnom-gorom\/#primaryimage"},"datePublished":"2012-10-18T16:04:01+00:00","dateModified":"2012-10-18T16:04:01+00:00","author":{"@id":"https:\/\/www.visit-ulcinj.com\/blog\/#\/schema\/person\/dcab619c614d3038751c63bc2aadc06d"},"description":"Albanska koalicija na\u010delno je dogovorila savez sa Evropskom Crnom Gorom, a prema tom dogovoru Albanci bi trebalo da dobiju jedno ministarstvo i garanciju","breadcrumb":{"@id":"https:\/\/www.visit-ulcinj.com\/blog\/2012\/10\/18\/deka-albanska-koalicija-dogovorila-savez-sa-evropskom-crnom-gorom\/#breadcrumb"},"inLanguage":"en-US","potentialAction":[{"@type":"ReadAction","target":["https:\/\/www.visit-ulcinj.com\/blog\/2012\/10\/18\/deka-albanska-koalicija-dogovorila-savez-sa-evropskom-crnom-gorom\/"]}]},{"@type":"BreadcrumbList","@id":"https:\/\/www.visit-ulcinj.com\/blog\/2012\/10\/18\/deka-albanska-koalicija-dogovorila-savez-sa-evropskom-crnom-gorom\/#breadcrumb","itemListElement":[{"@type":"ListItem","position":1,"name":"\u0110eka: Albanska koalicija dogovorila savez sa Evropskom Crnom Gorom"}]},{"@type":"Person","@id":"https:\/\/www.visit-ulcinj.com\/blog\/#\/schema\/person\/dcab619c614d3038751c63bc2aadc06d","name":"ulqini","sameAs":["http:\/\/www.visit-ulcinj.com"],"url":"https:\/\/www.visit-ulcinj.com\/blog\/author\/admin\/"}]}},"jetpack_featured_media_url":"","jetpack_sharing_enabled":true,"jetpack_shortlink":"https:\/\/wp.me\/pe6lTn-gQL","_links":{"self":[{"href":"https:\/\/www.visit-ulcinj.com\/blog\/wp-json\/wp\/v2\/posts\/64775"}],"collection":[{"href":"https:\/\/www.visit-ulcinj.com\/blog\/wp-json\/wp\/v2\/posts"}],"about":[{"href":"https:\/\/www.visit-ulcinj.com\/blog\/wp-json\/wp\/v2\/types\/post"}],"author":[{"embeddable":true,"href":"https:\/\/www.visit-ulcinj.com\/blog\/wp-json\/wp\/v2\/users\/1"}],"replies":[{"embeddable":true,"href":"https:\/\/www.visit-ulcinj.com\/blog\/wp-json\/wp\/v2\/comments?post=64775"}],"version-history":[{"count":1,"href":"https:\/\/www.visit-ulcinj.com\/blog\/wp-json\/wp\/v2\/posts\/64775\/revisions"}],"predecessor-version":[{"id":64777,"href":"https:\/\/www.visit-ulcinj.com\/blog\/wp-json\/wp\/v2\/posts\/64775\/revisions\/64777"}],"wp:attachment":[{"href":"https:\/\/www.visit-ulcinj.com\/blog\/wp-json\/wp\/v2\/media?parent=64775"}],"wp:term":[{"taxonomy":"category","embeddable":true,"href":"https:\/\/www.visit-ulcinj.com\/blog\/wp-json\/wp\/v2\/categories?post=64775"},{"taxonomy":"post_tag","embeddable":true,"href":"https:\/\/www.visit-ulcinj.com\/blog\/wp-json\/wp\/v2\/tags?post=64775"}],"curies":[{"name":"wp","href":"https:\/\/api.w.org\/{rel}","templated":true}]}}