{"id":64778,"date":"2012-10-18T17:38:15","date_gmt":"2012-10-18T16:38:15","guid":{"rendered":"http:\/\/www.visit-ulcinj.com\/blog\/?p=64778"},"modified":"2012-10-18T17:38:54","modified_gmt":"2012-10-18T16:38:54","slug":"cungu-niko-nas-nije-zvao-na-razgovor","status":"publish","type":"post","link":"https:\/\/www.visit-ulcinj.com\/blog\/2012\/10\/18\/cungu-niko-nas-nije-zvao-na-razgovor\/","title":{"rendered":"Cungu: Niko nas nije zvao na razgovor"},"content":{"rendered":"<p><a href=\"http:\/\/www.visit-ulcinj.com\/blog\/wp-content\/uploads\/2012\/10\/Nazif-Cungu-Forca-ulqin-ulcinj.jpg\"><img loading=\"lazy\" class=\"alignleft  wp-image-64779\" title=\"Nazif Cungu - Forca -ulqin-ulcinj\" src=\"http:\/\/www.visit-ulcinj.com\/blog\/wp-content\/uploads\/2012\/10\/Nazif-Cungu-Forca-ulqin-ulcinj.jpg\" alt=\"\" width=\"508\" height=\"360\" \/><\/a>Lider Nove demokratske snage Forca Nazif Cungu izjavio je ju\u010de da ta partija jo\u0161 nije dobila poziv za razgovore o postizbornom partnerstvu.<br \/>\n\u2013 Niko nas nije kontaktirao niti smo s kim razgovarali o mogu\u0107oj postizbornoj saradnji. \u010cekamo poziv za razgovore i ponude pa \u0107emo na osnovu toga donijeti odluku o eventualnom partnerstvu \u2013 kazao je Cungu na konferenciji za novinare u sjedi\u0161tu stranke.<br \/>\nNe \u017eele\u0107i da odgovori na pitanje kome je Forca bli\u017ea trenutno, partijama koje su do sada bile na vlasti ili opoziciji, prvi \u010dovjek Force istakao je da je koalicija Forca \u201eZa jedinstvo\u201c sada najja\u010da albanska koalicija u Crnoj Gori i da koalicioni partneri ne\u0107e iznevjeriti povjerenje koje su im bira\u010di ukazali.<br \/>\n\u2013 Tokom predizborne kampanje i samog procesa izbora identifikovali smo mnogo prekr\u0161aja i odlu\u010dili smo da detaljno analiziramo stepen uticaja svih zloupotreba. I pored mnogih neregularnosti postigli smo izvanredan rezultat i kada bi na snazi bio raniji izborni zakon mi bismo osvojili dva mandata. Ovako, sa ovim zakonom, koji je dokazano diskriminatorski, nama je falio samo 361 glas za drugi mandat \u2013 naveo je Cungu.<br \/>\nOsvrnuo se i na izborni rezultat DUA rekav\u0161i da je ta partija poku\u0161ala da za svoj neuspjeh okrivi \u010dlana Force u izbornoj komisiji.<br \/>\n\u2013 \u010clan Force ili bilo koji drugi \u010dlan komisije nema pravo da mijenja zakon. Izborni zakon se mo\u017ee mijenjati samo u Skup\u0161tini Crne Gore. Mi smo jo\u0161 prije dvije godine skrenuli pa\u017enju predstavniku DUA, o tome \u0161to \u0107e se desiti ako se zakon koji je sada na snazi usvoji.<\/p>\n<p>&nbsp;<\/p>\n<p><a href=\"http:\/\/www.dan.co.me\/?nivo=3&amp;rubrika=Politika&amp;clanak=352029&amp;datum=2012-10-18&amp;naslov=Cungu:%20Niko%20nas%20nije%20zvao%20na%20razgovor\" target=\"_blank\"><strong>M.K.<\/strong><\/a><br \/>\n<a href=\"http:\/\/www.dan.co.me\/?nivo=3&amp;rubrika=Politika&amp;clanak=352029&amp;datum=2012-10-18&amp;naslov=Cungu:%20Niko%20nas%20nije%20zvao%20na%20razgovor\" target=\"_blank\"><strong>Izvor: DAN<\/strong><\/a><\/p>\n","protected":false},"excerpt":{"rendered":"<p>Lider Nove demokratske snage Forca Nazif Cungu izjavio je ju\u010de da ta partija jo\u0161 nije dobila poziv za razgovore o postizbornom partnerstvu. \u2013 Niko nas nije kontaktirao niti smo s kim razgovarali o mogu\u0107oj postizbornoj saradnji. \u010cekamo poziv za razgovore i ponude pa \u0107emo na osnovu toga donijeti odluku o eventualnom partnerstvu \u2013 kazao je [&hellip;]<\/p>\n","protected":false},"author":1,"featured_media":0,"comment_status":"open","ping_status":"closed","sticky":false,"template":"","format":"standard","meta":{"spay_email":"","jetpack_publicize_message":"","jetpack_is_tweetstorm":false,"jetpack_publicize_feature_enabled":true},"categories":[6950],"tags":[672,118,19],"jetpack_publicize_connections":[],"yoast_head":"<!-- This site is optimized with the Yoast SEO plugin v19.1 - https:\/\/yoast.com\/wordpress\/plugins\/seo\/ -->\n<title>Cungu: Niko nas nije zvao na razgovor - Lajme nga Ulqini<\/title>\n<meta name=\"description\" content=\"Lider Nove demokratske snage Forca Nazif Cungu izjavio je ju\u010de da ta partija jo\u0161 nije dobila poziv za razgovore o postizbornom partnerstvu. \u2013 Niko nas\" \/>\n<meta name=\"robots\" content=\"index, follow, max-snippet:-1, max-image-preview:large, max-video-preview:-1\" \/>\n<link rel=\"canonical\" href=\"https:\/\/www.visit-ulcinj.com\/blog\/2012\/10\/18\/cungu-niko-nas-nije-zvao-na-razgovor\/\" \/>\n<meta property=\"og:locale\" content=\"en_US\" \/>\n<meta property=\"og:type\" content=\"article\" \/>\n<meta property=\"og:title\" content=\"Cungu: Niko nas nije zvao na razgovor - Lajme nga Ulqini\" \/>\n<meta property=\"og:description\" content=\"Lider Nove demokratske snage Forca Nazif Cungu izjavio je ju\u010de da ta partija jo\u0161 nije dobila poziv za razgovore o postizbornom partnerstvu. \u2013 Niko nas\" \/>\n<meta property=\"og:url\" content=\"https:\/\/www.visit-ulcinj.com\/blog\/2012\/10\/18\/cungu-niko-nas-nije-zvao-na-razgovor\/\" \/>\n<meta property=\"og:site_name\" content=\"Lajme nga Ulqini\" \/>\n<meta property=\"article:published_time\" content=\"2012-10-18T16:38:15+00:00\" \/>\n<meta property=\"article:modified_time\" content=\"2012-10-18T16:38:54+00:00\" \/>\n<meta property=\"og:image\" content=\"http:\/\/www.visit-ulcinj.com\/blog\/wp-content\/uploads\/2012\/10\/Nazif-Cungu-Forca-ulqin-ulcinj.jpg\" \/>\n<meta name=\"twitter:label1\" content=\"Written by\" \/>\n\t<meta name=\"twitter:data1\" content=\"ulqini\" \/>\n\t<meta name=\"twitter:label2\" content=\"Est. reading time\" \/>\n\t<meta name=\"twitter:data2\" content=\"1 minute\" \/>\n<script type=\"application\/ld+json\" class=\"yoast-schema-graph\">{\"@context\":\"https:\/\/schema.org\",\"@graph\":[{\"@type\":\"WebSite\",\"@id\":\"https:\/\/www.visit-ulcinj.com\/blog\/#website\",\"url\":\"https:\/\/www.visit-ulcinj.com\/blog\/\",\"name\":\"Lajme nga Ulqini\",\"description\":\"Lajme,Vijesti,Ulqini,Ulqin,Crna Gora,Mali i Zi\",\"potentialAction\":[{\"@type\":\"SearchAction\",\"target\":{\"@type\":\"EntryPoint\",\"urlTemplate\":\"https:\/\/www.visit-ulcinj.com\/blog\/?s={search_term_string}\"},\"query-input\":\"required name=search_term_string\"}],\"inLanguage\":\"en-US\"},{\"@type\":\"ImageObject\",\"inLanguage\":\"en-US\",\"@id\":\"https:\/\/www.visit-ulcinj.com\/blog\/2012\/10\/18\/cungu-niko-nas-nije-zvao-na-razgovor\/#primaryimage\",\"url\":\"https:\/\/www.visit-ulcinj.com\/blog\/wp-content\/uploads\/2012\/10\/Nazif-Cungu-Forca-ulqin-ulcinj.jpg\",\"contentUrl\":\"https:\/\/www.visit-ulcinj.com\/blog\/wp-content\/uploads\/2012\/10\/Nazif-Cungu-Forca-ulqin-ulcinj.jpg\",\"width\":\"640\",\"height\":\"425\"},{\"@type\":\"WebPage\",\"@id\":\"https:\/\/www.visit-ulcinj.com\/blog\/2012\/10\/18\/cungu-niko-nas-nije-zvao-na-razgovor\/#webpage\",\"url\":\"https:\/\/www.visit-ulcinj.com\/blog\/2012\/10\/18\/cungu-niko-nas-nije-zvao-na-razgovor\/\",\"name\":\"Cungu: Niko nas nije zvao na razgovor - Lajme nga Ulqini\",\"isPartOf\":{\"@id\":\"https:\/\/www.visit-ulcinj.com\/blog\/#website\"},\"primaryImageOfPage\":{\"@id\":\"https:\/\/www.visit-ulcinj.com\/blog\/2012\/10\/18\/cungu-niko-nas-nije-zvao-na-razgovor\/#primaryimage\"},\"datePublished\":\"2012-10-18T16:38:15+00:00\",\"dateModified\":\"2012-10-18T16:38:54+00:00\",\"author\":{\"@id\":\"https:\/\/www.visit-ulcinj.com\/blog\/#\/schema\/person\/dcab619c614d3038751c63bc2aadc06d\"},\"description\":\"Lider Nove demokratske snage Forca Nazif Cungu izjavio je ju\u010de da ta partija jo\u0161 nije dobila poziv za razgovore o postizbornom partnerstvu. \u2013 Niko nas\",\"breadcrumb\":{\"@id\":\"https:\/\/www.visit-ulcinj.com\/blog\/2012\/10\/18\/cungu-niko-nas-nije-zvao-na-razgovor\/#breadcrumb\"},\"inLanguage\":\"en-US\",\"potentialAction\":[{\"@type\":\"ReadAction\",\"target\":[\"https:\/\/www.visit-ulcinj.com\/blog\/2012\/10\/18\/cungu-niko-nas-nije-zvao-na-razgovor\/\"]}]},{\"@type\":\"BreadcrumbList\",\"@id\":\"https:\/\/www.visit-ulcinj.com\/blog\/2012\/10\/18\/cungu-niko-nas-nije-zvao-na-razgovor\/#breadcrumb\",\"itemListElement\":[{\"@type\":\"ListItem\",\"position\":1,\"name\":\"Cungu: Niko nas nije zvao na razgovor\"}]},{\"@type\":\"Person\",\"@id\":\"https:\/\/www.visit-ulcinj.com\/blog\/#\/schema\/person\/dcab619c614d3038751c63bc2aadc06d\",\"name\":\"ulqini\",\"sameAs\":[\"http:\/\/www.visit-ulcinj.com\"],\"url\":\"https:\/\/www.visit-ulcinj.com\/blog\/author\/admin\/\"}]}<\/script>\n<!-- \/ Yoast SEO plugin. -->","yoast_head_json":{"title":"Cungu: Niko nas nije zvao na razgovor - Lajme nga Ulqini","description":"Lider Nove demokratske snage Forca Nazif Cungu izjavio je ju\u010de da ta partija jo\u0161 nije dobila poziv za razgovore o postizbornom partnerstvu. \u2013 Niko nas","robots":{"index":"index","follow":"follow","max-snippet":"max-snippet:-1","max-image-preview":"max-image-preview:large","max-video-preview":"max-video-preview:-1"},"canonical":"https:\/\/www.visit-ulcinj.com\/blog\/2012\/10\/18\/cungu-niko-nas-nije-zvao-na-razgovor\/","og_locale":"en_US","og_type":"article","og_title":"Cungu: Niko nas nije zvao na razgovor - Lajme nga Ulqini","og_description":"Lider Nove demokratske snage Forca Nazif Cungu izjavio je ju\u010de da ta partija jo\u0161 nije dobila poziv za razgovore o postizbornom partnerstvu. \u2013 Niko nas","og_url":"https:\/\/www.visit-ulcinj.com\/blog\/2012\/10\/18\/cungu-niko-nas-nije-zvao-na-razgovor\/","og_site_name":"Lajme nga Ulqini","article_published_time":"2012-10-18T16:38:15+00:00","article_modified_time":"2012-10-18T16:38:54+00:00","og_image":[{"url":"http:\/\/www.visit-ulcinj.com\/blog\/wp-content\/uploads\/2012\/10\/Nazif-Cungu-Forca-ulqin-ulcinj.jpg"}],"twitter_misc":{"Written by":"ulqini","Est. reading time":"1 minute"},"schema":{"@context":"https:\/\/schema.org","@graph":[{"@type":"WebSite","@id":"https:\/\/www.visit-ulcinj.com\/blog\/#website","url":"https:\/\/www.visit-ulcinj.com\/blog\/","name":"Lajme nga Ulqini","description":"Lajme,Vijesti,Ulqini,Ulqin,Crna Gora,Mali i Zi","potentialAction":[{"@type":"SearchAction","target":{"@type":"EntryPoint","urlTemplate":"https:\/\/www.visit-ulcinj.com\/blog\/?s={search_term_string}"},"query-input":"required name=search_term_string"}],"inLanguage":"en-US"},{"@type":"ImageObject","inLanguage":"en-US","@id":"https:\/\/www.visit-ulcinj.com\/blog\/2012\/10\/18\/cungu-niko-nas-nije-zvao-na-razgovor\/#primaryimage","url":"https:\/\/www.visit-ulcinj.com\/blog\/wp-content\/uploads\/2012\/10\/Nazif-Cungu-Forca-ulqin-ulcinj.jpg","contentUrl":"https:\/\/www.visit-ulcinj.com\/blog\/wp-content\/uploads\/2012\/10\/Nazif-Cungu-Forca-ulqin-ulcinj.jpg","width":"640","height":"425"},{"@type":"WebPage","@id":"https:\/\/www.visit-ulcinj.com\/blog\/2012\/10\/18\/cungu-niko-nas-nije-zvao-na-razgovor\/#webpage","url":"https:\/\/www.visit-ulcinj.com\/blog\/2012\/10\/18\/cungu-niko-nas-nije-zvao-na-razgovor\/","name":"Cungu: Niko nas nije zvao na razgovor - Lajme nga Ulqini","isPartOf":{"@id":"https:\/\/www.visit-ulcinj.com\/blog\/#website"},"primaryImageOfPage":{"@id":"https:\/\/www.visit-ulcinj.com\/blog\/2012\/10\/18\/cungu-niko-nas-nije-zvao-na-razgovor\/#primaryimage"},"datePublished":"2012-10-18T16:38:15+00:00","dateModified":"2012-10-18T16:38:54+00:00","author":{"@id":"https:\/\/www.visit-ulcinj.com\/blog\/#\/schema\/person\/dcab619c614d3038751c63bc2aadc06d"},"description":"Lider Nove demokratske snage Forca Nazif Cungu izjavio je ju\u010de da ta partija jo\u0161 nije dobila poziv za razgovore o postizbornom partnerstvu. \u2013 Niko nas","breadcrumb":{"@id":"https:\/\/www.visit-ulcinj.com\/blog\/2012\/10\/18\/cungu-niko-nas-nije-zvao-na-razgovor\/#breadcrumb"},"inLanguage":"en-US","potentialAction":[{"@type":"ReadAction","target":["https:\/\/www.visit-ulcinj.com\/blog\/2012\/10\/18\/cungu-niko-nas-nije-zvao-na-razgovor\/"]}]},{"@type":"BreadcrumbList","@id":"https:\/\/www.visit-ulcinj.com\/blog\/2012\/10\/18\/cungu-niko-nas-nije-zvao-na-razgovor\/#breadcrumb","itemListElement":[{"@type":"ListItem","position":1,"name":"Cungu: Niko nas nije zvao na razgovor"}]},{"@type":"Person","@id":"https:\/\/www.visit-ulcinj.com\/blog\/#\/schema\/person\/dcab619c614d3038751c63bc2aadc06d","name":"ulqini","sameAs":["http:\/\/www.visit-ulcinj.com"],"url":"https:\/\/www.visit-ulcinj.com\/blog\/author\/admin\/"}]}},"jetpack_featured_media_url":"","jetpack_sharing_enabled":true,"jetpack_shortlink":"https:\/\/wp.me\/pe6lTn-gQO","_links":{"self":[{"href":"https:\/\/www.visit-ulcinj.com\/blog\/wp-json\/wp\/v2\/posts\/64778"}],"collection":[{"href":"https:\/\/www.visit-ulcinj.com\/blog\/wp-json\/wp\/v2\/posts"}],"about":[{"href":"https:\/\/www.visit-ulcinj.com\/blog\/wp-json\/wp\/v2\/types\/post"}],"author":[{"embeddable":true,"href":"https:\/\/www.visit-ulcinj.com\/blog\/wp-json\/wp\/v2\/users\/1"}],"replies":[{"embeddable":true,"href":"https:\/\/www.visit-ulcinj.com\/blog\/wp-json\/wp\/v2\/comments?post=64778"}],"version-history":[{"count":3,"href":"https:\/\/www.visit-ulcinj.com\/blog\/wp-json\/wp\/v2\/posts\/64778\/revisions"}],"predecessor-version":[{"id":64782,"href":"https:\/\/www.visit-ulcinj.com\/blog\/wp-json\/wp\/v2\/posts\/64778\/revisions\/64782"}],"wp:attachment":[{"href":"https:\/\/www.visit-ulcinj.com\/blog\/wp-json\/wp\/v2\/media?parent=64778"}],"wp:term":[{"taxonomy":"category","embeddable":true,"href":"https:\/\/www.visit-ulcinj.com\/blog\/wp-json\/wp\/v2\/categories?post=64778"},{"taxonomy":"post_tag","embeddable":true,"href":"https:\/\/www.visit-ulcinj.com\/blog\/wp-json\/wp\/v2\/tags?post=64778"}],"curies":[{"name":"wp","href":"https:\/\/api.w.org\/{rel}","templated":true}]}}