{"id":64784,"date":"2012-10-18T18:31:48","date_gmt":"2012-10-18T17:31:48","guid":{"rendered":"http:\/\/www.visit-ulcinj.com\/blog\/?p=64784"},"modified":"2012-10-18T18:43:43","modified_gmt":"2012-10-18T17:43:43","slug":"komisioni-zgjellor-shteteor-refuzon-kerkesen-e-udsh-se","status":"publish","type":"post","link":"https:\/\/www.visit-ulcinj.com\/blog\/2012\/10\/18\/komisioni-zgjellor-shteteor-refuzon-kerkesen-e-udsh-se\/","title":{"rendered":"Komisioni zgjellor shtet\u00ebor refuzon k\u00ebrkes\u00ebn e UDSH s\u00eb"},"content":{"rendered":"<p><a href=\"http:\/\/www.visit-ulcinj.com\/blog\/wp-content\/uploads\/2012\/10\/Mehmed-Zenka-DIK.jpg\"><img loading=\"lazy\" class=\"alignleft  wp-image-64785\" title=\"Mehmed Zenka -DIK\" src=\"http:\/\/www.visit-ulcinj.com\/blog\/wp-content\/uploads\/2012\/10\/Mehmed-Zenka-DIK.jpg\" alt=\"\" width=\"508\" height=\"313\" \/><\/a>Komisioni zgjellor shtet\u00ebor e ka refuzua sot ankes\u00ebn e UDSH lidhur me rezultatin e zgjedhjeve parlamentare,ka deklarua z\u00ebdhensja Sllavka Marash.<\/p>\n<p>Ajo p\u00ebr agjencin\u00eb Mina ka vleresua se komisioni \u00ebsht\u00eb i mendimit se ankesa e UDSH nuk ka baza.<\/p>\n<p>T\u00eb p\u00ebrkujtojm\u00eb se UDSH ja i ka paraqitur dje ankes\u00ebn keshillit shteteror t\u00eb zgjedhjeve n\u00eb rezultatin zgjellor,sepse konsiderojn\u00eb se k\u00ebsaj partie i \u00ebsht\u00eb marr\u00eb mandati, p\u00ebr shkak t\u00eb shpjegimit jo adekuat t\u00eb ligjit p\u00ebr zgjedhjen e k\u00ebshilltareve dhe deputet\u00ebve.Marash ka theksuar se UDSH ka t\u00eb drejt\u00eb ti ankohet gjyqit kushtetues pas marrjes s\u00eb vendimit.<\/p>\n<p>TVCG<\/p>\n","protected":false},"excerpt":{"rendered":"<p>Komisioni zgjellor shtet\u00ebor e ka refuzua sot ankes\u00ebn e UDSH lidhur me rezultatin e zgjedhjeve parlamentare,ka deklarua z\u00ebdhensja Sllavka Marash. Ajo p\u00ebr agjencin\u00eb Mina ka vleresua se komisioni \u00ebsht\u00eb i mendimit se ankesa e UDSH nuk ka baza. T\u00eb p\u00ebrkujtojm\u00eb se UDSH ja i ka paraqitur dje ankes\u00ebn keshillit shteteror t\u00eb zgjedhjeve n\u00eb rezultatin zgjellor,sepse [&hellip;]<\/p>\n","protected":false},"author":1,"featured_media":0,"comment_status":"open","ping_status":"closed","sticky":false,"template":"","format":"standard","meta":{"spay_email":"","jetpack_publicize_message":"","jetpack_is_tweetstorm":false,"jetpack_publicize_feature_enabled":true},"categories":[6,11],"tags":[21267,2461,200,18,19104],"jetpack_publicize_connections":[],"yoast_head":"<!-- This site is optimized with the Yoast SEO plugin v19.1 - https:\/\/yoast.com\/wordpress\/plugins\/seo\/ -->\n<title>Komisioni zgjellor shtet\u00ebor refuzon k\u00ebrkes\u00ebn e UDSH s\u00eb - Lajme nga Ulqini<\/title>\n<meta name=\"description\" content=\"Komisioni zgjellor shtet\u00ebor e ka refuzua sot ankes\u00ebn e UDSH lidhur me rezultatin e zgjedhjeve parlamentare,ka deklarua z\u00ebdhensja Sllavka Marash. Ajo p\u00ebr\" \/>\n<meta name=\"robots\" content=\"index, follow, max-snippet:-1, max-image-preview:large, max-video-preview:-1\" \/>\n<link rel=\"canonical\" href=\"https:\/\/www.visit-ulcinj.com\/blog\/2012\/10\/18\/komisioni-zgjellor-shteteor-refuzon-kerkesen-e-udsh-se\/\" \/>\n<meta property=\"og:locale\" content=\"en_US\" \/>\n<meta property=\"og:type\" content=\"article\" \/>\n<meta property=\"og:title\" content=\"Komisioni zgjellor shtet\u00ebor refuzon k\u00ebrkes\u00ebn e UDSH s\u00eb - Lajme nga Ulqini\" \/>\n<meta property=\"og:description\" content=\"Komisioni zgjellor shtet\u00ebor e ka refuzua sot ankes\u00ebn e UDSH lidhur me rezultatin e zgjedhjeve parlamentare,ka deklarua z\u00ebdhensja Sllavka Marash. Ajo p\u00ebr\" \/>\n<meta property=\"og:url\" content=\"https:\/\/www.visit-ulcinj.com\/blog\/2012\/10\/18\/komisioni-zgjellor-shteteor-refuzon-kerkesen-e-udsh-se\/\" \/>\n<meta property=\"og:site_name\" content=\"Lajme nga Ulqini\" \/>\n<meta property=\"article:published_time\" content=\"2012-10-18T17:31:48+00:00\" \/>\n<meta property=\"article:modified_time\" content=\"2012-10-18T17:43:43+00:00\" \/>\n<meta property=\"og:image\" content=\"http:\/\/www.visit-ulcinj.com\/blog\/wp-content\/uploads\/2012\/10\/Mehmed-Zenka-DIK.jpg\" \/>\n<meta name=\"twitter:label1\" content=\"Written by\" \/>\n\t<meta name=\"twitter:data1\" content=\"ulqini\" \/>\n\t<meta name=\"twitter:label2\" content=\"Est. reading time\" \/>\n\t<meta name=\"twitter:data2\" content=\"1 minute\" \/>\n<script type=\"application\/ld+json\" class=\"yoast-schema-graph\">{\"@context\":\"https:\/\/schema.org\",\"@graph\":[{\"@type\":\"WebSite\",\"@id\":\"https:\/\/www.visit-ulcinj.com\/blog\/#website\",\"url\":\"https:\/\/www.visit-ulcinj.com\/blog\/\",\"name\":\"Lajme nga Ulqini\",\"description\":\"Lajme,Vijesti,Ulqini,Ulqin,Crna Gora,Mali i Zi\",\"potentialAction\":[{\"@type\":\"SearchAction\",\"target\":{\"@type\":\"EntryPoint\",\"urlTemplate\":\"https:\/\/www.visit-ulcinj.com\/blog\/?s={search_term_string}\"},\"query-input\":\"required name=search_term_string\"}],\"inLanguage\":\"en-US\"},{\"@type\":\"ImageObject\",\"inLanguage\":\"en-US\",\"@id\":\"https:\/\/www.visit-ulcinj.com\/blog\/2012\/10\/18\/komisioni-zgjellor-shteteor-refuzon-kerkesen-e-udsh-se\/#primaryimage\",\"url\":\"https:\/\/www.visit-ulcinj.com\/blog\/wp-content\/uploads\/2012\/10\/Mehmed-Zenka-DIK.jpg\",\"contentUrl\":\"https:\/\/www.visit-ulcinj.com\/blog\/wp-content\/uploads\/2012\/10\/Mehmed-Zenka-DIK.jpg\",\"width\":\"516\",\"height\":\"313\"},{\"@type\":\"WebPage\",\"@id\":\"https:\/\/www.visit-ulcinj.com\/blog\/2012\/10\/18\/komisioni-zgjellor-shteteor-refuzon-kerkesen-e-udsh-se\/#webpage\",\"url\":\"https:\/\/www.visit-ulcinj.com\/blog\/2012\/10\/18\/komisioni-zgjellor-shteteor-refuzon-kerkesen-e-udsh-se\/\",\"name\":\"Komisioni zgjellor shtet\u00ebor refuzon k\u00ebrkes\u00ebn e UDSH s\u00eb - Lajme nga Ulqini\",\"isPartOf\":{\"@id\":\"https:\/\/www.visit-ulcinj.com\/blog\/#website\"},\"primaryImageOfPage\":{\"@id\":\"https:\/\/www.visit-ulcinj.com\/blog\/2012\/10\/18\/komisioni-zgjellor-shteteor-refuzon-kerkesen-e-udsh-se\/#primaryimage\"},\"datePublished\":\"2012-10-18T17:31:48+00:00\",\"dateModified\":\"2012-10-18T17:43:43+00:00\",\"author\":{\"@id\":\"https:\/\/www.visit-ulcinj.com\/blog\/#\/schema\/person\/dcab619c614d3038751c63bc2aadc06d\"},\"description\":\"Komisioni zgjellor shtet\u00ebor e ka refuzua sot ankes\u00ebn e UDSH lidhur me rezultatin e zgjedhjeve parlamentare,ka deklarua z\u00ebdhensja Sllavka Marash. Ajo p\u00ebr\",\"breadcrumb\":{\"@id\":\"https:\/\/www.visit-ulcinj.com\/blog\/2012\/10\/18\/komisioni-zgjellor-shteteor-refuzon-kerkesen-e-udsh-se\/#breadcrumb\"},\"inLanguage\":\"en-US\",\"potentialAction\":[{\"@type\":\"ReadAction\",\"target\":[\"https:\/\/www.visit-ulcinj.com\/blog\/2012\/10\/18\/komisioni-zgjellor-shteteor-refuzon-kerkesen-e-udsh-se\/\"]}]},{\"@type\":\"BreadcrumbList\",\"@id\":\"https:\/\/www.visit-ulcinj.com\/blog\/2012\/10\/18\/komisioni-zgjellor-shteteor-refuzon-kerkesen-e-udsh-se\/#breadcrumb\",\"itemListElement\":[{\"@type\":\"ListItem\",\"position\":1,\"name\":\"Komisioni zgjellor shtet\u00ebor refuzon k\u00ebrkes\u00ebn e UDSH s\u00eb\"}]},{\"@type\":\"Person\",\"@id\":\"https:\/\/www.visit-ulcinj.com\/blog\/#\/schema\/person\/dcab619c614d3038751c63bc2aadc06d\",\"name\":\"ulqini\",\"sameAs\":[\"http:\/\/www.visit-ulcinj.com\"],\"url\":\"https:\/\/www.visit-ulcinj.com\/blog\/author\/admin\/\"}]}<\/script>\n<!-- \/ Yoast SEO plugin. -->","yoast_head_json":{"title":"Komisioni zgjellor shtet\u00ebor refuzon k\u00ebrkes\u00ebn e UDSH s\u00eb - Lajme nga Ulqini","description":"Komisioni zgjellor shtet\u00ebor e ka refuzua sot ankes\u00ebn e UDSH lidhur me rezultatin e zgjedhjeve parlamentare,ka deklarua z\u00ebdhensja Sllavka Marash. Ajo p\u00ebr","robots":{"index":"index","follow":"follow","max-snippet":"max-snippet:-1","max-image-preview":"max-image-preview:large","max-video-preview":"max-video-preview:-1"},"canonical":"https:\/\/www.visit-ulcinj.com\/blog\/2012\/10\/18\/komisioni-zgjellor-shteteor-refuzon-kerkesen-e-udsh-se\/","og_locale":"en_US","og_type":"article","og_title":"Komisioni zgjellor shtet\u00ebor refuzon k\u00ebrkes\u00ebn e UDSH s\u00eb - Lajme nga Ulqini","og_description":"Komisioni zgjellor shtet\u00ebor e ka refuzua sot ankes\u00ebn e UDSH lidhur me rezultatin e zgjedhjeve parlamentare,ka deklarua z\u00ebdhensja Sllavka Marash. Ajo p\u00ebr","og_url":"https:\/\/www.visit-ulcinj.com\/blog\/2012\/10\/18\/komisioni-zgjellor-shteteor-refuzon-kerkesen-e-udsh-se\/","og_site_name":"Lajme nga Ulqini","article_published_time":"2012-10-18T17:31:48+00:00","article_modified_time":"2012-10-18T17:43:43+00:00","og_image":[{"url":"http:\/\/www.visit-ulcinj.com\/blog\/wp-content\/uploads\/2012\/10\/Mehmed-Zenka-DIK.jpg"}],"twitter_misc":{"Written by":"ulqini","Est. reading time":"1 minute"},"schema":{"@context":"https:\/\/schema.org","@graph":[{"@type":"WebSite","@id":"https:\/\/www.visit-ulcinj.com\/blog\/#website","url":"https:\/\/www.visit-ulcinj.com\/blog\/","name":"Lajme nga Ulqini","description":"Lajme,Vijesti,Ulqini,Ulqin,Crna Gora,Mali i Zi","potentialAction":[{"@type":"SearchAction","target":{"@type":"EntryPoint","urlTemplate":"https:\/\/www.visit-ulcinj.com\/blog\/?s={search_term_string}"},"query-input":"required name=search_term_string"}],"inLanguage":"en-US"},{"@type":"ImageObject","inLanguage":"en-US","@id":"https:\/\/www.visit-ulcinj.com\/blog\/2012\/10\/18\/komisioni-zgjellor-shteteor-refuzon-kerkesen-e-udsh-se\/#primaryimage","url":"https:\/\/www.visit-ulcinj.com\/blog\/wp-content\/uploads\/2012\/10\/Mehmed-Zenka-DIK.jpg","contentUrl":"https:\/\/www.visit-ulcinj.com\/blog\/wp-content\/uploads\/2012\/10\/Mehmed-Zenka-DIK.jpg","width":"516","height":"313"},{"@type":"WebPage","@id":"https:\/\/www.visit-ulcinj.com\/blog\/2012\/10\/18\/komisioni-zgjellor-shteteor-refuzon-kerkesen-e-udsh-se\/#webpage","url":"https:\/\/www.visit-ulcinj.com\/blog\/2012\/10\/18\/komisioni-zgjellor-shteteor-refuzon-kerkesen-e-udsh-se\/","name":"Komisioni zgjellor shtet\u00ebor refuzon k\u00ebrkes\u00ebn e UDSH s\u00eb - Lajme nga Ulqini","isPartOf":{"@id":"https:\/\/www.visit-ulcinj.com\/blog\/#website"},"primaryImageOfPage":{"@id":"https:\/\/www.visit-ulcinj.com\/blog\/2012\/10\/18\/komisioni-zgjellor-shteteor-refuzon-kerkesen-e-udsh-se\/#primaryimage"},"datePublished":"2012-10-18T17:31:48+00:00","dateModified":"2012-10-18T17:43:43+00:00","author":{"@id":"https:\/\/www.visit-ulcinj.com\/blog\/#\/schema\/person\/dcab619c614d3038751c63bc2aadc06d"},"description":"Komisioni zgjellor shtet\u00ebor e ka refuzua sot ankes\u00ebn e UDSH lidhur me rezultatin e zgjedhjeve parlamentare,ka deklarua z\u00ebdhensja Sllavka Marash. Ajo p\u00ebr","breadcrumb":{"@id":"https:\/\/www.visit-ulcinj.com\/blog\/2012\/10\/18\/komisioni-zgjellor-shteteor-refuzon-kerkesen-e-udsh-se\/#breadcrumb"},"inLanguage":"en-US","potentialAction":[{"@type":"ReadAction","target":["https:\/\/www.visit-ulcinj.com\/blog\/2012\/10\/18\/komisioni-zgjellor-shteteor-refuzon-kerkesen-e-udsh-se\/"]}]},{"@type":"BreadcrumbList","@id":"https:\/\/www.visit-ulcinj.com\/blog\/2012\/10\/18\/komisioni-zgjellor-shteteor-refuzon-kerkesen-e-udsh-se\/#breadcrumb","itemListElement":[{"@type":"ListItem","position":1,"name":"Komisioni zgjellor shtet\u00ebor refuzon k\u00ebrkes\u00ebn e UDSH s\u00eb"}]},{"@type":"Person","@id":"https:\/\/www.visit-ulcinj.com\/blog\/#\/schema\/person\/dcab619c614d3038751c63bc2aadc06d","name":"ulqini","sameAs":["http:\/\/www.visit-ulcinj.com"],"url":"https:\/\/www.visit-ulcinj.com\/blog\/author\/admin\/"}]}},"jetpack_featured_media_url":"","jetpack_sharing_enabled":true,"jetpack_shortlink":"https:\/\/wp.me\/pe6lTn-gQU","_links":{"self":[{"href":"https:\/\/www.visit-ulcinj.com\/blog\/wp-json\/wp\/v2\/posts\/64784"}],"collection":[{"href":"https:\/\/www.visit-ulcinj.com\/blog\/wp-json\/wp\/v2\/posts"}],"about":[{"href":"https:\/\/www.visit-ulcinj.com\/blog\/wp-json\/wp\/v2\/types\/post"}],"author":[{"embeddable":true,"href":"https:\/\/www.visit-ulcinj.com\/blog\/wp-json\/wp\/v2\/users\/1"}],"replies":[{"embeddable":true,"href":"https:\/\/www.visit-ulcinj.com\/blog\/wp-json\/wp\/v2\/comments?post=64784"}],"version-history":[{"count":2,"href":"https:\/\/www.visit-ulcinj.com\/blog\/wp-json\/wp\/v2\/posts\/64784\/revisions"}],"predecessor-version":[{"id":64790,"href":"https:\/\/www.visit-ulcinj.com\/blog\/wp-json\/wp\/v2\/posts\/64784\/revisions\/64790"}],"wp:attachment":[{"href":"https:\/\/www.visit-ulcinj.com\/blog\/wp-json\/wp\/v2\/media?parent=64784"}],"wp:term":[{"taxonomy":"category","embeddable":true,"href":"https:\/\/www.visit-ulcinj.com\/blog\/wp-json\/wp\/v2\/categories?post=64784"},{"taxonomy":"post_tag","embeddable":true,"href":"https:\/\/www.visit-ulcinj.com\/blog\/wp-json\/wp\/v2\/tags?post=64784"}],"curies":[{"name":"wp","href":"https:\/\/api.w.org\/{rel}","templated":true}]}}