{"id":6479,"date":"2008-11-22T14:24:10","date_gmt":"2008-11-22T19:24:10","guid":{"rendered":"http:\/\/www.visit-ulcinj.com\/blog\/?p=6479"},"modified":"2008-11-22T14:24:10","modified_gmt":"2008-11-22T19:24:10","slug":"enigma-e-historise-malazeze-rasti-i-shasit-11","status":"publish","type":"post","link":"https:\/\/www.visit-ulcinj.com\/blog\/2008\/11\/22\/enigma-e-historise-malazeze-rasti-i-shasit-11\/","title":{"rendered":"Enigma e historis\u00eb malazeze &#8211; Rasti i Shasit (11)"},"content":{"rendered":"<p><a href=\"http:\/\/www.visit-ulcinj.com\/blog\/wp-content\/uploads\/2008\/11\/svacia-civitas-ulcinj.jpg\"><img loading=\"lazy\" class=\"alignleft size-medium wp-image-6480\" title=\"svacia-civitas-ulcinj\" src=\"http:\/\/www.visit-ulcinj.com\/blog\/wp-content\/uploads\/2008\/11\/svacia-civitas-ulcinj-300x201.jpg\" alt=\"\" width=\"394\" height=\"264\" srcset=\"https:\/\/www.visit-ulcinj.com\/blog\/wp-content\/uploads\/2008\/11\/svacia-civitas-ulcinj-300x201.jpg 300w, https:\/\/www.visit-ulcinj.com\/blog\/wp-content\/uploads\/2008\/11\/svacia-civitas-ulcinj.jpg 640w\" sizes=\"(max-width: 394px) 100vw, 394px\" \/><\/a><strong>Periudha e per\u00ebndimit<\/strong><br \/>\n\u00cbsht\u00eb e qart\u00eb se gjat\u00eb sundimit osman n\u00eb Shas ndodh\u00ebn pak gj\u00ebra. Pasi u vendos Perandoria, Porta e humbi interesin p\u00ebr bregdetin Adriatik, nd\u00ebrsa aktiviteti u mb\u00ebshtet n\u00eb zhvillimin e burimeve t\u00eb pasura t\u00eb brendshme t\u00eb Ballkanit jugor si nj\u00eb rezerv\u00eb p\u00ebr mish dhe p\u00ebr l\u00ebkur\u00ebt p\u00ebr ushtrin\u00eb.<br \/>\nNga fillimi i shekullit XV Shasi i d\u00ebrgoi peticion Venedikut me lutjen p\u00ebr t\u00eb fortifikuar qytetin p\u00ebr t`u mbrojtur nga turqit; p\u00ebr \u00e7\u00ebshtjen se deri ku shtriheshin zonat e tij t\u00eb pasigurta do t\u00eb merrej mendimi i peshkopit t\u00eb Shkodr\u00ebs. Pak m\u00eb von\u00eb peshkopi i Shasit u lavd\u00ebrua dhe atij iu rikthyen tokat p\u00ebr sjelljen e mir\u00eb katolike.<br \/>\nNga fundi i shekullit XV, kur pjesa m\u00eb e madhe e Shqip\u00ebris\u00eb ishte n\u00ebn sundimin osman, Venediku mbante Tivarin dhe Kotorrin, nd\u00ebrsa katolicizmi u vendos mir\u00eb p\u00ebrgjat\u00eb bregdetit. Por aty nga vitet 1460, peshkop\u00ebt e Shasit q\u00eb nuk jetonin aty, por n\u00eb Itali dhe Venediku hoqi dor\u00eb nga qyteti si pronoia. K\u00ebshtu nga fundi i shekullit XIV Piloti, Shkodra dhe Sarda p\u00ebrshkruheshin si vende shum\u00eb t\u00eb varfra, nd\u00ebrsa nga fundi i shekullit XV, Shasi, Sarda dhe Drishti ishin b\u00ebr\u00eb g\u00ebrmadha.<br \/>\nN\u00eb nj\u00eb lib\u00ebr klasik udh\u00ebtimesh t\u00eb fillimit t\u00eb shekullit t\u00eb kaluar shkruar nga nj\u00eb pik\u00ebpamje e fort\u00eb katolike prej konsullit francez vendas, &#8220;Sciassi&#8221; (Shasi) shquhet p\u00ebr nj\u00eb p\u00ebrshkrim evokativ t\u00eb nj\u00eb qyteti t\u00eb rr\u00ebnuar q\u00eb dikur kishte pasur kisha t\u00eb panum\u00ebrta. Autori i tij thot\u00eb se si p\u00ebrfytyronte nj\u00eb kryq mbi kish\u00ebn e Maris\u00eb, nd\u00ebrsa p\u00ebrsiat mbi fshatin bashk\u00ebkoh\u00ebs ortodoks dhe mysliman\u00ebt &#8220;fanatik\u00eb&#8221; prej pushtimit osman. Degrandi kishte marr\u00eb zem\u00ebr prej Mbret\u00ebresh\u00ebs &#8220;franceze&#8221; dhe katolike Jelena kur p\u00ebrsiaste mbi &#8220;dominimin&#8221; serb, nd\u00ebrsa pretendonte se &#8220;imponimi&#8221; serb i ortodoksis\u00eb mbi k\u00ebt\u00eb rajon katolik n\u00ebn Nemanjiq\u00ebt kishte qen\u00eb jet\u00ebshkurt\u00ebr.<br \/>\n\u00cbsht\u00eb e habitshme q\u00eb konteksti i p\u00ebrshkrimit t\u00eb tij t\u00eb Shasit dhe qyteteve t\u00eb tjera nuk \u00ebsht\u00eb Mali i Zi, por shum\u00eb m\u00eb tep\u00ebr &#8220;Shqip\u00ebria e Ep\u00ebrme&#8221; e Edit Durhamit dhe rrethinat e Shkodr\u00ebs.<br \/>\n\u00cbsht\u00eb e qart\u00eb se gjat\u00eb sundimit osman n\u00eb Shasit ndodh\u00ebn pak gj\u00ebra. Pasi u vendos Perandoria, Porta e humbi interesin p\u00ebr bregdetin Adriatik, nd\u00ebrsa aktiviteti u mb\u00ebshtet n\u00eb zhvillimin e burimeve t\u00eb pasura t\u00eb brendshme t\u00eb Ballkanit jugor si nj\u00eb rezerv\u00eb p\u00ebr mish dhe p\u00ebr l\u00ebkur\u00ebt p\u00ebr ushtrin\u00eb. Gjithsesi, tregtia e r\u00ebnd\u00ebsishme e krip\u00ebs do t\u00eb ruhej n\u00eb t\u00eb nj\u00ebjtin nivel, me gjith\u00eb kushtet e trazirave tipike p\u00ebr rajonin.<br \/>\n\u00cbsht\u00eb e habitshme q\u00eb konteksti i p\u00ebrshkrimit t\u00eb Shasit dhe qyteteve t\u00eb tjera nga Degrandi nuk \u00ebsht\u00eb Mali i Zi, por shum\u00eb m\u00eb tep\u00ebr &#8220;Shqip\u00ebria e Ep\u00ebrme&#8221; e Edit Durhamit dhe rrethinat e Shkodr\u00ebs.<br \/>\n<strong>Koha Javore<\/strong><\/p>\n<!--YouTube Error: bad URL entered-->\n","protected":false},"excerpt":{"rendered":"<p>Periudha e per\u00ebndimit \u00cbsht\u00eb e qart\u00eb se gjat\u00eb sundimit osman n\u00eb Shas ndodh\u00ebn pak gj\u00ebra. Pasi u vendos Perandoria, Porta e humbi interesin p\u00ebr bregdetin Adriatik, nd\u00ebrsa aktiviteti u mb\u00ebshtet n\u00eb zhvillimin e burimeve t\u00eb pasura t\u00eb brendshme t\u00eb Ballkanit jugor si nj\u00eb rezerv\u00eb p\u00ebr mish dhe p\u00ebr l\u00ebkur\u00ebt p\u00ebr ushtrin\u00eb. Nga fillimi i shekullit [&hellip;]<\/p>\n","protected":false},"author":1,"featured_media":0,"comment_status":"open","ping_status":"closed","sticky":false,"template":"","format":"standard","meta":{"spay_email":"","jetpack_publicize_message":"","jetpack_is_tweetstorm":false,"jetpack_publicize_feature_enabled":true},"categories":[4],"tags":[212,3231,200],"jetpack_publicize_connections":[],"yoast_head":"<!-- This site is optimized with the Yoast SEO plugin v19.1 - https:\/\/yoast.com\/wordpress\/plugins\/seo\/ -->\n<title>Enigma e historis\u00eb malazeze - Rasti i Shasit (11) - Lajme nga Ulqini<\/title>\n<meta name=\"description\" content=\"Periudha e per\u00ebndimit \u00cbsht\u00eb e qart\u00eb se gjat\u00eb sundimit osman n\u00eb Shas ndodh\u00ebn pak gj\u00ebra. Pasi u vendos Perandoria, Porta e humbi interesin p\u00ebr bregdetin\" \/>\n<meta name=\"robots\" content=\"index, follow, max-snippet:-1, max-image-preview:large, max-video-preview:-1\" \/>\n<link rel=\"canonical\" href=\"https:\/\/www.visit-ulcinj.com\/blog\/2008\/11\/22\/enigma-e-historise-malazeze-rasti-i-shasit-11\/\" \/>\n<meta property=\"og:locale\" content=\"en_US\" \/>\n<meta property=\"og:type\" content=\"article\" \/>\n<meta property=\"og:title\" content=\"Enigma e historis\u00eb malazeze - Rasti i Shasit (11) - Lajme nga Ulqini\" \/>\n<meta property=\"og:description\" content=\"Periudha e per\u00ebndimit \u00cbsht\u00eb e qart\u00eb se gjat\u00eb sundimit osman n\u00eb Shas ndodh\u00ebn pak gj\u00ebra. Pasi u vendos Perandoria, Porta e humbi interesin p\u00ebr bregdetin\" \/>\n<meta property=\"og:url\" content=\"https:\/\/www.visit-ulcinj.com\/blog\/2008\/11\/22\/enigma-e-historise-malazeze-rasti-i-shasit-11\/\" \/>\n<meta property=\"og:site_name\" content=\"Lajme nga Ulqini\" \/>\n<meta property=\"article:published_time\" content=\"2008-11-22T19:24:10+00:00\" \/>\n<meta property=\"og:image\" content=\"http:\/\/www.visit-ulcinj.com\/blog\/wp-content\/uploads\/2008\/11\/svacia-civitas-ulcinj-300x201.jpg\" \/>\n<meta name=\"twitter:label1\" content=\"Written by\" \/>\n\t<meta name=\"twitter:data1\" content=\"ulqini\" \/>\n\t<meta name=\"twitter:label2\" content=\"Est. reading time\" \/>\n\t<meta name=\"twitter:data2\" content=\"3 minutes\" \/>\n<script type=\"application\/ld+json\" class=\"yoast-schema-graph\">{\"@context\":\"https:\/\/schema.org\",\"@graph\":[{\"@type\":\"WebSite\",\"@id\":\"https:\/\/www.visit-ulcinj.com\/blog\/#website\",\"url\":\"https:\/\/www.visit-ulcinj.com\/blog\/\",\"name\":\"Lajme nga Ulqini\",\"description\":\"Lajme,Vijesti,Ulqini,Ulqin,Crna Gora,Mali i Zi\",\"potentialAction\":[{\"@type\":\"SearchAction\",\"target\":{\"@type\":\"EntryPoint\",\"urlTemplate\":\"https:\/\/www.visit-ulcinj.com\/blog\/?s={search_term_string}\"},\"query-input\":\"required name=search_term_string\"}],\"inLanguage\":\"en-US\"},{\"@type\":\"ImageObject\",\"inLanguage\":\"en-US\",\"@id\":\"https:\/\/www.visit-ulcinj.com\/blog\/2008\/11\/22\/enigma-e-historise-malazeze-rasti-i-shasit-11\/#primaryimage\",\"url\":\"http:\/\/www.visit-ulcinj.com\/blog\/wp-content\/uploads\/2008\/11\/svacia-civitas-ulcinj-300x201.jpg\",\"contentUrl\":\"http:\/\/www.visit-ulcinj.com\/blog\/wp-content\/uploads\/2008\/11\/svacia-civitas-ulcinj-300x201.jpg\"},{\"@type\":\"WebPage\",\"@id\":\"https:\/\/www.visit-ulcinj.com\/blog\/2008\/11\/22\/enigma-e-historise-malazeze-rasti-i-shasit-11\/#webpage\",\"url\":\"https:\/\/www.visit-ulcinj.com\/blog\/2008\/11\/22\/enigma-e-historise-malazeze-rasti-i-shasit-11\/\",\"name\":\"Enigma e historis\u00eb malazeze - Rasti i Shasit (11) - Lajme nga Ulqini\",\"isPartOf\":{\"@id\":\"https:\/\/www.visit-ulcinj.com\/blog\/#website\"},\"primaryImageOfPage\":{\"@id\":\"https:\/\/www.visit-ulcinj.com\/blog\/2008\/11\/22\/enigma-e-historise-malazeze-rasti-i-shasit-11\/#primaryimage\"},\"datePublished\":\"2008-11-22T19:24:10+00:00\",\"dateModified\":\"2008-11-22T19:24:10+00:00\",\"author\":{\"@id\":\"https:\/\/www.visit-ulcinj.com\/blog\/#\/schema\/person\/dcab619c614d3038751c63bc2aadc06d\"},\"description\":\"Periudha e per\u00ebndimit \u00cbsht\u00eb e qart\u00eb se gjat\u00eb sundimit osman n\u00eb Shas ndodh\u00ebn pak gj\u00ebra. Pasi u vendos Perandoria, Porta e humbi interesin p\u00ebr bregdetin\",\"breadcrumb\":{\"@id\":\"https:\/\/www.visit-ulcinj.com\/blog\/2008\/11\/22\/enigma-e-historise-malazeze-rasti-i-shasit-11\/#breadcrumb\"},\"inLanguage\":\"en-US\",\"potentialAction\":[{\"@type\":\"ReadAction\",\"target\":[\"https:\/\/www.visit-ulcinj.com\/blog\/2008\/11\/22\/enigma-e-historise-malazeze-rasti-i-shasit-11\/\"]}]},{\"@type\":\"BreadcrumbList\",\"@id\":\"https:\/\/www.visit-ulcinj.com\/blog\/2008\/11\/22\/enigma-e-historise-malazeze-rasti-i-shasit-11\/#breadcrumb\",\"itemListElement\":[{\"@type\":\"ListItem\",\"position\":1,\"name\":\"Enigma e historis\u00eb malazeze &#8211; Rasti i Shasit (11)\"}]},{\"@type\":\"Person\",\"@id\":\"https:\/\/www.visit-ulcinj.com\/blog\/#\/schema\/person\/dcab619c614d3038751c63bc2aadc06d\",\"name\":\"ulqini\",\"sameAs\":[\"http:\/\/www.visit-ulcinj.com\"],\"url\":\"https:\/\/www.visit-ulcinj.com\/blog\/author\/admin\/\"}]}<\/script>\n<!-- \/ Yoast SEO plugin. -->","yoast_head_json":{"title":"Enigma e historis\u00eb malazeze - Rasti i Shasit (11) - Lajme nga Ulqini","description":"Periudha e per\u00ebndimit \u00cbsht\u00eb e qart\u00eb se gjat\u00eb sundimit osman n\u00eb Shas ndodh\u00ebn pak gj\u00ebra. Pasi u vendos Perandoria, Porta e humbi interesin p\u00ebr bregdetin","robots":{"index":"index","follow":"follow","max-snippet":"max-snippet:-1","max-image-preview":"max-image-preview:large","max-video-preview":"max-video-preview:-1"},"canonical":"https:\/\/www.visit-ulcinj.com\/blog\/2008\/11\/22\/enigma-e-historise-malazeze-rasti-i-shasit-11\/","og_locale":"en_US","og_type":"article","og_title":"Enigma e historis\u00eb malazeze - Rasti i Shasit (11) - Lajme nga Ulqini","og_description":"Periudha e per\u00ebndimit \u00cbsht\u00eb e qart\u00eb se gjat\u00eb sundimit osman n\u00eb Shas ndodh\u00ebn pak gj\u00ebra. Pasi u vendos Perandoria, Porta e humbi interesin p\u00ebr bregdetin","og_url":"https:\/\/www.visit-ulcinj.com\/blog\/2008\/11\/22\/enigma-e-historise-malazeze-rasti-i-shasit-11\/","og_site_name":"Lajme nga Ulqini","article_published_time":"2008-11-22T19:24:10+00:00","og_image":[{"url":"http:\/\/www.visit-ulcinj.com\/blog\/wp-content\/uploads\/2008\/11\/svacia-civitas-ulcinj-300x201.jpg"}],"twitter_misc":{"Written by":"ulqini","Est. reading time":"3 minutes"},"schema":{"@context":"https:\/\/schema.org","@graph":[{"@type":"WebSite","@id":"https:\/\/www.visit-ulcinj.com\/blog\/#website","url":"https:\/\/www.visit-ulcinj.com\/blog\/","name":"Lajme nga Ulqini","description":"Lajme,Vijesti,Ulqini,Ulqin,Crna Gora,Mali i Zi","potentialAction":[{"@type":"SearchAction","target":{"@type":"EntryPoint","urlTemplate":"https:\/\/www.visit-ulcinj.com\/blog\/?s={search_term_string}"},"query-input":"required name=search_term_string"}],"inLanguage":"en-US"},{"@type":"ImageObject","inLanguage":"en-US","@id":"https:\/\/www.visit-ulcinj.com\/blog\/2008\/11\/22\/enigma-e-historise-malazeze-rasti-i-shasit-11\/#primaryimage","url":"http:\/\/www.visit-ulcinj.com\/blog\/wp-content\/uploads\/2008\/11\/svacia-civitas-ulcinj-300x201.jpg","contentUrl":"http:\/\/www.visit-ulcinj.com\/blog\/wp-content\/uploads\/2008\/11\/svacia-civitas-ulcinj-300x201.jpg"},{"@type":"WebPage","@id":"https:\/\/www.visit-ulcinj.com\/blog\/2008\/11\/22\/enigma-e-historise-malazeze-rasti-i-shasit-11\/#webpage","url":"https:\/\/www.visit-ulcinj.com\/blog\/2008\/11\/22\/enigma-e-historise-malazeze-rasti-i-shasit-11\/","name":"Enigma e historis\u00eb malazeze - Rasti i Shasit (11) - Lajme nga Ulqini","isPartOf":{"@id":"https:\/\/www.visit-ulcinj.com\/blog\/#website"},"primaryImageOfPage":{"@id":"https:\/\/www.visit-ulcinj.com\/blog\/2008\/11\/22\/enigma-e-historise-malazeze-rasti-i-shasit-11\/#primaryimage"},"datePublished":"2008-11-22T19:24:10+00:00","dateModified":"2008-11-22T19:24:10+00:00","author":{"@id":"https:\/\/www.visit-ulcinj.com\/blog\/#\/schema\/person\/dcab619c614d3038751c63bc2aadc06d"},"description":"Periudha e per\u00ebndimit \u00cbsht\u00eb e qart\u00eb se gjat\u00eb sundimit osman n\u00eb Shas ndodh\u00ebn pak gj\u00ebra. Pasi u vendos Perandoria, Porta e humbi interesin p\u00ebr bregdetin","breadcrumb":{"@id":"https:\/\/www.visit-ulcinj.com\/blog\/2008\/11\/22\/enigma-e-historise-malazeze-rasti-i-shasit-11\/#breadcrumb"},"inLanguage":"en-US","potentialAction":[{"@type":"ReadAction","target":["https:\/\/www.visit-ulcinj.com\/blog\/2008\/11\/22\/enigma-e-historise-malazeze-rasti-i-shasit-11\/"]}]},{"@type":"BreadcrumbList","@id":"https:\/\/www.visit-ulcinj.com\/blog\/2008\/11\/22\/enigma-e-historise-malazeze-rasti-i-shasit-11\/#breadcrumb","itemListElement":[{"@type":"ListItem","position":1,"name":"Enigma e historis\u00eb malazeze &#8211; Rasti i Shasit (11)"}]},{"@type":"Person","@id":"https:\/\/www.visit-ulcinj.com\/blog\/#\/schema\/person\/dcab619c614d3038751c63bc2aadc06d","name":"ulqini","sameAs":["http:\/\/www.visit-ulcinj.com"],"url":"https:\/\/www.visit-ulcinj.com\/blog\/author\/admin\/"}]}},"jetpack_featured_media_url":"","jetpack_sharing_enabled":true,"jetpack_shortlink":"https:\/\/wp.me\/pe6lTn-1Gv","_links":{"self":[{"href":"https:\/\/www.visit-ulcinj.com\/blog\/wp-json\/wp\/v2\/posts\/6479"}],"collection":[{"href":"https:\/\/www.visit-ulcinj.com\/blog\/wp-json\/wp\/v2\/posts"}],"about":[{"href":"https:\/\/www.visit-ulcinj.com\/blog\/wp-json\/wp\/v2\/types\/post"}],"author":[{"embeddable":true,"href":"https:\/\/www.visit-ulcinj.com\/blog\/wp-json\/wp\/v2\/users\/1"}],"replies":[{"embeddable":true,"href":"https:\/\/www.visit-ulcinj.com\/blog\/wp-json\/wp\/v2\/comments?post=6479"}],"version-history":[{"count":0,"href":"https:\/\/www.visit-ulcinj.com\/blog\/wp-json\/wp\/v2\/posts\/6479\/revisions"}],"wp:attachment":[{"href":"https:\/\/www.visit-ulcinj.com\/blog\/wp-json\/wp\/v2\/media?parent=6479"}],"wp:term":[{"taxonomy":"category","embeddable":true,"href":"https:\/\/www.visit-ulcinj.com\/blog\/wp-json\/wp\/v2\/categories?post=6479"},{"taxonomy":"post_tag","embeddable":true,"href":"https:\/\/www.visit-ulcinj.com\/blog\/wp-json\/wp\/v2\/tags?post=6479"}],"curies":[{"name":"wp","href":"https:\/\/api.w.org\/{rel}","templated":true}]}}