{"id":64791,"date":"2012-10-18T18:52:48","date_gmt":"2012-10-18T17:52:48","guid":{"rendered":"http:\/\/www.visit-ulcinj.com\/blog\/?p=64791"},"modified":"2012-10-18T18:52:48","modified_gmt":"2012-10-18T17:52:48","slug":"bardhi-ende-nuk-ka-arritur-marrveshjen-me-askend","status":"publish","type":"post","link":"https:\/\/www.visit-ulcinj.com\/blog\/2012\/10\/18\/bardhi-ende-nuk-ka-arritur-marrveshjen-me-askend\/","title":{"rendered":"Bardhi: Ende nuk ka arritur marrveshj\u00ebn me ask\u00ebnd"},"content":{"rendered":"<p><strong><a href=\"http:\/\/www.visit-ulcinj.com\/blog\/wp-content\/uploads\/2012\/10\/MEHMED-BARDHI-KOALICIONI-SHQIPTAR.jpg\"><img loading=\"lazy\" class=\"alignleft  wp-image-64792\" title=\"MEHMED BARDHI - KOALICIONI SHQIPTAR\" src=\"http:\/\/www.visit-ulcinj.com\/blog\/wp-content\/uploads\/2012\/10\/MEHMED-BARDHI-KOALICIONI-SHQIPTAR.jpg\" alt=\"\" width=\"509\" height=\"360\" \/><\/a>Koalicioni shqiptar ende nuk ka arritur marrveshj\u00ebn me ask\u00ebnd<\/strong><\/p>\n<p>Koalicioni shqiptar ende nuk ka arritur marrveshj\u00ebn p\u00ebr aleanc\u00ebn paszgjellore me PDS dhe \u00ebsht\u00eb i gatsh\u00ebm p\u00ebr bisedime me pushtetin,por edhe me opozit\u00ebn,ka deklarua kryetari i LDn\u00ebMZ Mehmet Bardhi.<\/p>\n<p>Ai ka theksuar se k\u00ebrkesat e koalicionit Shqiptar n\u00eb bisedime do t\u00eb jen\u00eb q\u00eb Tuzi t\u00eb jet\u00eb Komun\u00eb e plot\u00eb dhe q\u00eb shqiptar\u00ebt t\u00eb jen\u00eb proporcionalisht t\u00eb p\u00ebrfaq\u00ebsuar n\u00eb institucione.Ai p\u00ebr agjencin\u00eb Mina ka vler\u00ebsuar se shqiptar\u00ebt kan\u00eb p\u00ebrjetuar\u00eb r\u00ebnje n\u00eb zgjedhje sepse n\u00eb parlament do t\u00eb ken\u00eb vet\u00ebm dy perfaq\u00ebsues.Bardhi konsideron se shkaku i k\u00ebsaj \u00ebsht\u00eb ligji zgjellor,i cili,si\u00e7 ka theksuar,nj\u00ebansh\u00ebm \u00ebsht\u00eb miratuar nga shumica ortodokse malazeze.<\/p>\n<p>Ligji e ka d\u00ebshmuar se nuk \u00ebsht\u00eb i mir\u00eb dhe i drejt\u00eb dhe i diskriminon popujt pakic\u00eb.Eshte v\u00ebrtetuar se kund\u00ebrshtimi yn\u00eb miratimit t\u00eb k\u00ebtij ligji ishte i arsyesh\u00ebm, sepse ai nuk respekton dispozitat kushtetuese ka precizuar Bardhi.<\/p>\n<p>TVCG<\/p>\n","protected":false},"excerpt":{"rendered":"<p>Koalicioni shqiptar ende nuk ka arritur marrveshj\u00ebn me ask\u00ebnd Koalicioni shqiptar ende nuk ka arritur marrveshj\u00ebn p\u00ebr aleanc\u00ebn paszgjellore me PDS dhe \u00ebsht\u00eb i gatsh\u00ebm p\u00ebr bisedime me pushtetin,por edhe me opozit\u00ebn,ka deklarua kryetari i LDn\u00ebMZ Mehmet Bardhi. Ai ka theksuar se k\u00ebrkesat e koalicionit Shqiptar n\u00eb bisedime do t\u00eb jen\u00eb q\u00eb Tuzi t\u00eb jet\u00eb [&hellip;]<\/p>\n","protected":false},"author":1,"featured_media":0,"comment_status":"open","ping_status":"closed","sticky":false,"template":"","format":"standard","meta":{"spay_email":"","jetpack_publicize_message":"","jetpack_is_tweetstorm":false,"jetpack_publicize_feature_enabled":true},"categories":[7],"tags":[],"jetpack_publicize_connections":[],"yoast_head":"<!-- This site is optimized with the Yoast SEO plugin v19.1 - https:\/\/yoast.com\/wordpress\/plugins\/seo\/ -->\n<title>Bardhi: Ende nuk ka arritur marrveshj\u00ebn me ask\u00ebnd - Lajme nga Ulqini<\/title>\n<meta name=\"description\" content=\"Koalicioni shqiptar ende nuk ka arritur marrveshj\u00ebn me ask\u00ebnd Koalicioni shqiptar ende nuk ka arritur marrveshj\u00ebn p\u00ebr aleanc\u00ebn paszgjellore me PDS dhe\" \/>\n<meta name=\"robots\" content=\"index, follow, max-snippet:-1, max-image-preview:large, max-video-preview:-1\" \/>\n<link rel=\"canonical\" href=\"https:\/\/www.visit-ulcinj.com\/blog\/2012\/10\/18\/bardhi-ende-nuk-ka-arritur-marrveshjen-me-askend\/\" \/>\n<meta property=\"og:locale\" content=\"en_US\" \/>\n<meta property=\"og:type\" content=\"article\" \/>\n<meta property=\"og:title\" content=\"Bardhi: Ende nuk ka arritur marrveshj\u00ebn me ask\u00ebnd - Lajme nga Ulqini\" \/>\n<meta property=\"og:description\" content=\"Koalicioni shqiptar ende nuk ka arritur marrveshj\u00ebn me ask\u00ebnd Koalicioni shqiptar ende nuk ka arritur marrveshj\u00ebn p\u00ebr aleanc\u00ebn paszgjellore me PDS dhe\" \/>\n<meta property=\"og:url\" content=\"https:\/\/www.visit-ulcinj.com\/blog\/2012\/10\/18\/bardhi-ende-nuk-ka-arritur-marrveshjen-me-askend\/\" \/>\n<meta property=\"og:site_name\" content=\"Lajme nga Ulqini\" \/>\n<meta property=\"article:published_time\" content=\"2012-10-18T17:52:48+00:00\" \/>\n<meta property=\"og:image\" content=\"http:\/\/www.visit-ulcinj.com\/blog\/wp-content\/uploads\/2012\/10\/MEHMED-BARDHI-KOALICIONI-SHQIPTAR.jpg\" \/>\n<meta name=\"twitter:label1\" content=\"Written by\" \/>\n\t<meta name=\"twitter:data1\" content=\"ulqini\" \/>\n\t<meta name=\"twitter:label2\" content=\"Est. reading time\" \/>\n\t<meta name=\"twitter:data2\" content=\"1 minute\" \/>\n<script type=\"application\/ld+json\" class=\"yoast-schema-graph\">{\"@context\":\"https:\/\/schema.org\",\"@graph\":[{\"@type\":\"WebSite\",\"@id\":\"https:\/\/www.visit-ulcinj.com\/blog\/#website\",\"url\":\"https:\/\/www.visit-ulcinj.com\/blog\/\",\"name\":\"Lajme nga Ulqini\",\"description\":\"Lajme,Vijesti,Ulqini,Ulqin,Crna Gora,Mali i Zi\",\"potentialAction\":[{\"@type\":\"SearchAction\",\"target\":{\"@type\":\"EntryPoint\",\"urlTemplate\":\"https:\/\/www.visit-ulcinj.com\/blog\/?s={search_term_string}\"},\"query-input\":\"required name=search_term_string\"}],\"inLanguage\":\"en-US\"},{\"@type\":\"ImageObject\",\"inLanguage\":\"en-US\",\"@id\":\"https:\/\/www.visit-ulcinj.com\/blog\/2012\/10\/18\/bardhi-ende-nuk-ka-arritur-marrveshjen-me-askend\/#primaryimage\",\"url\":\"https:\/\/www.visit-ulcinj.com\/blog\/wp-content\/uploads\/2012\/10\/MEHMED-BARDHI-KOALICIONI-SHQIPTAR.jpg\",\"contentUrl\":\"https:\/\/www.visit-ulcinj.com\/blog\/wp-content\/uploads\/2012\/10\/MEHMED-BARDHI-KOALICIONI-SHQIPTAR.jpg\",\"width\":\"960\",\"height\":\"640\"},{\"@type\":\"WebPage\",\"@id\":\"https:\/\/www.visit-ulcinj.com\/blog\/2012\/10\/18\/bardhi-ende-nuk-ka-arritur-marrveshjen-me-askend\/#webpage\",\"url\":\"https:\/\/www.visit-ulcinj.com\/blog\/2012\/10\/18\/bardhi-ende-nuk-ka-arritur-marrveshjen-me-askend\/\",\"name\":\"Bardhi: Ende nuk ka arritur marrveshj\u00ebn me ask\u00ebnd - Lajme nga Ulqini\",\"isPartOf\":{\"@id\":\"https:\/\/www.visit-ulcinj.com\/blog\/#website\"},\"primaryImageOfPage\":{\"@id\":\"https:\/\/www.visit-ulcinj.com\/blog\/2012\/10\/18\/bardhi-ende-nuk-ka-arritur-marrveshjen-me-askend\/#primaryimage\"},\"datePublished\":\"2012-10-18T17:52:48+00:00\",\"dateModified\":\"2012-10-18T17:52:48+00:00\",\"author\":{\"@id\":\"https:\/\/www.visit-ulcinj.com\/blog\/#\/schema\/person\/dcab619c614d3038751c63bc2aadc06d\"},\"description\":\"Koalicioni shqiptar ende nuk ka arritur marrveshj\u00ebn me ask\u00ebnd Koalicioni shqiptar ende nuk ka arritur marrveshj\u00ebn p\u00ebr aleanc\u00ebn paszgjellore me PDS dhe\",\"breadcrumb\":{\"@id\":\"https:\/\/www.visit-ulcinj.com\/blog\/2012\/10\/18\/bardhi-ende-nuk-ka-arritur-marrveshjen-me-askend\/#breadcrumb\"},\"inLanguage\":\"en-US\",\"potentialAction\":[{\"@type\":\"ReadAction\",\"target\":[\"https:\/\/www.visit-ulcinj.com\/blog\/2012\/10\/18\/bardhi-ende-nuk-ka-arritur-marrveshjen-me-askend\/\"]}]},{\"@type\":\"BreadcrumbList\",\"@id\":\"https:\/\/www.visit-ulcinj.com\/blog\/2012\/10\/18\/bardhi-ende-nuk-ka-arritur-marrveshjen-me-askend\/#breadcrumb\",\"itemListElement\":[{\"@type\":\"ListItem\",\"position\":1,\"name\":\"Bardhi: Ende nuk ka arritur marrveshj\u00ebn me ask\u00ebnd\"}]},{\"@type\":\"Person\",\"@id\":\"https:\/\/www.visit-ulcinj.com\/blog\/#\/schema\/person\/dcab619c614d3038751c63bc2aadc06d\",\"name\":\"ulqini\",\"sameAs\":[\"http:\/\/www.visit-ulcinj.com\"],\"url\":\"https:\/\/www.visit-ulcinj.com\/blog\/author\/admin\/\"}]}<\/script>\n<!-- \/ Yoast SEO plugin. -->","yoast_head_json":{"title":"Bardhi: Ende nuk ka arritur marrveshj\u00ebn me ask\u00ebnd - Lajme nga Ulqini","description":"Koalicioni shqiptar ende nuk ka arritur marrveshj\u00ebn me ask\u00ebnd Koalicioni shqiptar ende nuk ka arritur marrveshj\u00ebn p\u00ebr aleanc\u00ebn paszgjellore me PDS dhe","robots":{"index":"index","follow":"follow","max-snippet":"max-snippet:-1","max-image-preview":"max-image-preview:large","max-video-preview":"max-video-preview:-1"},"canonical":"https:\/\/www.visit-ulcinj.com\/blog\/2012\/10\/18\/bardhi-ende-nuk-ka-arritur-marrveshjen-me-askend\/","og_locale":"en_US","og_type":"article","og_title":"Bardhi: Ende nuk ka arritur marrveshj\u00ebn me ask\u00ebnd - Lajme nga Ulqini","og_description":"Koalicioni shqiptar ende nuk ka arritur marrveshj\u00ebn me ask\u00ebnd Koalicioni shqiptar ende nuk ka arritur marrveshj\u00ebn p\u00ebr aleanc\u00ebn paszgjellore me PDS dhe","og_url":"https:\/\/www.visit-ulcinj.com\/blog\/2012\/10\/18\/bardhi-ende-nuk-ka-arritur-marrveshjen-me-askend\/","og_site_name":"Lajme nga Ulqini","article_published_time":"2012-10-18T17:52:48+00:00","og_image":[{"url":"http:\/\/www.visit-ulcinj.com\/blog\/wp-content\/uploads\/2012\/10\/MEHMED-BARDHI-KOALICIONI-SHQIPTAR.jpg"}],"twitter_misc":{"Written by":"ulqini","Est. reading time":"1 minute"},"schema":{"@context":"https:\/\/schema.org","@graph":[{"@type":"WebSite","@id":"https:\/\/www.visit-ulcinj.com\/blog\/#website","url":"https:\/\/www.visit-ulcinj.com\/blog\/","name":"Lajme nga Ulqini","description":"Lajme,Vijesti,Ulqini,Ulqin,Crna Gora,Mali i Zi","potentialAction":[{"@type":"SearchAction","target":{"@type":"EntryPoint","urlTemplate":"https:\/\/www.visit-ulcinj.com\/blog\/?s={search_term_string}"},"query-input":"required name=search_term_string"}],"inLanguage":"en-US"},{"@type":"ImageObject","inLanguage":"en-US","@id":"https:\/\/www.visit-ulcinj.com\/blog\/2012\/10\/18\/bardhi-ende-nuk-ka-arritur-marrveshjen-me-askend\/#primaryimage","url":"https:\/\/www.visit-ulcinj.com\/blog\/wp-content\/uploads\/2012\/10\/MEHMED-BARDHI-KOALICIONI-SHQIPTAR.jpg","contentUrl":"https:\/\/www.visit-ulcinj.com\/blog\/wp-content\/uploads\/2012\/10\/MEHMED-BARDHI-KOALICIONI-SHQIPTAR.jpg","width":"960","height":"640"},{"@type":"WebPage","@id":"https:\/\/www.visit-ulcinj.com\/blog\/2012\/10\/18\/bardhi-ende-nuk-ka-arritur-marrveshjen-me-askend\/#webpage","url":"https:\/\/www.visit-ulcinj.com\/blog\/2012\/10\/18\/bardhi-ende-nuk-ka-arritur-marrveshjen-me-askend\/","name":"Bardhi: Ende nuk ka arritur marrveshj\u00ebn me ask\u00ebnd - Lajme nga Ulqini","isPartOf":{"@id":"https:\/\/www.visit-ulcinj.com\/blog\/#website"},"primaryImageOfPage":{"@id":"https:\/\/www.visit-ulcinj.com\/blog\/2012\/10\/18\/bardhi-ende-nuk-ka-arritur-marrveshjen-me-askend\/#primaryimage"},"datePublished":"2012-10-18T17:52:48+00:00","dateModified":"2012-10-18T17:52:48+00:00","author":{"@id":"https:\/\/www.visit-ulcinj.com\/blog\/#\/schema\/person\/dcab619c614d3038751c63bc2aadc06d"},"description":"Koalicioni shqiptar ende nuk ka arritur marrveshj\u00ebn me ask\u00ebnd Koalicioni shqiptar ende nuk ka arritur marrveshj\u00ebn p\u00ebr aleanc\u00ebn paszgjellore me PDS dhe","breadcrumb":{"@id":"https:\/\/www.visit-ulcinj.com\/blog\/2012\/10\/18\/bardhi-ende-nuk-ka-arritur-marrveshjen-me-askend\/#breadcrumb"},"inLanguage":"en-US","potentialAction":[{"@type":"ReadAction","target":["https:\/\/www.visit-ulcinj.com\/blog\/2012\/10\/18\/bardhi-ende-nuk-ka-arritur-marrveshjen-me-askend\/"]}]},{"@type":"BreadcrumbList","@id":"https:\/\/www.visit-ulcinj.com\/blog\/2012\/10\/18\/bardhi-ende-nuk-ka-arritur-marrveshjen-me-askend\/#breadcrumb","itemListElement":[{"@type":"ListItem","position":1,"name":"Bardhi: Ende nuk ka arritur marrveshj\u00ebn me ask\u00ebnd"}]},{"@type":"Person","@id":"https:\/\/www.visit-ulcinj.com\/blog\/#\/schema\/person\/dcab619c614d3038751c63bc2aadc06d","name":"ulqini","sameAs":["http:\/\/www.visit-ulcinj.com"],"url":"https:\/\/www.visit-ulcinj.com\/blog\/author\/admin\/"}]}},"jetpack_featured_media_url":"","jetpack_sharing_enabled":true,"jetpack_shortlink":"https:\/\/wp.me\/pe6lTn-gR1","_links":{"self":[{"href":"https:\/\/www.visit-ulcinj.com\/blog\/wp-json\/wp\/v2\/posts\/64791"}],"collection":[{"href":"https:\/\/www.visit-ulcinj.com\/blog\/wp-json\/wp\/v2\/posts"}],"about":[{"href":"https:\/\/www.visit-ulcinj.com\/blog\/wp-json\/wp\/v2\/types\/post"}],"author":[{"embeddable":true,"href":"https:\/\/www.visit-ulcinj.com\/blog\/wp-json\/wp\/v2\/users\/1"}],"replies":[{"embeddable":true,"href":"https:\/\/www.visit-ulcinj.com\/blog\/wp-json\/wp\/v2\/comments?post=64791"}],"version-history":[{"count":1,"href":"https:\/\/www.visit-ulcinj.com\/blog\/wp-json\/wp\/v2\/posts\/64791\/revisions"}],"predecessor-version":[{"id":64793,"href":"https:\/\/www.visit-ulcinj.com\/blog\/wp-json\/wp\/v2\/posts\/64791\/revisions\/64793"}],"wp:attachment":[{"href":"https:\/\/www.visit-ulcinj.com\/blog\/wp-json\/wp\/v2\/media?parent=64791"}],"wp:term":[{"taxonomy":"category","embeddable":true,"href":"https:\/\/www.visit-ulcinj.com\/blog\/wp-json\/wp\/v2\/categories?post=64791"},{"taxonomy":"post_tag","embeddable":true,"href":"https:\/\/www.visit-ulcinj.com\/blog\/wp-json\/wp\/v2\/tags?post=64791"}],"curies":[{"name":"wp","href":"https:\/\/api.w.org\/{rel}","templated":true}]}}