{"id":64840,"date":"2012-10-19T17:18:13","date_gmt":"2012-10-19T16:18:13","guid":{"rendered":"http:\/\/www.visit-ulcinj.com\/blog\/?p=64840"},"modified":"2012-10-19T18:32:59","modified_gmt":"2012-10-19T17:32:59","slug":"ne-100-vjetorin-e-pavaresise-kuvendi-i-shqiperise-nderon-bashkine-vlore-dhe-trevat-shqiptare-komunen-e-prizrenit-kosove-komunen-e-cairit-shkup-dhe-komunen-e-ulqinit-mal-i-zi","status":"publish","type":"post","link":"https:\/\/www.visit-ulcinj.com\/blog\/2012\/10\/19\/ne-100-vjetorin-e-pavaresise-kuvendi-i-shqiperise-nderon-bashkine-vlore-dhe-trevat-shqiptare-komunen-e-prizrenit-kosove-komunen-e-cairit-shkup-dhe-komunen-e-ulqinit-mal-i-zi\/","title":{"rendered":"N\u00eb 100 Vjetorin e Pavar\u00ebsis\u00eb, Kuvendi i Shqip\u00ebris\u00eb nderon Bashkin\u00eb Vlor\u00eb dhe trevat shqiptare; Komun\u00ebn e Prizrenit-Kosov\u00eb, komun\u00ebn e \u00c7airit \u2013 Shkup dhe komun\u00ebn e Ulqinit- Mal i Zi"},"content":{"rendered":"<p><a href=\"http:\/\/www.visit-ulcinj.com\/blog\/wp-content\/uploads\/2012\/10\/parlamenti_shqiptar_Topalli-nderon_Nazif-Cungun.21.jpg\"><img loading=\"lazy\" class=\"alignleft  wp-image-64848\" title=\"parlamenti_shqiptar_Topalli nderon_Nazif Cungun.2\" src=\"http:\/\/www.visit-ulcinj.com\/blog\/wp-content\/uploads\/2012\/10\/parlamenti_shqiptar_Topalli-nderon_Nazif-Cungun.21.jpg\" alt=\"\" width=\"508\" height=\"360\" \/><\/a>N\u00eb kremtimet e 100 Vjetorit t\u00eb shpalljes s\u00eb Pavar\u00ebsis\u00eb, Kuvendi i Shqip\u00ebris\u00eb dhe Kryetarja Jozefina Topalli nderoi sot komunat e Prizrenit, \u00c7airit \u2013 Shkup, Ulqinit dhe t\u00eb Bashkis\u00eb Vlor\u00eb. T\u00eb njohura n\u00eb historin\u00eb ton\u00eb komb\u00ebtare, si vatrat m\u00eb t\u00eb flakta t\u00eb atdhetarizmit, k\u00ebto qytete ndez\u00ebn kryengritjet m\u00eb t\u00eb lavdishme dhe shpalos\u00ebn trim\u00ebrin\u00eb e patriot\u00ebve, ngjarje, t\u00eb cilat ngadhnjuan me dit\u00ebn m\u00eb sublime, shpalljen e Shtetit t\u00eb pavaruar n\u00eb Vlor\u00eb n\u00eb 28 N\u00ebntor 1912 dhe n\u00ebnshkrimin e Deklarat\u00ebs s\u00eb Pavar\u00ebsis\u00eb, si \u00e7ertifikata e lindjes s\u00eb Shtetit shqiptar.<\/p>\n<p>P\u00ebr t\u00eb nderuar kontributin e pacmuar t\u00eb k\u00ebtyre komunave dhe t\u00eb qytetit t\u00eb Vlor\u00ebs, n\u00eb mjediset e Kuvendit t\u00eb Shqip\u00ebris\u00eb, n\u00eb nj\u00eb atmosfer\u00eb solemne, n\u00ebn himnin komb\u00ebtar, ceremonia zyrtare hapi siparin n\u00eb sfond me deklarat\u00ebn e Pavar\u00ebsis\u00eb, portretet e firm\u00ebtar\u00ebve dhe patriot\u00ebve m\u00eb t\u00eb shquar dhe logoja zyrtare e 100 Vjetorit. T\u00eb ftuar ishin ministra, deputet\u00eb, p\u00ebrfaq\u00ebsues zyrtar\u00eb nga Vlora, t\u00eb gjitha trevat ku jetojn\u00eb shqiptar\u00eb, Prizren Kosova, Shkup Maqedoni, Mali i Zi, komuna e Ulqinit, Diaspora dhe personalitete shqiptar\u00eb t\u00eb fushave t\u00eb ndryshme.<\/p>\n<p>Kryetarja e Kuvendit n\u00eb fjal\u00ebn e saj tha se, n\u00eb k\u00ebt\u00eb vit Jubilar, Kuvendi i Shqip\u00ebris\u00eb p\u00ebrkujton me nderim t\u00eb madh ngjarjet q\u00eb \u00e7uan n\u00eb ngritjen e Flamurit n\u00eb Vlor\u00eb, e m\u00eb von\u00eb, n\u00eb krijimin e shtetit shqiptar &#8220;N\u00eb themelet e pavar\u00ebsis\u00eb ka v\u00ebn\u00eb gur\u00eb e gjith\u00eb shqiptaria, tha Kryetarja e Kuvendit. \u201cN\u00eb k\u00ebt\u00eb p\u00ebrvjetor t\u00eb madh , t\u00eb gjith\u00eb me shum\u00eb nderim e p\u00ebrul\u00ebsi duam t\u2019i themi Faleminderit! Faleminderit Prizrenit, faleminderit Shkupit, faleminderit Ulqinit t\u00eb sakrifikuar, Faleminderit Vlor\u00ebs. Mir\u00ebnjohje t\u00eb pafundme.<\/p>\n<p>Kujtesa dhe refleksioni n\u00eb udh\u00ebtimin e gjat\u00eb, t\u00eb rreziksh\u00ebm e t\u00eb v\u00ebshtir\u00eb ku kaloi kombi shqiptar, jan\u00eb krenari dhe besim p\u00ebr qenien ton\u00eb shqiptare, por jan\u00eb t\u00eb \u00e7mueshme p\u00ebr t\u00eb shikuar nga e ardhmja.Rruga p\u00ebr t\u00eb mb\u00ebrritur tek ngritja e flamurit ishte nj\u00eb nd\u00ebrmarrje titanike, p\u00ebr koh\u00ebn e kushtet n\u00eb t\u00eb cilat b\u00ebhej. Suksesi q\u00eb kuror\u00ebzoi, kap\u00ebrceu parashikimet, pengesat e zilin\u00eb e shum\u00eb vendeve, dhe shp\u00ebrbleu shpresat e guximtar\u00ebve. Me 28 N\u00ebntor 1912, Shqip\u00ebria thot\u00eb me z\u00eb t\u00eb lart\u00eb para bot\u00ebs ekzistenc\u00ebn e saj. T\u00eb drejt\u00ebn e shenjt\u00eb p\u00ebr t\u00eb qen\u00eb e pavarur dhe e lir\u00eb. Udh\u00ebtimi shum\u00eb shekullor shqiptar kuror\u00ebzohet mrekullisht n\u00eb Vlor\u00eb.\u201d .<\/p>\n<p>Kryetarja e Kuvendit n\u00eb simbolik\u00eb t\u00eb 100 Vjetorit t\u00eb Pavar\u00ebsis\u00eb n\u00eb shenj\u00eb \u201cMIR\u00cbNJOHJE\u201d i dor\u00ebzoi Komun\u00ebs Prizren, p\u00ebrmes kryetarit z Ramadan Muja, Riprodhimin e Akteve themelore t\u00eb Shtetit Shqiptar 1912-1922\u201d, nj\u00eb botim prestigjioz i Kuvendit t\u00eb Shqip\u00ebris\u00eb, q\u00eb mban logon zyrtare t\u00eb p\u00ebrvjetorit Jubile dhe Emblem\u00ebn e gdhendur krejt\u00ebsisht me dor\u00eb dhe e lar\u00eb n\u00eb ar.<\/p>\n<p>Ky dhurimi p\u00ebr Komun\u00ebn e Prizrenit u b\u00eb me motivacionin: \u201dN\u00eb shenj\u00eb mir\u00ebnjohjeje t\u00eb thell\u00eb p\u00ebr kontributin e madh historik q\u00eb lidhja e Prizrenit ka dh\u00ebn\u00eb p\u00ebr mbrojtjen e \u00e7\u00ebshtjes komb\u00ebtare shqiptare. Ajo ishte e para l\u00ebvizje, q\u00eb synoi t\u00eb p\u00ebrmbushte programin madhor t\u00eb Rilindjes Komb\u00ebtare Shqiptare, njohjen e Kombit, mbrojtjen e t\u00ebr\u00ebsis\u00eb territoriale t\u00eb atdheut dhe formimin e nj\u00eb shteti shqiptar autonom e demokratik.<\/p>\n<p>Motivacioni i nderimit p\u00ebr Komun\u00ebn e \u00c7airit- Shkupit, dor\u00ebzuar kryetarit z. Izet Mexhit ishte \u201cn\u00eb shenj\u00eb mir\u00ebnjohjeje t\u00eb thell\u00eb p\u00ebr Kryengritjen e Shkupit t\u00eb viteve 1843-1844, ku 10,000 kryengrit\u00ebs n\u00ebn udh\u00ebheqjen e Dervish Car\u00ebs \u00e7liruan Shkupin dhe shtruan k\u00ebrkes\u00ebn p\u00ebr pavar\u00ebsi, si dhe p\u00ebr kryengritjet e viteve 1910-1912, q\u00eb p\u00ebrb\u00ebjn\u00eb faz\u00ebn e fundit t\u00eb Rilindjes Komb\u00ebtare shqiptare dhe paradhom\u00ebn e Pavar\u00ebsis\u00eb s\u00eb Shqip\u00ebris\u00eb\u201d.<\/p>\n<p>Komun\u00ebs s\u00eb Ulqinit, p\u00ebrmes kryetarit z. Nazif Cungu iu dor\u00ebzua Riprodhimi i Akteve themelore t\u00eb Shtetit Shqiptar 1912-1922\u201d, me motivacionin \u201cN\u00eb shenj\u00eb mir\u00ebnjohjeje t\u00eb thell\u00eb p\u00ebr kontributin e madh qe Ulqini i sakrifikum e kryengritjet e Mal\u00ebsis\u00eb s\u00eb Veriut p\u00ebrmes q\u00ebndres\u00ebs s\u00eb armatosur, q\u00ebndres\u00eb q\u00eb synonte t\u2019i b\u00ebnte bot\u00ebs t\u00eb kuptonte se Trojet Shqiptare nuk mund t\u00eb trajtoheshin si pla\u00e7k\u00eb tregu. N\u00eb saj\u00eb t\u00eb k\u00ebsaj q\u00ebndrese, fuqit\u00eb e m\u00ebdha u detyruan t\u00eb rishikonin tri her\u00eb me radh\u00eb vendimet e tyre t\u00eb padrejta ndaj Kombit Shqiptar\u201d<\/p>\n<p>Qytetit t\u00eb shpalljes s\u00eb Pavar\u00ebsis\u00eb Vlor\u00ebs iu dor\u00ebzua riprodhimi i Akteve t\u00eb Themelimit me motivacionin \u201cN\u00eb shenj\u00eb mir\u00ebnjohjeje t\u00eb thelle, si qendra ku u b\u00eb mbledhja e p\u00ebrfaq\u00ebsuesve t\u00eb Kombit Shqiptar, m\u00eb 28 N\u00ebntor 1912, ku delegatet n\u00ebnshkruan dokumentin historik p\u00ebr pavar\u00ebsin\u00eb e Shqip\u00ebris\u00eb, ku thuhet: \u201c.. Shqip\u00ebria m\u00eb sot t\u00eb bahet n\u00eb vehte, e lir\u00eb, e mosvarme&#8230;, ku Ismail Bej Vlora ngriti madh\u00ebrish\u00ebm flamurin Komb\u00ebtar Shqiptar.<\/p>\n<p>N\u00eb p\u00ebrsh\u00ebndetjen e tij, kryetari i t\u00eb Komun\u00ebs s\u00eb Prizrenit z Ramadan Muja falenderoi dhe shprehu mir\u00ebnjohjen e thell\u00eb p\u00ebr Kryetaren e Kuvendit Jozefina Topalli p\u00ebr ftes\u00ebn n\u00eb k\u00ebt\u00eb ceremonial n\u00eb sh\u00ebnim t\u00eb 100-Vjetorit t\u00eb themelimit t\u00eb shtetit t\u00eb pavarur shqiptar. Duke cituar Rilindasin e madh Sami Frash\u00ebri, z. Muja tha se, \u201d Prizreni i lasht\u00eb dhe heroik, mbetet n\u00eb histori si selia e Lidhjes Shqiptare t\u00eb Prizrenit, e v\u00ebnies s\u00eb themeleve t\u00eb shtet\u00ebsis\u00eb shqiptare\u201d.<\/p>\n<p>Kryetari i Komun\u00ebs s\u00eb Ulqinit z.Nazif Cungu tha se ndihet i nderuar dhe i privilegjuar p\u00ebr t\u00eb folur n\u00eb em\u00ebr t\u00eb shqiptar\u00ebve t\u00eb Malit t\u00eb Zi n\u00eb k\u00ebt\u00eb ceremoni madh\u00ebshtore, n\u00eb Kuvendin e Shqip\u00ebris\u00eb<br \/>\n\u201cVendlindja jon\u00eb komb\u00ebtare fushbetejat e para i pati pik\u00ebriosht p\u00ebr p\u00ebrpjekjet e Lidhjes s\u00eb Prizrenit p\u00ebr t\u00eb ruajtur flamurin, i cili u ngrit n\u00eb Uliqin. Flamuri i heroit u ngrit p\u00ebr her\u00eb t\u00eb par\u00eb pas vdekjes s\u00eb heroit ton\u00eb komb\u00ebtar m\u00eb 6 prill 1911, n\u00eb Gotil t\u00eb malit Go\u00e7i\u00e7. N\u00eb shqiptar\u00ebt e Mal t\u00eb Zi e shohim me v\u00ebmendje t\u00eb madhe \u00e7do arritje t\u00eb Shqip\u00ebris\u00eb dhe g\u00ebzohemi p\u00ebr an\u00ebtar\u00ebsimin n\u00eb NATO, dhe marrjes s\u00eb statusit t\u00eb kandidatit \u201c- u shpreh z. Cungu.<\/p>\n<p>N\u00eb fjal\u00ebn e tij, kryetari i Komun\u00ebs \u00c7air, Shkup, zoti Izet Mexhiti Kam tha se \u201c\u00ebsht\u00eb nder, k\u00ebnaq\u00ebsi edhe p\u00ebrgjegj\u00ebsi p\u00ebr t\u00eb marr\u00eb pjes\u00eb n\u00eb k\u00ebt\u00eb aktivitet solemn ku sikurse u shpreh ai \u201cShkupi \u00ebsht\u00eb barazuar me Vlor\u00ebn e Pavar\u00ebsis\u00eb dhe Prizrenin e lavdis\u00eb son\u00eb historike, pa e harruar Ulqinin. K\u00ebto dit\u00eb kur e gjith\u00eb shqiptaria \u00ebsht\u00eb n\u00eb k\u00ebmb\u00eb dhe \u00ebsht\u00eb mbledhur p\u00ebr t\u00eb sh\u00ebnuar 100-Vjetorin e shtetit shqiptar, krahas dhe shtetit t\u00eb ri t\u00eb Kosov\u00ebs\u201d.<\/p>\n<p>Prefektit t\u00eb Vlor\u00ebs, Eduard Vecani tha se fati dhe merita solli q\u00eb Pavar\u00ebsia t\u00eb shpallej n\u00eb Vlor\u00eb, por ky akt i madh i p\u00ebrket gjith\u00eb trevave shqiptar Shkod\u00ebr, Ulqin, Shkup,Elbasan, Tiran\u00eb, e \u00c7am\u00ebri.<\/p>\n<p>Gjat\u00eb ceremonis\u00eb, artisti i mir\u00ebnjohur Bujar Asqeriu recitoi poezin\u00eb e nder\u00eb t\u00eb poetit komb\u00ebtar Ali Podrimja \u201cUne biri yt Kosove\u201d dhe \u201c Atdheu\u201d nga Fatos Arapi dhe n\u00eb z\u00ebrin e jasht\u00ebzakonsh\u00ebm t\u00eb Aurela Ga\u00e7es dhe grupi isopolifonik t\u00eb Vlor\u00ebs u k\u00ebnduan k\u00ebng\u00eb patriotike. N\u00eb mbyllje t\u00eb k\u00ebtij aktiviteti Kryetarja e Kuvendit duke falenderuar dhe vler\u00ebsuar kryetar\u00ebt e Komunave dhe t\u00eb gjith\u00eb t\u00eb ftuarit, tha se \u201cAtdheu \u00ebsht\u00eb toka jon\u00eb e premtuar. Shqiptar\u00ebt t\u00eb bashkuar me nj\u00ebri tjetrin, t\u00eb bashkuar n\u00eb Evrop\u00eb\u201d<\/p>\n<p><iframe loading=\"lazy\" src=\"http:\/\/www.youtube.com\/embed\/LICLzorKmJs?rel=0\" frameborder=\"0\" width=\"508\" height=\"360\"><\/iframe><\/p>\n","protected":false},"excerpt":{"rendered":"<p>N\u00eb kremtimet e 100 Vjetorit t\u00eb shpalljes s\u00eb Pavar\u00ebsis\u00eb, Kuvendi i Shqip\u00ebris\u00eb dhe Kryetarja Jozefina Topalli nderoi sot komunat e Prizrenit, \u00c7airit \u2013 Shkup, Ulqinit dhe t\u00eb Bashkis\u00eb Vlor\u00eb. T\u00eb njohura n\u00eb historin\u00eb ton\u00eb komb\u00ebtare, si vatrat m\u00eb t\u00eb flakta t\u00eb atdhetarizmit, k\u00ebto qytete ndez\u00ebn kryengritjet m\u00eb t\u00eb lavdishme dhe shpalos\u00ebn trim\u00ebrin\u00eb e patriot\u00ebve, ngjarje, [&hellip;]<\/p>\n","protected":false},"author":1,"featured_media":0,"comment_status":"open","ping_status":"closed","sticky":false,"template":"","format":"standard","meta":{"spay_email":"","jetpack_publicize_message":"","jetpack_is_tweetstorm":false,"jetpack_publicize_feature_enabled":true},"categories":[6950],"tags":[19876,2307,3582,200,4243],"jetpack_publicize_connections":[],"yoast_head":"<!-- This site is optimized with the Yoast SEO plugin v19.1 - https:\/\/yoast.com\/wordpress\/plugins\/seo\/ -->\n<title>N\u00eb 100 Vjetorin e Pavar\u00ebsis\u00eb, Kuvendi i Shqip\u00ebris\u00eb nderon Bashkin\u00eb Vlor\u00eb dhe trevat shqiptare; Komun\u00ebn e Prizrenit-Kosov\u00eb, komun\u00ebn e \u00c7airit \u2013 Shkup dhe komun\u00ebn e Ulqinit- Mal i Zi - Lajme nga Ulqini<\/title>\n<meta name=\"description\" content=\"N\u00eb kremtimet e 100 Vjetorit t\u00eb shpalljes s\u00eb Pavar\u00ebsis\u00eb, Kuvendi i Shqip\u00ebris\u00eb dhe Kryetarja Jozefina Topalli nderoi sot komunat e Prizrenit, \u00c7airit \u2013\" \/>\n<meta name=\"robots\" content=\"index, follow, max-snippet:-1, max-image-preview:large, max-video-preview:-1\" \/>\n<link rel=\"canonical\" href=\"https:\/\/www.visit-ulcinj.com\/blog\/2012\/10\/19\/ne-100-vjetorin-e-pavaresise-kuvendi-i-shqiperise-nderon-bashkine-vlore-dhe-trevat-shqiptare-komunen-e-prizrenit-kosove-komunen-e-cairit-shkup-dhe-komunen-e-ulqinit-mal-i-zi\/\" \/>\n<meta property=\"og:locale\" content=\"en_US\" \/>\n<meta property=\"og:type\" content=\"article\" \/>\n<meta property=\"og:title\" content=\"N\u00eb 100 Vjetorin e Pavar\u00ebsis\u00eb, Kuvendi i Shqip\u00ebris\u00eb nderon Bashkin\u00eb Vlor\u00eb dhe trevat shqiptare; Komun\u00ebn e Prizrenit-Kosov\u00eb, komun\u00ebn e \u00c7airit \u2013 Shkup dhe komun\u00ebn e Ulqinit- Mal i Zi - Lajme nga Ulqini\" \/>\n<meta property=\"og:description\" content=\"N\u00eb kremtimet e 100 Vjetorit t\u00eb shpalljes s\u00eb Pavar\u00ebsis\u00eb, Kuvendi i Shqip\u00ebris\u00eb dhe Kryetarja Jozefina Topalli nderoi sot komunat e Prizrenit, \u00c7airit \u2013\" \/>\n<meta property=\"og:url\" content=\"https:\/\/www.visit-ulcinj.com\/blog\/2012\/10\/19\/ne-100-vjetorin-e-pavaresise-kuvendi-i-shqiperise-nderon-bashkine-vlore-dhe-trevat-shqiptare-komunen-e-prizrenit-kosove-komunen-e-cairit-shkup-dhe-komunen-e-ulqinit-mal-i-zi\/\" \/>\n<meta property=\"og:site_name\" content=\"Lajme nga Ulqini\" \/>\n<meta property=\"article:published_time\" content=\"2012-10-19T16:18:13+00:00\" \/>\n<meta property=\"article:modified_time\" content=\"2012-10-19T17:32:59+00:00\" \/>\n<meta property=\"og:image\" content=\"http:\/\/www.visit-ulcinj.com\/blog\/wp-content\/uploads\/2012\/10\/parlamenti_shqiptar_Topalli-nderon_Nazif-Cungun.21.jpg\" \/>\n<meta name=\"twitter:label1\" content=\"Written by\" \/>\n\t<meta name=\"twitter:data1\" content=\"ulqini\" \/>\n\t<meta name=\"twitter:label2\" content=\"Est. reading time\" \/>\n\t<meta name=\"twitter:data2\" content=\"6 minutes\" \/>\n<script type=\"application\/ld+json\" class=\"yoast-schema-graph\">{\"@context\":\"https:\/\/schema.org\",\"@graph\":[{\"@type\":\"WebSite\",\"@id\":\"https:\/\/www.visit-ulcinj.com\/blog\/#website\",\"url\":\"https:\/\/www.visit-ulcinj.com\/blog\/\",\"name\":\"Lajme nga Ulqini\",\"description\":\"Lajme,Vijesti,Ulqini,Ulqin,Crna Gora,Mali i Zi\",\"potentialAction\":[{\"@type\":\"SearchAction\",\"target\":{\"@type\":\"EntryPoint\",\"urlTemplate\":\"https:\/\/www.visit-ulcinj.com\/blog\/?s={search_term_string}\"},\"query-input\":\"required name=search_term_string\"}],\"inLanguage\":\"en-US\"},{\"@type\":\"ImageObject\",\"inLanguage\":\"en-US\",\"@id\":\"https:\/\/www.visit-ulcinj.com\/blog\/2012\/10\/19\/ne-100-vjetorin-e-pavaresise-kuvendi-i-shqiperise-nderon-bashkine-vlore-dhe-trevat-shqiptare-komunen-e-prizrenit-kosove-komunen-e-cairit-shkup-dhe-komunen-e-ulqinit-mal-i-zi\/#primaryimage\",\"url\":\"https:\/\/www.visit-ulcinj.com\/blog\/wp-content\/uploads\/2012\/10\/parlamenti_shqiptar_Topalli-nderon_Nazif-Cungun.21.jpg\",\"contentUrl\":\"https:\/\/www.visit-ulcinj.com\/blog\/wp-content\/uploads\/2012\/10\/parlamenti_shqiptar_Topalli-nderon_Nazif-Cungun.21.jpg\",\"width\":\"640\",\"height\":\"472\"},{\"@type\":\"WebPage\",\"@id\":\"https:\/\/www.visit-ulcinj.com\/blog\/2012\/10\/19\/ne-100-vjetorin-e-pavaresise-kuvendi-i-shqiperise-nderon-bashkine-vlore-dhe-trevat-shqiptare-komunen-e-prizrenit-kosove-komunen-e-cairit-shkup-dhe-komunen-e-ulqinit-mal-i-zi\/#webpage\",\"url\":\"https:\/\/www.visit-ulcinj.com\/blog\/2012\/10\/19\/ne-100-vjetorin-e-pavaresise-kuvendi-i-shqiperise-nderon-bashkine-vlore-dhe-trevat-shqiptare-komunen-e-prizrenit-kosove-komunen-e-cairit-shkup-dhe-komunen-e-ulqinit-mal-i-zi\/\",\"name\":\"N\u00eb 100 Vjetorin e Pavar\u00ebsis\u00eb, Kuvendi i Shqip\u00ebris\u00eb nderon Bashkin\u00eb Vlor\u00eb dhe trevat shqiptare; Komun\u00ebn e Prizrenit-Kosov\u00eb, komun\u00ebn e \u00c7airit \u2013 Shkup dhe komun\u00ebn e Ulqinit- Mal i Zi - Lajme nga Ulqini\",\"isPartOf\":{\"@id\":\"https:\/\/www.visit-ulcinj.com\/blog\/#website\"},\"primaryImageOfPage\":{\"@id\":\"https:\/\/www.visit-ulcinj.com\/blog\/2012\/10\/19\/ne-100-vjetorin-e-pavaresise-kuvendi-i-shqiperise-nderon-bashkine-vlore-dhe-trevat-shqiptare-komunen-e-prizrenit-kosove-komunen-e-cairit-shkup-dhe-komunen-e-ulqinit-mal-i-zi\/#primaryimage\"},\"datePublished\":\"2012-10-19T16:18:13+00:00\",\"dateModified\":\"2012-10-19T17:32:59+00:00\",\"author\":{\"@id\":\"https:\/\/www.visit-ulcinj.com\/blog\/#\/schema\/person\/dcab619c614d3038751c63bc2aadc06d\"},\"description\":\"N\u00eb kremtimet e 100 Vjetorit t\u00eb shpalljes s\u00eb Pavar\u00ebsis\u00eb, Kuvendi i Shqip\u00ebris\u00eb dhe Kryetarja Jozefina Topalli nderoi sot komunat e Prizrenit, \u00c7airit \u2013\",\"breadcrumb\":{\"@id\":\"https:\/\/www.visit-ulcinj.com\/blog\/2012\/10\/19\/ne-100-vjetorin-e-pavaresise-kuvendi-i-shqiperise-nderon-bashkine-vlore-dhe-trevat-shqiptare-komunen-e-prizrenit-kosove-komunen-e-cairit-shkup-dhe-komunen-e-ulqinit-mal-i-zi\/#breadcrumb\"},\"inLanguage\":\"en-US\",\"potentialAction\":[{\"@type\":\"ReadAction\",\"target\":[\"https:\/\/www.visit-ulcinj.com\/blog\/2012\/10\/19\/ne-100-vjetorin-e-pavaresise-kuvendi-i-shqiperise-nderon-bashkine-vlore-dhe-trevat-shqiptare-komunen-e-prizrenit-kosove-komunen-e-cairit-shkup-dhe-komunen-e-ulqinit-mal-i-zi\/\"]}]},{\"@type\":\"BreadcrumbList\",\"@id\":\"https:\/\/www.visit-ulcinj.com\/blog\/2012\/10\/19\/ne-100-vjetorin-e-pavaresise-kuvendi-i-shqiperise-nderon-bashkine-vlore-dhe-trevat-shqiptare-komunen-e-prizrenit-kosove-komunen-e-cairit-shkup-dhe-komunen-e-ulqinit-mal-i-zi\/#breadcrumb\",\"itemListElement\":[{\"@type\":\"ListItem\",\"position\":1,\"name\":\"N\u00eb 100 Vjetorin e Pavar\u00ebsis\u00eb, Kuvendi i Shqip\u00ebris\u00eb nderon Bashkin\u00eb Vlor\u00eb dhe trevat shqiptare; Komun\u00ebn e Prizrenit-Kosov\u00eb, komun\u00ebn e \u00c7airit \u2013 Shkup dhe komun\u00ebn e Ulqinit- Mal i Zi\"}]},{\"@type\":\"Person\",\"@id\":\"https:\/\/www.visit-ulcinj.com\/blog\/#\/schema\/person\/dcab619c614d3038751c63bc2aadc06d\",\"name\":\"ulqini\",\"sameAs\":[\"http:\/\/www.visit-ulcinj.com\"],\"url\":\"https:\/\/www.visit-ulcinj.com\/blog\/author\/admin\/\"}]}<\/script>\n<!-- \/ Yoast SEO plugin. -->","yoast_head_json":{"title":"N\u00eb 100 Vjetorin e Pavar\u00ebsis\u00eb, Kuvendi i Shqip\u00ebris\u00eb nderon Bashkin\u00eb Vlor\u00eb dhe trevat shqiptare; Komun\u00ebn e Prizrenit-Kosov\u00eb, komun\u00ebn e \u00c7airit \u2013 Shkup dhe komun\u00ebn e Ulqinit- Mal i Zi - Lajme nga Ulqini","description":"N\u00eb kremtimet e 100 Vjetorit t\u00eb shpalljes s\u00eb Pavar\u00ebsis\u00eb, Kuvendi i Shqip\u00ebris\u00eb dhe Kryetarja Jozefina Topalli nderoi sot komunat e Prizrenit, \u00c7airit \u2013","robots":{"index":"index","follow":"follow","max-snippet":"max-snippet:-1","max-image-preview":"max-image-preview:large","max-video-preview":"max-video-preview:-1"},"canonical":"https:\/\/www.visit-ulcinj.com\/blog\/2012\/10\/19\/ne-100-vjetorin-e-pavaresise-kuvendi-i-shqiperise-nderon-bashkine-vlore-dhe-trevat-shqiptare-komunen-e-prizrenit-kosove-komunen-e-cairit-shkup-dhe-komunen-e-ulqinit-mal-i-zi\/","og_locale":"en_US","og_type":"article","og_title":"N\u00eb 100 Vjetorin e Pavar\u00ebsis\u00eb, Kuvendi i Shqip\u00ebris\u00eb nderon Bashkin\u00eb Vlor\u00eb dhe trevat shqiptare; Komun\u00ebn e Prizrenit-Kosov\u00eb, komun\u00ebn e \u00c7airit \u2013 Shkup dhe komun\u00ebn e Ulqinit- Mal i Zi - Lajme nga Ulqini","og_description":"N\u00eb kremtimet e 100 Vjetorit t\u00eb shpalljes s\u00eb Pavar\u00ebsis\u00eb, Kuvendi i Shqip\u00ebris\u00eb dhe Kryetarja Jozefina Topalli nderoi sot komunat e Prizrenit, \u00c7airit \u2013","og_url":"https:\/\/www.visit-ulcinj.com\/blog\/2012\/10\/19\/ne-100-vjetorin-e-pavaresise-kuvendi-i-shqiperise-nderon-bashkine-vlore-dhe-trevat-shqiptare-komunen-e-prizrenit-kosove-komunen-e-cairit-shkup-dhe-komunen-e-ulqinit-mal-i-zi\/","og_site_name":"Lajme nga Ulqini","article_published_time":"2012-10-19T16:18:13+00:00","article_modified_time":"2012-10-19T17:32:59+00:00","og_image":[{"url":"http:\/\/www.visit-ulcinj.com\/blog\/wp-content\/uploads\/2012\/10\/parlamenti_shqiptar_Topalli-nderon_Nazif-Cungun.21.jpg"}],"twitter_misc":{"Written by":"ulqini","Est. reading time":"6 minutes"},"schema":{"@context":"https:\/\/schema.org","@graph":[{"@type":"WebSite","@id":"https:\/\/www.visit-ulcinj.com\/blog\/#website","url":"https:\/\/www.visit-ulcinj.com\/blog\/","name":"Lajme nga Ulqini","description":"Lajme,Vijesti,Ulqini,Ulqin,Crna Gora,Mali i Zi","potentialAction":[{"@type":"SearchAction","target":{"@type":"EntryPoint","urlTemplate":"https:\/\/www.visit-ulcinj.com\/blog\/?s={search_term_string}"},"query-input":"required name=search_term_string"}],"inLanguage":"en-US"},{"@type":"ImageObject","inLanguage":"en-US","@id":"https:\/\/www.visit-ulcinj.com\/blog\/2012\/10\/19\/ne-100-vjetorin-e-pavaresise-kuvendi-i-shqiperise-nderon-bashkine-vlore-dhe-trevat-shqiptare-komunen-e-prizrenit-kosove-komunen-e-cairit-shkup-dhe-komunen-e-ulqinit-mal-i-zi\/#primaryimage","url":"https:\/\/www.visit-ulcinj.com\/blog\/wp-content\/uploads\/2012\/10\/parlamenti_shqiptar_Topalli-nderon_Nazif-Cungun.21.jpg","contentUrl":"https:\/\/www.visit-ulcinj.com\/blog\/wp-content\/uploads\/2012\/10\/parlamenti_shqiptar_Topalli-nderon_Nazif-Cungun.21.jpg","width":"640","height":"472"},{"@type":"WebPage","@id":"https:\/\/www.visit-ulcinj.com\/blog\/2012\/10\/19\/ne-100-vjetorin-e-pavaresise-kuvendi-i-shqiperise-nderon-bashkine-vlore-dhe-trevat-shqiptare-komunen-e-prizrenit-kosove-komunen-e-cairit-shkup-dhe-komunen-e-ulqinit-mal-i-zi\/#webpage","url":"https:\/\/www.visit-ulcinj.com\/blog\/2012\/10\/19\/ne-100-vjetorin-e-pavaresise-kuvendi-i-shqiperise-nderon-bashkine-vlore-dhe-trevat-shqiptare-komunen-e-prizrenit-kosove-komunen-e-cairit-shkup-dhe-komunen-e-ulqinit-mal-i-zi\/","name":"N\u00eb 100 Vjetorin e Pavar\u00ebsis\u00eb, Kuvendi i Shqip\u00ebris\u00eb nderon Bashkin\u00eb Vlor\u00eb dhe trevat shqiptare; Komun\u00ebn e Prizrenit-Kosov\u00eb, komun\u00ebn e \u00c7airit \u2013 Shkup dhe komun\u00ebn e Ulqinit- Mal i Zi - Lajme nga Ulqini","isPartOf":{"@id":"https:\/\/www.visit-ulcinj.com\/blog\/#website"},"primaryImageOfPage":{"@id":"https:\/\/www.visit-ulcinj.com\/blog\/2012\/10\/19\/ne-100-vjetorin-e-pavaresise-kuvendi-i-shqiperise-nderon-bashkine-vlore-dhe-trevat-shqiptare-komunen-e-prizrenit-kosove-komunen-e-cairit-shkup-dhe-komunen-e-ulqinit-mal-i-zi\/#primaryimage"},"datePublished":"2012-10-19T16:18:13+00:00","dateModified":"2012-10-19T17:32:59+00:00","author":{"@id":"https:\/\/www.visit-ulcinj.com\/blog\/#\/schema\/person\/dcab619c614d3038751c63bc2aadc06d"},"description":"N\u00eb kremtimet e 100 Vjetorit t\u00eb shpalljes s\u00eb Pavar\u00ebsis\u00eb, Kuvendi i Shqip\u00ebris\u00eb dhe Kryetarja Jozefina Topalli nderoi sot komunat e Prizrenit, \u00c7airit \u2013","breadcrumb":{"@id":"https:\/\/www.visit-ulcinj.com\/blog\/2012\/10\/19\/ne-100-vjetorin-e-pavaresise-kuvendi-i-shqiperise-nderon-bashkine-vlore-dhe-trevat-shqiptare-komunen-e-prizrenit-kosove-komunen-e-cairit-shkup-dhe-komunen-e-ulqinit-mal-i-zi\/#breadcrumb"},"inLanguage":"en-US","potentialAction":[{"@type":"ReadAction","target":["https:\/\/www.visit-ulcinj.com\/blog\/2012\/10\/19\/ne-100-vjetorin-e-pavaresise-kuvendi-i-shqiperise-nderon-bashkine-vlore-dhe-trevat-shqiptare-komunen-e-prizrenit-kosove-komunen-e-cairit-shkup-dhe-komunen-e-ulqinit-mal-i-zi\/"]}]},{"@type":"BreadcrumbList","@id":"https:\/\/www.visit-ulcinj.com\/blog\/2012\/10\/19\/ne-100-vjetorin-e-pavaresise-kuvendi-i-shqiperise-nderon-bashkine-vlore-dhe-trevat-shqiptare-komunen-e-prizrenit-kosove-komunen-e-cairit-shkup-dhe-komunen-e-ulqinit-mal-i-zi\/#breadcrumb","itemListElement":[{"@type":"ListItem","position":1,"name":"N\u00eb 100 Vjetorin e Pavar\u00ebsis\u00eb, Kuvendi i Shqip\u00ebris\u00eb nderon Bashkin\u00eb Vlor\u00eb dhe trevat shqiptare; Komun\u00ebn e Prizrenit-Kosov\u00eb, komun\u00ebn e \u00c7airit \u2013 Shkup dhe komun\u00ebn e Ulqinit- Mal i Zi"}]},{"@type":"Person","@id":"https:\/\/www.visit-ulcinj.com\/blog\/#\/schema\/person\/dcab619c614d3038751c63bc2aadc06d","name":"ulqini","sameAs":["http:\/\/www.visit-ulcinj.com"],"url":"https:\/\/www.visit-ulcinj.com\/blog\/author\/admin\/"}]}},"jetpack_featured_media_url":"","jetpack_sharing_enabled":true,"jetpack_shortlink":"https:\/\/wp.me\/pe6lTn-gRO","_links":{"self":[{"href":"https:\/\/www.visit-ulcinj.com\/blog\/wp-json\/wp\/v2\/posts\/64840"}],"collection":[{"href":"https:\/\/www.visit-ulcinj.com\/blog\/wp-json\/wp\/v2\/posts"}],"about":[{"href":"https:\/\/www.visit-ulcinj.com\/blog\/wp-json\/wp\/v2\/types\/post"}],"author":[{"embeddable":true,"href":"https:\/\/www.visit-ulcinj.com\/blog\/wp-json\/wp\/v2\/users\/1"}],"replies":[{"embeddable":true,"href":"https:\/\/www.visit-ulcinj.com\/blog\/wp-json\/wp\/v2\/comments?post=64840"}],"version-history":[{"count":4,"href":"https:\/\/www.visit-ulcinj.com\/blog\/wp-json\/wp\/v2\/posts\/64840\/revisions"}],"predecessor-version":[{"id":64850,"href":"https:\/\/www.visit-ulcinj.com\/blog\/wp-json\/wp\/v2\/posts\/64840\/revisions\/64850"}],"wp:attachment":[{"href":"https:\/\/www.visit-ulcinj.com\/blog\/wp-json\/wp\/v2\/media?parent=64840"}],"wp:term":[{"taxonomy":"category","embeddable":true,"href":"https:\/\/www.visit-ulcinj.com\/blog\/wp-json\/wp\/v2\/categories?post=64840"},{"taxonomy":"post_tag","embeddable":true,"href":"https:\/\/www.visit-ulcinj.com\/blog\/wp-json\/wp\/v2\/tags?post=64840"}],"curies":[{"name":"wp","href":"https:\/\/api.w.org\/{rel}","templated":true}]}}