{"id":6485,"date":"2008-11-22T14:45:42","date_gmt":"2008-11-22T19:45:42","guid":{"rendered":"http:\/\/www.visit-ulcinj.com\/blog\/?p=6485"},"modified":"2008-11-22T14:45:42","modified_gmt":"2008-11-22T19:45:42","slug":"ambasadori-i-shqiperise-ne-force","status":"publish","type":"post","link":"https:\/\/www.visit-ulcinj.com\/blog\/2008\/11\/22\/ambasadori-i-shqiperise-ne-force\/","title":{"rendered":"Ambasadori i Shqiperise ne Forc\u00eb"},"content":{"rendered":"<p><a href=\"http:\/\/www.visit-ulcinj.com\/blog\/wp-content\/uploads\/2008\/11\/cungu-beci.jpg\"><img loading=\"lazy\" class=\"alignleft size-medium wp-image-6486\" title=\"cungu-beci\" src=\"http:\/\/www.visit-ulcinj.com\/blog\/wp-content\/uploads\/2008\/11\/cungu-beci-300x224.jpg\" alt=\"\" width=\"322\" height=\"241\" srcset=\"https:\/\/www.visit-ulcinj.com\/blog\/wp-content\/uploads\/2008\/11\/cungu-beci-300x224.jpg 300w, https:\/\/www.visit-ulcinj.com\/blog\/wp-content\/uploads\/2008\/11\/cungu-beci.jpg 599w\" sizes=\"(max-width: 322px) 100vw, 322px\" \/><\/a>Sot n\u00eb Komun\u00ebn e Ulqinit n\u00eb nj\u00eb vizite zyrtar\u00eb ishte Ambasadori i Republik\u00ebs s\u00eb\u00a0 Shqip\u00ebris\u00eb n\u00eb Mal t\u00eb Zi, z. Tonin Beci.<br \/>\nN\u00eb kuad\u00ebr te vizit\u00ebs s\u00eb tij nj\u00ebditore n\u00eb Ulqin ai q\u00ebndroi edhe n\u00eb selin\u00eb\u00a0 e Forc\u00ebs s\u00eb Re Demokratike ku pati takim me Kryetarin Nazif Cungu dhe me k\u00ebshilltar\u00ebt e Forc\u00ebs. Gjate bised\u00ebs Kryetari i Forc\u00ebs s\u00eb Re Demokratike e njoftoi\u00a0 Ambasadorin me temat dhe problemet aktuale me r\u00ebnd\u00ebsi t\u00eb posa\u00e7me\u00a0 p\u00ebr Komun\u00ebn e\u00a0 Ulqinit.<br \/>\nEdhe ambasadori i Shqip\u00ebris\u00eb z. Tonin Beci i fal\u00ebnderoi p\u00ebrfaq\u00ebsuesit e Forc\u00ebs p\u00ebr mikpritjen e tyre dhe p\u00ebr informimin m\u00eb t\u00eb p\u00ebraf\u00ebrt mbi \u00e7\u00ebshtjet kryesore te k\u00ebsaj Komune bregdetare.<br \/>\n<strong>Sh\u00ebrbimi informativ i Forc\u00ebs<\/strong><br \/>\n<a href=\"www.forca.me\" target=\"_blank\"><strong>www.forca.me<\/strong><\/a><\/p>\n","protected":false},"excerpt":{"rendered":"<p>Sot n\u00eb Komun\u00ebn e Ulqinit n\u00eb nj\u00eb vizite zyrtar\u00eb ishte Ambasadori i Republik\u00ebs s\u00eb\u00a0 Shqip\u00ebris\u00eb n\u00eb Mal t\u00eb Zi, z. Tonin Beci. N\u00eb kuad\u00ebr te vizit\u00ebs s\u00eb tij nj\u00ebditore n\u00eb Ulqin ai q\u00ebndroi edhe n\u00eb selin\u00eb\u00a0 e Forc\u00ebs s\u00eb Re Demokratike ku pati takim me Kryetarin Nazif Cungu dhe me k\u00ebshilltar\u00ebt e Forc\u00ebs. Gjate bised\u00ebs [&hellip;]<\/p>\n","protected":false},"author":1,"featured_media":0,"comment_status":"open","ping_status":"closed","sticky":false,"template":"","format":"standard","meta":{"spay_email":"","jetpack_publicize_message":"","jetpack_is_tweetstorm":false,"jetpack_publicize_feature_enabled":true},"categories":[1],"tags":[3863,118,4261],"jetpack_publicize_connections":[],"yoast_head":"<!-- This site is optimized with the Yoast SEO plugin v19.1 - https:\/\/yoast.com\/wordpress\/plugins\/seo\/ -->\n<title>Ambasadori i Shqiperise ne Forc\u00eb - Lajme nga Ulqini<\/title>\n<meta name=\"description\" content=\"Sot n\u00eb Komun\u00ebn e Ulqinit n\u00eb nj\u00eb vizite zyrtar\u00eb ishte Ambasadori i Republik\u00ebs s\u00eb\u00a0 Shqip\u00ebris\u00eb n\u00eb Mal t\u00eb Zi, z. Tonin Beci. N\u00eb kuad\u00ebr te vizit\u00ebs s\u00eb tij\" \/>\n<meta name=\"robots\" content=\"index, follow, max-snippet:-1, max-image-preview:large, max-video-preview:-1\" \/>\n<link rel=\"canonical\" href=\"https:\/\/www.visit-ulcinj.com\/blog\/2008\/11\/22\/ambasadori-i-shqiperise-ne-force\/\" \/>\n<meta property=\"og:locale\" content=\"en_US\" \/>\n<meta property=\"og:type\" content=\"article\" \/>\n<meta property=\"og:title\" content=\"Ambasadori i Shqiperise ne Forc\u00eb - Lajme nga Ulqini\" \/>\n<meta property=\"og:description\" content=\"Sot n\u00eb Komun\u00ebn e Ulqinit n\u00eb nj\u00eb vizite zyrtar\u00eb ishte Ambasadori i Republik\u00ebs s\u00eb\u00a0 Shqip\u00ebris\u00eb n\u00eb Mal t\u00eb Zi, z. Tonin Beci. N\u00eb kuad\u00ebr te vizit\u00ebs s\u00eb tij\" \/>\n<meta property=\"og:url\" content=\"https:\/\/www.visit-ulcinj.com\/blog\/2008\/11\/22\/ambasadori-i-shqiperise-ne-force\/\" \/>\n<meta property=\"og:site_name\" content=\"Lajme nga Ulqini\" \/>\n<meta property=\"article:published_time\" content=\"2008-11-22T19:45:42+00:00\" \/>\n<meta property=\"og:image\" content=\"http:\/\/www.visit-ulcinj.com\/blog\/wp-content\/uploads\/2008\/11\/cungu-beci-300x224.jpg\" \/>\n<meta name=\"twitter:label1\" content=\"Written by\" \/>\n\t<meta name=\"twitter:data1\" content=\"ulqini\" \/>\n\t<meta name=\"twitter:label2\" content=\"Est. reading time\" \/>\n\t<meta name=\"twitter:data2\" content=\"1 minute\" \/>\n<script type=\"application\/ld+json\" class=\"yoast-schema-graph\">{\"@context\":\"https:\/\/schema.org\",\"@graph\":[{\"@type\":\"WebSite\",\"@id\":\"https:\/\/www.visit-ulcinj.com\/blog\/#website\",\"url\":\"https:\/\/www.visit-ulcinj.com\/blog\/\",\"name\":\"Lajme nga Ulqini\",\"description\":\"Lajme,Vijesti,Ulqini,Ulqin,Crna Gora,Mali i Zi\",\"potentialAction\":[{\"@type\":\"SearchAction\",\"target\":{\"@type\":\"EntryPoint\",\"urlTemplate\":\"https:\/\/www.visit-ulcinj.com\/blog\/?s={search_term_string}\"},\"query-input\":\"required name=search_term_string\"}],\"inLanguage\":\"en-US\"},{\"@type\":\"ImageObject\",\"inLanguage\":\"en-US\",\"@id\":\"https:\/\/www.visit-ulcinj.com\/blog\/2008\/11\/22\/ambasadori-i-shqiperise-ne-force\/#primaryimage\",\"url\":\"http:\/\/www.visit-ulcinj.com\/blog\/wp-content\/uploads\/2008\/11\/cungu-beci-300x224.jpg\",\"contentUrl\":\"http:\/\/www.visit-ulcinj.com\/blog\/wp-content\/uploads\/2008\/11\/cungu-beci-300x224.jpg\"},{\"@type\":\"WebPage\",\"@id\":\"https:\/\/www.visit-ulcinj.com\/blog\/2008\/11\/22\/ambasadori-i-shqiperise-ne-force\/#webpage\",\"url\":\"https:\/\/www.visit-ulcinj.com\/blog\/2008\/11\/22\/ambasadori-i-shqiperise-ne-force\/\",\"name\":\"Ambasadori i Shqiperise ne Forc\u00eb - Lajme nga Ulqini\",\"isPartOf\":{\"@id\":\"https:\/\/www.visit-ulcinj.com\/blog\/#website\"},\"primaryImageOfPage\":{\"@id\":\"https:\/\/www.visit-ulcinj.com\/blog\/2008\/11\/22\/ambasadori-i-shqiperise-ne-force\/#primaryimage\"},\"datePublished\":\"2008-11-22T19:45:42+00:00\",\"dateModified\":\"2008-11-22T19:45:42+00:00\",\"author\":{\"@id\":\"https:\/\/www.visit-ulcinj.com\/blog\/#\/schema\/person\/dcab619c614d3038751c63bc2aadc06d\"},\"description\":\"Sot n\u00eb Komun\u00ebn e Ulqinit n\u00eb nj\u00eb vizite zyrtar\u00eb ishte Ambasadori i Republik\u00ebs s\u00eb\u00a0 Shqip\u00ebris\u00eb n\u00eb Mal t\u00eb Zi, z. Tonin Beci. N\u00eb kuad\u00ebr te vizit\u00ebs s\u00eb tij\",\"breadcrumb\":{\"@id\":\"https:\/\/www.visit-ulcinj.com\/blog\/2008\/11\/22\/ambasadori-i-shqiperise-ne-force\/#breadcrumb\"},\"inLanguage\":\"en-US\",\"potentialAction\":[{\"@type\":\"ReadAction\",\"target\":[\"https:\/\/www.visit-ulcinj.com\/blog\/2008\/11\/22\/ambasadori-i-shqiperise-ne-force\/\"]}]},{\"@type\":\"BreadcrumbList\",\"@id\":\"https:\/\/www.visit-ulcinj.com\/blog\/2008\/11\/22\/ambasadori-i-shqiperise-ne-force\/#breadcrumb\",\"itemListElement\":[{\"@type\":\"ListItem\",\"position\":1,\"name\":\"Ambasadori i Shqiperise ne Forc\u00eb\"}]},{\"@type\":\"Person\",\"@id\":\"https:\/\/www.visit-ulcinj.com\/blog\/#\/schema\/person\/dcab619c614d3038751c63bc2aadc06d\",\"name\":\"ulqini\",\"sameAs\":[\"http:\/\/www.visit-ulcinj.com\"],\"url\":\"https:\/\/www.visit-ulcinj.com\/blog\/author\/admin\/\"}]}<\/script>\n<!-- \/ Yoast SEO plugin. -->","yoast_head_json":{"title":"Ambasadori i Shqiperise ne Forc\u00eb - Lajme nga Ulqini","description":"Sot n\u00eb Komun\u00ebn e Ulqinit n\u00eb nj\u00eb vizite zyrtar\u00eb ishte Ambasadori i Republik\u00ebs s\u00eb\u00a0 Shqip\u00ebris\u00eb n\u00eb Mal t\u00eb Zi, z. Tonin Beci. N\u00eb kuad\u00ebr te vizit\u00ebs s\u00eb tij","robots":{"index":"index","follow":"follow","max-snippet":"max-snippet:-1","max-image-preview":"max-image-preview:large","max-video-preview":"max-video-preview:-1"},"canonical":"https:\/\/www.visit-ulcinj.com\/blog\/2008\/11\/22\/ambasadori-i-shqiperise-ne-force\/","og_locale":"en_US","og_type":"article","og_title":"Ambasadori i Shqiperise ne Forc\u00eb - Lajme nga Ulqini","og_description":"Sot n\u00eb Komun\u00ebn e Ulqinit n\u00eb nj\u00eb vizite zyrtar\u00eb ishte Ambasadori i Republik\u00ebs s\u00eb\u00a0 Shqip\u00ebris\u00eb n\u00eb Mal t\u00eb Zi, z. Tonin Beci. N\u00eb kuad\u00ebr te vizit\u00ebs s\u00eb tij","og_url":"https:\/\/www.visit-ulcinj.com\/blog\/2008\/11\/22\/ambasadori-i-shqiperise-ne-force\/","og_site_name":"Lajme nga Ulqini","article_published_time":"2008-11-22T19:45:42+00:00","og_image":[{"url":"http:\/\/www.visit-ulcinj.com\/blog\/wp-content\/uploads\/2008\/11\/cungu-beci-300x224.jpg"}],"twitter_misc":{"Written by":"ulqini","Est. reading time":"1 minute"},"schema":{"@context":"https:\/\/schema.org","@graph":[{"@type":"WebSite","@id":"https:\/\/www.visit-ulcinj.com\/blog\/#website","url":"https:\/\/www.visit-ulcinj.com\/blog\/","name":"Lajme nga Ulqini","description":"Lajme,Vijesti,Ulqini,Ulqin,Crna Gora,Mali i Zi","potentialAction":[{"@type":"SearchAction","target":{"@type":"EntryPoint","urlTemplate":"https:\/\/www.visit-ulcinj.com\/blog\/?s={search_term_string}"},"query-input":"required name=search_term_string"}],"inLanguage":"en-US"},{"@type":"ImageObject","inLanguage":"en-US","@id":"https:\/\/www.visit-ulcinj.com\/blog\/2008\/11\/22\/ambasadori-i-shqiperise-ne-force\/#primaryimage","url":"http:\/\/www.visit-ulcinj.com\/blog\/wp-content\/uploads\/2008\/11\/cungu-beci-300x224.jpg","contentUrl":"http:\/\/www.visit-ulcinj.com\/blog\/wp-content\/uploads\/2008\/11\/cungu-beci-300x224.jpg"},{"@type":"WebPage","@id":"https:\/\/www.visit-ulcinj.com\/blog\/2008\/11\/22\/ambasadori-i-shqiperise-ne-force\/#webpage","url":"https:\/\/www.visit-ulcinj.com\/blog\/2008\/11\/22\/ambasadori-i-shqiperise-ne-force\/","name":"Ambasadori i Shqiperise ne Forc\u00eb - Lajme nga Ulqini","isPartOf":{"@id":"https:\/\/www.visit-ulcinj.com\/blog\/#website"},"primaryImageOfPage":{"@id":"https:\/\/www.visit-ulcinj.com\/blog\/2008\/11\/22\/ambasadori-i-shqiperise-ne-force\/#primaryimage"},"datePublished":"2008-11-22T19:45:42+00:00","dateModified":"2008-11-22T19:45:42+00:00","author":{"@id":"https:\/\/www.visit-ulcinj.com\/blog\/#\/schema\/person\/dcab619c614d3038751c63bc2aadc06d"},"description":"Sot n\u00eb Komun\u00ebn e Ulqinit n\u00eb nj\u00eb vizite zyrtar\u00eb ishte Ambasadori i Republik\u00ebs s\u00eb\u00a0 Shqip\u00ebris\u00eb n\u00eb Mal t\u00eb Zi, z. Tonin Beci. N\u00eb kuad\u00ebr te vizit\u00ebs s\u00eb tij","breadcrumb":{"@id":"https:\/\/www.visit-ulcinj.com\/blog\/2008\/11\/22\/ambasadori-i-shqiperise-ne-force\/#breadcrumb"},"inLanguage":"en-US","potentialAction":[{"@type":"ReadAction","target":["https:\/\/www.visit-ulcinj.com\/blog\/2008\/11\/22\/ambasadori-i-shqiperise-ne-force\/"]}]},{"@type":"BreadcrumbList","@id":"https:\/\/www.visit-ulcinj.com\/blog\/2008\/11\/22\/ambasadori-i-shqiperise-ne-force\/#breadcrumb","itemListElement":[{"@type":"ListItem","position":1,"name":"Ambasadori i Shqiperise ne Forc\u00eb"}]},{"@type":"Person","@id":"https:\/\/www.visit-ulcinj.com\/blog\/#\/schema\/person\/dcab619c614d3038751c63bc2aadc06d","name":"ulqini","sameAs":["http:\/\/www.visit-ulcinj.com"],"url":"https:\/\/www.visit-ulcinj.com\/blog\/author\/admin\/"}]}},"jetpack_featured_media_url":"","jetpack_sharing_enabled":true,"jetpack_shortlink":"https:\/\/wp.me\/pe6lTn-1GB","_links":{"self":[{"href":"https:\/\/www.visit-ulcinj.com\/blog\/wp-json\/wp\/v2\/posts\/6485"}],"collection":[{"href":"https:\/\/www.visit-ulcinj.com\/blog\/wp-json\/wp\/v2\/posts"}],"about":[{"href":"https:\/\/www.visit-ulcinj.com\/blog\/wp-json\/wp\/v2\/types\/post"}],"author":[{"embeddable":true,"href":"https:\/\/www.visit-ulcinj.com\/blog\/wp-json\/wp\/v2\/users\/1"}],"replies":[{"embeddable":true,"href":"https:\/\/www.visit-ulcinj.com\/blog\/wp-json\/wp\/v2\/comments?post=6485"}],"version-history":[{"count":0,"href":"https:\/\/www.visit-ulcinj.com\/blog\/wp-json\/wp\/v2\/posts\/6485\/revisions"}],"wp:attachment":[{"href":"https:\/\/www.visit-ulcinj.com\/blog\/wp-json\/wp\/v2\/media?parent=6485"}],"wp:term":[{"taxonomy":"category","embeddable":true,"href":"https:\/\/www.visit-ulcinj.com\/blog\/wp-json\/wp\/v2\/categories?post=6485"},{"taxonomy":"post_tag","embeddable":true,"href":"https:\/\/www.visit-ulcinj.com\/blog\/wp-json\/wp\/v2\/tags?post=6485"}],"curies":[{"name":"wp","href":"https:\/\/api.w.org\/{rel}","templated":true}]}}