{"id":64860,"date":"2012-10-19T18:33:51","date_gmt":"2012-10-19T17:33:51","guid":{"rendered":"http:\/\/www.visit-ulcinj.com\/blog\/?p=64860"},"modified":"2012-10-19T18:33:51","modified_gmt":"2012-10-19T17:33:51","slug":"ministri-hoxhaj-takon-genci-nimanbegun-deputet-shqiptar-ne-malin-e-zi","status":"publish","type":"post","link":"https:\/\/www.visit-ulcinj.com\/blog\/2012\/10\/19\/ministri-hoxhaj-takon-genci-nimanbegun-deputet-shqiptar-ne-malin-e-zi\/","title":{"rendered":"Ministri Hoxhaj takon Genci Nimanbegun, Deputet shqiptar n\u00eb Malin e Zi"},"content":{"rendered":"<p><strong><a href=\"http:\/\/www.visit-ulcinj.com\/blog\/wp-content\/uploads\/2012\/10\/Enver-Hoxhaj-Genci-Nimanbegu.jpg\"><img loading=\"lazy\" class=\"alignleft  wp-image-64861\" title=\"Enver Hoxhaj - Genci Nimanbegu\" src=\"http:\/\/www.visit-ulcinj.com\/blog\/wp-content\/uploads\/2012\/10\/Enver-Hoxhaj-Genci-Nimanbegu.jpg\" alt=\"\" width=\"508\" height=\"360\" \/><\/a>Prishtin\u00eb, 19 tetor 2012 \u2013 Ministri i Pun\u00ebve t\u00eb Jashtme i Republik\u00ebs s\u00eb Kosov\u00ebs, Enver Hoxhaj, ka pritur Genci Nimanbegun, Deputet i Koalicionit \u201cForca p\u00ebr Bashkim\u201d n\u00eb Parlamentin e Malit t\u00eb Zi. <\/strong><\/p>\n<p>Ministri Hoxhaj e ka informuar z. Nimanbegun p\u00ebr progresin dhe perspektivat e zhvillimeve n\u00eb shtetin e Kosov\u00ebs.<\/p>\n<p>Hoxhaj theksoi fuqizimin e vazhduesh\u00ebm t\u00eb subjektivitetit nd\u00ebrkomb\u00ebtar t\u00eb Republik\u00ebs s\u00eb Kosov\u00ebs dhe avancimin e marr\u00ebdh\u00ebnieve miq\u00ebsore me t\u00eb gjitha shtetet demokratike t\u00eb rajonit.<\/p>\n<p>N\u00eb k\u00ebt\u00eb kontekst, Hoxhaj vler\u00ebsoi bashk\u00ebpunimin shum\u00eb t\u00eb mir\u00eb me Republik\u00ebn e Malit t\u00eb Zi, duke vler\u00ebsuar n\u00eb k\u00ebt\u00eb aspekt rolin dhe kontributin e shqiptar\u00ebve dhe p\u00ebrfaq\u00ebsuesve t\u00eb tyre politik\u00eb n\u00eb Mal t\u00eb Zi.<\/p>\n<p>Hoxhaj ka shprehur mb\u00ebshtetjen e gjithanshme t\u00eb Republik\u00ebs s\u00eb Kosov\u00ebs p\u00ebr shqiptar\u00ebt n\u00eb Mal t\u00eb Zi, duke th\u00ebn\u00eb se shqiptar\u00ebt e Malit t\u00eb Zi p\u00ebrb\u00ebjn\u00eb nj\u00eb hallk\u00eb shum\u00eb t\u00eb r\u00ebnd\u00ebsishme n\u00eb raportet e shk\u00eblqyera nd\u00ebrmjet dy shteteve.<\/p>\n<p>N\u00eb an\u00ebn tjet\u00ebr, Genci Nimanbegu, Deputet shqiptar n\u00eb Parlamentin e Malit t\u00eb Zi ka vler\u00ebsuar rolin e Republik\u00ebs s\u00eb Kosov\u00ebs q\u00eb p\u00ebrmes marr\u00ebdh\u00ebnieve miq\u00ebsore me Malin e Zi t\u00eb ndikoj\u00eb n\u00eb avancimin e vazhduesh\u00ebm t\u00eb pozit\u00ebs s\u00eb shqiptar\u00ebve n\u00eb k\u00ebt\u00eb shtet.<\/p>\n<p>Nimanbegu ka theksuar edhe r\u00ebnd\u00ebsin\u00eb e p\u00ebrmir\u00ebsimit t\u00eb infrastruktur\u00ebs rrugore q\u00eb lidh dy vendet, sidomos p\u00ebrmes rrug\u00ebs q\u00eb lidh Plav\u00ebn e Gucin\u00eb me De\u00e7anin, e cila do t\u00eb shkurtoj\u00eb komunikimin nd\u00ebrmjet dy shteteve dhe qytetar\u00ebve.<\/p>\n<p>Ai ka ve\u00e7uar r\u00ebnd\u00ebsin\u00eb e fuqizimit t\u00eb m\u00ebtejsh\u00ebm t\u00eb raporteve nd\u00ebrmjet dy shteteve, si dhe t\u00eb komunikimit nd\u00ebrmjet p\u00ebrfaq\u00ebsuesve t\u00eb shqiptar\u00ebve t\u00eb Malit t\u00eb Zi dhe p\u00ebrfaq\u00ebsuesve t\u00eb Republik\u00ebs e Kosov\u00ebs.<\/p>\n<p><strong> Ministria e Pun\u00ebve t\u00eb Jashtme e Republik\u00ebs s\u00eb Kosov\u00ebs<\/strong><\/p>\n","protected":false},"excerpt":{"rendered":"<p>Prishtin\u00eb, 19 tetor 2012 \u2013 Ministri i Pun\u00ebve t\u00eb Jashtme i Republik\u00ebs s\u00eb Kosov\u00ebs, Enver Hoxhaj, ka pritur Genci Nimanbegun, Deputet i Koalicionit \u201cForca p\u00ebr Bashkim\u201d n\u00eb Parlamentin e Malit t\u00eb Zi. Ministri Hoxhaj e ka informuar z. Nimanbegun p\u00ebr progresin dhe perspektivat e zhvillimeve n\u00eb shtetin e Kosov\u00ebs. Hoxhaj theksoi fuqizimin e vazhduesh\u00ebm t\u00eb [&hellip;]<\/p>\n","protected":false},"author":1,"featured_media":0,"comment_status":"open","ping_status":"closed","sticky":false,"template":"","format":"standard","meta":{"spay_email":"","jetpack_publicize_message":"","jetpack_is_tweetstorm":false,"jetpack_publicize_feature_enabled":true},"categories":[14],"tags":[64,1073],"jetpack_publicize_connections":[],"yoast_head":"<!-- This site is optimized with the Yoast SEO plugin v19.1 - https:\/\/yoast.com\/wordpress\/plugins\/seo\/ -->\n<title>Ministri Hoxhaj takon Genci Nimanbegun, Deputet shqiptar n\u00eb Malin e Zi - Lajme nga Ulqini<\/title>\n<meta name=\"description\" content=\"Prishtin\u00eb, 19 tetor 2012 \u2013 Ministri i Pun\u00ebve t\u00eb Jashtme i Republik\u00ebs s\u00eb Kosov\u00ebs, Enver Hoxhaj, ka pritur Genci Nimanbegun, Deputet i Koalicionit \u201cForca\" \/>\n<meta name=\"robots\" content=\"index, follow, max-snippet:-1, max-image-preview:large, max-video-preview:-1\" \/>\n<link rel=\"canonical\" href=\"https:\/\/www.visit-ulcinj.com\/blog\/2012\/10\/19\/ministri-hoxhaj-takon-genci-nimanbegun-deputet-shqiptar-ne-malin-e-zi\/\" \/>\n<meta property=\"og:locale\" content=\"en_US\" \/>\n<meta property=\"og:type\" content=\"article\" \/>\n<meta property=\"og:title\" content=\"Ministri Hoxhaj takon Genci Nimanbegun, Deputet shqiptar n\u00eb Malin e Zi - Lajme nga Ulqini\" \/>\n<meta property=\"og:description\" content=\"Prishtin\u00eb, 19 tetor 2012 \u2013 Ministri i Pun\u00ebve t\u00eb Jashtme i Republik\u00ebs s\u00eb Kosov\u00ebs, Enver Hoxhaj, ka pritur Genci Nimanbegun, Deputet i Koalicionit \u201cForca\" \/>\n<meta property=\"og:url\" content=\"https:\/\/www.visit-ulcinj.com\/blog\/2012\/10\/19\/ministri-hoxhaj-takon-genci-nimanbegun-deputet-shqiptar-ne-malin-e-zi\/\" \/>\n<meta property=\"og:site_name\" content=\"Lajme nga Ulqini\" \/>\n<meta property=\"article:published_time\" content=\"2012-10-19T17:33:51+00:00\" \/>\n<meta property=\"og:image\" content=\"http:\/\/www.visit-ulcinj.com\/blog\/wp-content\/uploads\/2012\/10\/Enver-Hoxhaj-Genci-Nimanbegu.jpg\" \/>\n<meta name=\"twitter:label1\" content=\"Written by\" \/>\n\t<meta name=\"twitter:data1\" content=\"ulqini\" \/>\n\t<meta name=\"twitter:label2\" content=\"Est. reading time\" \/>\n\t<meta name=\"twitter:data2\" content=\"2 minutes\" \/>\n<script type=\"application\/ld+json\" class=\"yoast-schema-graph\">{\"@context\":\"https:\/\/schema.org\",\"@graph\":[{\"@type\":\"WebSite\",\"@id\":\"https:\/\/www.visit-ulcinj.com\/blog\/#website\",\"url\":\"https:\/\/www.visit-ulcinj.com\/blog\/\",\"name\":\"Lajme nga Ulqini\",\"description\":\"Lajme,Vijesti,Ulqini,Ulqin,Crna Gora,Mali i Zi\",\"potentialAction\":[{\"@type\":\"SearchAction\",\"target\":{\"@type\":\"EntryPoint\",\"urlTemplate\":\"https:\/\/www.visit-ulcinj.com\/blog\/?s={search_term_string}\"},\"query-input\":\"required name=search_term_string\"}],\"inLanguage\":\"en-US\"},{\"@type\":\"ImageObject\",\"inLanguage\":\"en-US\",\"@id\":\"https:\/\/www.visit-ulcinj.com\/blog\/2012\/10\/19\/ministri-hoxhaj-takon-genci-nimanbegun-deputet-shqiptar-ne-malin-e-zi\/#primaryimage\",\"url\":\"https:\/\/www.visit-ulcinj.com\/blog\/wp-content\/uploads\/2012\/10\/Enver-Hoxhaj-Genci-Nimanbegu.jpg\",\"contentUrl\":\"https:\/\/www.visit-ulcinj.com\/blog\/wp-content\/uploads\/2012\/10\/Enver-Hoxhaj-Genci-Nimanbegu.jpg\",\"width\":\"1028\",\"height\":\"685\"},{\"@type\":\"WebPage\",\"@id\":\"https:\/\/www.visit-ulcinj.com\/blog\/2012\/10\/19\/ministri-hoxhaj-takon-genci-nimanbegun-deputet-shqiptar-ne-malin-e-zi\/#webpage\",\"url\":\"https:\/\/www.visit-ulcinj.com\/blog\/2012\/10\/19\/ministri-hoxhaj-takon-genci-nimanbegun-deputet-shqiptar-ne-malin-e-zi\/\",\"name\":\"Ministri Hoxhaj takon Genci Nimanbegun, Deputet shqiptar n\u00eb Malin e Zi - Lajme nga Ulqini\",\"isPartOf\":{\"@id\":\"https:\/\/www.visit-ulcinj.com\/blog\/#website\"},\"primaryImageOfPage\":{\"@id\":\"https:\/\/www.visit-ulcinj.com\/blog\/2012\/10\/19\/ministri-hoxhaj-takon-genci-nimanbegun-deputet-shqiptar-ne-malin-e-zi\/#primaryimage\"},\"datePublished\":\"2012-10-19T17:33:51+00:00\",\"dateModified\":\"2012-10-19T17:33:51+00:00\",\"author\":{\"@id\":\"https:\/\/www.visit-ulcinj.com\/blog\/#\/schema\/person\/dcab619c614d3038751c63bc2aadc06d\"},\"description\":\"Prishtin\u00eb, 19 tetor 2012 \u2013 Ministri i Pun\u00ebve t\u00eb Jashtme i Republik\u00ebs s\u00eb Kosov\u00ebs, Enver Hoxhaj, ka pritur Genci Nimanbegun, Deputet i Koalicionit \u201cForca\",\"breadcrumb\":{\"@id\":\"https:\/\/www.visit-ulcinj.com\/blog\/2012\/10\/19\/ministri-hoxhaj-takon-genci-nimanbegun-deputet-shqiptar-ne-malin-e-zi\/#breadcrumb\"},\"inLanguage\":\"en-US\",\"potentialAction\":[{\"@type\":\"ReadAction\",\"target\":[\"https:\/\/www.visit-ulcinj.com\/blog\/2012\/10\/19\/ministri-hoxhaj-takon-genci-nimanbegun-deputet-shqiptar-ne-malin-e-zi\/\"]}]},{\"@type\":\"BreadcrumbList\",\"@id\":\"https:\/\/www.visit-ulcinj.com\/blog\/2012\/10\/19\/ministri-hoxhaj-takon-genci-nimanbegun-deputet-shqiptar-ne-malin-e-zi\/#breadcrumb\",\"itemListElement\":[{\"@type\":\"ListItem\",\"position\":1,\"name\":\"Ministri Hoxhaj takon Genci Nimanbegun, Deputet shqiptar n\u00eb Malin e Zi\"}]},{\"@type\":\"Person\",\"@id\":\"https:\/\/www.visit-ulcinj.com\/blog\/#\/schema\/person\/dcab619c614d3038751c63bc2aadc06d\",\"name\":\"ulqini\",\"sameAs\":[\"http:\/\/www.visit-ulcinj.com\"],\"url\":\"https:\/\/www.visit-ulcinj.com\/blog\/author\/admin\/\"}]}<\/script>\n<!-- \/ Yoast SEO plugin. -->","yoast_head_json":{"title":"Ministri Hoxhaj takon Genci Nimanbegun, Deputet shqiptar n\u00eb Malin e Zi - Lajme nga Ulqini","description":"Prishtin\u00eb, 19 tetor 2012 \u2013 Ministri i Pun\u00ebve t\u00eb Jashtme i Republik\u00ebs s\u00eb Kosov\u00ebs, Enver Hoxhaj, ka pritur Genci Nimanbegun, Deputet i Koalicionit \u201cForca","robots":{"index":"index","follow":"follow","max-snippet":"max-snippet:-1","max-image-preview":"max-image-preview:large","max-video-preview":"max-video-preview:-1"},"canonical":"https:\/\/www.visit-ulcinj.com\/blog\/2012\/10\/19\/ministri-hoxhaj-takon-genci-nimanbegun-deputet-shqiptar-ne-malin-e-zi\/","og_locale":"en_US","og_type":"article","og_title":"Ministri Hoxhaj takon Genci Nimanbegun, Deputet shqiptar n\u00eb Malin e Zi - Lajme nga Ulqini","og_description":"Prishtin\u00eb, 19 tetor 2012 \u2013 Ministri i Pun\u00ebve t\u00eb Jashtme i Republik\u00ebs s\u00eb Kosov\u00ebs, Enver Hoxhaj, ka pritur Genci Nimanbegun, Deputet i Koalicionit \u201cForca","og_url":"https:\/\/www.visit-ulcinj.com\/blog\/2012\/10\/19\/ministri-hoxhaj-takon-genci-nimanbegun-deputet-shqiptar-ne-malin-e-zi\/","og_site_name":"Lajme nga Ulqini","article_published_time":"2012-10-19T17:33:51+00:00","og_image":[{"url":"http:\/\/www.visit-ulcinj.com\/blog\/wp-content\/uploads\/2012\/10\/Enver-Hoxhaj-Genci-Nimanbegu.jpg"}],"twitter_misc":{"Written by":"ulqini","Est. reading time":"2 minutes"},"schema":{"@context":"https:\/\/schema.org","@graph":[{"@type":"WebSite","@id":"https:\/\/www.visit-ulcinj.com\/blog\/#website","url":"https:\/\/www.visit-ulcinj.com\/blog\/","name":"Lajme nga Ulqini","description":"Lajme,Vijesti,Ulqini,Ulqin,Crna Gora,Mali i Zi","potentialAction":[{"@type":"SearchAction","target":{"@type":"EntryPoint","urlTemplate":"https:\/\/www.visit-ulcinj.com\/blog\/?s={search_term_string}"},"query-input":"required name=search_term_string"}],"inLanguage":"en-US"},{"@type":"ImageObject","inLanguage":"en-US","@id":"https:\/\/www.visit-ulcinj.com\/blog\/2012\/10\/19\/ministri-hoxhaj-takon-genci-nimanbegun-deputet-shqiptar-ne-malin-e-zi\/#primaryimage","url":"https:\/\/www.visit-ulcinj.com\/blog\/wp-content\/uploads\/2012\/10\/Enver-Hoxhaj-Genci-Nimanbegu.jpg","contentUrl":"https:\/\/www.visit-ulcinj.com\/blog\/wp-content\/uploads\/2012\/10\/Enver-Hoxhaj-Genci-Nimanbegu.jpg","width":"1028","height":"685"},{"@type":"WebPage","@id":"https:\/\/www.visit-ulcinj.com\/blog\/2012\/10\/19\/ministri-hoxhaj-takon-genci-nimanbegun-deputet-shqiptar-ne-malin-e-zi\/#webpage","url":"https:\/\/www.visit-ulcinj.com\/blog\/2012\/10\/19\/ministri-hoxhaj-takon-genci-nimanbegun-deputet-shqiptar-ne-malin-e-zi\/","name":"Ministri Hoxhaj takon Genci Nimanbegun, Deputet shqiptar n\u00eb Malin e Zi - Lajme nga Ulqini","isPartOf":{"@id":"https:\/\/www.visit-ulcinj.com\/blog\/#website"},"primaryImageOfPage":{"@id":"https:\/\/www.visit-ulcinj.com\/blog\/2012\/10\/19\/ministri-hoxhaj-takon-genci-nimanbegun-deputet-shqiptar-ne-malin-e-zi\/#primaryimage"},"datePublished":"2012-10-19T17:33:51+00:00","dateModified":"2012-10-19T17:33:51+00:00","author":{"@id":"https:\/\/www.visit-ulcinj.com\/blog\/#\/schema\/person\/dcab619c614d3038751c63bc2aadc06d"},"description":"Prishtin\u00eb, 19 tetor 2012 \u2013 Ministri i Pun\u00ebve t\u00eb Jashtme i Republik\u00ebs s\u00eb Kosov\u00ebs, Enver Hoxhaj, ka pritur Genci Nimanbegun, Deputet i Koalicionit \u201cForca","breadcrumb":{"@id":"https:\/\/www.visit-ulcinj.com\/blog\/2012\/10\/19\/ministri-hoxhaj-takon-genci-nimanbegun-deputet-shqiptar-ne-malin-e-zi\/#breadcrumb"},"inLanguage":"en-US","potentialAction":[{"@type":"ReadAction","target":["https:\/\/www.visit-ulcinj.com\/blog\/2012\/10\/19\/ministri-hoxhaj-takon-genci-nimanbegun-deputet-shqiptar-ne-malin-e-zi\/"]}]},{"@type":"BreadcrumbList","@id":"https:\/\/www.visit-ulcinj.com\/blog\/2012\/10\/19\/ministri-hoxhaj-takon-genci-nimanbegun-deputet-shqiptar-ne-malin-e-zi\/#breadcrumb","itemListElement":[{"@type":"ListItem","position":1,"name":"Ministri Hoxhaj takon Genci Nimanbegun, Deputet shqiptar n\u00eb Malin e Zi"}]},{"@type":"Person","@id":"https:\/\/www.visit-ulcinj.com\/blog\/#\/schema\/person\/dcab619c614d3038751c63bc2aadc06d","name":"ulqini","sameAs":["http:\/\/www.visit-ulcinj.com"],"url":"https:\/\/www.visit-ulcinj.com\/blog\/author\/admin\/"}]}},"jetpack_featured_media_url":"","jetpack_sharing_enabled":true,"jetpack_shortlink":"https:\/\/wp.me\/pe6lTn-gS8","_links":{"self":[{"href":"https:\/\/www.visit-ulcinj.com\/blog\/wp-json\/wp\/v2\/posts\/64860"}],"collection":[{"href":"https:\/\/www.visit-ulcinj.com\/blog\/wp-json\/wp\/v2\/posts"}],"about":[{"href":"https:\/\/www.visit-ulcinj.com\/blog\/wp-json\/wp\/v2\/types\/post"}],"author":[{"embeddable":true,"href":"https:\/\/www.visit-ulcinj.com\/blog\/wp-json\/wp\/v2\/users\/1"}],"replies":[{"embeddable":true,"href":"https:\/\/www.visit-ulcinj.com\/blog\/wp-json\/wp\/v2\/comments?post=64860"}],"version-history":[{"count":1,"href":"https:\/\/www.visit-ulcinj.com\/blog\/wp-json\/wp\/v2\/posts\/64860\/revisions"}],"predecessor-version":[{"id":64863,"href":"https:\/\/www.visit-ulcinj.com\/blog\/wp-json\/wp\/v2\/posts\/64860\/revisions\/64863"}],"wp:attachment":[{"href":"https:\/\/www.visit-ulcinj.com\/blog\/wp-json\/wp\/v2\/media?parent=64860"}],"wp:term":[{"taxonomy":"category","embeddable":true,"href":"https:\/\/www.visit-ulcinj.com\/blog\/wp-json\/wp\/v2\/categories?post=64860"},{"taxonomy":"post_tag","embeddable":true,"href":"https:\/\/www.visit-ulcinj.com\/blog\/wp-json\/wp\/v2\/tags?post=64860"}],"curies":[{"name":"wp","href":"https:\/\/api.w.org\/{rel}","templated":true}]}}