{"id":64874,"date":"2012-10-20T07:44:06","date_gmt":"2012-10-20T06:44:06","guid":{"rendered":"http:\/\/www.visit-ulcinj.com\/blog\/?p=64874"},"modified":"2012-10-20T07:44:06","modified_gmt":"2012-10-20T06:44:06","slug":"mitric-dik-prekrsio-zakon-i-ustav-dua-i-vratiti-mandat","status":"publish","type":"post","link":"https:\/\/www.visit-ulcinj.com\/blog\/2012\/10\/20\/mitric-dik-prekrsio-zakon-i-ustav-dua-i-vratiti-mandat\/","title":{"rendered":"Mitri\u0107: DIK prekr\u0161io Zakon i Ustav, DUA-i vratiti mandat"},"content":{"rendered":"<p><strong><a href=\"http:\/\/www.visit-ulcinj.com\/blog\/wp-content\/uploads\/2012\/10\/Blagota-Mitric.jpg\"><img loading=\"lazy\" class=\"alignleft size-full wp-image-64875\" title=\"Blagota Mitric\" src=\"http:\/\/www.visit-ulcinj.com\/blog\/wp-content\/uploads\/2012\/10\/Blagota-Mitric.jpg\" alt=\"\" width=\"407\" height=\"302\" srcset=\"https:\/\/www.visit-ulcinj.com\/blog\/wp-content\/uploads\/2012\/10\/Blagota-Mitric.jpg 407w, https:\/\/www.visit-ulcinj.com\/blog\/wp-content\/uploads\/2012\/10\/Blagota-Mitric-300x222.jpg 300w\" sizes=\"(max-width: 407px) 100vw, 407px\" \/><\/a>Biv\u0161i predsjednik Ustavnog suda Blagota Mitri\u0107 kazao je, u analizi za Portal Analitika, da je odluka Dr\u017eavne izborne komisije da odbije prigovor Demokratske unije Albanaca protivna Zakonu o izboru odbornika i poslanika, Zakonu o manjinskim pravima i slobodama, kao i op\u0161teprihva\u0107enom pravilu me\u0111unarodnog prava \u201eafirmativne akcije\u201c, a time i \u010dlanu 9 Ustava Crne Gore. Mitri\u0107 je u svojoj analizi istakao da DIK pravi elementarnu pravnu gre\u0161ku gdje \u201edonosilac akta po zahtjevu stranke postavlja izmi\u0161ljenu pravnu tezu, pa na takvu izmi\u0161ljenu pravnu tezu donosi neistinit pravni stav\u201c.<\/strong><\/p>\n<p>Analizu profesora <strong>Mitri\u0107a<\/strong>, dostavljenu Portalu Analitika, prenosimo integralno:<\/p>\n<p>&nbsp;<\/p>\n<p>Rje\u0161enje DIK je protivno Zakonu o izboru odbornika i poslanika, odnosno \u010dlanu 94 stav 2 ta\u010dka 1 citiranog zakona, zatim Zakonu o manjinskim pravima i slobodama, kao i op\u0161teprihva\u0107enom pravilu me\u0111unarodnog prava \u201eafirmativne akcije\u201c, a time i \u010dlanu 9 Ustava Crne Gore, koji izme\u0111u ostalog, propisuje da op\u0161teprihva\u0107ena pravila me\u0111unarodnog prava imaju primat nad doma\u0107im zakonodavstvom i neposredno se primjenjuju kad odnose druk\u010dije reguli\u0161u od doma\u0107eg zakonodavstva.<\/p>\n<p>DIK svojim rje\u0161enjem na samom po\u010detku pravi elementarnu pravnu gre\u0161ku koja se u me\u0111unarodnoj pravnoj teoriji zove u slobodnom prevodu &#8220;la\u017enom&#8221;, ili &#8220;bez pravni\u010dkog znanja&#8221;, a na crnogorskom jeziku zna\u010dila bi &#8220;petpara\u010dka&#8221; pravna gre\u0161ka. Naime, to je pravna situacija kada donosilac akta, u ovom slu\u010daju DIK, po zahtjevu stranke, u ovom slu\u010daju DUA, postavlja izmi\u0161ljenu pravnu tezu, pa na takvu izmi\u0161ljenu pravnu tezu donosi neistinit pravni stav.<\/p>\n<p>Poznato je da je u prirodi pravnih pravila i pravnih normi da te\u017ee logi\u010dkom izra\u017eavanju, pa za nastanak pravnih normi logika ima svoju nezamjenjivu ulogu, jer upotreba logike u stvaranju i tuma\u010denju prava rezultat je veze izme\u0111u misli, jezika i logike i na bazi ovih postulata pomo\u0107u logi\u010dkog tuma\u010denje se iz pravne norme izvodi ono \u0161to jezikom izri\u010dito nije re\u010deno. Iz ovoga proizilazi da je logi\u010dko tuma\u010denje djelatnost u kojoj se primjenom zakona logike na zna\u010denja dobijena jezi\u010dkim tuma\u010denjem utvr\u0111uje zna\u010denje pravne norme i iznalazi ono zna\u010denje pravne norme koje se ne mo\u017ee dobiti jezi\u010dkim i drugim tuma\u010denjem.<\/p>\n<p>Nadalje, pomo\u0107u sistematskog tuma\u010denja utvr\u0111uje se zna\u010denje pravne norme pomo\u0107u sistema prava, odnosno pomo\u0107u njene veze sa ostalim normama iz drugih op\u0161tih pravnih akata i njene smisaone povezanosti sa drugim normama iz ovoga i drugih op\u0161tih akata, pa kori\u0161\u0107enjem ove smisaone povezanosti norme u pravnom sistemu odre\u0111uje se zna\u010denje konkretne pravne norme. Pomo\u0107u istorijskog tuma\u010denja zna\u010denje pravne norme se utvr\u0111uje pomo\u0107u dru\u0161tvenih okolnosti u kojima je ova norma nastala.<\/p>\n<p>Istorijsko tuma\u010denje utvr\u0111uje razloge dono\u0161enja norme, dakle u koje spada ispitivanje svih dru\u0161tvenih okolnosti koje su prethodile i uticale na dono\u0161enje ovakve pravne norme, a iz ciljnog tuma\u010denja proizilazi da cilj u pravnoj normi stalno postoji pomo\u0107u kojeg treba izazvati posljedicu da proizvede odre\u0111eno pravo, jer bez ciljnosti u pravu pravo ostaje forma bez sadr\u017eine. Ciljno tuma\u010denje je tuma\u010denje kojim se utvr\u0111uje pravo zna\u010denje pravne norme pomo\u0107u njenog cilja. Ciljno tuma\u010denje zna\u010di otkrivanje ciljeva norme, odnosno interesa u dru\u0161tvu. Utvr\u0111ivanjem cilja norme, odnosno interesa u dru\u0161tvu ostvaruje se jedno zna\u010denje pravne norme koje obezbje\u0111uje ostvarenje njenog cilja, odnosno odre\u0111enog dru\u0161tvenog interesa.<\/p>\n<p>O ovim klju\u010dnim nau\u010dnim premisama nema ni jedne jedine rije\u010di u rje\u0161enju DIK, kao \u0161to nema ni jedne jedine rije\u010di o krucijalnim argumentima iz prigovora, a koji se odnose na nepobitne \u010dinjenice da Ustav Crne Gore inkorporira sve zna\u010dajne me\u0111unarodno-pravne standarde o za\u0161titi manjinskih prava, posebno na politi\u010dkom, ekonomskom, vjerskom, kulturnom, socijalnom i obrazovnom planu. Nadalje, Zakon o manjinskim pravima i slobodama razra\u0111uje \u010ditav broj individualnih i kolektivnih prava za manjinske narode, a na prvom mjestu ovaj zakon propisuje razli\u010dite mjere afirmativne akcije, posebno u politi\u010dkom \u017eivotu, u koje spadaju izbori, kako bi se manjinama omogu\u0107ila jednakost uslova i \u0161ansi u cilju njihove integracije bez asimilacije u na\u0161u dr\u017eavu. Pincip afirmativne akcije, koji se u me\u0111unarodnom pravu tretira kao op\u0161teprihva\u0107eno pravilo me\u0111unarodnog prava za manjinske narode u svim demokratskim dr\u017eavama, pa i u Crnoj Gori, predvi\u0111aju institut koji se naziva afirmativna akcija \u2013 preferencijalni tretman &#8211; pozitivna diskriminacija, koja obezbje\u0111uje fakti\u010dku jednakopravnost manjine sa ve\u0107inom.<\/p>\n<p>Mjere afirmativne akcije se odnose na pripadnike manjina, na domicilno stanovni\u0161tvo koje se od ve\u0107ine razlikuje po nekim objektivnim kriterijumima, kao \u0161to su jezik, vjera, porijeklo, kultura, nacionalna pripadnost, a broj\u010dano je u ogromnoj manjini. Zbog toga se njima priznaju dodatna prava iz razli\u010ditih oblasti, a posebno u izbornim odnosima, koje tretira \u010dlan 94 Zakona o izboru odbornika i poslanika, odnosno njegov stav 2 ta\u010dka 1, koji se po logi\u010dkom, sistematskom, istorjiskom i ciljnom tuma\u010denju mora dovesti u vezu sa \u010dlanom 93 i \u010dlanom 94 stav 1 ovog zakona. Ovo iz razloga \u0161to u izbornom sistemu Crne Gore postoji op\u0161ti pravni re\u017eim, koji je regulisan \u010dlanom 94 stav 1, i koja je utvrdila cenzus od 3% od ukupnog broja va\u017ee\u0107ih glasova, a u okviru ovog pravnog re\u017eima napravljen je izuzetak od op\u0161teg pravila u \u010dlanu 94 stav 2 ta\u010dka 1 kojim je albanskim partijama, na bazi op\u0161teprihva\u0107enih pravila me\u0111unarodnog prava \u201eafirmativne akcije\u201c odredila cenzus od 0,7%, a u okviru ovoga izuzetka utvrdila je jedan &#8220;podizuzetak&#8221; kojim je za hrvatsku populaciju odredila cenzus od 0,35%. Pravno tehni\u010dkom analizom naprijed navedenih sredstava tuma\u010denja i ovih zakonskih rje\u0161enja lako se dolazi do zaklju\u010dka da je rje\u0161enje DIK protivno i doma\u010dem Zakonu o izboru odbornika i poslanika i op\u0161teprihva\u0107enom pravilu me\u0111unarodnog prava afirmativne akcije.<\/p>\n<p>Rje\u0161enjem DIK je izvr\u0161eno grubo mije\u0161anje &#8220;jabuka i kru\u0161aka&#8221;, jer zakon doslovno ka\u017ee da se cenzus od 0,7% odnosi na pravo raspodjele mandata u odnosu na ukupni broj glasova, a nigdje ne pi\u0161e ukupni broj glasova onih koji su pre\u0161li 0,7% . Tako da po privremenim rezultatima DIK-e ispada da je odredba \u010dlana 94 stav 2 ta\u010dka 1 proizvoljno tuma\u010dena, pa bi smo ovo mogli nazvati proizvoljno tuma\u010denje zakonskih normi.<\/p>\n<p>Za\u0161to? Zato \u0161to je Zakonom ure\u0111eno pitanje raspodjele mandata i cenzusi koje izborne liste moraju osvojiti da bi u\u010destvovale u raspodjeli mandata, a zakon jasno odvaja op\u0161ti izborni cenzus od 3% iz \u010dlana 94 stav 1 od cenzusa za manjinske narode od 0,7% iz \u010dlana 94 stav 2 ta\u010dka 1, iz \u010dega se nedvosmisleno mo\u017ee zaklju\u010diti da manjinske liste sti\u010du pravo na raspodjelu mandata iako nijedna od njih ne osvoji op\u0161ti cenzus od 3%, pod uslovom da pojedina\u010dno manjiske liste dobiju najmanje 0,7% va\u017ee\u0107ih glasova pri \u010demu sti\u010du pravo na raspodjelu mandata kao jedna zbirna lista sa ukupno dobijenim va\u017ee\u0107im glasovima, a ovakvo zakonsko rije\u0161enje za manjinske liste direktno proizilazi iz op\u0161teprihva\u0107enog pravila me\u0111unarodnog prava koje se zove \u201eafirmativna akcija\u201c preferencijalni tretman &#8211; pozitivna diskriminacija*. Na\u017ealost, rje\u0161enjem DIK, ne da nije po\u0161tovano ovo op\u0161teprihva\u0107eno pravilo me\u0111unarodnog prava, naprijed navedeno, nego je izvr\u0161ena klasi\u010dna diskriminacija na \u0161tetu Demokratske Unije Albanaca na taj na\u010din \u0161to je povrije\u0111en ustavniprincip autenti\u010dne zastupljenosti i me\u0111unarodni princip afirmativne akcije, zaklju\u010dio je profesor <strong>Mitri\u0107<\/strong> u svojoj analizi.<\/p>\n<p><strong>Analitika &#8211; Informativni Portal<\/strong><\/p>\n","protected":false},"excerpt":{"rendered":"<p>Biv\u0161i predsjednik Ustavnog suda Blagota Mitri\u0107 kazao je, u analizi za Portal Analitika, da je odluka Dr\u017eavne izborne komisije da odbije prigovor Demokratske unije Albanaca protivna Zakonu o izboru odbornika i poslanika, Zakonu o manjinskim pravima i slobodama, kao i op\u0161teprihva\u0107enom pravilu me\u0111unarodnog prava \u201eafirmativne akcije\u201c, a time i \u010dlanu 9 Ustava Crne Gore. Mitri\u0107 [&hellip;]<\/p>\n","protected":false},"author":1,"featured_media":0,"comment_status":"open","ping_status":"closed","sticky":false,"template":"","format":"standard","meta":{"spay_email":"","jetpack_publicize_message":"","jetpack_is_tweetstorm":false,"jetpack_publicize_feature_enabled":true},"categories":[8337],"tags":[21275,87,21276],"jetpack_publicize_connections":[],"yoast_head":"<!-- This site is optimized with the Yoast SEO plugin v19.1 - https:\/\/yoast.com\/wordpress\/plugins\/seo\/ -->\n<title>Mitri\u0107: DIK prekr\u0161io Zakon i Ustav, DUA-i vratiti mandat - Lajme nga Ulqini<\/title>\n<meta name=\"description\" content=\"Biv\u0161i predsjednik Ustavnog suda Blagota Mitri\u0107 kazao je, u analizi za Portal Analitika, da je odluka Dr\u017eavne izborne komisije da odbije prigovor\" \/>\n<meta name=\"robots\" content=\"index, follow, max-snippet:-1, max-image-preview:large, max-video-preview:-1\" \/>\n<link rel=\"canonical\" href=\"https:\/\/www.visit-ulcinj.com\/blog\/2012\/10\/20\/mitric-dik-prekrsio-zakon-i-ustav-dua-i-vratiti-mandat\/\" \/>\n<meta property=\"og:locale\" content=\"en_US\" \/>\n<meta property=\"og:type\" content=\"article\" \/>\n<meta property=\"og:title\" content=\"Mitri\u0107: DIK prekr\u0161io Zakon i Ustav, DUA-i vratiti mandat - Lajme nga Ulqini\" \/>\n<meta property=\"og:description\" content=\"Biv\u0161i predsjednik Ustavnog suda Blagota Mitri\u0107 kazao je, u analizi za Portal Analitika, da je odluka Dr\u017eavne izborne komisije da odbije prigovor\" \/>\n<meta property=\"og:url\" content=\"https:\/\/www.visit-ulcinj.com\/blog\/2012\/10\/20\/mitric-dik-prekrsio-zakon-i-ustav-dua-i-vratiti-mandat\/\" \/>\n<meta property=\"og:site_name\" content=\"Lajme nga Ulqini\" \/>\n<meta property=\"article:published_time\" content=\"2012-10-20T06:44:06+00:00\" \/>\n<meta property=\"og:image\" content=\"http:\/\/www.visit-ulcinj.com\/blog\/wp-content\/uploads\/2012\/10\/Blagota-Mitric.jpg\" \/>\n<meta name=\"twitter:label1\" content=\"Written by\" \/>\n\t<meta name=\"twitter:data1\" content=\"ulqini\" \/>\n\t<meta name=\"twitter:label2\" content=\"Est. reading time\" \/>\n\t<meta name=\"twitter:data2\" content=\"6 minutes\" \/>\n<script type=\"application\/ld+json\" class=\"yoast-schema-graph\">{\"@context\":\"https:\/\/schema.org\",\"@graph\":[{\"@type\":\"WebSite\",\"@id\":\"https:\/\/www.visit-ulcinj.com\/blog\/#website\",\"url\":\"https:\/\/www.visit-ulcinj.com\/blog\/\",\"name\":\"Lajme nga Ulqini\",\"description\":\"Lajme,Vijesti,Ulqini,Ulqin,Crna Gora,Mali i Zi\",\"potentialAction\":[{\"@type\":\"SearchAction\",\"target\":{\"@type\":\"EntryPoint\",\"urlTemplate\":\"https:\/\/www.visit-ulcinj.com\/blog\/?s={search_term_string}\"},\"query-input\":\"required name=search_term_string\"}],\"inLanguage\":\"en-US\"},{\"@type\":\"ImageObject\",\"inLanguage\":\"en-US\",\"@id\":\"https:\/\/www.visit-ulcinj.com\/blog\/2012\/10\/20\/mitric-dik-prekrsio-zakon-i-ustav-dua-i-vratiti-mandat\/#primaryimage\",\"url\":\"https:\/\/www.visit-ulcinj.com\/blog\/wp-content\/uploads\/2012\/10\/Blagota-Mitric.jpg\",\"contentUrl\":\"https:\/\/www.visit-ulcinj.com\/blog\/wp-content\/uploads\/2012\/10\/Blagota-Mitric.jpg\",\"width\":\"407\",\"height\":\"302\"},{\"@type\":\"WebPage\",\"@id\":\"https:\/\/www.visit-ulcinj.com\/blog\/2012\/10\/20\/mitric-dik-prekrsio-zakon-i-ustav-dua-i-vratiti-mandat\/#webpage\",\"url\":\"https:\/\/www.visit-ulcinj.com\/blog\/2012\/10\/20\/mitric-dik-prekrsio-zakon-i-ustav-dua-i-vratiti-mandat\/\",\"name\":\"Mitri\u0107: DIK prekr\u0161io Zakon i Ustav, DUA-i vratiti mandat - Lajme nga Ulqini\",\"isPartOf\":{\"@id\":\"https:\/\/www.visit-ulcinj.com\/blog\/#website\"},\"primaryImageOfPage\":{\"@id\":\"https:\/\/www.visit-ulcinj.com\/blog\/2012\/10\/20\/mitric-dik-prekrsio-zakon-i-ustav-dua-i-vratiti-mandat\/#primaryimage\"},\"datePublished\":\"2012-10-20T06:44:06+00:00\",\"dateModified\":\"2012-10-20T06:44:06+00:00\",\"author\":{\"@id\":\"https:\/\/www.visit-ulcinj.com\/blog\/#\/schema\/person\/dcab619c614d3038751c63bc2aadc06d\"},\"description\":\"Biv\u0161i predsjednik Ustavnog suda Blagota Mitri\u0107 kazao je, u analizi za Portal Analitika, da je odluka Dr\u017eavne izborne komisije da odbije prigovor\",\"breadcrumb\":{\"@id\":\"https:\/\/www.visit-ulcinj.com\/blog\/2012\/10\/20\/mitric-dik-prekrsio-zakon-i-ustav-dua-i-vratiti-mandat\/#breadcrumb\"},\"inLanguage\":\"en-US\",\"potentialAction\":[{\"@type\":\"ReadAction\",\"target\":[\"https:\/\/www.visit-ulcinj.com\/blog\/2012\/10\/20\/mitric-dik-prekrsio-zakon-i-ustav-dua-i-vratiti-mandat\/\"]}]},{\"@type\":\"BreadcrumbList\",\"@id\":\"https:\/\/www.visit-ulcinj.com\/blog\/2012\/10\/20\/mitric-dik-prekrsio-zakon-i-ustav-dua-i-vratiti-mandat\/#breadcrumb\",\"itemListElement\":[{\"@type\":\"ListItem\",\"position\":1,\"name\":\"Mitri\u0107: DIK prekr\u0161io Zakon i Ustav, DUA-i vratiti mandat\"}]},{\"@type\":\"Person\",\"@id\":\"https:\/\/www.visit-ulcinj.com\/blog\/#\/schema\/person\/dcab619c614d3038751c63bc2aadc06d\",\"name\":\"ulqini\",\"sameAs\":[\"http:\/\/www.visit-ulcinj.com\"],\"url\":\"https:\/\/www.visit-ulcinj.com\/blog\/author\/admin\/\"}]}<\/script>\n<!-- \/ Yoast SEO plugin. -->","yoast_head_json":{"title":"Mitri\u0107: DIK prekr\u0161io Zakon i Ustav, DUA-i vratiti mandat - Lajme nga Ulqini","description":"Biv\u0161i predsjednik Ustavnog suda Blagota Mitri\u0107 kazao je, u analizi za Portal Analitika, da je odluka Dr\u017eavne izborne komisije da odbije prigovor","robots":{"index":"index","follow":"follow","max-snippet":"max-snippet:-1","max-image-preview":"max-image-preview:large","max-video-preview":"max-video-preview:-1"},"canonical":"https:\/\/www.visit-ulcinj.com\/blog\/2012\/10\/20\/mitric-dik-prekrsio-zakon-i-ustav-dua-i-vratiti-mandat\/","og_locale":"en_US","og_type":"article","og_title":"Mitri\u0107: DIK prekr\u0161io Zakon i Ustav, DUA-i vratiti mandat - Lajme nga Ulqini","og_description":"Biv\u0161i predsjednik Ustavnog suda Blagota Mitri\u0107 kazao je, u analizi za Portal Analitika, da je odluka Dr\u017eavne izborne komisije da odbije prigovor","og_url":"https:\/\/www.visit-ulcinj.com\/blog\/2012\/10\/20\/mitric-dik-prekrsio-zakon-i-ustav-dua-i-vratiti-mandat\/","og_site_name":"Lajme nga Ulqini","article_published_time":"2012-10-20T06:44:06+00:00","og_image":[{"url":"http:\/\/www.visit-ulcinj.com\/blog\/wp-content\/uploads\/2012\/10\/Blagota-Mitric.jpg"}],"twitter_misc":{"Written by":"ulqini","Est. reading time":"6 minutes"},"schema":{"@context":"https:\/\/schema.org","@graph":[{"@type":"WebSite","@id":"https:\/\/www.visit-ulcinj.com\/blog\/#website","url":"https:\/\/www.visit-ulcinj.com\/blog\/","name":"Lajme nga Ulqini","description":"Lajme,Vijesti,Ulqini,Ulqin,Crna Gora,Mali i Zi","potentialAction":[{"@type":"SearchAction","target":{"@type":"EntryPoint","urlTemplate":"https:\/\/www.visit-ulcinj.com\/blog\/?s={search_term_string}"},"query-input":"required name=search_term_string"}],"inLanguage":"en-US"},{"@type":"ImageObject","inLanguage":"en-US","@id":"https:\/\/www.visit-ulcinj.com\/blog\/2012\/10\/20\/mitric-dik-prekrsio-zakon-i-ustav-dua-i-vratiti-mandat\/#primaryimage","url":"https:\/\/www.visit-ulcinj.com\/blog\/wp-content\/uploads\/2012\/10\/Blagota-Mitric.jpg","contentUrl":"https:\/\/www.visit-ulcinj.com\/blog\/wp-content\/uploads\/2012\/10\/Blagota-Mitric.jpg","width":"407","height":"302"},{"@type":"WebPage","@id":"https:\/\/www.visit-ulcinj.com\/blog\/2012\/10\/20\/mitric-dik-prekrsio-zakon-i-ustav-dua-i-vratiti-mandat\/#webpage","url":"https:\/\/www.visit-ulcinj.com\/blog\/2012\/10\/20\/mitric-dik-prekrsio-zakon-i-ustav-dua-i-vratiti-mandat\/","name":"Mitri\u0107: DIK prekr\u0161io Zakon i Ustav, DUA-i vratiti mandat - Lajme nga Ulqini","isPartOf":{"@id":"https:\/\/www.visit-ulcinj.com\/blog\/#website"},"primaryImageOfPage":{"@id":"https:\/\/www.visit-ulcinj.com\/blog\/2012\/10\/20\/mitric-dik-prekrsio-zakon-i-ustav-dua-i-vratiti-mandat\/#primaryimage"},"datePublished":"2012-10-20T06:44:06+00:00","dateModified":"2012-10-20T06:44:06+00:00","author":{"@id":"https:\/\/www.visit-ulcinj.com\/blog\/#\/schema\/person\/dcab619c614d3038751c63bc2aadc06d"},"description":"Biv\u0161i predsjednik Ustavnog suda Blagota Mitri\u0107 kazao je, u analizi za Portal Analitika, da je odluka Dr\u017eavne izborne komisije da odbije prigovor","breadcrumb":{"@id":"https:\/\/www.visit-ulcinj.com\/blog\/2012\/10\/20\/mitric-dik-prekrsio-zakon-i-ustav-dua-i-vratiti-mandat\/#breadcrumb"},"inLanguage":"en-US","potentialAction":[{"@type":"ReadAction","target":["https:\/\/www.visit-ulcinj.com\/blog\/2012\/10\/20\/mitric-dik-prekrsio-zakon-i-ustav-dua-i-vratiti-mandat\/"]}]},{"@type":"BreadcrumbList","@id":"https:\/\/www.visit-ulcinj.com\/blog\/2012\/10\/20\/mitric-dik-prekrsio-zakon-i-ustav-dua-i-vratiti-mandat\/#breadcrumb","itemListElement":[{"@type":"ListItem","position":1,"name":"Mitri\u0107: DIK prekr\u0161io Zakon i Ustav, DUA-i vratiti mandat"}]},{"@type":"Person","@id":"https:\/\/www.visit-ulcinj.com\/blog\/#\/schema\/person\/dcab619c614d3038751c63bc2aadc06d","name":"ulqini","sameAs":["http:\/\/www.visit-ulcinj.com"],"url":"https:\/\/www.visit-ulcinj.com\/blog\/author\/admin\/"}]}},"jetpack_featured_media_url":"","jetpack_sharing_enabled":true,"jetpack_shortlink":"https:\/\/wp.me\/pe6lTn-gSm","_links":{"self":[{"href":"https:\/\/www.visit-ulcinj.com\/blog\/wp-json\/wp\/v2\/posts\/64874"}],"collection":[{"href":"https:\/\/www.visit-ulcinj.com\/blog\/wp-json\/wp\/v2\/posts"}],"about":[{"href":"https:\/\/www.visit-ulcinj.com\/blog\/wp-json\/wp\/v2\/types\/post"}],"author":[{"embeddable":true,"href":"https:\/\/www.visit-ulcinj.com\/blog\/wp-json\/wp\/v2\/users\/1"}],"replies":[{"embeddable":true,"href":"https:\/\/www.visit-ulcinj.com\/blog\/wp-json\/wp\/v2\/comments?post=64874"}],"version-history":[{"count":1,"href":"https:\/\/www.visit-ulcinj.com\/blog\/wp-json\/wp\/v2\/posts\/64874\/revisions"}],"predecessor-version":[{"id":64876,"href":"https:\/\/www.visit-ulcinj.com\/blog\/wp-json\/wp\/v2\/posts\/64874\/revisions\/64876"}],"wp:attachment":[{"href":"https:\/\/www.visit-ulcinj.com\/blog\/wp-json\/wp\/v2\/media?parent=64874"}],"wp:term":[{"taxonomy":"category","embeddable":true,"href":"https:\/\/www.visit-ulcinj.com\/blog\/wp-json\/wp\/v2\/categories?post=64874"},{"taxonomy":"post_tag","embeddable":true,"href":"https:\/\/www.visit-ulcinj.com\/blog\/wp-json\/wp\/v2\/tags?post=64874"}],"curies":[{"name":"wp","href":"https:\/\/api.w.org\/{rel}","templated":true}]}}