{"id":64878,"date":"2012-10-20T14:55:17","date_gmt":"2012-10-20T13:55:17","guid":{"rendered":"http:\/\/www.visit-ulcinj.com\/blog\/?p=64878"},"modified":"2012-10-20T14:55:17","modified_gmt":"2012-10-20T13:55:17","slug":"skreljaalbanci-ne-treba-da-budu-nezadovoljni-rezultatima-izbora","status":"publish","type":"post","link":"https:\/\/www.visit-ulcinj.com\/blog\/2012\/10\/20\/skreljaalbanci-ne-treba-da-budu-nezadovoljni-rezultatima-izbora\/","title":{"rendered":"\u0160krelja:Albanci ne treba da budu nezadovoljni rezultatima izbora"},"content":{"rendered":"<p><a href=\"http:\/\/www.visit-ulcinj.com\/blog\/wp-content\/uploads\/2012\/10\/luigjshkreli_ulcinj.jpg\"><img loading=\"lazy\" class=\"alignleft  wp-image-64879\" title=\"luigjshkreli_ulcinj\" src=\"http:\/\/www.visit-ulcinj.com\/blog\/wp-content\/uploads\/2012\/10\/luigjshkreli_ulcinj.jpg\" alt=\"\" width=\"350\" height=\"400\" \/><\/a>Rezultatima izbora treba da budu nezadovoljne albanske stranke, a ne Albanci, jer oni ne glasaju samo nacionalne ve\u0107 i gra\u0111anske partije, kazao je poslani\u010dki kandidat Demokratske partije socijalista (DPS) Lui\u0111 \u0160krelja.<\/p>\n<p>\u201eVelika je gre\u0161ka kada neko govori da su Albanci nezadovoljni, jer rezultatima izbora mogu biti nezadovoljni lideri albanskih stranaka a ne albanski narod, koji ne glasa samo nacionalne stranke\u201c, rekao je \u0160krelja agenciji MINA.<\/p>\n<p>On je ocijenio da su lideri albanskih stranaka morali da se dogovore o zajedni\u010dkom nastupu, kako bi ostvarili bolji izborni rezultat.<\/p>\n<p>\u201eAlbanske stranke nastupile su u \u010detiri kolone i to je bila gre\u0161ka, jer u \u0107e u novom sazivu imati samo dva mandata, a zajedni\u010dki nastup omogu\u0107avao im je tri poslanika\u201c, dodao je \u0160krelja.<\/p>\n<p>Govore\u0107i o ocjenama albanskih stranaka da je Izborni zakon nepravi\u010dan i da diskrimini\u0161e manjine, \u0160krelja je kazao da taj akt ide ne \u0161tetu manjinskim partijama koji ne mogu da na\u0111u kompromis o zajedni\u010dkom nastupu.<\/p>\n<p>\u201eImali smo dosta prilike da razgovaramo o Izbornom zakonu tokom njegovog dono\u0161enja. Kada bi znao da je neki propis diskriminatorski i da ide na moju \u0161tetu, ne bih u\u010destvovao na izborima\u201c, precizirao je on.<\/p>\n<p>\u0160krelja je naveo da mu je \u017eao mi je \u0161to Demokratska unija Albanaca ne\u0107e imati poslanika u novom sazivu parlamenta, jer je, kako je kazao, ta stranka dala izuzetan doprinos razvoju gra\u0111anske i multietni\u010dke dr\u017eave i bila partner DPS-a.<\/p>\n<p>\u201eTo je partija koja je bila u parlamentu vi\u0161e godina, ali vidje\u0107emo \u0161ta \u0107e da odlu\u010di Ustavni sud, po \u017ealbi DUA na odluku Dr\u017eavne izborne komisije da im ne dodijeli mandat\u201c, zaklju\u010dio je on.<\/p>\n<p><strong>Analitika &#8211; Informativni Portal<\/strong><\/p>\n","protected":false},"excerpt":{"rendered":"<p>Rezultatima izbora treba da budu nezadovoljne albanske stranke, a ne Albanci, jer oni ne glasaju samo nacionalne ve\u0107 i gra\u0111anske partije, kazao je poslani\u010dki kandidat Demokratske partije socijalista (DPS) Lui\u0111 \u0160krelja. \u201eVelika je gre\u0161ka kada neko govori da su Albanci nezadovoljni, jer rezultatima izbora mogu biti nezadovoljni lideri albanskih stranaka a ne albanski narod, koji [&hellip;]<\/p>\n","protected":false},"author":1,"featured_media":0,"comment_status":"open","ping_status":"closed","sticky":false,"template":"","format":"standard","meta":{"spay_email":"","jetpack_publicize_message":"","jetpack_is_tweetstorm":false,"jetpack_publicize_feature_enabled":true},"categories":[8337],"tags":[729,19],"jetpack_publicize_connections":[],"yoast_head":"<!-- This site is optimized with the Yoast SEO plugin v19.1 - https:\/\/yoast.com\/wordpress\/plugins\/seo\/ -->\n<title>\u0160krelja:Albanci ne treba da budu nezadovoljni rezultatima izbora - Lajme nga Ulqini<\/title>\n<meta name=\"description\" content=\"Rezultatima izbora treba da budu nezadovoljne albanske stranke, a ne Albanci, jer oni ne glasaju samo nacionalne ve\u0107 i gra\u0111anske partije, kazao je\" \/>\n<meta name=\"robots\" content=\"index, follow, max-snippet:-1, max-image-preview:large, max-video-preview:-1\" \/>\n<link rel=\"canonical\" href=\"https:\/\/www.visit-ulcinj.com\/blog\/2012\/10\/20\/skreljaalbanci-ne-treba-da-budu-nezadovoljni-rezultatima-izbora\/\" \/>\n<meta property=\"og:locale\" content=\"en_US\" \/>\n<meta property=\"og:type\" content=\"article\" \/>\n<meta property=\"og:title\" content=\"\u0160krelja:Albanci ne treba da budu nezadovoljni rezultatima izbora - Lajme nga Ulqini\" \/>\n<meta property=\"og:description\" content=\"Rezultatima izbora treba da budu nezadovoljne albanske stranke, a ne Albanci, jer oni ne glasaju samo nacionalne ve\u0107 i gra\u0111anske partije, kazao je\" \/>\n<meta property=\"og:url\" content=\"https:\/\/www.visit-ulcinj.com\/blog\/2012\/10\/20\/skreljaalbanci-ne-treba-da-budu-nezadovoljni-rezultatima-izbora\/\" \/>\n<meta property=\"og:site_name\" content=\"Lajme nga Ulqini\" \/>\n<meta property=\"article:published_time\" content=\"2012-10-20T13:55:17+00:00\" \/>\n<meta property=\"og:image\" content=\"http:\/\/www.visit-ulcinj.com\/blog\/wp-content\/uploads\/2012\/10\/luigjshkreli_ulcinj.jpg\" \/>\n<meta name=\"twitter:label1\" content=\"Written by\" \/>\n\t<meta name=\"twitter:data1\" content=\"ulqini\" \/>\n\t<meta name=\"twitter:label2\" content=\"Est. reading time\" \/>\n\t<meta name=\"twitter:data2\" content=\"1 minute\" \/>\n<script type=\"application\/ld+json\" class=\"yoast-schema-graph\">{\"@context\":\"https:\/\/schema.org\",\"@graph\":[{\"@type\":\"WebSite\",\"@id\":\"https:\/\/www.visit-ulcinj.com\/blog\/#website\",\"url\":\"https:\/\/www.visit-ulcinj.com\/blog\/\",\"name\":\"Lajme nga Ulqini\",\"description\":\"Lajme,Vijesti,Ulqini,Ulqin,Crna Gora,Mali i Zi\",\"potentialAction\":[{\"@type\":\"SearchAction\",\"target\":{\"@type\":\"EntryPoint\",\"urlTemplate\":\"https:\/\/www.visit-ulcinj.com\/blog\/?s={search_term_string}\"},\"query-input\":\"required name=search_term_string\"}],\"inLanguage\":\"en-US\"},{\"@type\":\"ImageObject\",\"inLanguage\":\"en-US\",\"@id\":\"https:\/\/www.visit-ulcinj.com\/blog\/2012\/10\/20\/skreljaalbanci-ne-treba-da-budu-nezadovoljni-rezultatima-izbora\/#primaryimage\",\"url\":\"https:\/\/www.visit-ulcinj.com\/blog\/wp-content\/uploads\/2012\/10\/luigjshkreli_ulcinj.jpg\",\"contentUrl\":\"https:\/\/www.visit-ulcinj.com\/blog\/wp-content\/uploads\/2012\/10\/luigjshkreli_ulcinj.jpg\",\"width\":\"720\",\"height\":\"960\"},{\"@type\":\"WebPage\",\"@id\":\"https:\/\/www.visit-ulcinj.com\/blog\/2012\/10\/20\/skreljaalbanci-ne-treba-da-budu-nezadovoljni-rezultatima-izbora\/#webpage\",\"url\":\"https:\/\/www.visit-ulcinj.com\/blog\/2012\/10\/20\/skreljaalbanci-ne-treba-da-budu-nezadovoljni-rezultatima-izbora\/\",\"name\":\"\u0160krelja:Albanci ne treba da budu nezadovoljni rezultatima izbora - Lajme nga Ulqini\",\"isPartOf\":{\"@id\":\"https:\/\/www.visit-ulcinj.com\/blog\/#website\"},\"primaryImageOfPage\":{\"@id\":\"https:\/\/www.visit-ulcinj.com\/blog\/2012\/10\/20\/skreljaalbanci-ne-treba-da-budu-nezadovoljni-rezultatima-izbora\/#primaryimage\"},\"datePublished\":\"2012-10-20T13:55:17+00:00\",\"dateModified\":\"2012-10-20T13:55:17+00:00\",\"author\":{\"@id\":\"https:\/\/www.visit-ulcinj.com\/blog\/#\/schema\/person\/dcab619c614d3038751c63bc2aadc06d\"},\"description\":\"Rezultatima izbora treba da budu nezadovoljne albanske stranke, a ne Albanci, jer oni ne glasaju samo nacionalne ve\u0107 i gra\u0111anske partije, kazao je\",\"breadcrumb\":{\"@id\":\"https:\/\/www.visit-ulcinj.com\/blog\/2012\/10\/20\/skreljaalbanci-ne-treba-da-budu-nezadovoljni-rezultatima-izbora\/#breadcrumb\"},\"inLanguage\":\"en-US\",\"potentialAction\":[{\"@type\":\"ReadAction\",\"target\":[\"https:\/\/www.visit-ulcinj.com\/blog\/2012\/10\/20\/skreljaalbanci-ne-treba-da-budu-nezadovoljni-rezultatima-izbora\/\"]}]},{\"@type\":\"BreadcrumbList\",\"@id\":\"https:\/\/www.visit-ulcinj.com\/blog\/2012\/10\/20\/skreljaalbanci-ne-treba-da-budu-nezadovoljni-rezultatima-izbora\/#breadcrumb\",\"itemListElement\":[{\"@type\":\"ListItem\",\"position\":1,\"name\":\"\u0160krelja:Albanci ne treba da budu nezadovoljni rezultatima izbora\"}]},{\"@type\":\"Person\",\"@id\":\"https:\/\/www.visit-ulcinj.com\/blog\/#\/schema\/person\/dcab619c614d3038751c63bc2aadc06d\",\"name\":\"ulqini\",\"sameAs\":[\"http:\/\/www.visit-ulcinj.com\"],\"url\":\"https:\/\/www.visit-ulcinj.com\/blog\/author\/admin\/\"}]}<\/script>\n<!-- \/ Yoast SEO plugin. -->","yoast_head_json":{"title":"\u0160krelja:Albanci ne treba da budu nezadovoljni rezultatima izbora - Lajme nga Ulqini","description":"Rezultatima izbora treba da budu nezadovoljne albanske stranke, a ne Albanci, jer oni ne glasaju samo nacionalne ve\u0107 i gra\u0111anske partije, kazao je","robots":{"index":"index","follow":"follow","max-snippet":"max-snippet:-1","max-image-preview":"max-image-preview:large","max-video-preview":"max-video-preview:-1"},"canonical":"https:\/\/www.visit-ulcinj.com\/blog\/2012\/10\/20\/skreljaalbanci-ne-treba-da-budu-nezadovoljni-rezultatima-izbora\/","og_locale":"en_US","og_type":"article","og_title":"\u0160krelja:Albanci ne treba da budu nezadovoljni rezultatima izbora - Lajme nga Ulqini","og_description":"Rezultatima izbora treba da budu nezadovoljne albanske stranke, a ne Albanci, jer oni ne glasaju samo nacionalne ve\u0107 i gra\u0111anske partije, kazao je","og_url":"https:\/\/www.visit-ulcinj.com\/blog\/2012\/10\/20\/skreljaalbanci-ne-treba-da-budu-nezadovoljni-rezultatima-izbora\/","og_site_name":"Lajme nga Ulqini","article_published_time":"2012-10-20T13:55:17+00:00","og_image":[{"url":"http:\/\/www.visit-ulcinj.com\/blog\/wp-content\/uploads\/2012\/10\/luigjshkreli_ulcinj.jpg"}],"twitter_misc":{"Written by":"ulqini","Est. reading time":"1 minute"},"schema":{"@context":"https:\/\/schema.org","@graph":[{"@type":"WebSite","@id":"https:\/\/www.visit-ulcinj.com\/blog\/#website","url":"https:\/\/www.visit-ulcinj.com\/blog\/","name":"Lajme nga Ulqini","description":"Lajme,Vijesti,Ulqini,Ulqin,Crna Gora,Mali i Zi","potentialAction":[{"@type":"SearchAction","target":{"@type":"EntryPoint","urlTemplate":"https:\/\/www.visit-ulcinj.com\/blog\/?s={search_term_string}"},"query-input":"required name=search_term_string"}],"inLanguage":"en-US"},{"@type":"ImageObject","inLanguage":"en-US","@id":"https:\/\/www.visit-ulcinj.com\/blog\/2012\/10\/20\/skreljaalbanci-ne-treba-da-budu-nezadovoljni-rezultatima-izbora\/#primaryimage","url":"https:\/\/www.visit-ulcinj.com\/blog\/wp-content\/uploads\/2012\/10\/luigjshkreli_ulcinj.jpg","contentUrl":"https:\/\/www.visit-ulcinj.com\/blog\/wp-content\/uploads\/2012\/10\/luigjshkreli_ulcinj.jpg","width":"720","height":"960"},{"@type":"WebPage","@id":"https:\/\/www.visit-ulcinj.com\/blog\/2012\/10\/20\/skreljaalbanci-ne-treba-da-budu-nezadovoljni-rezultatima-izbora\/#webpage","url":"https:\/\/www.visit-ulcinj.com\/blog\/2012\/10\/20\/skreljaalbanci-ne-treba-da-budu-nezadovoljni-rezultatima-izbora\/","name":"\u0160krelja:Albanci ne treba da budu nezadovoljni rezultatima izbora - Lajme nga Ulqini","isPartOf":{"@id":"https:\/\/www.visit-ulcinj.com\/blog\/#website"},"primaryImageOfPage":{"@id":"https:\/\/www.visit-ulcinj.com\/blog\/2012\/10\/20\/skreljaalbanci-ne-treba-da-budu-nezadovoljni-rezultatima-izbora\/#primaryimage"},"datePublished":"2012-10-20T13:55:17+00:00","dateModified":"2012-10-20T13:55:17+00:00","author":{"@id":"https:\/\/www.visit-ulcinj.com\/blog\/#\/schema\/person\/dcab619c614d3038751c63bc2aadc06d"},"description":"Rezultatima izbora treba da budu nezadovoljne albanske stranke, a ne Albanci, jer oni ne glasaju samo nacionalne ve\u0107 i gra\u0111anske partije, kazao je","breadcrumb":{"@id":"https:\/\/www.visit-ulcinj.com\/blog\/2012\/10\/20\/skreljaalbanci-ne-treba-da-budu-nezadovoljni-rezultatima-izbora\/#breadcrumb"},"inLanguage":"en-US","potentialAction":[{"@type":"ReadAction","target":["https:\/\/www.visit-ulcinj.com\/blog\/2012\/10\/20\/skreljaalbanci-ne-treba-da-budu-nezadovoljni-rezultatima-izbora\/"]}]},{"@type":"BreadcrumbList","@id":"https:\/\/www.visit-ulcinj.com\/blog\/2012\/10\/20\/skreljaalbanci-ne-treba-da-budu-nezadovoljni-rezultatima-izbora\/#breadcrumb","itemListElement":[{"@type":"ListItem","position":1,"name":"\u0160krelja:Albanci ne treba da budu nezadovoljni rezultatima izbora"}]},{"@type":"Person","@id":"https:\/\/www.visit-ulcinj.com\/blog\/#\/schema\/person\/dcab619c614d3038751c63bc2aadc06d","name":"ulqini","sameAs":["http:\/\/www.visit-ulcinj.com"],"url":"https:\/\/www.visit-ulcinj.com\/blog\/author\/admin\/"}]}},"jetpack_featured_media_url":"","jetpack_sharing_enabled":true,"jetpack_shortlink":"https:\/\/wp.me\/pe6lTn-gSq","_links":{"self":[{"href":"https:\/\/www.visit-ulcinj.com\/blog\/wp-json\/wp\/v2\/posts\/64878"}],"collection":[{"href":"https:\/\/www.visit-ulcinj.com\/blog\/wp-json\/wp\/v2\/posts"}],"about":[{"href":"https:\/\/www.visit-ulcinj.com\/blog\/wp-json\/wp\/v2\/types\/post"}],"author":[{"embeddable":true,"href":"https:\/\/www.visit-ulcinj.com\/blog\/wp-json\/wp\/v2\/users\/1"}],"replies":[{"embeddable":true,"href":"https:\/\/www.visit-ulcinj.com\/blog\/wp-json\/wp\/v2\/comments?post=64878"}],"version-history":[{"count":1,"href":"https:\/\/www.visit-ulcinj.com\/blog\/wp-json\/wp\/v2\/posts\/64878\/revisions"}],"predecessor-version":[{"id":64880,"href":"https:\/\/www.visit-ulcinj.com\/blog\/wp-json\/wp\/v2\/posts\/64878\/revisions\/64880"}],"wp:attachment":[{"href":"https:\/\/www.visit-ulcinj.com\/blog\/wp-json\/wp\/v2\/media?parent=64878"}],"wp:term":[{"taxonomy":"category","embeddable":true,"href":"https:\/\/www.visit-ulcinj.com\/blog\/wp-json\/wp\/v2\/categories?post=64878"},{"taxonomy":"post_tag","embeddable":true,"href":"https:\/\/www.visit-ulcinj.com\/blog\/wp-json\/wp\/v2\/tags?post=64878"}],"curies":[{"name":"wp","href":"https:\/\/api.w.org\/{rel}","templated":true}]}}