{"id":64881,"date":"2012-10-20T15:07:03","date_gmt":"2012-10-20T14:07:03","guid":{"rendered":"http:\/\/www.visit-ulcinj.com\/blog\/?p=64881"},"modified":"2012-10-20T15:07:03","modified_gmt":"2012-10-20T14:07:03","slug":"globarevic-glasao-da-dua-dobije-mandat-fronta","status":"publish","type":"post","link":"https:\/\/www.visit-ulcinj.com\/blog\/2012\/10\/20\/globarevic-glasao-da-dua-dobije-mandat-fronta\/","title":{"rendered":"Globarevi\u0107 glasao da DUA dobije mandat Fronta"},"content":{"rendered":"<div id=\"attachment_64882\" style=\"width: 518px\" class=\"wp-caption alignleft\"><a href=\"http:\/\/www.visit-ulcinj.com\/blog\/wp-content\/uploads\/2012\/10\/DIK.jpg\"><img aria-describedby=\"caption-attachment-64882\" loading=\"lazy\" class=\" wp-image-64882 \" title=\"DIK\" src=\"http:\/\/www.visit-ulcinj.com\/blog\/wp-content\/uploads\/2012\/10\/DIK.jpg\" alt=\"\" width=\"508\" height=\"360\" \/><\/a><p id=\"caption-attachment-64882\" class=\"wp-caption-text\">Foto: Vijesti<\/p><\/div>\n<p>Predstavnik Socijalisti\u010dke narodne partije u Dr\u017eavnoj izbornoj komisiji Borislav Globarevi\u0107 glasao je na ju\u010dera\u0161njoj sjednici za prigovor kojim je Demokratska unija Albanaca tra\u017eila da joj se dodijeli mandat. Prigovor je, me\u0111utim, ve\u0107inom glasova odbijen, tako da DUA ne\u0107e dobiti mandat koji bi joj, da je \u017ealba prihva\u0107ena, bio dodijeljen na u\u0161trb Demokratskog fronta. Za razliku od Globarevi\u0107a, njegov partijski kolega, koji je \u010dlan i sekretar DIK-a Milisav \u0106ori\u0107 glasao je, prema saznanjima \u201cDana\u201d, protiv davanja mandata DUA.<br \/>\nU izjavi za \u201eDan\u201d, Globarevi\u0107 je potvrdio da je glasao za usvajanje prigovora DUA, uz tvrdnju da se davanje mandata toj partiji ne bi odrazilo na ukupan broj mjesta opozicije u parlamentu.<br \/>\n\u2013 Ta\u010dna je informacija da sam glasao da DUA dobije poslani\u010dki mandat. Manjinski narodi nijesu jednaki kada je u pitanju broj glasova potreban da se pre\u0111e cenzus. Neki to mogu sa manjim procentom, a neki moraju da imaju tri odsto. To je bio razlog \u0161to sam glasao za, sa aspekta pravi\u010dnosti i duha zakona. I na sjednici Komisije sam rekao da bi trebalo da sve manjine pod istim uslovima ostvaruju pravo na mandate u Skup\u0161tini. Davanje mandata DUA ne bi trebalo da uti\u010de na broj opozicionih mjesta u Skup\u0161tini, bar je tako obrazlagano, imaju\u0107i u vidu da su mandati ve\u0107 preliminarno utvr\u0111eni \u2013saop\u0161tio je Globarevi\u0107.<br \/>\nPrema saznanjima \u201eDana\u201d, osim predstavnika SNP-a, prigovor DUA podr\u017eali su samo predsjednik DIK-a Ivica Kalezi\u0107 i predstavnik HGI Jurica \u017darkovi\u0107.<br \/>\nPredstavnici vlasti su i na nedavnoj sjednici prilikom utvr\u0111ivanja preliminarnih rezultata izbora poku\u0161ali da kroz tuma\u010denja izbornog zakona obezbijede da DUA u\u0111e u parlament, ali taj predlog, po kojem bi DF imao 19 poslani\u010dkih mandata umjesto osvojenih 20, nije dobio neophodnu ve\u0107inu.<br \/>\nPortparol DIK-a Slavka Mara\u0161 potvrdila je za \u201eDan\u201d da je prigovor DUA odbijen kao neosnovan. Objasnila je da DUA, kada dobije rje\u0161enje o odbijanju prigovora, ima pravo da podnese \u017ealbu Ustavnom sudu.<br \/>\nDUA je u srijedu podnijela prigovor DIK-u na rezultate izbora jer smatraju da im je mandat oduzet usled neadekvatnog tuma\u010denja izbornog zakona.<br \/>\nKomentari\u0161u\u0107i odluku DIK-a da odbije njihov prigovor na rezultate izbora, lider DUA Mehmet Zenka rekao je da su Albanci prevareni.<br \/>\nKako najavljuje, kada dobiju rje\u0161enje DIK-a, ulo\u017ei\u0107e \u017ealbu Ustavnom sudu, \u201eu nadi da \u0107e bar kod njih prevagnuti duh prava\u201d.<br \/>\n\u2013Ako ne bude tako, ima i drugih instanci \u2013 ovu stvar \u0107emo istjerati do kraja. Albanci se ne\u0107e pomiriti sa ovom kra\u0111om glasova. Ako neko misli da \u0107e se sve na ovome zavr\u0161iti, grdno se prevario \u2013 poru\u010dio je Zenka.<\/p>\n<p><strong>V.R.<\/strong><\/p>\n<p><strong> Zenka: Albanci pokradeni<\/strong><\/p>\n<p>\u2013Desilo se ono \u010dega smo se pla\u0161ili, a to je da su \u010dlanovi DIK-a odlu\u010divali po partijskom naho\u0111enju, a ne po principu pravnog tuma\u010denja izbornog zakona. Preovladao je duh partija i njihovo nastojanje da sa\u010duvaju svoje mandate. Albanci ovakvom odlukom nijesu samo op\u0161te\u0107eni, nego su pokradeni i prevareni, jer im je oduzeto prirodno pravo predstavljanja svog naroda \u2013poru\u010dio je Mehmet Zenka.<br \/>\nTvrdi da prema Albancima u Crnoj Gori nije primijenjena afirmativna akcija ve\u0107 diskriminacija. Takvu tvrdnju potkrepljuje \u010dinjenicom da su albanske partije na parlamentarnim izborima osvojile 12.400 glasova a ima\u0107e samo dva mandata.<br \/>\n\u2013Jedan mandat Albance sada \u201eko\u0161ta\u201d preko 6.000 glasova. Pitam javnost i pravne stru\u010dnjake kakva je to afirmativna akcija \u2013 ka\u017ee predsjednik DUA.<\/p>\n<p><strong>Izvor: DAN<\/strong><\/p>\n","protected":false},"excerpt":{"rendered":"<p>Predstavnik Socijalisti\u010dke narodne partije u Dr\u017eavnoj izbornoj komisiji Borislav Globarevi\u0107 glasao je na ju\u010dera\u0161njoj sjednici za prigovor kojim je Demokratska unija Albanaca tra\u017eila da joj se dodijeli mandat. Prigovor je, me\u0111utim, ve\u0107inom glasova odbijen, tako da DUA ne\u0107e dobiti mandat koji bi joj, da je \u017ealba prihva\u0107ena, bio dodijeljen na u\u0161trb Demokratskog fronta. Za razliku [&hellip;]<\/p>\n","protected":false},"author":1,"featured_media":0,"comment_status":"open","ping_status":"closed","sticky":false,"template":"","format":"standard","meta":{"spay_email":"","jetpack_publicize_message":"","jetpack_is_tweetstorm":false,"jetpack_publicize_feature_enabled":true},"categories":[6950],"tags":[21267,87,1404],"jetpack_publicize_connections":[],"yoast_head":"<!-- This site is optimized with the Yoast SEO plugin v19.1 - https:\/\/yoast.com\/wordpress\/plugins\/seo\/ -->\n<title>Globarevi\u0107 glasao da DUA dobije mandat Fronta - Lajme nga Ulqini<\/title>\n<meta name=\"description\" content=\"Predstavnik Socijalisti\u010dke narodne partije u Dr\u017eavnoj izbornoj komisiji Borislav Globarevi\u0107 glasao je na ju\u010dera\u0161njoj sjednici za prigovor kojim je\" \/>\n<meta name=\"robots\" content=\"index, follow, max-snippet:-1, max-image-preview:large, max-video-preview:-1\" \/>\n<link rel=\"canonical\" href=\"https:\/\/www.visit-ulcinj.com\/blog\/2012\/10\/20\/globarevic-glasao-da-dua-dobije-mandat-fronta\/\" \/>\n<meta property=\"og:locale\" content=\"en_US\" \/>\n<meta property=\"og:type\" content=\"article\" \/>\n<meta property=\"og:title\" content=\"Globarevi\u0107 glasao da DUA dobije mandat Fronta - Lajme nga Ulqini\" \/>\n<meta property=\"og:description\" content=\"Predstavnik Socijalisti\u010dke narodne partije u Dr\u017eavnoj izbornoj komisiji Borislav Globarevi\u0107 glasao je na ju\u010dera\u0161njoj sjednici za prigovor kojim je\" \/>\n<meta property=\"og:url\" content=\"https:\/\/www.visit-ulcinj.com\/blog\/2012\/10\/20\/globarevic-glasao-da-dua-dobije-mandat-fronta\/\" \/>\n<meta property=\"og:site_name\" content=\"Lajme nga Ulqini\" \/>\n<meta property=\"article:published_time\" content=\"2012-10-20T14:07:03+00:00\" \/>\n<meta property=\"og:image\" content=\"http:\/\/www.visit-ulcinj.com\/blog\/wp-content\/uploads\/2012\/10\/DIK.jpg\" \/>\n<meta name=\"twitter:label1\" content=\"Written by\" \/>\n\t<meta name=\"twitter:data1\" content=\"ulqini\" \/>\n\t<meta name=\"twitter:label2\" content=\"Est. reading time\" \/>\n\t<meta name=\"twitter:data2\" content=\"3 minutes\" \/>\n<script type=\"application\/ld+json\" class=\"yoast-schema-graph\">{\"@context\":\"https:\/\/schema.org\",\"@graph\":[{\"@type\":\"WebSite\",\"@id\":\"https:\/\/www.visit-ulcinj.com\/blog\/#website\",\"url\":\"https:\/\/www.visit-ulcinj.com\/blog\/\",\"name\":\"Lajme nga Ulqini\",\"description\":\"Lajme,Vijesti,Ulqini,Ulqin,Crna Gora,Mali i Zi\",\"potentialAction\":[{\"@type\":\"SearchAction\",\"target\":{\"@type\":\"EntryPoint\",\"urlTemplate\":\"https:\/\/www.visit-ulcinj.com\/blog\/?s={search_term_string}\"},\"query-input\":\"required name=search_term_string\"}],\"inLanguage\":\"en-US\"},{\"@type\":\"ImageObject\",\"inLanguage\":\"en-US\",\"@id\":\"https:\/\/www.visit-ulcinj.com\/blog\/2012\/10\/20\/globarevic-glasao-da-dua-dobije-mandat-fronta\/#primaryimage\",\"url\":\"https:\/\/www.visit-ulcinj.com\/blog\/wp-content\/uploads\/2012\/10\/DIK.jpg\",\"contentUrl\":\"https:\/\/www.visit-ulcinj.com\/blog\/wp-content\/uploads\/2012\/10\/DIK.jpg\",\"width\":\"1000\",\"height\":\"508\",\"caption\":\"Foto: Vijesti\"},{\"@type\":\"WebPage\",\"@id\":\"https:\/\/www.visit-ulcinj.com\/blog\/2012\/10\/20\/globarevic-glasao-da-dua-dobije-mandat-fronta\/#webpage\",\"url\":\"https:\/\/www.visit-ulcinj.com\/blog\/2012\/10\/20\/globarevic-glasao-da-dua-dobije-mandat-fronta\/\",\"name\":\"Globarevi\u0107 glasao da DUA dobije mandat Fronta - Lajme nga Ulqini\",\"isPartOf\":{\"@id\":\"https:\/\/www.visit-ulcinj.com\/blog\/#website\"},\"primaryImageOfPage\":{\"@id\":\"https:\/\/www.visit-ulcinj.com\/blog\/2012\/10\/20\/globarevic-glasao-da-dua-dobije-mandat-fronta\/#primaryimage\"},\"datePublished\":\"2012-10-20T14:07:03+00:00\",\"dateModified\":\"2012-10-20T14:07:03+00:00\",\"author\":{\"@id\":\"https:\/\/www.visit-ulcinj.com\/blog\/#\/schema\/person\/dcab619c614d3038751c63bc2aadc06d\"},\"description\":\"Predstavnik Socijalisti\u010dke narodne partije u Dr\u017eavnoj izbornoj komisiji Borislav Globarevi\u0107 glasao je na ju\u010dera\u0161njoj sjednici za prigovor kojim je\",\"breadcrumb\":{\"@id\":\"https:\/\/www.visit-ulcinj.com\/blog\/2012\/10\/20\/globarevic-glasao-da-dua-dobije-mandat-fronta\/#breadcrumb\"},\"inLanguage\":\"en-US\",\"potentialAction\":[{\"@type\":\"ReadAction\",\"target\":[\"https:\/\/www.visit-ulcinj.com\/blog\/2012\/10\/20\/globarevic-glasao-da-dua-dobije-mandat-fronta\/\"]}]},{\"@type\":\"BreadcrumbList\",\"@id\":\"https:\/\/www.visit-ulcinj.com\/blog\/2012\/10\/20\/globarevic-glasao-da-dua-dobije-mandat-fronta\/#breadcrumb\",\"itemListElement\":[{\"@type\":\"ListItem\",\"position\":1,\"name\":\"Globarevi\u0107 glasao da DUA dobije mandat Fronta\"}]},{\"@type\":\"Person\",\"@id\":\"https:\/\/www.visit-ulcinj.com\/blog\/#\/schema\/person\/dcab619c614d3038751c63bc2aadc06d\",\"name\":\"ulqini\",\"sameAs\":[\"http:\/\/www.visit-ulcinj.com\"],\"url\":\"https:\/\/www.visit-ulcinj.com\/blog\/author\/admin\/\"}]}<\/script>\n<!-- \/ Yoast SEO plugin. -->","yoast_head_json":{"title":"Globarevi\u0107 glasao da DUA dobije mandat Fronta - Lajme nga Ulqini","description":"Predstavnik Socijalisti\u010dke narodne partije u Dr\u017eavnoj izbornoj komisiji Borislav Globarevi\u0107 glasao je na ju\u010dera\u0161njoj sjednici za prigovor kojim je","robots":{"index":"index","follow":"follow","max-snippet":"max-snippet:-1","max-image-preview":"max-image-preview:large","max-video-preview":"max-video-preview:-1"},"canonical":"https:\/\/www.visit-ulcinj.com\/blog\/2012\/10\/20\/globarevic-glasao-da-dua-dobije-mandat-fronta\/","og_locale":"en_US","og_type":"article","og_title":"Globarevi\u0107 glasao da DUA dobije mandat Fronta - Lajme nga Ulqini","og_description":"Predstavnik Socijalisti\u010dke narodne partije u Dr\u017eavnoj izbornoj komisiji Borislav Globarevi\u0107 glasao je na ju\u010dera\u0161njoj sjednici za prigovor kojim je","og_url":"https:\/\/www.visit-ulcinj.com\/blog\/2012\/10\/20\/globarevic-glasao-da-dua-dobije-mandat-fronta\/","og_site_name":"Lajme nga Ulqini","article_published_time":"2012-10-20T14:07:03+00:00","og_image":[{"url":"http:\/\/www.visit-ulcinj.com\/blog\/wp-content\/uploads\/2012\/10\/DIK.jpg"}],"twitter_misc":{"Written by":"ulqini","Est. reading time":"3 minutes"},"schema":{"@context":"https:\/\/schema.org","@graph":[{"@type":"WebSite","@id":"https:\/\/www.visit-ulcinj.com\/blog\/#website","url":"https:\/\/www.visit-ulcinj.com\/blog\/","name":"Lajme nga Ulqini","description":"Lajme,Vijesti,Ulqini,Ulqin,Crna Gora,Mali i Zi","potentialAction":[{"@type":"SearchAction","target":{"@type":"EntryPoint","urlTemplate":"https:\/\/www.visit-ulcinj.com\/blog\/?s={search_term_string}"},"query-input":"required name=search_term_string"}],"inLanguage":"en-US"},{"@type":"ImageObject","inLanguage":"en-US","@id":"https:\/\/www.visit-ulcinj.com\/blog\/2012\/10\/20\/globarevic-glasao-da-dua-dobije-mandat-fronta\/#primaryimage","url":"https:\/\/www.visit-ulcinj.com\/blog\/wp-content\/uploads\/2012\/10\/DIK.jpg","contentUrl":"https:\/\/www.visit-ulcinj.com\/blog\/wp-content\/uploads\/2012\/10\/DIK.jpg","width":"1000","height":"508","caption":"Foto: Vijesti"},{"@type":"WebPage","@id":"https:\/\/www.visit-ulcinj.com\/blog\/2012\/10\/20\/globarevic-glasao-da-dua-dobije-mandat-fronta\/#webpage","url":"https:\/\/www.visit-ulcinj.com\/blog\/2012\/10\/20\/globarevic-glasao-da-dua-dobije-mandat-fronta\/","name":"Globarevi\u0107 glasao da DUA dobije mandat Fronta - Lajme nga Ulqini","isPartOf":{"@id":"https:\/\/www.visit-ulcinj.com\/blog\/#website"},"primaryImageOfPage":{"@id":"https:\/\/www.visit-ulcinj.com\/blog\/2012\/10\/20\/globarevic-glasao-da-dua-dobije-mandat-fronta\/#primaryimage"},"datePublished":"2012-10-20T14:07:03+00:00","dateModified":"2012-10-20T14:07:03+00:00","author":{"@id":"https:\/\/www.visit-ulcinj.com\/blog\/#\/schema\/person\/dcab619c614d3038751c63bc2aadc06d"},"description":"Predstavnik Socijalisti\u010dke narodne partije u Dr\u017eavnoj izbornoj komisiji Borislav Globarevi\u0107 glasao je na ju\u010dera\u0161njoj sjednici za prigovor kojim je","breadcrumb":{"@id":"https:\/\/www.visit-ulcinj.com\/blog\/2012\/10\/20\/globarevic-glasao-da-dua-dobije-mandat-fronta\/#breadcrumb"},"inLanguage":"en-US","potentialAction":[{"@type":"ReadAction","target":["https:\/\/www.visit-ulcinj.com\/blog\/2012\/10\/20\/globarevic-glasao-da-dua-dobije-mandat-fronta\/"]}]},{"@type":"BreadcrumbList","@id":"https:\/\/www.visit-ulcinj.com\/blog\/2012\/10\/20\/globarevic-glasao-da-dua-dobije-mandat-fronta\/#breadcrumb","itemListElement":[{"@type":"ListItem","position":1,"name":"Globarevi\u0107 glasao da DUA dobije mandat Fronta"}]},{"@type":"Person","@id":"https:\/\/www.visit-ulcinj.com\/blog\/#\/schema\/person\/dcab619c614d3038751c63bc2aadc06d","name":"ulqini","sameAs":["http:\/\/www.visit-ulcinj.com"],"url":"https:\/\/www.visit-ulcinj.com\/blog\/author\/admin\/"}]}},"jetpack_featured_media_url":"","jetpack_sharing_enabled":true,"jetpack_shortlink":"https:\/\/wp.me\/pe6lTn-gSt","_links":{"self":[{"href":"https:\/\/www.visit-ulcinj.com\/blog\/wp-json\/wp\/v2\/posts\/64881"}],"collection":[{"href":"https:\/\/www.visit-ulcinj.com\/blog\/wp-json\/wp\/v2\/posts"}],"about":[{"href":"https:\/\/www.visit-ulcinj.com\/blog\/wp-json\/wp\/v2\/types\/post"}],"author":[{"embeddable":true,"href":"https:\/\/www.visit-ulcinj.com\/blog\/wp-json\/wp\/v2\/users\/1"}],"replies":[{"embeddable":true,"href":"https:\/\/www.visit-ulcinj.com\/blog\/wp-json\/wp\/v2\/comments?post=64881"}],"version-history":[{"count":1,"href":"https:\/\/www.visit-ulcinj.com\/blog\/wp-json\/wp\/v2\/posts\/64881\/revisions"}],"predecessor-version":[{"id":64883,"href":"https:\/\/www.visit-ulcinj.com\/blog\/wp-json\/wp\/v2\/posts\/64881\/revisions\/64883"}],"wp:attachment":[{"href":"https:\/\/www.visit-ulcinj.com\/blog\/wp-json\/wp\/v2\/media?parent=64881"}],"wp:term":[{"taxonomy":"category","embeddable":true,"href":"https:\/\/www.visit-ulcinj.com\/blog\/wp-json\/wp\/v2\/categories?post=64881"},{"taxonomy":"post_tag","embeddable":true,"href":"https:\/\/www.visit-ulcinj.com\/blog\/wp-json\/wp\/v2\/tags?post=64881"}],"curies":[{"name":"wp","href":"https:\/\/api.w.org\/{rel}","templated":true}]}}