{"id":64884,"date":"2012-10-20T17:54:49","date_gmt":"2012-10-20T16:54:49","guid":{"rendered":"http:\/\/www.visit-ulcinj.com\/blog\/?p=64884"},"modified":"2012-10-22T12:20:35","modified_gmt":"2012-10-22T11:20:35","slug":"dy-koalicionet-shqiptare-ne-kerkim-te-koalicionit-qeveritar","status":"publish","type":"post","link":"https:\/\/www.visit-ulcinj.com\/blog\/2012\/10\/20\/dy-koalicionet-shqiptare-ne-kerkim-te-koalicionit-qeveritar\/","title":{"rendered":"Dy koalicionet shqiptare n\u00eb kerkim t\u00eb koalicionit qeveritar"},"content":{"rendered":"<p>Dy koalicionet shqiptare q\u00eb kan\u00eb fituar nga nj\u00eb mandat t\u00eb deputetit n\u00eb Kuvendin e ri t\u00eb Malit t\u00eb Zi q\u00ebndrojn\u00eb t\u00eb hapur p\u00ebr bisedime me partit\u00eb tjera p\u00ebr t\u00eb krijuar qeverin\u00eb e re.<br \/>\n<a href=\"http:\/\/www.visit-ulcinj.com\/blog\/wp-content\/uploads\/2012\/10\/forca-per-bashkim.jpg\"><img loading=\"lazy\" class=\"alignleft  wp-image-64885\" title=\"forca-per-bashkim\" src=\"http:\/\/www.visit-ulcinj.com\/blog\/wp-content\/uploads\/2012\/10\/forca-per-bashkim.jpg\" alt=\"\" width=\"508\" height=\"360\" \/><\/a><br \/>\nFORCA ka filluar bisedimet me Partin\u00eb Boshnjake e cila ka fituar tre mandate dhe me Iniciativ\u00ebn Qytetare Kroate e cila ka fituar nj\u00eb mandat. Ata mendojn\u00eb q\u00eb bashkarisht t&#8217;i drejtohen partive t\u00eb m\u00ebdha n\u00eb m\u00ebnyr\u00eb q\u00eb t\u00eb mund t\u00eb p\u00ebrfitojn\u00eb sa m\u00eb shum\u00eb nga pjes\u00ebmarrja n\u00eb qeverin\u00eb e re. Ky koalicion duket se anon kah Partia Demokratike t\u00eb Socialist\u00ebve (DPS).<\/p>\n<div>KOALICIONI SHQIPTAR, sipas Fatmir Gjek\u00ebs, ka biseduar me Partin\u00eb Demokratike t\u00eb Socialist\u00ebve (DPS) p\u00ebr k\u00ebrkesat q\u00eb kan\u00eb p\u00ebr pjes\u00ebmarrje n\u00eb qeveri dhe sipas tij ato jan\u00eb komuna e plot\u00eb e Mal\u00ebsis\u00eb me qend\u00ebr n\u00eb Tuz dhe udh\u00ebheq\u00ebsia e Ministris\u00eb s\u00eb Pakicave. Por sipas personit t\u00eb dyt\u00eb n\u00eb k\u00ebt\u00eb list\u00eb, Mehmet Bardhit, bisedime zyrtare nuk ka pasur akoma dhe ata jan\u00eb t\u00eb hapur p\u00ebr \u00e7do opsion, si bashkimin me koalicionin q\u00eb ka qeverisur deri tani e poashtu edhe me partit\u00eb tjera q\u00eb kan\u00eb qen\u00eb opozit\u00eb deri tani. Ai p\u00ebrve\u00e7 Mal\u00ebsis\u00eb komun\u00eb ka k\u00ebrkuar edhe pun\u00ebsimin proporcional t\u00eb shqiptar\u00ebve n\u00eb institucionet shtet\u00ebrore. Bardhi ka ftuar partit\u00eb e m\u00ebdha q\u00eb t&#8217;u dor\u00ebzohen me shkrim me ofertat e tyre.<br \/>\n<a href=\"http:\/\/www.visit-ulcinj.com\/blog\/wp-content\/uploads\/2012\/10\/koalicioni-shqiptare-pd-ld-ash.jpg\"><img loading=\"lazy\" class=\"alignleft  wp-image-64886\" title=\"koalicioni-shqiptare-pd-ld-ash\" src=\"http:\/\/www.visit-ulcinj.com\/blog\/wp-content\/uploads\/2012\/10\/koalicioni-shqiptare-pd-ld-ash.jpg\" alt=\"\" width=\"508\" height=\"330\" \/><\/a><br \/>\nPartia Demokratike e Socialist\u00ebve (DPS) ka deklaruar se ajo e sheh m\u00eb t\u00eb natyrsh\u00ebm koalicionin me parti shqiptare dhe at\u00eb kroate, duke mos e p\u00ebrjashtuar as marrjen e partis\u00eb boshnjake n\u00eb gjirin e vet. Q\u00ebllimi i tyre \u00ebsht\u00eb krijimi i nj\u00eb qeverije sa m\u00eb t\u00eb fort\u00eb.N\u00eb an\u00ebn tjet\u00ebr, lufta e Unionit Demokratik t\u00eb Shqiptar\u00ebve (UDSh) p\u00ebr nj\u00eb mandat n\u00eb Kuvendin e ri duket se nuk po shkon mir\u00eb. Komisioni Q\u00ebndror Zgjedhor (KQZ) i Malit t\u00eb Zi e ka refuzuar k\u00ebrkes\u00ebn e UDSh p\u00ebr dh\u00ebnien e nj\u00eb mandati dhe sipas tyre kjo k\u00ebrkes\u00eb \u00ebsht\u00eb e pa baz\u00eb.<\/div>\n<div><\/div>\n<div>\n<p><strong><a id=\"js_12\" href=\"https:\/\/www.facebook.com\/shqiptaretnemz?ref=stream\" data-hovercard=\"\/ajax\/hovercard\/page.php?id=270846522614\">Shqiptar\u00ebt n\u00eb Malin e Zi &#8211; Albanians in Montenegro<\/a><\/strong><\/p>\n<\/div>\n","protected":false},"excerpt":{"rendered":"<p>Dy koalicionet shqiptare q\u00eb kan\u00eb fituar nga nj\u00eb mandat t\u00eb deputetit n\u00eb Kuvendin e ri t\u00eb Malit t\u00eb Zi q\u00ebndrojn\u00eb t\u00eb hapur p\u00ebr bisedime me partit\u00eb tjera p\u00ebr t\u00eb krijuar qeverin\u00eb e re. FORCA ka filluar bisedimet me Partin\u00eb Boshnjake e cila ka fituar tre mandate dhe me Iniciativ\u00ebn Qytetare Kroate e cila ka fituar [&hellip;]<\/p>\n","protected":false},"author":1,"featured_media":0,"comment_status":"open","ping_status":"closed","sticky":false,"template":"","format":"standard","meta":{"spay_email":"","jetpack_publicize_message":"","jetpack_is_tweetstorm":false,"jetpack_publicize_feature_enabled":true},"categories":[11],"tags":[117,200],"jetpack_publicize_connections":[],"yoast_head":"<!-- This site is optimized with the Yoast SEO plugin v19.1 - https:\/\/yoast.com\/wordpress\/plugins\/seo\/ -->\n<title>Dy koalicionet shqiptare n\u00eb kerkim t\u00eb koalicionit qeveritar - Lajme nga Ulqini<\/title>\n<meta name=\"description\" content=\"Dy koalicionet shqiptare q\u00eb kan\u00eb fituar nga nj\u00eb mandat t\u00eb deputetit n\u00eb Kuvendin e ri t\u00eb Malit t\u00eb Zi q\u00ebndrojn\u00eb t\u00eb hapur p\u00ebr bisedime me partit\u00eb tjera p\u00ebr\" \/>\n<meta name=\"robots\" content=\"index, follow, max-snippet:-1, max-image-preview:large, max-video-preview:-1\" \/>\n<link rel=\"canonical\" href=\"https:\/\/www.visit-ulcinj.com\/blog\/2012\/10\/20\/dy-koalicionet-shqiptare-ne-kerkim-te-koalicionit-qeveritar\/\" \/>\n<meta property=\"og:locale\" content=\"en_US\" \/>\n<meta property=\"og:type\" content=\"article\" \/>\n<meta property=\"og:title\" content=\"Dy koalicionet shqiptare n\u00eb kerkim t\u00eb koalicionit qeveritar - Lajme nga Ulqini\" \/>\n<meta property=\"og:description\" content=\"Dy koalicionet shqiptare q\u00eb kan\u00eb fituar nga nj\u00eb mandat t\u00eb deputetit n\u00eb Kuvendin e ri t\u00eb Malit t\u00eb Zi q\u00ebndrojn\u00eb t\u00eb hapur p\u00ebr bisedime me partit\u00eb tjera p\u00ebr\" \/>\n<meta property=\"og:url\" content=\"https:\/\/www.visit-ulcinj.com\/blog\/2012\/10\/20\/dy-koalicionet-shqiptare-ne-kerkim-te-koalicionit-qeveritar\/\" \/>\n<meta property=\"og:site_name\" content=\"Lajme nga Ulqini\" \/>\n<meta property=\"article:published_time\" content=\"2012-10-20T16:54:49+00:00\" \/>\n<meta property=\"article:modified_time\" content=\"2012-10-22T11:20:35+00:00\" \/>\n<meta property=\"og:image\" content=\"http:\/\/www.visit-ulcinj.com\/blog\/wp-content\/uploads\/2012\/10\/forca-per-bashkim.jpg\" \/>\n<meta name=\"twitter:label1\" content=\"Written by\" \/>\n\t<meta name=\"twitter:data1\" content=\"ulqini\" \/>\n\t<meta name=\"twitter:label2\" content=\"Est. reading time\" \/>\n\t<meta name=\"twitter:data2\" content=\"2 minutes\" \/>\n<script type=\"application\/ld+json\" class=\"yoast-schema-graph\">{\"@context\":\"https:\/\/schema.org\",\"@graph\":[{\"@type\":\"WebSite\",\"@id\":\"https:\/\/www.visit-ulcinj.com\/blog\/#website\",\"url\":\"https:\/\/www.visit-ulcinj.com\/blog\/\",\"name\":\"Lajme nga Ulqini\",\"description\":\"Lajme,Vijesti,Ulqini,Ulqin,Crna Gora,Mali i Zi\",\"potentialAction\":[{\"@type\":\"SearchAction\",\"target\":{\"@type\":\"EntryPoint\",\"urlTemplate\":\"https:\/\/www.visit-ulcinj.com\/blog\/?s={search_term_string}\"},\"query-input\":\"required name=search_term_string\"}],\"inLanguage\":\"en-US\"},{\"@type\":\"ImageObject\",\"inLanguage\":\"en-US\",\"@id\":\"https:\/\/www.visit-ulcinj.com\/blog\/2012\/10\/20\/dy-koalicionet-shqiptare-ne-kerkim-te-koalicionit-qeveritar\/#primaryimage\",\"url\":\"https:\/\/www.visit-ulcinj.com\/blog\/wp-content\/uploads\/2012\/10\/forca-per-bashkim.jpg\",\"contentUrl\":\"https:\/\/www.visit-ulcinj.com\/blog\/wp-content\/uploads\/2012\/10\/forca-per-bashkim.jpg\",\"width\":\"960\",\"height\":\"631\"},{\"@type\":\"WebPage\",\"@id\":\"https:\/\/www.visit-ulcinj.com\/blog\/2012\/10\/20\/dy-koalicionet-shqiptare-ne-kerkim-te-koalicionit-qeveritar\/#webpage\",\"url\":\"https:\/\/www.visit-ulcinj.com\/blog\/2012\/10\/20\/dy-koalicionet-shqiptare-ne-kerkim-te-koalicionit-qeveritar\/\",\"name\":\"Dy koalicionet shqiptare n\u00eb kerkim t\u00eb koalicionit qeveritar - Lajme nga Ulqini\",\"isPartOf\":{\"@id\":\"https:\/\/www.visit-ulcinj.com\/blog\/#website\"},\"primaryImageOfPage\":{\"@id\":\"https:\/\/www.visit-ulcinj.com\/blog\/2012\/10\/20\/dy-koalicionet-shqiptare-ne-kerkim-te-koalicionit-qeveritar\/#primaryimage\"},\"datePublished\":\"2012-10-20T16:54:49+00:00\",\"dateModified\":\"2012-10-22T11:20:35+00:00\",\"author\":{\"@id\":\"https:\/\/www.visit-ulcinj.com\/blog\/#\/schema\/person\/dcab619c614d3038751c63bc2aadc06d\"},\"description\":\"Dy koalicionet shqiptare q\u00eb kan\u00eb fituar nga nj\u00eb mandat t\u00eb deputetit n\u00eb Kuvendin e ri t\u00eb Malit t\u00eb Zi q\u00ebndrojn\u00eb t\u00eb hapur p\u00ebr bisedime me partit\u00eb tjera p\u00ebr\",\"breadcrumb\":{\"@id\":\"https:\/\/www.visit-ulcinj.com\/blog\/2012\/10\/20\/dy-koalicionet-shqiptare-ne-kerkim-te-koalicionit-qeveritar\/#breadcrumb\"},\"inLanguage\":\"en-US\",\"potentialAction\":[{\"@type\":\"ReadAction\",\"target\":[\"https:\/\/www.visit-ulcinj.com\/blog\/2012\/10\/20\/dy-koalicionet-shqiptare-ne-kerkim-te-koalicionit-qeveritar\/\"]}]},{\"@type\":\"BreadcrumbList\",\"@id\":\"https:\/\/www.visit-ulcinj.com\/blog\/2012\/10\/20\/dy-koalicionet-shqiptare-ne-kerkim-te-koalicionit-qeveritar\/#breadcrumb\",\"itemListElement\":[{\"@type\":\"ListItem\",\"position\":1,\"name\":\"Dy koalicionet shqiptare n\u00eb kerkim t\u00eb koalicionit qeveritar\"}]},{\"@type\":\"Person\",\"@id\":\"https:\/\/www.visit-ulcinj.com\/blog\/#\/schema\/person\/dcab619c614d3038751c63bc2aadc06d\",\"name\":\"ulqini\",\"sameAs\":[\"http:\/\/www.visit-ulcinj.com\"],\"url\":\"https:\/\/www.visit-ulcinj.com\/blog\/author\/admin\/\"}]}<\/script>\n<!-- \/ Yoast SEO plugin. -->","yoast_head_json":{"title":"Dy koalicionet shqiptare n\u00eb kerkim t\u00eb koalicionit qeveritar - Lajme nga Ulqini","description":"Dy koalicionet shqiptare q\u00eb kan\u00eb fituar nga nj\u00eb mandat t\u00eb deputetit n\u00eb Kuvendin e ri t\u00eb Malit t\u00eb Zi q\u00ebndrojn\u00eb t\u00eb hapur p\u00ebr bisedime me partit\u00eb tjera p\u00ebr","robots":{"index":"index","follow":"follow","max-snippet":"max-snippet:-1","max-image-preview":"max-image-preview:large","max-video-preview":"max-video-preview:-1"},"canonical":"https:\/\/www.visit-ulcinj.com\/blog\/2012\/10\/20\/dy-koalicionet-shqiptare-ne-kerkim-te-koalicionit-qeveritar\/","og_locale":"en_US","og_type":"article","og_title":"Dy koalicionet shqiptare n\u00eb kerkim t\u00eb koalicionit qeveritar - Lajme nga Ulqini","og_description":"Dy koalicionet shqiptare q\u00eb kan\u00eb fituar nga nj\u00eb mandat t\u00eb deputetit n\u00eb Kuvendin e ri t\u00eb Malit t\u00eb Zi q\u00ebndrojn\u00eb t\u00eb hapur p\u00ebr bisedime me partit\u00eb tjera p\u00ebr","og_url":"https:\/\/www.visit-ulcinj.com\/blog\/2012\/10\/20\/dy-koalicionet-shqiptare-ne-kerkim-te-koalicionit-qeveritar\/","og_site_name":"Lajme nga Ulqini","article_published_time":"2012-10-20T16:54:49+00:00","article_modified_time":"2012-10-22T11:20:35+00:00","og_image":[{"url":"http:\/\/www.visit-ulcinj.com\/blog\/wp-content\/uploads\/2012\/10\/forca-per-bashkim.jpg"}],"twitter_misc":{"Written by":"ulqini","Est. reading time":"2 minutes"},"schema":{"@context":"https:\/\/schema.org","@graph":[{"@type":"WebSite","@id":"https:\/\/www.visit-ulcinj.com\/blog\/#website","url":"https:\/\/www.visit-ulcinj.com\/blog\/","name":"Lajme nga Ulqini","description":"Lajme,Vijesti,Ulqini,Ulqin,Crna Gora,Mali i Zi","potentialAction":[{"@type":"SearchAction","target":{"@type":"EntryPoint","urlTemplate":"https:\/\/www.visit-ulcinj.com\/blog\/?s={search_term_string}"},"query-input":"required name=search_term_string"}],"inLanguage":"en-US"},{"@type":"ImageObject","inLanguage":"en-US","@id":"https:\/\/www.visit-ulcinj.com\/blog\/2012\/10\/20\/dy-koalicionet-shqiptare-ne-kerkim-te-koalicionit-qeveritar\/#primaryimage","url":"https:\/\/www.visit-ulcinj.com\/blog\/wp-content\/uploads\/2012\/10\/forca-per-bashkim.jpg","contentUrl":"https:\/\/www.visit-ulcinj.com\/blog\/wp-content\/uploads\/2012\/10\/forca-per-bashkim.jpg","width":"960","height":"631"},{"@type":"WebPage","@id":"https:\/\/www.visit-ulcinj.com\/blog\/2012\/10\/20\/dy-koalicionet-shqiptare-ne-kerkim-te-koalicionit-qeveritar\/#webpage","url":"https:\/\/www.visit-ulcinj.com\/blog\/2012\/10\/20\/dy-koalicionet-shqiptare-ne-kerkim-te-koalicionit-qeveritar\/","name":"Dy koalicionet shqiptare n\u00eb kerkim t\u00eb koalicionit qeveritar - Lajme nga Ulqini","isPartOf":{"@id":"https:\/\/www.visit-ulcinj.com\/blog\/#website"},"primaryImageOfPage":{"@id":"https:\/\/www.visit-ulcinj.com\/blog\/2012\/10\/20\/dy-koalicionet-shqiptare-ne-kerkim-te-koalicionit-qeveritar\/#primaryimage"},"datePublished":"2012-10-20T16:54:49+00:00","dateModified":"2012-10-22T11:20:35+00:00","author":{"@id":"https:\/\/www.visit-ulcinj.com\/blog\/#\/schema\/person\/dcab619c614d3038751c63bc2aadc06d"},"description":"Dy koalicionet shqiptare q\u00eb kan\u00eb fituar nga nj\u00eb mandat t\u00eb deputetit n\u00eb Kuvendin e ri t\u00eb Malit t\u00eb Zi q\u00ebndrojn\u00eb t\u00eb hapur p\u00ebr bisedime me partit\u00eb tjera p\u00ebr","breadcrumb":{"@id":"https:\/\/www.visit-ulcinj.com\/blog\/2012\/10\/20\/dy-koalicionet-shqiptare-ne-kerkim-te-koalicionit-qeveritar\/#breadcrumb"},"inLanguage":"en-US","potentialAction":[{"@type":"ReadAction","target":["https:\/\/www.visit-ulcinj.com\/blog\/2012\/10\/20\/dy-koalicionet-shqiptare-ne-kerkim-te-koalicionit-qeveritar\/"]}]},{"@type":"BreadcrumbList","@id":"https:\/\/www.visit-ulcinj.com\/blog\/2012\/10\/20\/dy-koalicionet-shqiptare-ne-kerkim-te-koalicionit-qeveritar\/#breadcrumb","itemListElement":[{"@type":"ListItem","position":1,"name":"Dy koalicionet shqiptare n\u00eb kerkim t\u00eb koalicionit qeveritar"}]},{"@type":"Person","@id":"https:\/\/www.visit-ulcinj.com\/blog\/#\/schema\/person\/dcab619c614d3038751c63bc2aadc06d","name":"ulqini","sameAs":["http:\/\/www.visit-ulcinj.com"],"url":"https:\/\/www.visit-ulcinj.com\/blog\/author\/admin\/"}]}},"jetpack_featured_media_url":"","jetpack_sharing_enabled":true,"jetpack_shortlink":"https:\/\/wp.me\/pe6lTn-gSw","_links":{"self":[{"href":"https:\/\/www.visit-ulcinj.com\/blog\/wp-json\/wp\/v2\/posts\/64884"}],"collection":[{"href":"https:\/\/www.visit-ulcinj.com\/blog\/wp-json\/wp\/v2\/posts"}],"about":[{"href":"https:\/\/www.visit-ulcinj.com\/blog\/wp-json\/wp\/v2\/types\/post"}],"author":[{"embeddable":true,"href":"https:\/\/www.visit-ulcinj.com\/blog\/wp-json\/wp\/v2\/users\/1"}],"replies":[{"embeddable":true,"href":"https:\/\/www.visit-ulcinj.com\/blog\/wp-json\/wp\/v2\/comments?post=64884"}],"version-history":[{"count":5,"href":"https:\/\/www.visit-ulcinj.com\/blog\/wp-json\/wp\/v2\/posts\/64884\/revisions"}],"predecessor-version":[{"id":64969,"href":"https:\/\/www.visit-ulcinj.com\/blog\/wp-json\/wp\/v2\/posts\/64884\/revisions\/64969"}],"wp:attachment":[{"href":"https:\/\/www.visit-ulcinj.com\/blog\/wp-json\/wp\/v2\/media?parent=64884"}],"wp:term":[{"taxonomy":"category","embeddable":true,"href":"https:\/\/www.visit-ulcinj.com\/blog\/wp-json\/wp\/v2\/categories?post=64884"},{"taxonomy":"post_tag","embeddable":true,"href":"https:\/\/www.visit-ulcinj.com\/blog\/wp-json\/wp\/v2\/tags?post=64884"}],"curies":[{"name":"wp","href":"https:\/\/api.w.org\/{rel}","templated":true}]}}