{"id":64891,"date":"2012-10-20T18:49:50","date_gmt":"2012-10-20T17:49:50","guid":{"rendered":"http:\/\/www.visit-ulcinj.com\/blog\/?p=64891"},"modified":"2012-10-20T18:49:50","modified_gmt":"2012-10-20T17:49:50","slug":"fatmir-gjeka-ben-marreveshje-me-dps","status":"publish","type":"post","link":"https:\/\/www.visit-ulcinj.com\/blog\/2012\/10\/20\/fatmir-gjeka-ben-marreveshje-me-dps\/","title":{"rendered":"Fatmir Gjeka b\u00ebn marr\u00ebveshje me DPS"},"content":{"rendered":"<p><a href=\"http:\/\/www.visit-ulcinj.com\/blog\/wp-content\/uploads\/2012\/10\/Fatmir-Gjeka.jpg\"><img loading=\"lazy\" class=\"alignleft  wp-image-64892\" title=\"Fatmir Gjeka\" src=\"http:\/\/www.visit-ulcinj.com\/blog\/wp-content\/uploads\/2012\/10\/Fatmir-Gjeka.jpg\" alt=\"\" width=\"508\" height=\"360\" \/><\/a>P\u00ebrfaq\u00ebsuesi i \u201cKoalicionit Shqiptar\u00eb\u201d (Partia Demokratike \u2013 Lidhja Demokratike \u2013 Alternativa Shqiptare) Fatmir Gjeka p\u00ebr agjensionin Mina tha se kan\u00eb arritur marr\u00ebveshjen p\u00ebr qeverin\u00eb e ardhshme me DPS \u2013 Milo Djukanovic.<\/p>\n<p>Ai sqaroi se nuk vjen n\u00eb konsiderim thirrja e partis\u00eb Mali i Zi Pozitiv (PCG) p\u00ebr nj\u00eb marr\u00ebveshje eventuale.<br \/>\nDit\u00ebt e ardhshme do t\u00eb njoftojn\u00eb mbi detajet e marr\u00ebveshjes, tha Gjeka.<\/p>\n<p>P\u00ebrderisa koalicioni tjet\u00ebr shqiptar \u201cForca p\u00ebr Bashkim\u201d (Forca e Re DEmokratike \u2013 Iniciativa Qytetare Tuz \u2013 Levizja Perspektiva) n\u00eb negociata p\u00ebr formimin e qeveris\u00eb s\u00eb ardhshme do t\u00eb shkoj bashk\u00eb me Partin Boshnjake dhe at\u00eb Kroate.<\/p>\n<p>Sipas agjensionit Mina ata pritet q\u00eb sonte t\u00eb takohen me p\u00ebrfaq\u00ebsues t\u00eb DPS kurse t\u00eb h\u00ebn\u00ebn me p\u00ebrfaq\u00ebsues t\u00eb Mali i Zi Pozitiv (PCG). \/Malesia.Org\/<\/p>\n","protected":false},"excerpt":{"rendered":"<p>P\u00ebrfaq\u00ebsuesi i \u201cKoalicionit Shqiptar\u00eb\u201d (Partia Demokratike \u2013 Lidhja Demokratike \u2013 Alternativa Shqiptare) Fatmir Gjeka p\u00ebr agjensionin Mina tha se kan\u00eb arritur marr\u00ebveshjen p\u00ebr qeverin\u00eb e ardhshme me DPS \u2013 Milo Djukanovic. Ai sqaroi se nuk vjen n\u00eb konsiderim thirrja e partis\u00eb Mali i Zi Pozitiv (PCG) p\u00ebr nj\u00eb marr\u00ebveshje eventuale. Dit\u00ebt e ardhshme do t\u00eb [&hellip;]<\/p>\n","protected":false},"author":1,"featured_media":0,"comment_status":"open","ping_status":"closed","sticky":false,"template":"","format":"standard","meta":{"spay_email":"","jetpack_publicize_message":"","jetpack_is_tweetstorm":false,"jetpack_publicize_feature_enabled":true},"categories":[11],"tags":[4607,200],"jetpack_publicize_connections":[],"yoast_head":"<!-- This site is optimized with the Yoast SEO plugin v19.1 - https:\/\/yoast.com\/wordpress\/plugins\/seo\/ -->\n<title>Fatmir Gjeka b\u00ebn marr\u00ebveshje me DPS - Lajme nga Ulqini<\/title>\n<meta name=\"description\" content=\"P\u00ebrfaq\u00ebsuesi i \u201cKoalicionit Shqiptar\u00eb\u201d (Partia Demokratike \u2013 Lidhja Demokratike \u2013 Alternativa Shqiptare) Fatmir Gjeka p\u00ebr agjensionin Mina tha se kan\u00eb\" \/>\n<meta name=\"robots\" content=\"index, follow, max-snippet:-1, max-image-preview:large, max-video-preview:-1\" \/>\n<link rel=\"canonical\" href=\"https:\/\/www.visit-ulcinj.com\/blog\/2012\/10\/20\/fatmir-gjeka-ben-marreveshje-me-dps\/\" \/>\n<meta property=\"og:locale\" content=\"en_US\" \/>\n<meta property=\"og:type\" content=\"article\" \/>\n<meta property=\"og:title\" content=\"Fatmir Gjeka b\u00ebn marr\u00ebveshje me DPS - Lajme nga Ulqini\" \/>\n<meta property=\"og:description\" content=\"P\u00ebrfaq\u00ebsuesi i \u201cKoalicionit Shqiptar\u00eb\u201d (Partia Demokratike \u2013 Lidhja Demokratike \u2013 Alternativa Shqiptare) Fatmir Gjeka p\u00ebr agjensionin Mina tha se kan\u00eb\" \/>\n<meta property=\"og:url\" content=\"https:\/\/www.visit-ulcinj.com\/blog\/2012\/10\/20\/fatmir-gjeka-ben-marreveshje-me-dps\/\" \/>\n<meta property=\"og:site_name\" content=\"Lajme nga Ulqini\" \/>\n<meta property=\"article:published_time\" content=\"2012-10-20T17:49:50+00:00\" \/>\n<meta property=\"og:image\" content=\"http:\/\/www.visit-ulcinj.com\/blog\/wp-content\/uploads\/2012\/10\/Fatmir-Gjeka.jpg\" \/>\n<meta name=\"twitter:label1\" content=\"Written by\" \/>\n\t<meta name=\"twitter:data1\" content=\"ulqini\" \/>\n\t<meta name=\"twitter:label2\" content=\"Est. reading time\" \/>\n\t<meta name=\"twitter:data2\" content=\"1 minute\" \/>\n<script type=\"application\/ld+json\" class=\"yoast-schema-graph\">{\"@context\":\"https:\/\/schema.org\",\"@graph\":[{\"@type\":\"WebSite\",\"@id\":\"https:\/\/www.visit-ulcinj.com\/blog\/#website\",\"url\":\"https:\/\/www.visit-ulcinj.com\/blog\/\",\"name\":\"Lajme nga Ulqini\",\"description\":\"Lajme,Vijesti,Ulqini,Ulqin,Crna Gora,Mali i Zi\",\"potentialAction\":[{\"@type\":\"SearchAction\",\"target\":{\"@type\":\"EntryPoint\",\"urlTemplate\":\"https:\/\/www.visit-ulcinj.com\/blog\/?s={search_term_string}\"},\"query-input\":\"required name=search_term_string\"}],\"inLanguage\":\"en-US\"},{\"@type\":\"ImageObject\",\"inLanguage\":\"en-US\",\"@id\":\"https:\/\/www.visit-ulcinj.com\/blog\/2012\/10\/20\/fatmir-gjeka-ben-marreveshje-me-dps\/#primaryimage\",\"url\":\"https:\/\/www.visit-ulcinj.com\/blog\/wp-content\/uploads\/2012\/10\/Fatmir-Gjeka.jpg\",\"contentUrl\":\"https:\/\/www.visit-ulcinj.com\/blog\/wp-content\/uploads\/2012\/10\/Fatmir-Gjeka.jpg\",\"width\":\"960\",\"height\":\"640\"},{\"@type\":\"WebPage\",\"@id\":\"https:\/\/www.visit-ulcinj.com\/blog\/2012\/10\/20\/fatmir-gjeka-ben-marreveshje-me-dps\/#webpage\",\"url\":\"https:\/\/www.visit-ulcinj.com\/blog\/2012\/10\/20\/fatmir-gjeka-ben-marreveshje-me-dps\/\",\"name\":\"Fatmir Gjeka b\u00ebn marr\u00ebveshje me DPS - Lajme nga Ulqini\",\"isPartOf\":{\"@id\":\"https:\/\/www.visit-ulcinj.com\/blog\/#website\"},\"primaryImageOfPage\":{\"@id\":\"https:\/\/www.visit-ulcinj.com\/blog\/2012\/10\/20\/fatmir-gjeka-ben-marreveshje-me-dps\/#primaryimage\"},\"datePublished\":\"2012-10-20T17:49:50+00:00\",\"dateModified\":\"2012-10-20T17:49:50+00:00\",\"author\":{\"@id\":\"https:\/\/www.visit-ulcinj.com\/blog\/#\/schema\/person\/dcab619c614d3038751c63bc2aadc06d\"},\"description\":\"P\u00ebrfaq\u00ebsuesi i \u201cKoalicionit Shqiptar\u00eb\u201d (Partia Demokratike \u2013 Lidhja Demokratike \u2013 Alternativa Shqiptare) Fatmir Gjeka p\u00ebr agjensionin Mina tha se kan\u00eb\",\"breadcrumb\":{\"@id\":\"https:\/\/www.visit-ulcinj.com\/blog\/2012\/10\/20\/fatmir-gjeka-ben-marreveshje-me-dps\/#breadcrumb\"},\"inLanguage\":\"en-US\",\"potentialAction\":[{\"@type\":\"ReadAction\",\"target\":[\"https:\/\/www.visit-ulcinj.com\/blog\/2012\/10\/20\/fatmir-gjeka-ben-marreveshje-me-dps\/\"]}]},{\"@type\":\"BreadcrumbList\",\"@id\":\"https:\/\/www.visit-ulcinj.com\/blog\/2012\/10\/20\/fatmir-gjeka-ben-marreveshje-me-dps\/#breadcrumb\",\"itemListElement\":[{\"@type\":\"ListItem\",\"position\":1,\"name\":\"Fatmir Gjeka b\u00ebn marr\u00ebveshje me DPS\"}]},{\"@type\":\"Person\",\"@id\":\"https:\/\/www.visit-ulcinj.com\/blog\/#\/schema\/person\/dcab619c614d3038751c63bc2aadc06d\",\"name\":\"ulqini\",\"sameAs\":[\"http:\/\/www.visit-ulcinj.com\"],\"url\":\"https:\/\/www.visit-ulcinj.com\/blog\/author\/admin\/\"}]}<\/script>\n<!-- \/ Yoast SEO plugin. -->","yoast_head_json":{"title":"Fatmir Gjeka b\u00ebn marr\u00ebveshje me DPS - Lajme nga Ulqini","description":"P\u00ebrfaq\u00ebsuesi i \u201cKoalicionit Shqiptar\u00eb\u201d (Partia Demokratike \u2013 Lidhja Demokratike \u2013 Alternativa Shqiptare) Fatmir Gjeka p\u00ebr agjensionin Mina tha se kan\u00eb","robots":{"index":"index","follow":"follow","max-snippet":"max-snippet:-1","max-image-preview":"max-image-preview:large","max-video-preview":"max-video-preview:-1"},"canonical":"https:\/\/www.visit-ulcinj.com\/blog\/2012\/10\/20\/fatmir-gjeka-ben-marreveshje-me-dps\/","og_locale":"en_US","og_type":"article","og_title":"Fatmir Gjeka b\u00ebn marr\u00ebveshje me DPS - Lajme nga Ulqini","og_description":"P\u00ebrfaq\u00ebsuesi i \u201cKoalicionit Shqiptar\u00eb\u201d (Partia Demokratike \u2013 Lidhja Demokratike \u2013 Alternativa Shqiptare) Fatmir Gjeka p\u00ebr agjensionin Mina tha se kan\u00eb","og_url":"https:\/\/www.visit-ulcinj.com\/blog\/2012\/10\/20\/fatmir-gjeka-ben-marreveshje-me-dps\/","og_site_name":"Lajme nga Ulqini","article_published_time":"2012-10-20T17:49:50+00:00","og_image":[{"url":"http:\/\/www.visit-ulcinj.com\/blog\/wp-content\/uploads\/2012\/10\/Fatmir-Gjeka.jpg"}],"twitter_misc":{"Written by":"ulqini","Est. reading time":"1 minute"},"schema":{"@context":"https:\/\/schema.org","@graph":[{"@type":"WebSite","@id":"https:\/\/www.visit-ulcinj.com\/blog\/#website","url":"https:\/\/www.visit-ulcinj.com\/blog\/","name":"Lajme nga Ulqini","description":"Lajme,Vijesti,Ulqini,Ulqin,Crna Gora,Mali i Zi","potentialAction":[{"@type":"SearchAction","target":{"@type":"EntryPoint","urlTemplate":"https:\/\/www.visit-ulcinj.com\/blog\/?s={search_term_string}"},"query-input":"required name=search_term_string"}],"inLanguage":"en-US"},{"@type":"ImageObject","inLanguage":"en-US","@id":"https:\/\/www.visit-ulcinj.com\/blog\/2012\/10\/20\/fatmir-gjeka-ben-marreveshje-me-dps\/#primaryimage","url":"https:\/\/www.visit-ulcinj.com\/blog\/wp-content\/uploads\/2012\/10\/Fatmir-Gjeka.jpg","contentUrl":"https:\/\/www.visit-ulcinj.com\/blog\/wp-content\/uploads\/2012\/10\/Fatmir-Gjeka.jpg","width":"960","height":"640"},{"@type":"WebPage","@id":"https:\/\/www.visit-ulcinj.com\/blog\/2012\/10\/20\/fatmir-gjeka-ben-marreveshje-me-dps\/#webpage","url":"https:\/\/www.visit-ulcinj.com\/blog\/2012\/10\/20\/fatmir-gjeka-ben-marreveshje-me-dps\/","name":"Fatmir Gjeka b\u00ebn marr\u00ebveshje me DPS - Lajme nga Ulqini","isPartOf":{"@id":"https:\/\/www.visit-ulcinj.com\/blog\/#website"},"primaryImageOfPage":{"@id":"https:\/\/www.visit-ulcinj.com\/blog\/2012\/10\/20\/fatmir-gjeka-ben-marreveshje-me-dps\/#primaryimage"},"datePublished":"2012-10-20T17:49:50+00:00","dateModified":"2012-10-20T17:49:50+00:00","author":{"@id":"https:\/\/www.visit-ulcinj.com\/blog\/#\/schema\/person\/dcab619c614d3038751c63bc2aadc06d"},"description":"P\u00ebrfaq\u00ebsuesi i \u201cKoalicionit Shqiptar\u00eb\u201d (Partia Demokratike \u2013 Lidhja Demokratike \u2013 Alternativa Shqiptare) Fatmir Gjeka p\u00ebr agjensionin Mina tha se kan\u00eb","breadcrumb":{"@id":"https:\/\/www.visit-ulcinj.com\/blog\/2012\/10\/20\/fatmir-gjeka-ben-marreveshje-me-dps\/#breadcrumb"},"inLanguage":"en-US","potentialAction":[{"@type":"ReadAction","target":["https:\/\/www.visit-ulcinj.com\/blog\/2012\/10\/20\/fatmir-gjeka-ben-marreveshje-me-dps\/"]}]},{"@type":"BreadcrumbList","@id":"https:\/\/www.visit-ulcinj.com\/blog\/2012\/10\/20\/fatmir-gjeka-ben-marreveshje-me-dps\/#breadcrumb","itemListElement":[{"@type":"ListItem","position":1,"name":"Fatmir Gjeka b\u00ebn marr\u00ebveshje me DPS"}]},{"@type":"Person","@id":"https:\/\/www.visit-ulcinj.com\/blog\/#\/schema\/person\/dcab619c614d3038751c63bc2aadc06d","name":"ulqini","sameAs":["http:\/\/www.visit-ulcinj.com"],"url":"https:\/\/www.visit-ulcinj.com\/blog\/author\/admin\/"}]}},"jetpack_featured_media_url":"","jetpack_sharing_enabled":true,"jetpack_shortlink":"https:\/\/wp.me\/pe6lTn-gSD","_links":{"self":[{"href":"https:\/\/www.visit-ulcinj.com\/blog\/wp-json\/wp\/v2\/posts\/64891"}],"collection":[{"href":"https:\/\/www.visit-ulcinj.com\/blog\/wp-json\/wp\/v2\/posts"}],"about":[{"href":"https:\/\/www.visit-ulcinj.com\/blog\/wp-json\/wp\/v2\/types\/post"}],"author":[{"embeddable":true,"href":"https:\/\/www.visit-ulcinj.com\/blog\/wp-json\/wp\/v2\/users\/1"}],"replies":[{"embeddable":true,"href":"https:\/\/www.visit-ulcinj.com\/blog\/wp-json\/wp\/v2\/comments?post=64891"}],"version-history":[{"count":1,"href":"https:\/\/www.visit-ulcinj.com\/blog\/wp-json\/wp\/v2\/posts\/64891\/revisions"}],"predecessor-version":[{"id":64893,"href":"https:\/\/www.visit-ulcinj.com\/blog\/wp-json\/wp\/v2\/posts\/64891\/revisions\/64893"}],"wp:attachment":[{"href":"https:\/\/www.visit-ulcinj.com\/blog\/wp-json\/wp\/v2\/media?parent=64891"}],"wp:term":[{"taxonomy":"category","embeddable":true,"href":"https:\/\/www.visit-ulcinj.com\/blog\/wp-json\/wp\/v2\/categories?post=64891"},{"taxonomy":"post_tag","embeddable":true,"href":"https:\/\/www.visit-ulcinj.com\/blog\/wp-json\/wp\/v2\/tags?post=64891"}],"curies":[{"name":"wp","href":"https:\/\/api.w.org\/{rel}","templated":true}]}}