{"id":64894,"date":"2012-10-20T19:17:11","date_gmt":"2012-10-20T18:17:11","guid":{"rendered":"http:\/\/www.visit-ulcinj.com\/blog\/?p=64894"},"modified":"2012-10-20T19:17:11","modified_gmt":"2012-10-20T18:17:11","slug":"nvo-zeleni-korak-pisala-direktoru-jp-morsko-dobro","status":"publish","type":"post","link":"https:\/\/www.visit-ulcinj.com\/blog\/2012\/10\/20\/nvo-zeleni-korak-pisala-direktoru-jp-morsko-dobro\/","title":{"rendered":"NVO \u201eZeleni korak\u201d pisala direktoru JP \u201eMorsko dobro\u201d"},"content":{"rendered":"<p><a href=\"http:\/\/www.visit-ulcinj.com\/blog\/wp-content\/uploads\/2012\/10\/pjescane-dine-na-borovoj-sumi-ulcinja.jpg\"><img loading=\"lazy\" class=\"alignleft  wp-image-64895\" title=\"pjescane dine na borovoj sumi ulcinja\" src=\"http:\/\/www.visit-ulcinj.com\/blog\/wp-content\/uploads\/2012\/10\/pjescane-dine-na-borovoj-sumi-ulcinja.jpg\" alt=\"\" width=\"508\" height=\"375\" \/><\/a>Nevladina organizacija \u201eZeleni korak\u201c upozorila je JP \u201eMorsko dobro\u201d da najavljenom projektu revitalizacije pje\u0161\u010danih dina na Velikoj pla\u017ei pristupi odgovorno i na biolo\u0161ko-ekolo\u0161ki na\u010din. U pismu direktoru JPMD Rajku Barovi\u0107u \u201eZeleni\u2019\u2019 navode da su preko medija saznali da to preduze\u0107e iz Budve u okviru Plana o\u010duvanja i ure\u0111enja morske obale \u2013 morskog dobra, planira, pored ostalog, sadnju novih bori\u0107a, odnosno revitalizaciju borove \u0161ume i pje\u0161\u010danih dina u Ulcinju.<br \/>\n\u2013 Pozdravljamo tu ideju, ali se i pitamo za\u0161to \u201eMorsko dobro\u201d nije u proteklom periodu poklanjalo vi\u0161e pa\u017enje borovoj \u0161umi i pje\u0161\u010danim dinama na Velikoj pla\u017ei, iako je od civilnog sektora Ulcinja upozoren, jer narodna poslovica ka\u017ee \u2013 bolje sprije\u010diti nego lije\u010diti. I sada se, po na\u0161em mi\u0161ljenju, prave gre\u0161ke, jer se umjesto principa dru\u0161tveno odgovornog i odr\u017eivog pristupa investiranja na du\u017ei period, radi o\u010duvanja biodiverziteta pejza\u017enih i prirodnih vrijednosti i pravilne valorizacije morske obale izradom programsko-projektnog zadatka, revitalizaciji ovog lokaliteta pristupa ad hok, na brzinu i mehani\u010dki, a ne na biolo\u0161ko-ekolo\u0161ki na\u010din. Nije spomenut ni problem Port Milene, rijeke Bojane, nestanak pla\u017ee na Adi Bojani, kao ni potreba valorizacije izvora sumpornih voda \u2013 navodi se u pismu. U NVO \u201eZeleni korak\u201c smatraju da je ulcinjska obala specifi\u010dna i jedinstvena kao najvredniji dio obale Crne Gore te da zaslu\u017euje kompletan i transparentan prilaz za\u0161tite i valorizacije, \u0161to podrazumijeva implementaciju principa ekolo\u0161kog zakonodavstva Crne Gore i EU i principe Arhuske konvencije.<br \/>\n\u2013 Model razvoja lokalnih zajednica ne\u0107e se u budu\u0107nosti bazirati samo na pukim investicijama i kabinetskim dogovorima \u010delnika \u201eMorskog dobra\u201d, investitora i op\u0161tina ve\u0107 i transferom znanja, tehnologije, menad\u017ementa i saradnje sa svim akterima na doti\u010dnom podru\u010dju, uklju\u010duju\u0107i i civilni sektor u oblasti \u017eivotne sredine i kreiranju javnih politika \u2013 smatraju \u201eZeleni\u201c i poru\u010duju JPMD da upravljanje dijelom obale ustupe lokalnoj zajednici ukoliko nijesu spremni da odgovore potrebama gra\u0111ana.<br \/>\n\u2013 Ukoliko zbog nedostatka sredstava, kadrova, vremena, \u017eelje, nijeste spremni da odgovorite potrebama gra\u0111ana Ulcinja i zahtjevima prirode korektno bi bilo da kroz izmjene i dopune zakonske regulative lokalitete Bojana, Port Milena i dio morske obale od rta \u0110erani do kr\u0161a Stari Ulcinj ustupite na upravljane op\u0161tini, a vama \u0107e biti dovoljno podru\u010dje Velike pla\u017ee \u2013 zaklju\u010duje se u pismu koje je potpisao izvr\u0161ni direktor te NVO D\u017eeljal Hod\u017ei\u0107.<\/p>\n<p>Pristan doveden u red<br \/>\nSaglasno dogovoru s lokalnom samopupravom i zahtjevima mje\u0161tana, JP \u201eMorsko dobro\u201d zavr\u0161ilo je nekoliko radova na lokalitetu Pristana. Izvedeni su radovi na bagerisanju mandra\u0107a na isto\u010dnom kraju Pristana, tako da je, nakon du\u017eeg vremena, ponovo stavljen u funkciju. U tu svrhu mandra\u0107 je izbagerisan i uklonjeno je oko 500 kubika pje\u0161\u010dane naslage. Ure\u0111en je i obli\u017enji plato ispred parka na kome je formiran prostor za sjedenje i postavljena gradska \u010desma. Tako\u0111e je ura\u0111ena dodatna valobranska za\u0161tita na lu\u010dici Kacema, koja pored te funkcije slu\u017ei i kao parapet za sjedenje. Radove je izvr\u0161ila firma \u201eErlang\u201c iz Podgorice, za ugovorenu vrijednost od 23 hiljade eura.<\/p>\n<p><strong>Izvor: DAN<\/strong><\/p>\n","protected":false},"excerpt":{"rendered":"<p>Nevladina organizacija \u201eZeleni korak\u201c upozorila je JP \u201eMorsko dobro\u201d da najavljenom projektu revitalizacije pje\u0161\u010danih dina na Velikoj pla\u017ei pristupi odgovorno i na biolo\u0161ko-ekolo\u0161ki na\u010din. U pismu direktoru JPMD Rajku Barovi\u0107u \u201eZeleni\u2019\u2019 navode da su preko medija saznali da to preduze\u0107e iz Budve u okviru Plana o\u010duvanja i ure\u0111enja morske obale \u2013 morskog dobra, planira, pored [&hellip;]<\/p>\n","protected":false},"author":1,"featured_media":0,"comment_status":"open","ping_status":"closed","sticky":false,"template":"","format":"standard","meta":{"spay_email":"","jetpack_publicize_message":"","jetpack_is_tweetstorm":false,"jetpack_publicize_feature_enabled":true},"categories":[6950],"tags":[19],"jetpack_publicize_connections":[],"yoast_head":"<!-- This site is optimized with the Yoast SEO plugin v19.1 - https:\/\/yoast.com\/wordpress\/plugins\/seo\/ -->\n<title>NVO \u201eZeleni korak\u201d pisala direktoru JP \u201eMorsko dobro\u201d - Lajme nga Ulqini<\/title>\n<meta name=\"description\" content=\"Nevladina organizacija \u201eZeleni korak\u201c upozorila je JP \u201eMorsko dobro\u201d da najavljenom projektu revitalizacije pje\u0161\u010danih dina na Velikoj pla\u017ei pristupi\" \/>\n<meta name=\"robots\" content=\"index, follow, max-snippet:-1, max-image-preview:large, max-video-preview:-1\" \/>\n<link rel=\"canonical\" href=\"https:\/\/www.visit-ulcinj.com\/blog\/2012\/10\/20\/nvo-zeleni-korak-pisala-direktoru-jp-morsko-dobro\/\" \/>\n<meta property=\"og:locale\" content=\"en_US\" \/>\n<meta property=\"og:type\" content=\"article\" \/>\n<meta property=\"og:title\" content=\"NVO \u201eZeleni korak\u201d pisala direktoru JP \u201eMorsko dobro\u201d - Lajme nga Ulqini\" \/>\n<meta property=\"og:description\" content=\"Nevladina organizacija \u201eZeleni korak\u201c upozorila je JP \u201eMorsko dobro\u201d da najavljenom projektu revitalizacije pje\u0161\u010danih dina na Velikoj pla\u017ei pristupi\" \/>\n<meta property=\"og:url\" content=\"https:\/\/www.visit-ulcinj.com\/blog\/2012\/10\/20\/nvo-zeleni-korak-pisala-direktoru-jp-morsko-dobro\/\" \/>\n<meta property=\"og:site_name\" content=\"Lajme nga Ulqini\" \/>\n<meta property=\"article:published_time\" content=\"2012-10-20T18:17:11+00:00\" \/>\n<meta property=\"og:image\" content=\"http:\/\/www.visit-ulcinj.com\/blog\/wp-content\/uploads\/2012\/10\/pjescane-dine-na-borovoj-sumi-ulcinja.jpg\" \/>\n<meta name=\"twitter:label1\" content=\"Written by\" \/>\n\t<meta name=\"twitter:data1\" content=\"ulqini\" \/>\n\t<meta name=\"twitter:label2\" content=\"Est. reading time\" \/>\n\t<meta name=\"twitter:data2\" content=\"3 minutes\" \/>\n<script type=\"application\/ld+json\" class=\"yoast-schema-graph\">{\"@context\":\"https:\/\/schema.org\",\"@graph\":[{\"@type\":\"WebSite\",\"@id\":\"https:\/\/www.visit-ulcinj.com\/blog\/#website\",\"url\":\"https:\/\/www.visit-ulcinj.com\/blog\/\",\"name\":\"Lajme nga Ulqini\",\"description\":\"Lajme,Vijesti,Ulqini,Ulqin,Crna Gora,Mali i Zi\",\"potentialAction\":[{\"@type\":\"SearchAction\",\"target\":{\"@type\":\"EntryPoint\",\"urlTemplate\":\"https:\/\/www.visit-ulcinj.com\/blog\/?s={search_term_string}\"},\"query-input\":\"required name=search_term_string\"}],\"inLanguage\":\"en-US\"},{\"@type\":\"ImageObject\",\"inLanguage\":\"en-US\",\"@id\":\"https:\/\/www.visit-ulcinj.com\/blog\/2012\/10\/20\/nvo-zeleni-korak-pisala-direktoru-jp-morsko-dobro\/#primaryimage\",\"url\":\"https:\/\/www.visit-ulcinj.com\/blog\/wp-content\/uploads\/2012\/10\/pjescane-dine-na-borovoj-sumi-ulcinja.jpg\",\"contentUrl\":\"https:\/\/www.visit-ulcinj.com\/blog\/wp-content\/uploads\/2012\/10\/pjescane-dine-na-borovoj-sumi-ulcinja.jpg\",\"width\":\"500\",\"height\":\"375\"},{\"@type\":\"WebPage\",\"@id\":\"https:\/\/www.visit-ulcinj.com\/blog\/2012\/10\/20\/nvo-zeleni-korak-pisala-direktoru-jp-morsko-dobro\/#webpage\",\"url\":\"https:\/\/www.visit-ulcinj.com\/blog\/2012\/10\/20\/nvo-zeleni-korak-pisala-direktoru-jp-morsko-dobro\/\",\"name\":\"NVO \u201eZeleni korak\u201d pisala direktoru JP \u201eMorsko dobro\u201d - Lajme nga Ulqini\",\"isPartOf\":{\"@id\":\"https:\/\/www.visit-ulcinj.com\/blog\/#website\"},\"primaryImageOfPage\":{\"@id\":\"https:\/\/www.visit-ulcinj.com\/blog\/2012\/10\/20\/nvo-zeleni-korak-pisala-direktoru-jp-morsko-dobro\/#primaryimage\"},\"datePublished\":\"2012-10-20T18:17:11+00:00\",\"dateModified\":\"2012-10-20T18:17:11+00:00\",\"author\":{\"@id\":\"https:\/\/www.visit-ulcinj.com\/blog\/#\/schema\/person\/dcab619c614d3038751c63bc2aadc06d\"},\"description\":\"Nevladina organizacija \u201eZeleni korak\u201c upozorila je JP \u201eMorsko dobro\u201d da najavljenom projektu revitalizacije pje\u0161\u010danih dina na Velikoj pla\u017ei pristupi\",\"breadcrumb\":{\"@id\":\"https:\/\/www.visit-ulcinj.com\/blog\/2012\/10\/20\/nvo-zeleni-korak-pisala-direktoru-jp-morsko-dobro\/#breadcrumb\"},\"inLanguage\":\"en-US\",\"potentialAction\":[{\"@type\":\"ReadAction\",\"target\":[\"https:\/\/www.visit-ulcinj.com\/blog\/2012\/10\/20\/nvo-zeleni-korak-pisala-direktoru-jp-morsko-dobro\/\"]}]},{\"@type\":\"BreadcrumbList\",\"@id\":\"https:\/\/www.visit-ulcinj.com\/blog\/2012\/10\/20\/nvo-zeleni-korak-pisala-direktoru-jp-morsko-dobro\/#breadcrumb\",\"itemListElement\":[{\"@type\":\"ListItem\",\"position\":1,\"name\":\"NVO \u201eZeleni korak\u201d pisala direktoru JP \u201eMorsko dobro\u201d\"}]},{\"@type\":\"Person\",\"@id\":\"https:\/\/www.visit-ulcinj.com\/blog\/#\/schema\/person\/dcab619c614d3038751c63bc2aadc06d\",\"name\":\"ulqini\",\"sameAs\":[\"http:\/\/www.visit-ulcinj.com\"],\"url\":\"https:\/\/www.visit-ulcinj.com\/blog\/author\/admin\/\"}]}<\/script>\n<!-- \/ Yoast SEO plugin. -->","yoast_head_json":{"title":"NVO \u201eZeleni korak\u201d pisala direktoru JP \u201eMorsko dobro\u201d - Lajme nga Ulqini","description":"Nevladina organizacija \u201eZeleni korak\u201c upozorila je JP \u201eMorsko dobro\u201d da najavljenom projektu revitalizacije pje\u0161\u010danih dina na Velikoj pla\u017ei pristupi","robots":{"index":"index","follow":"follow","max-snippet":"max-snippet:-1","max-image-preview":"max-image-preview:large","max-video-preview":"max-video-preview:-1"},"canonical":"https:\/\/www.visit-ulcinj.com\/blog\/2012\/10\/20\/nvo-zeleni-korak-pisala-direktoru-jp-morsko-dobro\/","og_locale":"en_US","og_type":"article","og_title":"NVO \u201eZeleni korak\u201d pisala direktoru JP \u201eMorsko dobro\u201d - Lajme nga Ulqini","og_description":"Nevladina organizacija \u201eZeleni korak\u201c upozorila je JP \u201eMorsko dobro\u201d da najavljenom projektu revitalizacije pje\u0161\u010danih dina na Velikoj pla\u017ei pristupi","og_url":"https:\/\/www.visit-ulcinj.com\/blog\/2012\/10\/20\/nvo-zeleni-korak-pisala-direktoru-jp-morsko-dobro\/","og_site_name":"Lajme nga Ulqini","article_published_time":"2012-10-20T18:17:11+00:00","og_image":[{"url":"http:\/\/www.visit-ulcinj.com\/blog\/wp-content\/uploads\/2012\/10\/pjescane-dine-na-borovoj-sumi-ulcinja.jpg"}],"twitter_misc":{"Written by":"ulqini","Est. reading time":"3 minutes"},"schema":{"@context":"https:\/\/schema.org","@graph":[{"@type":"WebSite","@id":"https:\/\/www.visit-ulcinj.com\/blog\/#website","url":"https:\/\/www.visit-ulcinj.com\/blog\/","name":"Lajme nga Ulqini","description":"Lajme,Vijesti,Ulqini,Ulqin,Crna Gora,Mali i Zi","potentialAction":[{"@type":"SearchAction","target":{"@type":"EntryPoint","urlTemplate":"https:\/\/www.visit-ulcinj.com\/blog\/?s={search_term_string}"},"query-input":"required name=search_term_string"}],"inLanguage":"en-US"},{"@type":"ImageObject","inLanguage":"en-US","@id":"https:\/\/www.visit-ulcinj.com\/blog\/2012\/10\/20\/nvo-zeleni-korak-pisala-direktoru-jp-morsko-dobro\/#primaryimage","url":"https:\/\/www.visit-ulcinj.com\/blog\/wp-content\/uploads\/2012\/10\/pjescane-dine-na-borovoj-sumi-ulcinja.jpg","contentUrl":"https:\/\/www.visit-ulcinj.com\/blog\/wp-content\/uploads\/2012\/10\/pjescane-dine-na-borovoj-sumi-ulcinja.jpg","width":"500","height":"375"},{"@type":"WebPage","@id":"https:\/\/www.visit-ulcinj.com\/blog\/2012\/10\/20\/nvo-zeleni-korak-pisala-direktoru-jp-morsko-dobro\/#webpage","url":"https:\/\/www.visit-ulcinj.com\/blog\/2012\/10\/20\/nvo-zeleni-korak-pisala-direktoru-jp-morsko-dobro\/","name":"NVO \u201eZeleni korak\u201d pisala direktoru JP \u201eMorsko dobro\u201d - Lajme nga Ulqini","isPartOf":{"@id":"https:\/\/www.visit-ulcinj.com\/blog\/#website"},"primaryImageOfPage":{"@id":"https:\/\/www.visit-ulcinj.com\/blog\/2012\/10\/20\/nvo-zeleni-korak-pisala-direktoru-jp-morsko-dobro\/#primaryimage"},"datePublished":"2012-10-20T18:17:11+00:00","dateModified":"2012-10-20T18:17:11+00:00","author":{"@id":"https:\/\/www.visit-ulcinj.com\/blog\/#\/schema\/person\/dcab619c614d3038751c63bc2aadc06d"},"description":"Nevladina organizacija \u201eZeleni korak\u201c upozorila je JP \u201eMorsko dobro\u201d da najavljenom projektu revitalizacije pje\u0161\u010danih dina na Velikoj pla\u017ei pristupi","breadcrumb":{"@id":"https:\/\/www.visit-ulcinj.com\/blog\/2012\/10\/20\/nvo-zeleni-korak-pisala-direktoru-jp-morsko-dobro\/#breadcrumb"},"inLanguage":"en-US","potentialAction":[{"@type":"ReadAction","target":["https:\/\/www.visit-ulcinj.com\/blog\/2012\/10\/20\/nvo-zeleni-korak-pisala-direktoru-jp-morsko-dobro\/"]}]},{"@type":"BreadcrumbList","@id":"https:\/\/www.visit-ulcinj.com\/blog\/2012\/10\/20\/nvo-zeleni-korak-pisala-direktoru-jp-morsko-dobro\/#breadcrumb","itemListElement":[{"@type":"ListItem","position":1,"name":"NVO \u201eZeleni korak\u201d pisala direktoru JP \u201eMorsko dobro\u201d"}]},{"@type":"Person","@id":"https:\/\/www.visit-ulcinj.com\/blog\/#\/schema\/person\/dcab619c614d3038751c63bc2aadc06d","name":"ulqini","sameAs":["http:\/\/www.visit-ulcinj.com"],"url":"https:\/\/www.visit-ulcinj.com\/blog\/author\/admin\/"}]}},"jetpack_featured_media_url":"","jetpack_sharing_enabled":true,"jetpack_shortlink":"https:\/\/wp.me\/pe6lTn-gSG","_links":{"self":[{"href":"https:\/\/www.visit-ulcinj.com\/blog\/wp-json\/wp\/v2\/posts\/64894"}],"collection":[{"href":"https:\/\/www.visit-ulcinj.com\/blog\/wp-json\/wp\/v2\/posts"}],"about":[{"href":"https:\/\/www.visit-ulcinj.com\/blog\/wp-json\/wp\/v2\/types\/post"}],"author":[{"embeddable":true,"href":"https:\/\/www.visit-ulcinj.com\/blog\/wp-json\/wp\/v2\/users\/1"}],"replies":[{"embeddable":true,"href":"https:\/\/www.visit-ulcinj.com\/blog\/wp-json\/wp\/v2\/comments?post=64894"}],"version-history":[{"count":1,"href":"https:\/\/www.visit-ulcinj.com\/blog\/wp-json\/wp\/v2\/posts\/64894\/revisions"}],"predecessor-version":[{"id":64896,"href":"https:\/\/www.visit-ulcinj.com\/blog\/wp-json\/wp\/v2\/posts\/64894\/revisions\/64896"}],"wp:attachment":[{"href":"https:\/\/www.visit-ulcinj.com\/blog\/wp-json\/wp\/v2\/media?parent=64894"}],"wp:term":[{"taxonomy":"category","embeddable":true,"href":"https:\/\/www.visit-ulcinj.com\/blog\/wp-json\/wp\/v2\/categories?post=64894"},{"taxonomy":"post_tag","embeddable":true,"href":"https:\/\/www.visit-ulcinj.com\/blog\/wp-json\/wp\/v2\/tags?post=64894"}],"curies":[{"name":"wp","href":"https:\/\/api.w.org\/{rel}","templated":true}]}}