{"id":6490,"date":"2008-11-22T14:59:46","date_gmt":"2008-11-22T19:59:46","guid":{"rendered":"http:\/\/www.visit-ulcinj.com\/blog\/?p=6490"},"modified":"2008-11-22T14:59:46","modified_gmt":"2008-11-22T19:59:46","slug":"interviste-me-doktorantin-e-shkencave-politike-ne-universitetin-e-sorbones-ne-paris-anton-vukpalaj","status":"publish","type":"post","link":"https:\/\/www.visit-ulcinj.com\/blog\/2008\/11\/22\/interviste-me-doktorantin-e-shkencave-politike-ne-universitetin-e-sorbones-ne-paris-anton-vukpalaj\/","title":{"rendered":"Intervist\u00eb me doktorantin e shkencave politike n\u00eb universitetin e Sorbon\u00ebs n\u00eb Paris, Anton Vukpalaj"},"content":{"rendered":"<p><a href=\"http:\/\/www.visit-ulcinj.com\/blog\/wp-content\/uploads\/2008\/11\/anton-vukpalaj.jpg\"><img loading=\"lazy\" class=\"alignleft size-medium wp-image-6491\" title=\"anton-vukpalaj\" src=\"http:\/\/www.visit-ulcinj.com\/blog\/wp-content\/uploads\/2008\/11\/anton-vukpalaj.jpg\" alt=\"\" width=\"416\" height=\"280\" \/><\/a><strong>Vendimet e Gjykat\u00ebs s\u00eb Hag\u00ebs t\u00eb pa obligueshme<\/strong><br \/>\nKoha javore: Z.Vukpalaj, m\u00eb lejoni q\u00eb fillimisht t\u00eb ju pyes p\u00ebr m\u00ebnyr\u00ebn se si keni arritur p\u00ebr tzu integruar n\u00eb Franc\u00eb dhe p\u00ebr parakursin tuaj universitar?<br \/>\nA.Vukpalaj: N\u00eb Franc\u00eb kam shkuar n\u00eb fund t\u00eb vitit 1991, p\u00ebr t\u00eb vazhduar studimet t\u00eb cilat i pata filluar k\u00ebtu, krse atje p\u00ebrfundova studimet n\u00eb Univerzitetin e Sorbon\u00ebs. Zgjedhja ime p\u00ebr t\u00eb shkuar n\u00eb Franc\u00eb ka qen\u00eb m\u00eb shum\u00eb e imponuar, sesa edhe e planifikuar, meq\u00eb atje kisha edhe disa t\u00eb af\u00ebrm. Sa i p\u00ebrket kontaktit me njohuri t\u00eb reja dhe eksperienca t\u00eb reja, jeta ime studentore ka q\u00ebne mjaft interesante. P\u00ebrve\u00e7 k\u00ebsaj, Parisi \u00ebsht\u00eb edhe qytet i pasur me aktivitete kulturore.<br \/>\nKoha javore: A ka mund\u00ebsi q\u00eb t\u00eb na tregoni di\u00e7ka lidhur me studimet tuaja dhe interesin tuaj shkencor?<br \/>\nA.Vukpalaj: Un\u00eb kam diplomuar n\u00eb shkencat politike. Kam magjistruar n\u00eb vitin 2001 dhe jam n\u00eb prag t\u00eb p\u00ebrfundimit t\u00eb tez\u00ebs s\u00eb doktoratur\u00ebs dhe besoj se do ta p\u00ebrfundoj deri n\u00eb fund t\u00eb k\u00ebtij viti. Gjat\u00eb studimeve pasuniversitare kam udh\u00ebhequr seminare n\u00eb universite t\u00eb ndryshme t\u00eb Franc\u00ebs dhe kam marr\u00eb pjes\u00eb n\u00eb konferenca, t\u00eb cilat kan\u00eb pasur t\u00eb b\u00ebjn\u00eb me l\u00ebmin tim t\u00eb studimeve. Po ashtu n\u00eb k\u00ebto konferenca jam paraqitur edhe me disa komuntesa, disa prej t\u00eb cilave edhe jan\u00eb publikuar n\u00eb revista shkencore.<br \/>\nKoha javore: Ka mjaft intelektual\u00eb q\u00eb jan\u00eb larguar nga Mal\u00ebsia. Disa prej tyre, n\u00eb per\u00ebndim jan\u00eb duke b\u00ebr\u00eb edhe nj\u00eb karrier\u00eb dinjitoze dhe akademike- shkencore. Po me Ju \u00e7far\u00eb do t\u00eb ndodh\u00eb ? Do t\u00eb ktheheni n\u00eb Mal\u00ebsi p\u00ebr t\u00eb ndihmuar zhvillimin e vendit, apo do t\u00eb vazhdoni t\u00eb jetoni n\u00eb Franc\u00eb?<br \/>\nA.Vukpalaj: Nj\u00eb gjenerat\u00eb e re, ve\u00e7an\u00ebrisht n\u00eb Amerik\u00eb, ku gjendet m\u00ebrgata jon\u00eb m\u00eb e madhe, kan\u00eb studiuar dhe gjenden sot t\u00eb inkuadruar n\u00eb sistemet per\u00ebndimore. Kjo \u00ebsht\u00eb shum\u00eb shpres\u00ebdh\u00ebn\u00ebse p\u00ebr t\u00eb ardhmen ton\u00eb. Sigurisht, se angazhimi i tyre k\u00ebtu do t\u00eb isht\u00eb shum\u00eb i nevojsh\u00ebm. N\u00eb koh\u00ebn ton\u00eb t\u00eb globalizimit, kapitali i tyre kulturor do t\u00eb ishte motor i avancimit dhe ky\u00e7jes n\u00eb trende nd\u00ebrkomb\u00ebtare. Shume prej tyre besoj se do t\u00eb d\u00ebshironin t\u00eb kthehen n\u00eb vedlindje, po t\u00eb kishin mund\u00ebsi t\u00eb punonin n\u00eb domenet e tyre. P\u00ebr k\u00ebt\u00eb do t\u00eb duhej nj\u00eb politik\u00eb stimuluese, e cila p\u00ebr momentin b\u00ebn defekt. Pasi q\u00eb m\u00eb shtruat k\u00ebt\u00eb pyetje, nuk mund t\u00eb mos krahasoj gjendjen e tyre-timen me ato personazhet e shkrimtarit t\u00eb famsh\u00ebm \u00e7ek, M. Kundera, t\u00eb cil\u00ebt jetojn\u00eb midis etjes p\u00ebr tzu kthyer n\u00eb vendin e tyre dhe hezitimit nga &#8221; kthimi Definitiv &#8220;.<br \/>\nKoha javore: A mund t\u00eb na tregoni di\u00e7ka p\u00ebr aktivitetin tuaj shkencor-k\u00ebrkimor dhe arsyet t\u00eb cilat u kan\u00eb b\u00ebr\u00eb t\u00eb interesoheni p\u00ebr k\u00ebto aktivitete?<br \/>\nA.Vukpalaj: N\u00eb kuad\u00ebr t\u00eb studimeve pasuniversitare, kam p\u00ebrgatitur nj\u00eb punim mbi Gjykat\u00ebn Penale Nd\u00ebrkomb\u00ebtare p\u00ebr Ish- Jugosllavin\u00eb. Risia t\u00eb cil\u00ebn ajo ka sjedhur n\u00eb sken\u00ebn e marr\u00ebdh\u00ebnieve nd\u00ebrkomb\u00ebtare m\u00eb ka shtyr\u00eb t\u00eb interesohem p\u00ebr k\u00ebt\u00eb tem\u00eb. Sigurisht se zgjedhja e k\u00ebsaj teme m\u00eb ka mund\u00ebsuar t\u00eb analizoj ngjarjet e nj\u00eb kohe t\u00eb cil\u00ebn pjes\u00ebrisht e kam p\u00ebrjetuar edhe un\u00eb si i ri dhe t\u00eb cil\u00ebn e kam p\u00ebrcjellur vite me radh\u00eb. Pra, ka nj\u00eb doz\u00eb subjektiviteti n\u00eb k\u00ebt\u00eb zgjedhjen time.<br \/>\nKoha javore: Gjykata e Hag\u00ebs p\u00ebr krime lufte ka qen\u00eb mjaft aktuale n\u00eb k\u00ebto vitet e fundit. Si e karakterizoni Ju arritjen e saj t\u00eb p\u00ebrgjithshme, nga krijimi i saj e deri m\u00eb sot. A mendoni se ajo ka standarde t\u00eb dyfishta?<br \/>\nA.Vukpalaj: Kjo Gjykat\u00eb p\u00ebr nj\u00eb koh\u00eb t\u00eb gjat\u00eb \u00ebsht\u00eb konsideruar si mjet politik i shteteve t\u00eb Per\u00ebndimit p\u00ebr t\u00eb imponuar planet e tyre p\u00ebr Rajonin. K\u00ebto akuza kan\u00eb qen\u00eb dominante n\u00eb Serbi dhe te serb\u00ebt e Bosnj\u00ebs. Nga momentit q\u00eb kjo Gjykat\u00eb ka filluar t\u00eb interesohet p\u00ebr krimet e kryera nga kroat\u00ebt, ajo \u00ebsht\u00eb b\u00ebr\u00eb edhe armik i Kroacis\u00eb. Akuza t\u00eb tilla kan\u00eb q\u00ebn\u00eb t\u00eb pashmangshme. Meqen\u00ebse kjo Gjykat\u00eb \u00ebsht\u00eb krijuar si rezultat i nj\u00eb procesi politik (Rezoluta 1244 e K\u00ebshillit t\u00eb Sigurimit t\u00eb OKB-s\u00eb) i cili i ka dh\u00ebn\u00eb asaj nj\u00eb mandat politik: restaurimin dhe ruajtjen e paqes dhe siguris\u00eb nd\u00ebrkomb\u00ebtare, e cila mund t\u00eb konsiderohet si mas\u00eb e politizimit t\u00eb saj.<br \/>\nSipas mendimit tim, suksesi m\u00eb i madh i saj \u00ebsht\u00eb sjellja para drejt\u00ebsis\u00eb nd\u00ebrkomb\u00ebtare e m\u00eb shum\u00eb se 150 personave t\u00eb cil\u00ebt nuk ishin gjykuar kurr\u00eb, po t\u00eb mos kishte egzistuar kjo Gjykat\u00eb. Pastaj, gjykimi i nj\u00eb kryetari t\u00eb shtetit, i pari n\u00eb histori t\u00eb drejt\u00ebsis\u00eb penale nd\u00ebrkomb\u00ebtare paraqet kulminacionin e suksesit t\u00eb saj. N\u00eb nivel t\u00eb shteteve t\u00eb rajonit, Gjykata e Hag\u00ebs ka arritur t\u00eb krijoj\u00eb norma t\u00eb reja t\u00eb sjelljes, duke larguar, s\u00eb paku, p\u00ebr momentin, avantura t\u00eb reja krimesh kund\u00ebr popujve t\u00eb dominuar t\u00eb ish-Jugosllavis\u00eb. Ajo ka arritur gjithashtu t\u00eb nxjerr\u00eb n\u00eb pah natyr\u00ebn e regjimeve politike, t\u00eb cil\u00ebt kan\u00eb planifikuar, organizuar dhe kryer krimet.<br \/>\nNuk mendoj se ka patur standarde t\u00eb dyfishta, edhe pse \u00ebsht\u00eb e pakontestueshme se ka patur presion politik t\u00eb fuqish\u00ebm mbi t\u00eb. Ajo \u00ebsht\u00eb dashur n\u00eb m\u00ebnyr\u00eb sistematike t\u00eb shpik\u00eb strategji t\u00eb reja p\u00ebr t\u00eb relativizuar k\u00ebt\u00eb presion, me q\u00ebllim q\u00eb t\u00eb plot\u00ebsoj\u00eb misionin e saj. Madje, akuzat se ajo ka aplikuar standarde t\u00eb dyfishta, shkojn\u00eb n\u00eb favor t\u00eb atyre aktor\u00ebve, t\u00eb cil\u00ebt e konsiderojn\u00eb pun\u00ebn e Gjykat\u00ebs si mjet hakmarr\u00ebs, m\u00eb shum\u00eb se mjet drejt\u00ebsie. Kjo gjithashtu shkon n\u00eb favor t\u00eb perceptimit se proceset penale kan\u00eb qen\u00eb t\u00eb manipuluara p\u00ebr q\u00ebllime politike dhe se ne at\u00eb rast Gjykata \u00ebsht\u00eb p\u00ebrdorur si mjet politik n\u00eb favor t\u00eb nj\u00ebr\u00ebs pal\u00eb kund\u00ebr tjetr\u00ebs.<br \/>\nKoha javore: Para do kohe, Serbia ka inicuar procedur\u00ebn p\u00ebr shqyrtimin e legjitimitetit t\u00eb shpalljes s\u00eb Pavar\u00ebsis\u00eb s\u00eb Kosov\u00ebs, k\u00ebrkes\u00eb kjo e cila do t\u00eb shqyrtohet nga Gjykata Nd\u00ebrkomb\u00ebtare e Drejt\u00ebsis\u00eb. Cili \u00ebsht\u00eb opinioni juaj lidhur me k\u00ebt\u00eb \u00e7\u00ebshtje?<br \/>\nA. Vukpalaj: Para se tzi p\u00ebrgjigjem pyetjes suaj, dua t\u00eb precizoj se Gjykata Penale Nd\u00ebrkomb\u00ebtare p\u00ebr ish- Jugosllavi (ICTY) dhe Gjykata Nd\u00ebrkomb\u00ebtare e Drejt\u00ebsis\u00eb (ICJ) jan\u00eb dy institucione t\u00eb ndryshme, edhe pse t\u00eb dyja gjenden n\u00eb Hag\u00eb. E para \u00ebsht\u00eb krijuar p\u00ebr t\u00eb gjykuar krimet e kryera gjat\u00eb konflikteve t\u00eb viteve 1990 n\u00eb ish- Jugosllavi dhe ka nj\u00eb mandat ad hoc, kurse kjo e fundit \u00ebsht\u00eb organ i p\u00ebrhersh\u00ebm i Kombeve t\u00eb Bashkuara, i cili merret me \u00e7\u00ebshtje konfliktesh nd\u00ebrkomb\u00ebtare, kryesisht nd\u00ebrmjet shteteve. Kjo Gjykat\u00eb ka mund\u00ebsi t\u00eb shqyrtoj\u00eb vet\u00ebm \u00e7\u00ebshtjet t\u00eb cilat i voton Asambleja e P\u00ebrgjithshme e OKB-s\u00eb. P\u00ebr k\u00ebt\u00eb arsye i gjith\u00eb debati rreth k\u00ebsaj \u00e7\u00ebshtjeje ka q\u00ebne i p\u00ebrqendruar n\u00eb OKB. K\u00ebrkesa e Serbis\u00eb, e motivuar politikisht, \u00ebsht\u00eb e lidhur ngusht me luft\u00ebn q\u00eb Shteti dhe diplomacia serbe i kan\u00eb shpallur Pavarsis\u00eb s\u00eb Kosov\u00ebs. Q\u00ebllimi ka qen\u00eb q\u00eb n\u00ebp\u00ebrmjet saj t\u00eb pengohet \u00e7do iniciativ\u00eb e njohjes s\u00eb m\u00ebtutjeshme t\u00eb Kosov\u00ebs nga shtetet t\u00eb cilat ende nuk e kan\u00eb njohur at\u00eb dhe t\u00eb pengohet integrimi i m\u00ebtutjesh\u00ebm i Kosov\u00ebs n\u00eb institucionet nd\u00ebrkomb\u00ebtare. Edhe pse \u00ebsht\u00eb v\u00ebshtir\u00eb t\u00eb parashihet verdikti i k\u00ebsaj Gjykate, nj\u00eb vendim n\u00eb favor t\u00eb Serbis\u00eb, i cili do ta shpallte Pavarsin\u00eb e Kosov\u00ebs ilegjitime, do t\u00eb kishte efekt simbolik shum\u00eb t\u00eb fuqish\u00ebm, sepse ai do tzi mund\u00ebsonte Serbis\u00eb q\u00eb ta p\u00ebrdor\u00eb at\u00eb si argument p\u00ebr t\u00eb penguar zhvillmin e Kosov\u00ebs si shtet t\u00eb pavarur. N\u00eb an\u00ebn tjet\u00ebr, nj\u00eb vendim n\u00eb favor t\u00eb Kosov\u00ebs do tzi jepte legjitimitet shtetit t\u00eb ri. Sidoqoft\u00eb, vendimet e k\u00ebsaj Gjykate nuk kan\u00eb efekt ligjb\u00ebr\u00ebs.<br \/>\nKoha javore: Sipas mendimit Tuaj, cilat jan\u00eb argumentet t\u00eb cilat do ti paraqesin t\u00eb dy pal\u00ebt gjat\u00eb k\u00ebtij procesi dhe a mund t\u00eb na p\u00ebrmendni ndonj\u00eb precedenc\u00eb n\u00eb lidhje me ket\u00eb?<br \/>\nA.Vukpalaj: Jam i sigurt se p\u00ebr Serbin\u00eb, nj\u00eb nd\u00ebr argumentet kryesore do t\u00eb jet\u00eb fakti se shumica e vendimeve t\u00eb marra nga komuniteti nd\u00ebrkomb\u00ebtar n\u00eb lidhje me Kosov\u00ebn jan\u00eb marr\u00eb jasht\u00eb K\u00ebshillit t\u00eb Sigurimit t\u00eb OKB-s\u00eb. Edhe pse dihet se arsyeja e marrjes s\u00eb k\u00ebtyre vendimeve jasht\u00eb K\u00ebshillit t\u00eb Sigurimit t\u00eb OKB-s\u00eb ka qen\u00eb k\u00ebrc\u00ebnimi me veto i Rusis\u00eb, Serbia do t\u00eb vazhdoj\u00eb ta paraqes\u00eb Kosov\u00ebn si territor i cili i \u00ebsht\u00eb marr\u00eb asaj me forc\u00eb nga NATO-ja. P\u00ebr pal\u00ebn kosovare, argumenti kryesor do t\u00eb jet\u00eb represioni dhe krimet e kryera nga forcat serbe kund\u00ebr popullat\u00ebs civile t\u00eb saj. K\u00ebto argumente nuk mungojn\u00eb. Edhe sot e k\u00ebsaj dite, gadi nj\u00eb decenie pas p\u00ebrfundimit t\u00eb luft\u00ebs, m\u00eb shum\u00eb se 2500 persona evidentohen si t\u00eb zhdukur n\u00eb Kosov\u00eb.<br \/>\nP\u00ebrsa i p\u00ebrket precedentit, Serbia ka eksperienc\u00eb t\u00eb mir\u00eb para k\u00ebsaj gjykate. N\u00eb shkurt t\u00eb vitit 2007, ajo e ka fituar procesin gjyq\u00ebsor kund\u00ebr Bosnj\u00ebs dhe Hercegovin\u00ebs, e cila e kishte akuzuar at\u00eb, vite m\u00eb par\u00eb p\u00ebr organizimin e gjenocidit t\u00eb Srebrenic\u00ebs. Kund\u00ebr opinionit t\u00eb p\u00ebrgjithsh\u00ebm dhe kund\u00ebr argumenteve t\u00eb shumta t\u00eb cilat v\u00ebrtetojn\u00eb pjes\u00ebmarrjen direkte t\u00eb Serbis\u00eb n\u00eb krime t\u00eb kryera n\u00eb Bosnje, kjo Gjykat\u00eb ka vendosur se Serbia nuk mund t\u00eb konsiderohet p\u00ebrgjegj\u00ebse p\u00ebr krime lufte n\u00eb Bosnje. Ajo ka refuzuar t\u00eb marr\u00eb parasysh vendimet e ICTY-s\u00eb, i cili disa her\u00eb ka provuar pjes\u00ebmarrjen direkte t\u00eb forcave t\u00eb Serbis\u00eb n\u00eb Bosnje, madje edhe e ka definuar intervenimin serb si agresion kund\u00ebr shtetit t\u00eb Bosnj\u00ebs dhe Hercegovin\u00ebs. Sidoqoft\u00eb, ky vendim i karakterizuar si &#8220;skandaloz&#8221; nga viktimat e luft\u00ebs, nuk duhet izoluar nga konteksti politik. Verdikti ka koinciduar me negociatat p\u00ebr p\u00ebrcaktimin e statusit definitiv t\u00eb Kosov\u00ebs. Sipas t\u00eb gjitha gjasave, gjyq\u00ebtar\u00ebt nuk kan\u00eb dashur t\u00eb iritojn\u00eb Serbia duke krijuar precedenc\u00eb, i cili do tzi kishte hapur rrug\u00ebn Kroacis\u00eb dhe Kosov\u00ebs p\u00ebr t\u00eb inicuar nj\u00eb procedur\u00eb t\u00eb ngjashme. Tjet\u00ebr arsye ka qen\u00eb fakti se Srebrenica konsiderohet si qytet, i cili \u00ebsht\u00eb sakrifikuar para se t\u00eb shkohet n\u00eb Dejton me q\u00ebllim q\u00eb pala serbe t\u00eb n\u00ebnshkruante Marr\u00ebveshjen. Po t\u00eb ishte shpallur Serbiaa fajtore p\u00ebr masakrat e kryera n\u00eb Srebrenic\u00eb, at\u00ebher\u00eb do t\u00eb ishte i pashmangsh\u00ebm shqyrtimi i p\u00ebrgjegj\u00ebsis\u00eb s\u00eb Per\u00ebndimit.<br \/>\nPavar\u00ebsia e Kosov\u00ebs ka krijuar nj\u00eb situat\u00eb t\u00eb re dhe interesi i Per\u00ebndimit nuk \u00ebsht\u00eb q\u00eb Serbia ta sfidoj\u00eb shtetin e ri t\u00eb Kosov\u00ebs. Presioni i b\u00ebr\u00eb mbi shtetet e Rajonit p\u00ebr ta njohur at\u00eb, tregon se \u00ebsht\u00eb proces i pakthyesh\u00ebm dhe se \u00e7do integrim i m\u00ebtejsh\u00ebm i Serbis\u00eb n\u00eb UE do t\u00eb kusht\u00ebzohet me njohjen e saj t\u00eb Kosov\u00ebs. Si p\u00ebrfundim, i gjith\u00eb debati rreth procesit gjyq\u00ebsor t\u00eb inicuar n\u00eb Hag\u00eb ka m\u00eb shum\u00eb p\u00ebr q\u00ebllim pengimin e zhvillimit t\u00eb Kosov\u00ebs si shtet t\u00eb pavarur, sesa nj\u00eb kthes\u00eb mbrapa n\u00eb lidhje me statusin e saj.<br \/>\n<strong>Bisedoi: Rr.Dusha<br \/>\nKoha Javore<\/strong><\/p>\n","protected":false},"excerpt":{"rendered":"<p>Vendimet e Gjykat\u00ebs s\u00eb Hag\u00ebs t\u00eb pa obligueshme Koha javore: Z.Vukpalaj, m\u00eb lejoni q\u00eb fillimisht t\u00eb ju pyes p\u00ebr m\u00ebnyr\u00ebn se si keni arritur p\u00ebr tzu integruar n\u00eb Franc\u00eb dhe p\u00ebr parakursin tuaj universitar? A.Vukpalaj: N\u00eb Franc\u00eb kam shkuar n\u00eb fund t\u00eb vitit 1991, p\u00ebr t\u00eb vazhduar studimet t\u00eb cilat i pata filluar k\u00ebtu, krse [&hellip;]<\/p>\n","protected":false},"author":1,"featured_media":0,"comment_status":"open","ping_status":"closed","sticky":false,"template":"","format":"standard","meta":{"spay_email":"","jetpack_publicize_message":"","jetpack_is_tweetstorm":false,"jetpack_publicize_feature_enabled":true},"categories":[5],"tags":[5117],"jetpack_publicize_connections":[],"yoast_head":"<!-- This site is optimized with the Yoast SEO plugin v19.1 - https:\/\/yoast.com\/wordpress\/plugins\/seo\/ -->\n<title>Intervist\u00eb me doktorantin e shkencave politike n\u00eb universitetin e Sorbon\u00ebs n\u00eb Paris, Anton Vukpalaj - Lajme nga Ulqini<\/title>\n<meta name=\"description\" content=\"Vendimet e Gjykat\u00ebs s\u00eb Hag\u00ebs t\u00eb pa obligueshme Koha javore: Z.Vukpalaj, m\u00eb lejoni q\u00eb fillimisht t\u00eb ju pyes p\u00ebr m\u00ebnyr\u00ebn se si keni arritur p\u00ebr tzu\" \/>\n<meta name=\"robots\" content=\"index, follow, max-snippet:-1, max-image-preview:large, max-video-preview:-1\" \/>\n<link rel=\"canonical\" href=\"https:\/\/www.visit-ulcinj.com\/blog\/2008\/11\/22\/interviste-me-doktorantin-e-shkencave-politike-ne-universitetin-e-sorbones-ne-paris-anton-vukpalaj\/\" \/>\n<meta property=\"og:locale\" content=\"en_US\" \/>\n<meta property=\"og:type\" content=\"article\" \/>\n<meta property=\"og:title\" content=\"Intervist\u00eb me doktorantin e shkencave politike n\u00eb universitetin e Sorbon\u00ebs n\u00eb Paris, Anton Vukpalaj - Lajme nga Ulqini\" \/>\n<meta property=\"og:description\" content=\"Vendimet e Gjykat\u00ebs s\u00eb Hag\u00ebs t\u00eb pa obligueshme Koha javore: Z.Vukpalaj, m\u00eb lejoni q\u00eb fillimisht t\u00eb ju pyes p\u00ebr m\u00ebnyr\u00ebn se si keni arritur p\u00ebr tzu\" \/>\n<meta property=\"og:url\" content=\"https:\/\/www.visit-ulcinj.com\/blog\/2008\/11\/22\/interviste-me-doktorantin-e-shkencave-politike-ne-universitetin-e-sorbones-ne-paris-anton-vukpalaj\/\" \/>\n<meta property=\"og:site_name\" content=\"Lajme nga Ulqini\" \/>\n<meta property=\"article:published_time\" content=\"2008-11-22T19:59:46+00:00\" \/>\n<meta property=\"og:image\" content=\"http:\/\/www.visit-ulcinj.com\/blog\/wp-content\/uploads\/2008\/11\/anton-vukpalaj.jpg\" \/>\n<meta name=\"twitter:label1\" content=\"Written by\" \/>\n\t<meta name=\"twitter:data1\" content=\"ulqini\" \/>\n\t<meta name=\"twitter:label2\" content=\"Est. reading time\" \/>\n\t<meta name=\"twitter:data2\" content=\"10 minutes\" \/>\n<script type=\"application\/ld+json\" class=\"yoast-schema-graph\">{\"@context\":\"https:\/\/schema.org\",\"@graph\":[{\"@type\":\"WebSite\",\"@id\":\"https:\/\/www.visit-ulcinj.com\/blog\/#website\",\"url\":\"https:\/\/www.visit-ulcinj.com\/blog\/\",\"name\":\"Lajme nga Ulqini\",\"description\":\"Lajme,Vijesti,Ulqini,Ulqin,Crna Gora,Mali i Zi\",\"potentialAction\":[{\"@type\":\"SearchAction\",\"target\":{\"@type\":\"EntryPoint\",\"urlTemplate\":\"https:\/\/www.visit-ulcinj.com\/blog\/?s={search_term_string}\"},\"query-input\":\"required name=search_term_string\"}],\"inLanguage\":\"en-US\"},{\"@type\":\"ImageObject\",\"inLanguage\":\"en-US\",\"@id\":\"https:\/\/www.visit-ulcinj.com\/blog\/2008\/11\/22\/interviste-me-doktorantin-e-shkencave-politike-ne-universitetin-e-sorbones-ne-paris-anton-vukpalaj\/#primaryimage\",\"url\":\"http:\/\/www.visit-ulcinj.com\/blog\/wp-content\/uploads\/2008\/11\/anton-vukpalaj.jpg\",\"contentUrl\":\"http:\/\/www.visit-ulcinj.com\/blog\/wp-content\/uploads\/2008\/11\/anton-vukpalaj.jpg\"},{\"@type\":\"WebPage\",\"@id\":\"https:\/\/www.visit-ulcinj.com\/blog\/2008\/11\/22\/interviste-me-doktorantin-e-shkencave-politike-ne-universitetin-e-sorbones-ne-paris-anton-vukpalaj\/#webpage\",\"url\":\"https:\/\/www.visit-ulcinj.com\/blog\/2008\/11\/22\/interviste-me-doktorantin-e-shkencave-politike-ne-universitetin-e-sorbones-ne-paris-anton-vukpalaj\/\",\"name\":\"Intervist\u00eb me doktorantin e shkencave politike n\u00eb universitetin e Sorbon\u00ebs n\u00eb Paris, Anton Vukpalaj - Lajme nga Ulqini\",\"isPartOf\":{\"@id\":\"https:\/\/www.visit-ulcinj.com\/blog\/#website\"},\"primaryImageOfPage\":{\"@id\":\"https:\/\/www.visit-ulcinj.com\/blog\/2008\/11\/22\/interviste-me-doktorantin-e-shkencave-politike-ne-universitetin-e-sorbones-ne-paris-anton-vukpalaj\/#primaryimage\"},\"datePublished\":\"2008-11-22T19:59:46+00:00\",\"dateModified\":\"2008-11-22T19:59:46+00:00\",\"author\":{\"@id\":\"https:\/\/www.visit-ulcinj.com\/blog\/#\/schema\/person\/dcab619c614d3038751c63bc2aadc06d\"},\"description\":\"Vendimet e Gjykat\u00ebs s\u00eb Hag\u00ebs t\u00eb pa obligueshme Koha javore: Z.Vukpalaj, m\u00eb lejoni q\u00eb fillimisht t\u00eb ju pyes p\u00ebr m\u00ebnyr\u00ebn se si keni arritur p\u00ebr tzu\",\"breadcrumb\":{\"@id\":\"https:\/\/www.visit-ulcinj.com\/blog\/2008\/11\/22\/interviste-me-doktorantin-e-shkencave-politike-ne-universitetin-e-sorbones-ne-paris-anton-vukpalaj\/#breadcrumb\"},\"inLanguage\":\"en-US\",\"potentialAction\":[{\"@type\":\"ReadAction\",\"target\":[\"https:\/\/www.visit-ulcinj.com\/blog\/2008\/11\/22\/interviste-me-doktorantin-e-shkencave-politike-ne-universitetin-e-sorbones-ne-paris-anton-vukpalaj\/\"]}]},{\"@type\":\"BreadcrumbList\",\"@id\":\"https:\/\/www.visit-ulcinj.com\/blog\/2008\/11\/22\/interviste-me-doktorantin-e-shkencave-politike-ne-universitetin-e-sorbones-ne-paris-anton-vukpalaj\/#breadcrumb\",\"itemListElement\":[{\"@type\":\"ListItem\",\"position\":1,\"name\":\"Intervist\u00eb me doktorantin e shkencave politike n\u00eb universitetin e Sorbon\u00ebs n\u00eb Paris, Anton Vukpalaj\"}]},{\"@type\":\"Person\",\"@id\":\"https:\/\/www.visit-ulcinj.com\/blog\/#\/schema\/person\/dcab619c614d3038751c63bc2aadc06d\",\"name\":\"ulqini\",\"sameAs\":[\"http:\/\/www.visit-ulcinj.com\"],\"url\":\"https:\/\/www.visit-ulcinj.com\/blog\/author\/admin\/\"}]}<\/script>\n<!-- \/ Yoast SEO plugin. -->","yoast_head_json":{"title":"Intervist\u00eb me doktorantin e shkencave politike n\u00eb universitetin e Sorbon\u00ebs n\u00eb Paris, Anton Vukpalaj - Lajme nga Ulqini","description":"Vendimet e Gjykat\u00ebs s\u00eb Hag\u00ebs t\u00eb pa obligueshme Koha javore: Z.Vukpalaj, m\u00eb lejoni q\u00eb fillimisht t\u00eb ju pyes p\u00ebr m\u00ebnyr\u00ebn se si keni arritur p\u00ebr tzu","robots":{"index":"index","follow":"follow","max-snippet":"max-snippet:-1","max-image-preview":"max-image-preview:large","max-video-preview":"max-video-preview:-1"},"canonical":"https:\/\/www.visit-ulcinj.com\/blog\/2008\/11\/22\/interviste-me-doktorantin-e-shkencave-politike-ne-universitetin-e-sorbones-ne-paris-anton-vukpalaj\/","og_locale":"en_US","og_type":"article","og_title":"Intervist\u00eb me doktorantin e shkencave politike n\u00eb universitetin e Sorbon\u00ebs n\u00eb Paris, Anton Vukpalaj - Lajme nga Ulqini","og_description":"Vendimet e Gjykat\u00ebs s\u00eb Hag\u00ebs t\u00eb pa obligueshme Koha javore: Z.Vukpalaj, m\u00eb lejoni q\u00eb fillimisht t\u00eb ju pyes p\u00ebr m\u00ebnyr\u00ebn se si keni arritur p\u00ebr tzu","og_url":"https:\/\/www.visit-ulcinj.com\/blog\/2008\/11\/22\/interviste-me-doktorantin-e-shkencave-politike-ne-universitetin-e-sorbones-ne-paris-anton-vukpalaj\/","og_site_name":"Lajme nga Ulqini","article_published_time":"2008-11-22T19:59:46+00:00","og_image":[{"url":"http:\/\/www.visit-ulcinj.com\/blog\/wp-content\/uploads\/2008\/11\/anton-vukpalaj.jpg"}],"twitter_misc":{"Written by":"ulqini","Est. reading time":"10 minutes"},"schema":{"@context":"https:\/\/schema.org","@graph":[{"@type":"WebSite","@id":"https:\/\/www.visit-ulcinj.com\/blog\/#website","url":"https:\/\/www.visit-ulcinj.com\/blog\/","name":"Lajme nga Ulqini","description":"Lajme,Vijesti,Ulqini,Ulqin,Crna Gora,Mali i Zi","potentialAction":[{"@type":"SearchAction","target":{"@type":"EntryPoint","urlTemplate":"https:\/\/www.visit-ulcinj.com\/blog\/?s={search_term_string}"},"query-input":"required name=search_term_string"}],"inLanguage":"en-US"},{"@type":"ImageObject","inLanguage":"en-US","@id":"https:\/\/www.visit-ulcinj.com\/blog\/2008\/11\/22\/interviste-me-doktorantin-e-shkencave-politike-ne-universitetin-e-sorbones-ne-paris-anton-vukpalaj\/#primaryimage","url":"http:\/\/www.visit-ulcinj.com\/blog\/wp-content\/uploads\/2008\/11\/anton-vukpalaj.jpg","contentUrl":"http:\/\/www.visit-ulcinj.com\/blog\/wp-content\/uploads\/2008\/11\/anton-vukpalaj.jpg"},{"@type":"WebPage","@id":"https:\/\/www.visit-ulcinj.com\/blog\/2008\/11\/22\/interviste-me-doktorantin-e-shkencave-politike-ne-universitetin-e-sorbones-ne-paris-anton-vukpalaj\/#webpage","url":"https:\/\/www.visit-ulcinj.com\/blog\/2008\/11\/22\/interviste-me-doktorantin-e-shkencave-politike-ne-universitetin-e-sorbones-ne-paris-anton-vukpalaj\/","name":"Intervist\u00eb me doktorantin e shkencave politike n\u00eb universitetin e Sorbon\u00ebs n\u00eb Paris, Anton Vukpalaj - Lajme nga Ulqini","isPartOf":{"@id":"https:\/\/www.visit-ulcinj.com\/blog\/#website"},"primaryImageOfPage":{"@id":"https:\/\/www.visit-ulcinj.com\/blog\/2008\/11\/22\/interviste-me-doktorantin-e-shkencave-politike-ne-universitetin-e-sorbones-ne-paris-anton-vukpalaj\/#primaryimage"},"datePublished":"2008-11-22T19:59:46+00:00","dateModified":"2008-11-22T19:59:46+00:00","author":{"@id":"https:\/\/www.visit-ulcinj.com\/blog\/#\/schema\/person\/dcab619c614d3038751c63bc2aadc06d"},"description":"Vendimet e Gjykat\u00ebs s\u00eb Hag\u00ebs t\u00eb pa obligueshme Koha javore: Z.Vukpalaj, m\u00eb lejoni q\u00eb fillimisht t\u00eb ju pyes p\u00ebr m\u00ebnyr\u00ebn se si keni arritur p\u00ebr tzu","breadcrumb":{"@id":"https:\/\/www.visit-ulcinj.com\/blog\/2008\/11\/22\/interviste-me-doktorantin-e-shkencave-politike-ne-universitetin-e-sorbones-ne-paris-anton-vukpalaj\/#breadcrumb"},"inLanguage":"en-US","potentialAction":[{"@type":"ReadAction","target":["https:\/\/www.visit-ulcinj.com\/blog\/2008\/11\/22\/interviste-me-doktorantin-e-shkencave-politike-ne-universitetin-e-sorbones-ne-paris-anton-vukpalaj\/"]}]},{"@type":"BreadcrumbList","@id":"https:\/\/www.visit-ulcinj.com\/blog\/2008\/11\/22\/interviste-me-doktorantin-e-shkencave-politike-ne-universitetin-e-sorbones-ne-paris-anton-vukpalaj\/#breadcrumb","itemListElement":[{"@type":"ListItem","position":1,"name":"Intervist\u00eb me doktorantin e shkencave politike n\u00eb universitetin e Sorbon\u00ebs n\u00eb Paris, Anton Vukpalaj"}]},{"@type":"Person","@id":"https:\/\/www.visit-ulcinj.com\/blog\/#\/schema\/person\/dcab619c614d3038751c63bc2aadc06d","name":"ulqini","sameAs":["http:\/\/www.visit-ulcinj.com"],"url":"https:\/\/www.visit-ulcinj.com\/blog\/author\/admin\/"}]}},"jetpack_featured_media_url":"","jetpack_sharing_enabled":true,"jetpack_shortlink":"https:\/\/wp.me\/pe6lTn-1GG","_links":{"self":[{"href":"https:\/\/www.visit-ulcinj.com\/blog\/wp-json\/wp\/v2\/posts\/6490"}],"collection":[{"href":"https:\/\/www.visit-ulcinj.com\/blog\/wp-json\/wp\/v2\/posts"}],"about":[{"href":"https:\/\/www.visit-ulcinj.com\/blog\/wp-json\/wp\/v2\/types\/post"}],"author":[{"embeddable":true,"href":"https:\/\/www.visit-ulcinj.com\/blog\/wp-json\/wp\/v2\/users\/1"}],"replies":[{"embeddable":true,"href":"https:\/\/www.visit-ulcinj.com\/blog\/wp-json\/wp\/v2\/comments?post=6490"}],"version-history":[{"count":0,"href":"https:\/\/www.visit-ulcinj.com\/blog\/wp-json\/wp\/v2\/posts\/6490\/revisions"}],"wp:attachment":[{"href":"https:\/\/www.visit-ulcinj.com\/blog\/wp-json\/wp\/v2\/media?parent=6490"}],"wp:term":[{"taxonomy":"category","embeddable":true,"href":"https:\/\/www.visit-ulcinj.com\/blog\/wp-json\/wp\/v2\/categories?post=6490"},{"taxonomy":"post_tag","embeddable":true,"href":"https:\/\/www.visit-ulcinj.com\/blog\/wp-json\/wp\/v2\/tags?post=6490"}],"curies":[{"name":"wp","href":"https:\/\/api.w.org\/{rel}","templated":true}]}}