{"id":64900,"date":"2012-10-21T00:18:31","date_gmt":"2012-10-20T23:18:31","guid":{"rendered":"http:\/\/www.visit-ulcinj.com\/blog\/?p=64900"},"modified":"2012-10-21T00:18:31","modified_gmt":"2012-10-20T23:18:31","slug":"dragan-shoq-ankesa-e-unionit-demokratik-te-shqiptareve-eshte-e-drejte","status":"publish","type":"post","link":"https:\/\/www.visit-ulcinj.com\/blog\/2012\/10\/21\/dragan-shoq-ankesa-e-unionit-demokratik-te-shqiptareve-eshte-e-drejte\/","title":{"rendered":"Dragan Shoq: Ankesa e Unionit Demokratik t\u00eb Shqiptar\u00ebve esht\u00eb e drejt\u00eb"},"content":{"rendered":"<p><a href=\"http:\/\/www.visit-ulcinj.com\/blog\/wp-content\/uploads\/2012\/10\/draganshoq.jpg\"><img loading=\"lazy\" class=\"alignleft  wp-image-64901\" title=\"draganshoq\" src=\"http:\/\/www.visit-ulcinj.com\/blog\/wp-content\/uploads\/2012\/10\/draganshoq.jpg\" alt=\"\" width=\"407\" height=\"302\" srcset=\"https:\/\/www.visit-ulcinj.com\/blog\/wp-content\/uploads\/2012\/10\/draganshoq.jpg 407w, https:\/\/www.visit-ulcinj.com\/blog\/wp-content\/uploads\/2012\/10\/draganshoq-300x222.jpg 300w\" sizes=\"(max-width: 407px) 100vw, 407px\" \/><\/a>Ankesa e Unionit Demokratik t\u00eb Shqiptar\u00ebve (UDSH)n\u00eb Gjykat\u00ebn Kushtetuese, me t\u00eb cil\u00ebn k\u00ebrkohet q\u00eb k\u00ebsaj partie ti jepet mandati, \u00ebsht\u00eb e drejt\u00eb, sepse votat e popujve pakic\u00eb duhet t\u00eb mbesin\u00a0 n\u00eb listat e tyre zgjedhore, dhe jo t\u00eb shkojn\u00eb tek partit\u00eb qytetare, konsideron avokati i njohur, Dragan Shoq.<\/p>\n<p>Komisioni Shtet\u00ebror\u00eb Zgjedhor t\u00eb enjten e refuzoj ankes\u00ebn e UDSH p\u00ebr rezultatet e zgjedhjeve, nd\u00ebrsa lideri i k\u00ebsaj parti Mehmet Zenka tha q\u00eb do t\u00eb ankohen tek Gjykata Kushtetuese sepse konsideron q\u00eb UDSH \u00ebsht\u00eb heq mandati me shpjegim joadekuat t\u00eb Ligjit p\u00ebr zgjedhjen e k\u00ebshilltar\u00ebve dhe deputet\u00ebve.<\/p>\n<p>Shoq tha q\u00eb ankesa e UDSH \u00ebsht\u00eb e drejt\u00eb, duke vler\u00ebsuar \u00a0se nuk ka asnj\u00ebfar\u00eb arsye q\u00eb diskriminimi pozitiv t\u00eb mos zbatohet deri n\u00eb fund, mbasi q\u00eb me Kushtetut\u00eb \u00ebsht\u00eb e drejtuar n\u00eb afirmimin e popujve pakic\u00eb.<\/p>\n<p>\u201c\u00cbsht\u00eb e nevojshme q\u00eb t\u00eb gjith\u00eb votat e pakicave t\u00eb koncentrohen bashk\u00eb, dhe si\u00e7 ekziston formula e Dont-it\u00a0 sipas t\u00eb cil\u00ebs votat e partive t\u00eb cilat nuk kan\u00eb hyr\u00eb n\u00eb Parlament ti fitojn\u00eb partit\u00eb t\u00eb cilat kan\u00eb m\u00eb shum\u00eb vota\u201d, u shpreh Shoq p\u00ebr agjencin\u00eb MINA.<\/p>\n<p>Shoq tha q\u00eb teorikisht mund t\u00eb ndodhte q\u00eb Koalicioni Shqiptar dhe Forca p\u00ebr bashkim t\u00eb cil\u00ebt fituan nga nj\u00eb mandat, t\u00eb mos fitojn\u00eb shumic\u00ebn e nevojshme p\u00ebr tu futur n\u00eb parlament n\u00eb baz\u00eb t\u00eb pragut q\u00eb p\u00ebrcakton ligji zgjedhor.<\/p>\n<p>\u201cE ato sipas pragut q\u00eb ekziston sot dhe \u00ebsht\u00eb 0.7% nuk do t\u00eb fitonin mandatin, q\u00eb do t\u00eb thoshte q\u00eb asnj\u00eb parti shqiptare nuk do t\u00eb ishte e p\u00ebrfaq\u00ebsuar n\u00eb p\u00ebrmbajtjen e re t\u00eb Parlamentit, dhe kjo nuk \u00ebsht\u00eb dometh\u00ebnia e dispozitave p\u00ebr diskriminim pozitiv\u201d, sqaroi ai.<\/p>\n<p>Shoq tha q\u00eb dispozitat nga Kushtetuta dhe Ligji zgjedhor duhet t\u00eb shpjegohen m\u00eb gjer\u00ebsisht se\u00e7 e b\u00ebri Komisioni shtet\u00ebror\u00eb zgjedhor\u00eb, duke shtuar q\u00eb votat nga listat e pakicave nuk guxojn\u00eb t\u00eb derdhen tek partit\u00eb qytetare.<\/p>\n<p>\u201cN\u00ebse partit\u00eb e pakicave jan\u00eb t\u00eb p\u00ebrjashtuara nga rregullat e p\u00ebrgjithshme at\u00ebher\u00eb nuk ka asnj\u00eb arsye q\u00eb rregullat p\u00ebr derdhjen e votave t\u00eb vlejn\u00eb p\u00ebr to. Ato q\u00eb jan\u00eb paraqitur si list\u00eb e pakicave nuk duhet ti n\u00ebnshtrohen k\u00ebsaj rregulle\u201d, tha ai.<\/p>\n<p>Sipas fjal\u00ebve t\u00eb tija, n\u00ebse partia e pakicave ka ngel \u201cposht\u00eb viz\u00ebs\u201d ato vota nuk duhet ti shkojn\u00eb askujt tjet\u00ebr p\u00ebrve\u00e7 listave t\u00eb pakicave.<\/p>\n<p>Dispozita ligjore, tha Shoq, lejon t\u00eb dy qasjet, \u201cpor shtrohet pyetja a do t\u00eb merreni me shpjegim t\u00eb ngusht\u00eb apo \u00a0dispozita do t\u00eb kuptohen n\u00eb kontekstin e rregullave kushtetuese dhe n\u00eb kuptimin e diskriminimit pozitiv\u201d.<\/p>\n<p>\u201cKrijuesi i Kushtetut\u00ebs donte t\u00eb valorizonte n\u00eb m\u00ebnyr\u00ebn m\u00eb t\u00eb mir\u00eb t\u00eb mundshme \u00e7do vot\u00eb t\u00eb pakicave. Kjo logjik\u00eb thot\u00eb q\u00eb votat q\u00eb mbeten posht\u00eb pragut duhet ti shkruhen listave t\u00eb pakicave, e jo q\u00eb 500 votat e Aleanc\u00ebs Rinore Shqiptare ti japin mandatin Partis\u00eb Demokratike Socialiste, Frontit Demokratik, ose ndonj\u00eb partie tjet\u00ebr\u201d, p\u00ebrfundoi ai.<br \/>\n<strong>Sh\u00ebrbimi informative i UDSH-s\u00eb<\/strong><\/p>\n","protected":false},"excerpt":{"rendered":"<p>Ankesa e Unionit Demokratik t\u00eb Shqiptar\u00ebve (UDSH)n\u00eb Gjykat\u00ebn Kushtetuese, me t\u00eb cil\u00ebn k\u00ebrkohet q\u00eb k\u00ebsaj partie ti jepet mandati, \u00ebsht\u00eb e drejt\u00eb, sepse votat e popujve pakic\u00eb duhet t\u00eb mbesin\u00a0 n\u00eb listat e tyre zgjedhore, dhe jo t\u00eb shkojn\u00eb tek partit\u00eb qytetare, konsideron avokati i njohur, Dragan Shoq. Komisioni Shtet\u00ebror\u00eb Zgjedhor t\u00eb enjten e refuzoj [&hellip;]<\/p>\n","protected":false},"author":1,"featured_media":0,"comment_status":"open","ping_status":"closed","sticky":false,"template":"","format":"standard","meta":{"spay_email":"","jetpack_publicize_message":"","jetpack_is_tweetstorm":false,"jetpack_publicize_feature_enabled":true},"categories":[6],"tags":[2645],"jetpack_publicize_connections":[],"yoast_head":"<!-- This site is optimized with the Yoast SEO plugin v19.1 - https:\/\/yoast.com\/wordpress\/plugins\/seo\/ -->\n<title>Dragan Shoq: Ankesa e Unionit Demokratik t\u00eb Shqiptar\u00ebve esht\u00eb e drejt\u00eb - Lajme nga Ulqini<\/title>\n<meta name=\"description\" content=\"Ankesa e Unionit Demokratik t\u00eb Shqiptar\u00ebve (UDSH)n\u00eb Gjykat\u00ebn Kushtetuese, me t\u00eb cil\u00ebn k\u00ebrkohet q\u00eb k\u00ebsaj partie ti jepet mandati, \u00ebsht\u00eb e drejt\u00eb, sepse\" \/>\n<meta name=\"robots\" content=\"index, follow, max-snippet:-1, max-image-preview:large, max-video-preview:-1\" \/>\n<link rel=\"canonical\" href=\"https:\/\/www.visit-ulcinj.com\/blog\/2012\/10\/21\/dragan-shoq-ankesa-e-unionit-demokratik-te-shqiptareve-eshte-e-drejte\/\" \/>\n<meta property=\"og:locale\" content=\"en_US\" \/>\n<meta property=\"og:type\" content=\"article\" \/>\n<meta property=\"og:title\" content=\"Dragan Shoq: Ankesa e Unionit Demokratik t\u00eb Shqiptar\u00ebve esht\u00eb e drejt\u00eb - Lajme nga Ulqini\" \/>\n<meta property=\"og:description\" content=\"Ankesa e Unionit Demokratik t\u00eb Shqiptar\u00ebve (UDSH)n\u00eb Gjykat\u00ebn Kushtetuese, me t\u00eb cil\u00ebn k\u00ebrkohet q\u00eb k\u00ebsaj partie ti jepet mandati, \u00ebsht\u00eb e drejt\u00eb, sepse\" \/>\n<meta property=\"og:url\" content=\"https:\/\/www.visit-ulcinj.com\/blog\/2012\/10\/21\/dragan-shoq-ankesa-e-unionit-demokratik-te-shqiptareve-eshte-e-drejte\/\" \/>\n<meta property=\"og:site_name\" content=\"Lajme nga Ulqini\" \/>\n<meta property=\"article:published_time\" content=\"2012-10-20T23:18:31+00:00\" \/>\n<meta property=\"og:image\" content=\"http:\/\/www.visit-ulcinj.com\/blog\/wp-content\/uploads\/2012\/10\/draganshoq.jpg\" \/>\n<meta name=\"twitter:label1\" content=\"Written by\" \/>\n\t<meta name=\"twitter:data1\" content=\"ulqini\" \/>\n\t<meta name=\"twitter:label2\" content=\"Est. reading time\" \/>\n\t<meta name=\"twitter:data2\" content=\"3 minutes\" \/>\n<script type=\"application\/ld+json\" class=\"yoast-schema-graph\">{\"@context\":\"https:\/\/schema.org\",\"@graph\":[{\"@type\":\"WebSite\",\"@id\":\"https:\/\/www.visit-ulcinj.com\/blog\/#website\",\"url\":\"https:\/\/www.visit-ulcinj.com\/blog\/\",\"name\":\"Lajme nga Ulqini\",\"description\":\"Lajme,Vijesti,Ulqini,Ulqin,Crna Gora,Mali i Zi\",\"potentialAction\":[{\"@type\":\"SearchAction\",\"target\":{\"@type\":\"EntryPoint\",\"urlTemplate\":\"https:\/\/www.visit-ulcinj.com\/blog\/?s={search_term_string}\"},\"query-input\":\"required name=search_term_string\"}],\"inLanguage\":\"en-US\"},{\"@type\":\"ImageObject\",\"inLanguage\":\"en-US\",\"@id\":\"https:\/\/www.visit-ulcinj.com\/blog\/2012\/10\/21\/dragan-shoq-ankesa-e-unionit-demokratik-te-shqiptareve-eshte-e-drejte\/#primaryimage\",\"url\":\"https:\/\/www.visit-ulcinj.com\/blog\/wp-content\/uploads\/2012\/10\/draganshoq.jpg\",\"contentUrl\":\"https:\/\/www.visit-ulcinj.com\/blog\/wp-content\/uploads\/2012\/10\/draganshoq.jpg\",\"width\":\"407\",\"height\":\"302\"},{\"@type\":\"WebPage\",\"@id\":\"https:\/\/www.visit-ulcinj.com\/blog\/2012\/10\/21\/dragan-shoq-ankesa-e-unionit-demokratik-te-shqiptareve-eshte-e-drejte\/#webpage\",\"url\":\"https:\/\/www.visit-ulcinj.com\/blog\/2012\/10\/21\/dragan-shoq-ankesa-e-unionit-demokratik-te-shqiptareve-eshte-e-drejte\/\",\"name\":\"Dragan Shoq: Ankesa e Unionit Demokratik t\u00eb Shqiptar\u00ebve esht\u00eb e drejt\u00eb - Lajme nga Ulqini\",\"isPartOf\":{\"@id\":\"https:\/\/www.visit-ulcinj.com\/blog\/#website\"},\"primaryImageOfPage\":{\"@id\":\"https:\/\/www.visit-ulcinj.com\/blog\/2012\/10\/21\/dragan-shoq-ankesa-e-unionit-demokratik-te-shqiptareve-eshte-e-drejte\/#primaryimage\"},\"datePublished\":\"2012-10-20T23:18:31+00:00\",\"dateModified\":\"2012-10-20T23:18:31+00:00\",\"author\":{\"@id\":\"https:\/\/www.visit-ulcinj.com\/blog\/#\/schema\/person\/dcab619c614d3038751c63bc2aadc06d\"},\"description\":\"Ankesa e Unionit Demokratik t\u00eb Shqiptar\u00ebve (UDSH)n\u00eb Gjykat\u00ebn Kushtetuese, me t\u00eb cil\u00ebn k\u00ebrkohet q\u00eb k\u00ebsaj partie ti jepet mandati, \u00ebsht\u00eb e drejt\u00eb, sepse\",\"breadcrumb\":{\"@id\":\"https:\/\/www.visit-ulcinj.com\/blog\/2012\/10\/21\/dragan-shoq-ankesa-e-unionit-demokratik-te-shqiptareve-eshte-e-drejte\/#breadcrumb\"},\"inLanguage\":\"en-US\",\"potentialAction\":[{\"@type\":\"ReadAction\",\"target\":[\"https:\/\/www.visit-ulcinj.com\/blog\/2012\/10\/21\/dragan-shoq-ankesa-e-unionit-demokratik-te-shqiptareve-eshte-e-drejte\/\"]}]},{\"@type\":\"BreadcrumbList\",\"@id\":\"https:\/\/www.visit-ulcinj.com\/blog\/2012\/10\/21\/dragan-shoq-ankesa-e-unionit-demokratik-te-shqiptareve-eshte-e-drejte\/#breadcrumb\",\"itemListElement\":[{\"@type\":\"ListItem\",\"position\":1,\"name\":\"Dragan Shoq: Ankesa e Unionit Demokratik t\u00eb Shqiptar\u00ebve esht\u00eb e drejt\u00eb\"}]},{\"@type\":\"Person\",\"@id\":\"https:\/\/www.visit-ulcinj.com\/blog\/#\/schema\/person\/dcab619c614d3038751c63bc2aadc06d\",\"name\":\"ulqini\",\"sameAs\":[\"http:\/\/www.visit-ulcinj.com\"],\"url\":\"https:\/\/www.visit-ulcinj.com\/blog\/author\/admin\/\"}]}<\/script>\n<!-- \/ Yoast SEO plugin. -->","yoast_head_json":{"title":"Dragan Shoq: Ankesa e Unionit Demokratik t\u00eb Shqiptar\u00ebve esht\u00eb e drejt\u00eb - Lajme nga Ulqini","description":"Ankesa e Unionit Demokratik t\u00eb Shqiptar\u00ebve (UDSH)n\u00eb Gjykat\u00ebn Kushtetuese, me t\u00eb cil\u00ebn k\u00ebrkohet q\u00eb k\u00ebsaj partie ti jepet mandati, \u00ebsht\u00eb e drejt\u00eb, sepse","robots":{"index":"index","follow":"follow","max-snippet":"max-snippet:-1","max-image-preview":"max-image-preview:large","max-video-preview":"max-video-preview:-1"},"canonical":"https:\/\/www.visit-ulcinj.com\/blog\/2012\/10\/21\/dragan-shoq-ankesa-e-unionit-demokratik-te-shqiptareve-eshte-e-drejte\/","og_locale":"en_US","og_type":"article","og_title":"Dragan Shoq: Ankesa e Unionit Demokratik t\u00eb Shqiptar\u00ebve esht\u00eb e drejt\u00eb - Lajme nga Ulqini","og_description":"Ankesa e Unionit Demokratik t\u00eb Shqiptar\u00ebve (UDSH)n\u00eb Gjykat\u00ebn Kushtetuese, me t\u00eb cil\u00ebn k\u00ebrkohet q\u00eb k\u00ebsaj partie ti jepet mandati, \u00ebsht\u00eb e drejt\u00eb, sepse","og_url":"https:\/\/www.visit-ulcinj.com\/blog\/2012\/10\/21\/dragan-shoq-ankesa-e-unionit-demokratik-te-shqiptareve-eshte-e-drejte\/","og_site_name":"Lajme nga Ulqini","article_published_time":"2012-10-20T23:18:31+00:00","og_image":[{"url":"http:\/\/www.visit-ulcinj.com\/blog\/wp-content\/uploads\/2012\/10\/draganshoq.jpg"}],"twitter_misc":{"Written by":"ulqini","Est. reading time":"3 minutes"},"schema":{"@context":"https:\/\/schema.org","@graph":[{"@type":"WebSite","@id":"https:\/\/www.visit-ulcinj.com\/blog\/#website","url":"https:\/\/www.visit-ulcinj.com\/blog\/","name":"Lajme nga Ulqini","description":"Lajme,Vijesti,Ulqini,Ulqin,Crna Gora,Mali i Zi","potentialAction":[{"@type":"SearchAction","target":{"@type":"EntryPoint","urlTemplate":"https:\/\/www.visit-ulcinj.com\/blog\/?s={search_term_string}"},"query-input":"required name=search_term_string"}],"inLanguage":"en-US"},{"@type":"ImageObject","inLanguage":"en-US","@id":"https:\/\/www.visit-ulcinj.com\/blog\/2012\/10\/21\/dragan-shoq-ankesa-e-unionit-demokratik-te-shqiptareve-eshte-e-drejte\/#primaryimage","url":"https:\/\/www.visit-ulcinj.com\/blog\/wp-content\/uploads\/2012\/10\/draganshoq.jpg","contentUrl":"https:\/\/www.visit-ulcinj.com\/blog\/wp-content\/uploads\/2012\/10\/draganshoq.jpg","width":"407","height":"302"},{"@type":"WebPage","@id":"https:\/\/www.visit-ulcinj.com\/blog\/2012\/10\/21\/dragan-shoq-ankesa-e-unionit-demokratik-te-shqiptareve-eshte-e-drejte\/#webpage","url":"https:\/\/www.visit-ulcinj.com\/blog\/2012\/10\/21\/dragan-shoq-ankesa-e-unionit-demokratik-te-shqiptareve-eshte-e-drejte\/","name":"Dragan Shoq: Ankesa e Unionit Demokratik t\u00eb Shqiptar\u00ebve esht\u00eb e drejt\u00eb - Lajme nga Ulqini","isPartOf":{"@id":"https:\/\/www.visit-ulcinj.com\/blog\/#website"},"primaryImageOfPage":{"@id":"https:\/\/www.visit-ulcinj.com\/blog\/2012\/10\/21\/dragan-shoq-ankesa-e-unionit-demokratik-te-shqiptareve-eshte-e-drejte\/#primaryimage"},"datePublished":"2012-10-20T23:18:31+00:00","dateModified":"2012-10-20T23:18:31+00:00","author":{"@id":"https:\/\/www.visit-ulcinj.com\/blog\/#\/schema\/person\/dcab619c614d3038751c63bc2aadc06d"},"description":"Ankesa e Unionit Demokratik t\u00eb Shqiptar\u00ebve (UDSH)n\u00eb Gjykat\u00ebn Kushtetuese, me t\u00eb cil\u00ebn k\u00ebrkohet q\u00eb k\u00ebsaj partie ti jepet mandati, \u00ebsht\u00eb e drejt\u00eb, sepse","breadcrumb":{"@id":"https:\/\/www.visit-ulcinj.com\/blog\/2012\/10\/21\/dragan-shoq-ankesa-e-unionit-demokratik-te-shqiptareve-eshte-e-drejte\/#breadcrumb"},"inLanguage":"en-US","potentialAction":[{"@type":"ReadAction","target":["https:\/\/www.visit-ulcinj.com\/blog\/2012\/10\/21\/dragan-shoq-ankesa-e-unionit-demokratik-te-shqiptareve-eshte-e-drejte\/"]}]},{"@type":"BreadcrumbList","@id":"https:\/\/www.visit-ulcinj.com\/blog\/2012\/10\/21\/dragan-shoq-ankesa-e-unionit-demokratik-te-shqiptareve-eshte-e-drejte\/#breadcrumb","itemListElement":[{"@type":"ListItem","position":1,"name":"Dragan Shoq: Ankesa e Unionit Demokratik t\u00eb Shqiptar\u00ebve esht\u00eb e drejt\u00eb"}]},{"@type":"Person","@id":"https:\/\/www.visit-ulcinj.com\/blog\/#\/schema\/person\/dcab619c614d3038751c63bc2aadc06d","name":"ulqini","sameAs":["http:\/\/www.visit-ulcinj.com"],"url":"https:\/\/www.visit-ulcinj.com\/blog\/author\/admin\/"}]}},"jetpack_featured_media_url":"","jetpack_sharing_enabled":true,"jetpack_shortlink":"https:\/\/wp.me\/pe6lTn-gSM","_links":{"self":[{"href":"https:\/\/www.visit-ulcinj.com\/blog\/wp-json\/wp\/v2\/posts\/64900"}],"collection":[{"href":"https:\/\/www.visit-ulcinj.com\/blog\/wp-json\/wp\/v2\/posts"}],"about":[{"href":"https:\/\/www.visit-ulcinj.com\/blog\/wp-json\/wp\/v2\/types\/post"}],"author":[{"embeddable":true,"href":"https:\/\/www.visit-ulcinj.com\/blog\/wp-json\/wp\/v2\/users\/1"}],"replies":[{"embeddable":true,"href":"https:\/\/www.visit-ulcinj.com\/blog\/wp-json\/wp\/v2\/comments?post=64900"}],"version-history":[{"count":1,"href":"https:\/\/www.visit-ulcinj.com\/blog\/wp-json\/wp\/v2\/posts\/64900\/revisions"}],"predecessor-version":[{"id":64902,"href":"https:\/\/www.visit-ulcinj.com\/blog\/wp-json\/wp\/v2\/posts\/64900\/revisions\/64902"}],"wp:attachment":[{"href":"https:\/\/www.visit-ulcinj.com\/blog\/wp-json\/wp\/v2\/media?parent=64900"}],"wp:term":[{"taxonomy":"category","embeddable":true,"href":"https:\/\/www.visit-ulcinj.com\/blog\/wp-json\/wp\/v2\/categories?post=64900"},{"taxonomy":"post_tag","embeddable":true,"href":"https:\/\/www.visit-ulcinj.com\/blog\/wp-json\/wp\/v2\/tags?post=64900"}],"curies":[{"name":"wp","href":"https:\/\/api.w.org\/{rel}","templated":true}]}}