{"id":64903,"date":"2012-10-21T00:27:17","date_gmt":"2012-10-20T23:27:17","guid":{"rendered":"http:\/\/www.visit-ulcinj.com\/blog\/?p=64903"},"modified":"2012-10-21T00:27:17","modified_gmt":"2012-10-20T23:27:17","slug":"zenka-iznenadeni-smo-reakcijom-i-prijetnjama-demokrtaskog-fronta","status":"publish","type":"post","link":"https:\/\/www.visit-ulcinj.com\/blog\/2012\/10\/21\/zenka-iznenadeni-smo-reakcijom-i-prijetnjama-demokrtaskog-fronta\/","title":{"rendered":"Zenka: Iznena\u0111eni smo reakcijom i prijetnjama Demokrtaskog fronta"},"content":{"rendered":"<p><a href=\"http:\/\/www.visit-ulcinj.com\/blog\/wp-content\/uploads\/2012\/10\/Mehmet-Zenka21.jpg\"><img loading=\"lazy\" class=\"alignleft  wp-image-64904\" title=\"Mehmet-Zenka2\" src=\"http:\/\/www.visit-ulcinj.com\/blog\/wp-content\/uploads\/2012\/10\/Mehmet-Zenka21.jpg\" alt=\"\" width=\"350\" height=\"400\" \/><\/a>Predsjednik Demokratske unije Albanaca Mehmet Zenkaizjavio je da je DUA od svog osnivanja promovisala demokratiju i su\u017eivot, i da je iznena\u0111en reakcijom iz Demokratskog fronta (DF) na njen zahtjev da joj Ustavni sud dodijeli mandat novom skup\u0161tinskom sazivu.<\/p>\n<p>U reagovanju povodom izjave Andrije Mandi\u0107a koji je kazao da bi Ustavni sud usvajanjem \u017ealbe DUA bio uvod u nepriznavanje izbornih rezultata i uzrokovalo bi te\u0161ku politi\u010dku krizu u zemlji i proteste naroda, predsjednik DUA Mehmet Zenka naveo je da je iznena\u0111en takvom reakcijom.<\/p>\n<p>&#8211; Iznena\u0111eni smo reakcijom i prijetnjama Fronta na na\u0161e legitimne zahtjeve da nam se vrati oteti mandat. Svoja prava tra\u017eimo kroz institucije sistema, pa nas ne\u0107e zastra\u0161iti niti pokolebati retorika DF-a &#8211; rekao je Zenka, javila je Televizija Crne Gore.<\/p>\n<p>On je kazao da su u DUA smatrali da je takva vrsta retorike pro\u0161lost, \u201eali na\u017ealost smo se prevarili, i ona se uvijek ponavlja kada su u pitanju prava Albanaca u Crnoj Gori\u201c.<\/p>\n<p>\u201ePodsje\u0107amo Mandi\u0107a, da za razliku od njega, DUA ne trazi glasove Srba, ve\u0107 Albanaca koji su glasali albanske liste\u201c, rekao je Zenka.<\/p>\n<p>On je ocijenio da je izjava Mandi\u0107a prijetnja ne samo, kako je kazao, albanskoj slobodnoj volji izra\u017eavanja, ve\u0107 i direktna prijetnja crnogorskim institucijama, a posebno Ustavnom Sudu .<\/p>\n<p>\u201eIskreno vjerujemo da Ustavni Sud nece podle\u0107i prijetnjama, ve\u0107 \u0107e presuditi po Ustavu i zakonima, i po\u0161tovati volju glasa Albanaca u Crnoj Gori\u201c, zaklju\u010dio je Zenka.<\/p>\n<p><strong>Analitika &#8211; Informativni Portal<\/strong><\/p>\n","protected":false},"excerpt":{"rendered":"<p>Predsjednik Demokratske unije Albanaca Mehmet Zenkaizjavio je da je DUA od svog osnivanja promovisala demokratiju i su\u017eivot, i da je iznena\u0111en reakcijom iz Demokratskog fronta (DF) na njen zahtjev da joj Ustavni sud dodijeli mandat novom skup\u0161tinskom sazivu. U reagovanju povodom izjave Andrije Mandi\u0107a koji je kazao da bi Ustavni sud usvajanjem \u017ealbe DUA bio [&hellip;]<\/p>\n","protected":false},"author":1,"featured_media":0,"comment_status":"open","ping_status":"closed","sticky":false,"template":"","format":"standard","meta":{"spay_email":"","jetpack_publicize_message":"","jetpack_is_tweetstorm":false,"jetpack_publicize_feature_enabled":true},"categories":[8337],"tags":[19,19104],"jetpack_publicize_connections":[],"yoast_head":"<!-- This site is optimized with the Yoast SEO plugin v19.1 - https:\/\/yoast.com\/wordpress\/plugins\/seo\/ -->\n<title>Zenka: Iznena\u0111eni smo reakcijom i prijetnjama Demokrtaskog fronta - Lajme nga Ulqini<\/title>\n<meta name=\"description\" content=\"Predsjednik Demokratske unije Albanaca Mehmet Zenkaizjavio je da je DUA od svog osnivanja promovisala demokratiju i su\u017eivot, i da je iznena\u0111en reakcijom\" \/>\n<meta name=\"robots\" content=\"index, follow, max-snippet:-1, max-image-preview:large, max-video-preview:-1\" \/>\n<link rel=\"canonical\" href=\"https:\/\/www.visit-ulcinj.com\/blog\/2012\/10\/21\/zenka-iznenadeni-smo-reakcijom-i-prijetnjama-demokrtaskog-fronta\/\" \/>\n<meta property=\"og:locale\" content=\"en_US\" \/>\n<meta property=\"og:type\" content=\"article\" \/>\n<meta property=\"og:title\" content=\"Zenka: Iznena\u0111eni smo reakcijom i prijetnjama Demokrtaskog fronta - Lajme nga Ulqini\" \/>\n<meta property=\"og:description\" content=\"Predsjednik Demokratske unije Albanaca Mehmet Zenkaizjavio je da je DUA od svog osnivanja promovisala demokratiju i su\u017eivot, i da je iznena\u0111en reakcijom\" \/>\n<meta property=\"og:url\" content=\"https:\/\/www.visit-ulcinj.com\/blog\/2012\/10\/21\/zenka-iznenadeni-smo-reakcijom-i-prijetnjama-demokrtaskog-fronta\/\" \/>\n<meta property=\"og:site_name\" content=\"Lajme nga Ulqini\" \/>\n<meta property=\"article:published_time\" content=\"2012-10-20T23:27:17+00:00\" \/>\n<meta property=\"og:image\" content=\"http:\/\/www.visit-ulcinj.com\/blog\/wp-content\/uploads\/2012\/10\/Mehmet-Zenka21.jpg\" \/>\n<meta name=\"twitter:label1\" content=\"Written by\" \/>\n\t<meta name=\"twitter:data1\" content=\"ulqini\" \/>\n\t<meta name=\"twitter:label2\" content=\"Est. reading time\" \/>\n\t<meta name=\"twitter:data2\" content=\"1 minute\" \/>\n<script type=\"application\/ld+json\" class=\"yoast-schema-graph\">{\"@context\":\"https:\/\/schema.org\",\"@graph\":[{\"@type\":\"WebSite\",\"@id\":\"https:\/\/www.visit-ulcinj.com\/blog\/#website\",\"url\":\"https:\/\/www.visit-ulcinj.com\/blog\/\",\"name\":\"Lajme nga Ulqini\",\"description\":\"Lajme,Vijesti,Ulqini,Ulqin,Crna Gora,Mali i Zi\",\"potentialAction\":[{\"@type\":\"SearchAction\",\"target\":{\"@type\":\"EntryPoint\",\"urlTemplate\":\"https:\/\/www.visit-ulcinj.com\/blog\/?s={search_term_string}\"},\"query-input\":\"required name=search_term_string\"}],\"inLanguage\":\"en-US\"},{\"@type\":\"ImageObject\",\"inLanguage\":\"en-US\",\"@id\":\"https:\/\/www.visit-ulcinj.com\/blog\/2012\/10\/21\/zenka-iznenadeni-smo-reakcijom-i-prijetnjama-demokrtaskog-fronta\/#primaryimage\",\"url\":\"https:\/\/www.visit-ulcinj.com\/blog\/wp-content\/uploads\/2012\/10\/Mehmet-Zenka21.jpg\",\"contentUrl\":\"https:\/\/www.visit-ulcinj.com\/blog\/wp-content\/uploads\/2012\/10\/Mehmet-Zenka21.jpg\",\"width\":\"419\",\"height\":\"449\"},{\"@type\":\"WebPage\",\"@id\":\"https:\/\/www.visit-ulcinj.com\/blog\/2012\/10\/21\/zenka-iznenadeni-smo-reakcijom-i-prijetnjama-demokrtaskog-fronta\/#webpage\",\"url\":\"https:\/\/www.visit-ulcinj.com\/blog\/2012\/10\/21\/zenka-iznenadeni-smo-reakcijom-i-prijetnjama-demokrtaskog-fronta\/\",\"name\":\"Zenka: Iznena\u0111eni smo reakcijom i prijetnjama Demokrtaskog fronta - Lajme nga Ulqini\",\"isPartOf\":{\"@id\":\"https:\/\/www.visit-ulcinj.com\/blog\/#website\"},\"primaryImageOfPage\":{\"@id\":\"https:\/\/www.visit-ulcinj.com\/blog\/2012\/10\/21\/zenka-iznenadeni-smo-reakcijom-i-prijetnjama-demokrtaskog-fronta\/#primaryimage\"},\"datePublished\":\"2012-10-20T23:27:17+00:00\",\"dateModified\":\"2012-10-20T23:27:17+00:00\",\"author\":{\"@id\":\"https:\/\/www.visit-ulcinj.com\/blog\/#\/schema\/person\/dcab619c614d3038751c63bc2aadc06d\"},\"description\":\"Predsjednik Demokratske unije Albanaca Mehmet Zenkaizjavio je da je DUA od svog osnivanja promovisala demokratiju i su\u017eivot, i da je iznena\u0111en reakcijom\",\"breadcrumb\":{\"@id\":\"https:\/\/www.visit-ulcinj.com\/blog\/2012\/10\/21\/zenka-iznenadeni-smo-reakcijom-i-prijetnjama-demokrtaskog-fronta\/#breadcrumb\"},\"inLanguage\":\"en-US\",\"potentialAction\":[{\"@type\":\"ReadAction\",\"target\":[\"https:\/\/www.visit-ulcinj.com\/blog\/2012\/10\/21\/zenka-iznenadeni-smo-reakcijom-i-prijetnjama-demokrtaskog-fronta\/\"]}]},{\"@type\":\"BreadcrumbList\",\"@id\":\"https:\/\/www.visit-ulcinj.com\/blog\/2012\/10\/21\/zenka-iznenadeni-smo-reakcijom-i-prijetnjama-demokrtaskog-fronta\/#breadcrumb\",\"itemListElement\":[{\"@type\":\"ListItem\",\"position\":1,\"name\":\"Zenka: Iznena\u0111eni smo reakcijom i prijetnjama Demokrtaskog fronta\"}]},{\"@type\":\"Person\",\"@id\":\"https:\/\/www.visit-ulcinj.com\/blog\/#\/schema\/person\/dcab619c614d3038751c63bc2aadc06d\",\"name\":\"ulqini\",\"sameAs\":[\"http:\/\/www.visit-ulcinj.com\"],\"url\":\"https:\/\/www.visit-ulcinj.com\/blog\/author\/admin\/\"}]}<\/script>\n<!-- \/ Yoast SEO plugin. -->","yoast_head_json":{"title":"Zenka: Iznena\u0111eni smo reakcijom i prijetnjama Demokrtaskog fronta - Lajme nga Ulqini","description":"Predsjednik Demokratske unije Albanaca Mehmet Zenkaizjavio je da je DUA od svog osnivanja promovisala demokratiju i su\u017eivot, i da je iznena\u0111en reakcijom","robots":{"index":"index","follow":"follow","max-snippet":"max-snippet:-1","max-image-preview":"max-image-preview:large","max-video-preview":"max-video-preview:-1"},"canonical":"https:\/\/www.visit-ulcinj.com\/blog\/2012\/10\/21\/zenka-iznenadeni-smo-reakcijom-i-prijetnjama-demokrtaskog-fronta\/","og_locale":"en_US","og_type":"article","og_title":"Zenka: Iznena\u0111eni smo reakcijom i prijetnjama Demokrtaskog fronta - Lajme nga Ulqini","og_description":"Predsjednik Demokratske unije Albanaca Mehmet Zenkaizjavio je da je DUA od svog osnivanja promovisala demokratiju i su\u017eivot, i da je iznena\u0111en reakcijom","og_url":"https:\/\/www.visit-ulcinj.com\/blog\/2012\/10\/21\/zenka-iznenadeni-smo-reakcijom-i-prijetnjama-demokrtaskog-fronta\/","og_site_name":"Lajme nga Ulqini","article_published_time":"2012-10-20T23:27:17+00:00","og_image":[{"url":"http:\/\/www.visit-ulcinj.com\/blog\/wp-content\/uploads\/2012\/10\/Mehmet-Zenka21.jpg"}],"twitter_misc":{"Written by":"ulqini","Est. reading time":"1 minute"},"schema":{"@context":"https:\/\/schema.org","@graph":[{"@type":"WebSite","@id":"https:\/\/www.visit-ulcinj.com\/blog\/#website","url":"https:\/\/www.visit-ulcinj.com\/blog\/","name":"Lajme nga Ulqini","description":"Lajme,Vijesti,Ulqini,Ulqin,Crna Gora,Mali i Zi","potentialAction":[{"@type":"SearchAction","target":{"@type":"EntryPoint","urlTemplate":"https:\/\/www.visit-ulcinj.com\/blog\/?s={search_term_string}"},"query-input":"required name=search_term_string"}],"inLanguage":"en-US"},{"@type":"ImageObject","inLanguage":"en-US","@id":"https:\/\/www.visit-ulcinj.com\/blog\/2012\/10\/21\/zenka-iznenadeni-smo-reakcijom-i-prijetnjama-demokrtaskog-fronta\/#primaryimage","url":"https:\/\/www.visit-ulcinj.com\/blog\/wp-content\/uploads\/2012\/10\/Mehmet-Zenka21.jpg","contentUrl":"https:\/\/www.visit-ulcinj.com\/blog\/wp-content\/uploads\/2012\/10\/Mehmet-Zenka21.jpg","width":"419","height":"449"},{"@type":"WebPage","@id":"https:\/\/www.visit-ulcinj.com\/blog\/2012\/10\/21\/zenka-iznenadeni-smo-reakcijom-i-prijetnjama-demokrtaskog-fronta\/#webpage","url":"https:\/\/www.visit-ulcinj.com\/blog\/2012\/10\/21\/zenka-iznenadeni-smo-reakcijom-i-prijetnjama-demokrtaskog-fronta\/","name":"Zenka: Iznena\u0111eni smo reakcijom i prijetnjama Demokrtaskog fronta - Lajme nga Ulqini","isPartOf":{"@id":"https:\/\/www.visit-ulcinj.com\/blog\/#website"},"primaryImageOfPage":{"@id":"https:\/\/www.visit-ulcinj.com\/blog\/2012\/10\/21\/zenka-iznenadeni-smo-reakcijom-i-prijetnjama-demokrtaskog-fronta\/#primaryimage"},"datePublished":"2012-10-20T23:27:17+00:00","dateModified":"2012-10-20T23:27:17+00:00","author":{"@id":"https:\/\/www.visit-ulcinj.com\/blog\/#\/schema\/person\/dcab619c614d3038751c63bc2aadc06d"},"description":"Predsjednik Demokratske unije Albanaca Mehmet Zenkaizjavio je da je DUA od svog osnivanja promovisala demokratiju i su\u017eivot, i da je iznena\u0111en reakcijom","breadcrumb":{"@id":"https:\/\/www.visit-ulcinj.com\/blog\/2012\/10\/21\/zenka-iznenadeni-smo-reakcijom-i-prijetnjama-demokrtaskog-fronta\/#breadcrumb"},"inLanguage":"en-US","potentialAction":[{"@type":"ReadAction","target":["https:\/\/www.visit-ulcinj.com\/blog\/2012\/10\/21\/zenka-iznenadeni-smo-reakcijom-i-prijetnjama-demokrtaskog-fronta\/"]}]},{"@type":"BreadcrumbList","@id":"https:\/\/www.visit-ulcinj.com\/blog\/2012\/10\/21\/zenka-iznenadeni-smo-reakcijom-i-prijetnjama-demokrtaskog-fronta\/#breadcrumb","itemListElement":[{"@type":"ListItem","position":1,"name":"Zenka: Iznena\u0111eni smo reakcijom i prijetnjama Demokrtaskog fronta"}]},{"@type":"Person","@id":"https:\/\/www.visit-ulcinj.com\/blog\/#\/schema\/person\/dcab619c614d3038751c63bc2aadc06d","name":"ulqini","sameAs":["http:\/\/www.visit-ulcinj.com"],"url":"https:\/\/www.visit-ulcinj.com\/blog\/author\/admin\/"}]}},"jetpack_featured_media_url":"","jetpack_sharing_enabled":true,"jetpack_shortlink":"https:\/\/wp.me\/pe6lTn-gSP","_links":{"self":[{"href":"https:\/\/www.visit-ulcinj.com\/blog\/wp-json\/wp\/v2\/posts\/64903"}],"collection":[{"href":"https:\/\/www.visit-ulcinj.com\/blog\/wp-json\/wp\/v2\/posts"}],"about":[{"href":"https:\/\/www.visit-ulcinj.com\/blog\/wp-json\/wp\/v2\/types\/post"}],"author":[{"embeddable":true,"href":"https:\/\/www.visit-ulcinj.com\/blog\/wp-json\/wp\/v2\/users\/1"}],"replies":[{"embeddable":true,"href":"https:\/\/www.visit-ulcinj.com\/blog\/wp-json\/wp\/v2\/comments?post=64903"}],"version-history":[{"count":2,"href":"https:\/\/www.visit-ulcinj.com\/blog\/wp-json\/wp\/v2\/posts\/64903\/revisions"}],"predecessor-version":[{"id":64906,"href":"https:\/\/www.visit-ulcinj.com\/blog\/wp-json\/wp\/v2\/posts\/64903\/revisions\/64906"}],"wp:attachment":[{"href":"https:\/\/www.visit-ulcinj.com\/blog\/wp-json\/wp\/v2\/media?parent=64903"}],"wp:term":[{"taxonomy":"category","embeddable":true,"href":"https:\/\/www.visit-ulcinj.com\/blog\/wp-json\/wp\/v2\/categories?post=64903"},{"taxonomy":"post_tag","embeddable":true,"href":"https:\/\/www.visit-ulcinj.com\/blog\/wp-json\/wp\/v2\/tags?post=64903"}],"curies":[{"name":"wp","href":"https:\/\/api.w.org\/{rel}","templated":true}]}}