{"id":64907,"date":"2012-10-21T09:04:37","date_gmt":"2012-10-21T08:04:37","guid":{"rendered":"http:\/\/www.visit-ulcinj.com\/blog\/?p=64907"},"modified":"2012-10-21T09:04:37","modified_gmt":"2012-10-21T08:04:37","slug":"soc-osnovana-zalba-dua-ustavnom-sudu","status":"publish","type":"post","link":"https:\/\/www.visit-ulcinj.com\/blog\/2012\/10\/21\/soc-osnovana-zalba-dua-ustavnom-sudu\/","title":{"rendered":"\u0160o\u0107: Osnovana \u017ealba DUA Ustavnom sudu"},"content":{"rendered":"<p>\u017dalba Demokratske unije Albanaca (DUA) Ustavnom sudu, kojom se tra\u017ei da se toj stranci dodijeli mandat, osnovana je, jer glasovi manjinskih partija treba da ostanu na njihovim izbornim listama, a ne da idu gra\u0111anskim partijama, smatra advokat Dragan \u0160o\u0107.<\/p>\n<p><a href=\"http:\/\/www.visit-ulcinj.com\/blog\/wp-content\/uploads\/2012\/10\/draganshoq1.jpg\"><img loading=\"lazy\" class=\"alignleft size-full wp-image-64908\" title=\"draganshoq\" src=\"http:\/\/www.visit-ulcinj.com\/blog\/wp-content\/uploads\/2012\/10\/draganshoq1.jpg\" alt=\"\" width=\"407\" height=\"302\" srcset=\"https:\/\/www.visit-ulcinj.com\/blog\/wp-content\/uploads\/2012\/10\/draganshoq1.jpg 407w, https:\/\/www.visit-ulcinj.com\/blog\/wp-content\/uploads\/2012\/10\/draganshoq1-300x222.jpg 300w\" sizes=\"(max-width: 407px) 100vw, 407px\" \/><\/a><\/p>\n<p>Dr\u017eavna izborna komisija je u \u010detvrtak odbila \u017ealbu DUA na rezultate izbora, a lider stranke Mehmet Zenka kazao je da \u0107e se \u017ealiti Ustavnom sudu jer smatra da je DUA oduzet mandat neadekvatnim tuma\u010denjem Zakona o izboru odbornika i poslanika.<\/p>\n<p>\u0160o\u0107 je kazao da je \u017ealba DUA osnovana, ocjenjuju\u0107i da nema nikakvog razloga da se pozitivna diskriminacija ne sprovede do kraja,\u201dkada je Ustavom usmjerena na afirmaciju manjinskih naroda\u201d.<\/p>\n<p>\u201cPotrebno je da se svi glasovi manjina skoncetri\u0161u zajedno, i kao \u0161to postoji Dontov koli\u010dnik po kojima glasove mandata partija koje nijesu u\u0161le u parlament dobijaju stranke koje osvoje najvi\u0161e glasova\u201c, rekao je \u0160o\u0107 agenciji MINA.<\/p>\n<p>\u0160o\u0107 je kazao da se teorijski moglo desiti da Albanska koalicija i Forca koje su osvojile po mandat, ne dobiju potrebu ve\u0107inu za ulazak u parlament na osnovu cenzusa kojeg propisuje Izborni zakon.<\/p>\n<p>\u201eA oni po sada\u0161njem cenzusu od 0,8 odsto ne bi dobile mandat, \u0161to bi zna\u010dilo da nijedna albanska stranka ne bi bila zastupljena u novom skup\u0161tinskom sazivu, a to nije smisao odredbi o pozitivnoj diskriminaciji\u201c, pojasnio je on.<\/p>\n<p>\u0160o\u0107 je kazao da odredbe iz Ustava i Izbornog zakona treba tuma\u010diti \u0161ire nego \u0161to je to uradila Dr\u017eavna izborna komisija, dodaju\u0107i da glasovi manjinskih partija ne smiju da se &#8220;prelivaju&#8221; gra\u0111anskim partijama.<\/p>\n<p>\u201eAko su manjinske stranke izuzete od op\u0161tih pravila nema nikakvog razloga da propisi u vezi prelivanja glasova va\u017ee za njih. Oni koji su se prijavili za manjinsku listu ne treba da se podvrgaju tom pravilu\u201c, rekao je on.<\/p>\n<p>Prema njegovim rije\u010dima, ako je manjinska partija ostala \u201eispod crte\u201c ti glasovi ne bi smjeli da idu nikom osim manjinskim listama.<\/p>\n<p>Zakonska odredba, ka\u017ee \u0160o\u0107, dozvoljava i jedan i drugi pristup, \u201eali je pitanje je da li \u0107ete i\u0107i na usko tuma\u010denje, ili \u0107e se odredba shvatati u kontekstu ustavnog pravila i smisla pozitivne diskriminacije\u201c.<\/p>\n<p>\u201eUstavotvorac je htio da valorizuje na najbolji mogu\u0107i na\u010din svaki glas manjina. Ta logika govori da glasovi koji su ostali ispod cenzusa treba da se pripi\u0161u manjinskim listama, a ne da 500 glasova Albanske omladine donese mandat Demokratskoj partiji socijalista, Demokratskom frontu ili nekoj drugoj partiji\u201c, zaklju\u010dio je on.<\/p>\n<p><strong>Analitika &#8211; Informativni Portal<\/strong><\/p>\n","protected":false},"excerpt":{"rendered":"<p>\u017dalba Demokratske unije Albanaca (DUA) Ustavnom sudu, kojom se tra\u017ei da se toj stranci dodijeli mandat, osnovana je, jer glasovi manjinskih partija treba da ostanu na njihovim izbornim listama, a ne da idu gra\u0111anskim partijama, smatra advokat Dragan \u0160o\u0107. Dr\u017eavna izborna komisija je u \u010detvrtak odbila \u017ealbu DUA na rezultate izbora, a lider stranke Mehmet [&hellip;]<\/p>\n","protected":false},"author":1,"featured_media":0,"comment_status":"open","ping_status":"closed","sticky":false,"template":"","format":"standard","meta":{"spay_email":"","jetpack_publicize_message":"","jetpack_is_tweetstorm":false,"jetpack_publicize_feature_enabled":true},"categories":[6950],"tags":[21267,21277,87,19],"jetpack_publicize_connections":[],"yoast_head":"<!-- This site is optimized with the Yoast SEO plugin v19.1 - https:\/\/yoast.com\/wordpress\/plugins\/seo\/ -->\n<title>\u0160o\u0107: Osnovana \u017ealba DUA Ustavnom sudu - Lajme nga Ulqini<\/title>\n<meta name=\"description\" content=\"\u017dalba Demokratske unije Albanaca (DUA) Ustavnom sudu, kojom se tra\u017ei da se toj stranci dodijeli mandat, osnovana je, jer glasovi manjinskih partija treba\" \/>\n<meta name=\"robots\" content=\"index, follow, max-snippet:-1, max-image-preview:large, max-video-preview:-1\" \/>\n<link rel=\"canonical\" href=\"https:\/\/www.visit-ulcinj.com\/blog\/2012\/10\/21\/soc-osnovana-zalba-dua-ustavnom-sudu\/\" \/>\n<meta property=\"og:locale\" content=\"en_US\" \/>\n<meta property=\"og:type\" content=\"article\" \/>\n<meta property=\"og:title\" content=\"\u0160o\u0107: Osnovana \u017ealba DUA Ustavnom sudu - Lajme nga Ulqini\" \/>\n<meta property=\"og:description\" content=\"\u017dalba Demokratske unije Albanaca (DUA) Ustavnom sudu, kojom se tra\u017ei da se toj stranci dodijeli mandat, osnovana je, jer glasovi manjinskih partija treba\" \/>\n<meta property=\"og:url\" content=\"https:\/\/www.visit-ulcinj.com\/blog\/2012\/10\/21\/soc-osnovana-zalba-dua-ustavnom-sudu\/\" \/>\n<meta property=\"og:site_name\" content=\"Lajme nga Ulqini\" \/>\n<meta property=\"article:published_time\" content=\"2012-10-21T08:04:37+00:00\" \/>\n<meta property=\"og:image\" content=\"http:\/\/www.visit-ulcinj.com\/blog\/wp-content\/uploads\/2012\/10\/draganshoq1.jpg\" \/>\n<meta name=\"twitter:label1\" content=\"Written by\" \/>\n\t<meta name=\"twitter:data1\" content=\"ulqini\" \/>\n\t<meta name=\"twitter:label2\" content=\"Est. reading time\" \/>\n\t<meta name=\"twitter:data2\" content=\"2 minutes\" \/>\n<script type=\"application\/ld+json\" class=\"yoast-schema-graph\">{\"@context\":\"https:\/\/schema.org\",\"@graph\":[{\"@type\":\"WebSite\",\"@id\":\"https:\/\/www.visit-ulcinj.com\/blog\/#website\",\"url\":\"https:\/\/www.visit-ulcinj.com\/blog\/\",\"name\":\"Lajme nga Ulqini\",\"description\":\"Lajme,Vijesti,Ulqini,Ulqin,Crna Gora,Mali i Zi\",\"potentialAction\":[{\"@type\":\"SearchAction\",\"target\":{\"@type\":\"EntryPoint\",\"urlTemplate\":\"https:\/\/www.visit-ulcinj.com\/blog\/?s={search_term_string}\"},\"query-input\":\"required name=search_term_string\"}],\"inLanguage\":\"en-US\"},{\"@type\":\"ImageObject\",\"inLanguage\":\"en-US\",\"@id\":\"https:\/\/www.visit-ulcinj.com\/blog\/2012\/10\/21\/soc-osnovana-zalba-dua-ustavnom-sudu\/#primaryimage\",\"url\":\"https:\/\/www.visit-ulcinj.com\/blog\/wp-content\/uploads\/2012\/10\/draganshoq1.jpg\",\"contentUrl\":\"https:\/\/www.visit-ulcinj.com\/blog\/wp-content\/uploads\/2012\/10\/draganshoq1.jpg\",\"width\":\"407\",\"height\":\"302\"},{\"@type\":\"WebPage\",\"@id\":\"https:\/\/www.visit-ulcinj.com\/blog\/2012\/10\/21\/soc-osnovana-zalba-dua-ustavnom-sudu\/#webpage\",\"url\":\"https:\/\/www.visit-ulcinj.com\/blog\/2012\/10\/21\/soc-osnovana-zalba-dua-ustavnom-sudu\/\",\"name\":\"\u0160o\u0107: Osnovana \u017ealba DUA Ustavnom sudu - Lajme nga Ulqini\",\"isPartOf\":{\"@id\":\"https:\/\/www.visit-ulcinj.com\/blog\/#website\"},\"primaryImageOfPage\":{\"@id\":\"https:\/\/www.visit-ulcinj.com\/blog\/2012\/10\/21\/soc-osnovana-zalba-dua-ustavnom-sudu\/#primaryimage\"},\"datePublished\":\"2012-10-21T08:04:37+00:00\",\"dateModified\":\"2012-10-21T08:04:37+00:00\",\"author\":{\"@id\":\"https:\/\/www.visit-ulcinj.com\/blog\/#\/schema\/person\/dcab619c614d3038751c63bc2aadc06d\"},\"description\":\"\u017dalba Demokratske unije Albanaca (DUA) Ustavnom sudu, kojom se tra\u017ei da se toj stranci dodijeli mandat, osnovana je, jer glasovi manjinskih partija treba\",\"breadcrumb\":{\"@id\":\"https:\/\/www.visit-ulcinj.com\/blog\/2012\/10\/21\/soc-osnovana-zalba-dua-ustavnom-sudu\/#breadcrumb\"},\"inLanguage\":\"en-US\",\"potentialAction\":[{\"@type\":\"ReadAction\",\"target\":[\"https:\/\/www.visit-ulcinj.com\/blog\/2012\/10\/21\/soc-osnovana-zalba-dua-ustavnom-sudu\/\"]}]},{\"@type\":\"BreadcrumbList\",\"@id\":\"https:\/\/www.visit-ulcinj.com\/blog\/2012\/10\/21\/soc-osnovana-zalba-dua-ustavnom-sudu\/#breadcrumb\",\"itemListElement\":[{\"@type\":\"ListItem\",\"position\":1,\"name\":\"\u0160o\u0107: Osnovana \u017ealba DUA Ustavnom sudu\"}]},{\"@type\":\"Person\",\"@id\":\"https:\/\/www.visit-ulcinj.com\/blog\/#\/schema\/person\/dcab619c614d3038751c63bc2aadc06d\",\"name\":\"ulqini\",\"sameAs\":[\"http:\/\/www.visit-ulcinj.com\"],\"url\":\"https:\/\/www.visit-ulcinj.com\/blog\/author\/admin\/\"}]}<\/script>\n<!-- \/ Yoast SEO plugin. -->","yoast_head_json":{"title":"\u0160o\u0107: Osnovana \u017ealba DUA Ustavnom sudu - Lajme nga Ulqini","description":"\u017dalba Demokratske unije Albanaca (DUA) Ustavnom sudu, kojom se tra\u017ei da se toj stranci dodijeli mandat, osnovana je, jer glasovi manjinskih partija treba","robots":{"index":"index","follow":"follow","max-snippet":"max-snippet:-1","max-image-preview":"max-image-preview:large","max-video-preview":"max-video-preview:-1"},"canonical":"https:\/\/www.visit-ulcinj.com\/blog\/2012\/10\/21\/soc-osnovana-zalba-dua-ustavnom-sudu\/","og_locale":"en_US","og_type":"article","og_title":"\u0160o\u0107: Osnovana \u017ealba DUA Ustavnom sudu - Lajme nga Ulqini","og_description":"\u017dalba Demokratske unije Albanaca (DUA) Ustavnom sudu, kojom se tra\u017ei da se toj stranci dodijeli mandat, osnovana je, jer glasovi manjinskih partija treba","og_url":"https:\/\/www.visit-ulcinj.com\/blog\/2012\/10\/21\/soc-osnovana-zalba-dua-ustavnom-sudu\/","og_site_name":"Lajme nga Ulqini","article_published_time":"2012-10-21T08:04:37+00:00","og_image":[{"url":"http:\/\/www.visit-ulcinj.com\/blog\/wp-content\/uploads\/2012\/10\/draganshoq1.jpg"}],"twitter_misc":{"Written by":"ulqini","Est. reading time":"2 minutes"},"schema":{"@context":"https:\/\/schema.org","@graph":[{"@type":"WebSite","@id":"https:\/\/www.visit-ulcinj.com\/blog\/#website","url":"https:\/\/www.visit-ulcinj.com\/blog\/","name":"Lajme nga Ulqini","description":"Lajme,Vijesti,Ulqini,Ulqin,Crna Gora,Mali i Zi","potentialAction":[{"@type":"SearchAction","target":{"@type":"EntryPoint","urlTemplate":"https:\/\/www.visit-ulcinj.com\/blog\/?s={search_term_string}"},"query-input":"required name=search_term_string"}],"inLanguage":"en-US"},{"@type":"ImageObject","inLanguage":"en-US","@id":"https:\/\/www.visit-ulcinj.com\/blog\/2012\/10\/21\/soc-osnovana-zalba-dua-ustavnom-sudu\/#primaryimage","url":"https:\/\/www.visit-ulcinj.com\/blog\/wp-content\/uploads\/2012\/10\/draganshoq1.jpg","contentUrl":"https:\/\/www.visit-ulcinj.com\/blog\/wp-content\/uploads\/2012\/10\/draganshoq1.jpg","width":"407","height":"302"},{"@type":"WebPage","@id":"https:\/\/www.visit-ulcinj.com\/blog\/2012\/10\/21\/soc-osnovana-zalba-dua-ustavnom-sudu\/#webpage","url":"https:\/\/www.visit-ulcinj.com\/blog\/2012\/10\/21\/soc-osnovana-zalba-dua-ustavnom-sudu\/","name":"\u0160o\u0107: Osnovana \u017ealba DUA Ustavnom sudu - Lajme nga Ulqini","isPartOf":{"@id":"https:\/\/www.visit-ulcinj.com\/blog\/#website"},"primaryImageOfPage":{"@id":"https:\/\/www.visit-ulcinj.com\/blog\/2012\/10\/21\/soc-osnovana-zalba-dua-ustavnom-sudu\/#primaryimage"},"datePublished":"2012-10-21T08:04:37+00:00","dateModified":"2012-10-21T08:04:37+00:00","author":{"@id":"https:\/\/www.visit-ulcinj.com\/blog\/#\/schema\/person\/dcab619c614d3038751c63bc2aadc06d"},"description":"\u017dalba Demokratske unije Albanaca (DUA) Ustavnom sudu, kojom se tra\u017ei da se toj stranci dodijeli mandat, osnovana je, jer glasovi manjinskih partija treba","breadcrumb":{"@id":"https:\/\/www.visit-ulcinj.com\/blog\/2012\/10\/21\/soc-osnovana-zalba-dua-ustavnom-sudu\/#breadcrumb"},"inLanguage":"en-US","potentialAction":[{"@type":"ReadAction","target":["https:\/\/www.visit-ulcinj.com\/blog\/2012\/10\/21\/soc-osnovana-zalba-dua-ustavnom-sudu\/"]}]},{"@type":"BreadcrumbList","@id":"https:\/\/www.visit-ulcinj.com\/blog\/2012\/10\/21\/soc-osnovana-zalba-dua-ustavnom-sudu\/#breadcrumb","itemListElement":[{"@type":"ListItem","position":1,"name":"\u0160o\u0107: Osnovana \u017ealba DUA Ustavnom sudu"}]},{"@type":"Person","@id":"https:\/\/www.visit-ulcinj.com\/blog\/#\/schema\/person\/dcab619c614d3038751c63bc2aadc06d","name":"ulqini","sameAs":["http:\/\/www.visit-ulcinj.com"],"url":"https:\/\/www.visit-ulcinj.com\/blog\/author\/admin\/"}]}},"jetpack_featured_media_url":"","jetpack_sharing_enabled":true,"jetpack_shortlink":"https:\/\/wp.me\/pe6lTn-gST","_links":{"self":[{"href":"https:\/\/www.visit-ulcinj.com\/blog\/wp-json\/wp\/v2\/posts\/64907"}],"collection":[{"href":"https:\/\/www.visit-ulcinj.com\/blog\/wp-json\/wp\/v2\/posts"}],"about":[{"href":"https:\/\/www.visit-ulcinj.com\/blog\/wp-json\/wp\/v2\/types\/post"}],"author":[{"embeddable":true,"href":"https:\/\/www.visit-ulcinj.com\/blog\/wp-json\/wp\/v2\/users\/1"}],"replies":[{"embeddable":true,"href":"https:\/\/www.visit-ulcinj.com\/blog\/wp-json\/wp\/v2\/comments?post=64907"}],"version-history":[{"count":2,"href":"https:\/\/www.visit-ulcinj.com\/blog\/wp-json\/wp\/v2\/posts\/64907\/revisions"}],"predecessor-version":[{"id":64910,"href":"https:\/\/www.visit-ulcinj.com\/blog\/wp-json\/wp\/v2\/posts\/64907\/revisions\/64910"}],"wp:attachment":[{"href":"https:\/\/www.visit-ulcinj.com\/blog\/wp-json\/wp\/v2\/media?parent=64907"}],"wp:term":[{"taxonomy":"category","embeddable":true,"href":"https:\/\/www.visit-ulcinj.com\/blog\/wp-json\/wp\/v2\/categories?post=64907"},{"taxonomy":"post_tag","embeddable":true,"href":"https:\/\/www.visit-ulcinj.com\/blog\/wp-json\/wp\/v2\/tags?post=64907"}],"curies":[{"name":"wp","href":"https:\/\/api.w.org\/{rel}","templated":true}]}}