{"id":64911,"date":"2012-10-21T16:25:23","date_gmt":"2012-10-21T15:25:23","guid":{"rendered":"http:\/\/www.visit-ulcinj.com\/blog\/?p=64911"},"modified":"2012-10-21T18:38:24","modified_gmt":"2012-10-21T17:38:24","slug":"materialet-e-gjetura-ne-shas-do-te-shkojn-ne-muzeun-e-malit-te-zi","status":"publish","type":"post","link":"https:\/\/www.visit-ulcinj.com\/blog\/2012\/10\/21\/materialet-e-gjetura-ne-shas-do-te-shkojn-ne-muzeun-e-malit-te-zi\/","title":{"rendered":"Materialet e gjetura n\u00eb Shas do t\u00eb shkojn n\u00eb Muzeun e Malit t\u00eb Zi &#8211; TV TEUTA VIDEO"},"content":{"rendered":"<p>Materialet e g\u00ebrmimeve arkeologjike t\u00eb gjetura n\u00eb Shas do t\u00eb shkojn n\u00eb Muzeun e Malit t\u00eb Zi<\/p>\n<p><iframe loading=\"lazy\" width=\"508\" height=\"360\" src=\"http:\/\/www.youtube.com\/embed\/oMIgfpWYrlY\" frameborder=\"0\" allowfullscreen><\/iframe><\/p>\n","protected":false},"excerpt":{"rendered":"<p>Materialet e g\u00ebrmimeve arkeologjike t\u00eb gjetura n\u00eb Shas do t\u00eb shkojn n\u00eb Muzeun e Malit t\u00eb Zi<\/p>\n","protected":false},"author":1,"featured_media":0,"comment_status":"open","ping_status":"closed","sticky":false,"template":"","format":"standard","meta":{"spay_email":"","jetpack_publicize_message":"","jetpack_is_tweetstorm":false,"jetpack_publicize_feature_enabled":true},"categories":[8],"tags":[2083,3231,2081,200,18],"jetpack_publicize_connections":[],"yoast_head":"<!-- This site is optimized with the Yoast SEO plugin v19.1 - https:\/\/yoast.com\/wordpress\/plugins\/seo\/ -->\n<title>Materialet e gjetura n\u00eb Shas do t\u00eb shkojn n\u00eb Muzeun e Malit t\u00eb Zi - TV TEUTA VIDEO - Lajme nga Ulqini<\/title>\n<meta name=\"description\" content=\"Materialet e g\u00ebrmimeve arkeologjike t\u00eb gjetura n\u00eb Shas do t\u00eb shkojn n\u00eb Muzeun e Malit t\u00eb Zi\" \/>\n<meta name=\"robots\" content=\"index, follow, max-snippet:-1, max-image-preview:large, max-video-preview:-1\" \/>\n<link rel=\"canonical\" href=\"https:\/\/www.visit-ulcinj.com\/blog\/2012\/10\/21\/materialet-e-gjetura-ne-shas-do-te-shkojn-ne-muzeun-e-malit-te-zi\/\" \/>\n<meta property=\"og:locale\" content=\"en_US\" \/>\n<meta property=\"og:type\" content=\"article\" \/>\n<meta property=\"og:title\" content=\"Materialet e gjetura n\u00eb Shas do t\u00eb shkojn n\u00eb Muzeun e Malit t\u00eb Zi - TV TEUTA VIDEO - Lajme nga Ulqini\" \/>\n<meta property=\"og:description\" content=\"Materialet e g\u00ebrmimeve arkeologjike t\u00eb gjetura n\u00eb Shas do t\u00eb shkojn n\u00eb Muzeun e Malit t\u00eb Zi\" \/>\n<meta property=\"og:url\" content=\"https:\/\/www.visit-ulcinj.com\/blog\/2012\/10\/21\/materialet-e-gjetura-ne-shas-do-te-shkojn-ne-muzeun-e-malit-te-zi\/\" \/>\n<meta property=\"og:site_name\" content=\"Lajme nga Ulqini\" \/>\n<meta property=\"article:published_time\" content=\"2012-10-21T15:25:23+00:00\" \/>\n<meta property=\"article:modified_time\" content=\"2012-10-21T17:38:24+00:00\" \/>\n<meta name=\"twitter:label1\" content=\"Written by\" \/>\n\t<meta name=\"twitter:data1\" content=\"ulqini\" \/>\n<script type=\"application\/ld+json\" class=\"yoast-schema-graph\">{\"@context\":\"https:\/\/schema.org\",\"@graph\":[{\"@type\":\"WebSite\",\"@id\":\"https:\/\/www.visit-ulcinj.com\/blog\/#website\",\"url\":\"https:\/\/www.visit-ulcinj.com\/blog\/\",\"name\":\"Lajme nga Ulqini\",\"description\":\"Lajme,Vijesti,Ulqini,Ulqin,Crna Gora,Mali i Zi\",\"potentialAction\":[{\"@type\":\"SearchAction\",\"target\":{\"@type\":\"EntryPoint\",\"urlTemplate\":\"https:\/\/www.visit-ulcinj.com\/blog\/?s={search_term_string}\"},\"query-input\":\"required name=search_term_string\"}],\"inLanguage\":\"en-US\"},{\"@type\":\"WebPage\",\"@id\":\"https:\/\/www.visit-ulcinj.com\/blog\/2012\/10\/21\/materialet-e-gjetura-ne-shas-do-te-shkojn-ne-muzeun-e-malit-te-zi\/#webpage\",\"url\":\"https:\/\/www.visit-ulcinj.com\/blog\/2012\/10\/21\/materialet-e-gjetura-ne-shas-do-te-shkojn-ne-muzeun-e-malit-te-zi\/\",\"name\":\"Materialet e gjetura n\u00eb Shas do t\u00eb shkojn n\u00eb Muzeun e Malit t\u00eb Zi - TV TEUTA VIDEO - Lajme nga Ulqini\",\"isPartOf\":{\"@id\":\"https:\/\/www.visit-ulcinj.com\/blog\/#website\"},\"datePublished\":\"2012-10-21T15:25:23+00:00\",\"dateModified\":\"2012-10-21T17:38:24+00:00\",\"author\":{\"@id\":\"https:\/\/www.visit-ulcinj.com\/blog\/#\/schema\/person\/dcab619c614d3038751c63bc2aadc06d\"},\"description\":\"Materialet e g\u00ebrmimeve arkeologjike t\u00eb gjetura n\u00eb Shas do t\u00eb shkojn n\u00eb Muzeun e Malit t\u00eb Zi\",\"breadcrumb\":{\"@id\":\"https:\/\/www.visit-ulcinj.com\/blog\/2012\/10\/21\/materialet-e-gjetura-ne-shas-do-te-shkojn-ne-muzeun-e-malit-te-zi\/#breadcrumb\"},\"inLanguage\":\"en-US\",\"potentialAction\":[{\"@type\":\"ReadAction\",\"target\":[\"https:\/\/www.visit-ulcinj.com\/blog\/2012\/10\/21\/materialet-e-gjetura-ne-shas-do-te-shkojn-ne-muzeun-e-malit-te-zi\/\"]}]},{\"@type\":\"BreadcrumbList\",\"@id\":\"https:\/\/www.visit-ulcinj.com\/blog\/2012\/10\/21\/materialet-e-gjetura-ne-shas-do-te-shkojn-ne-muzeun-e-malit-te-zi\/#breadcrumb\",\"itemListElement\":[{\"@type\":\"ListItem\",\"position\":1,\"name\":\"Materialet e gjetura n\u00eb Shas do t\u00eb shkojn n\u00eb Muzeun e Malit t\u00eb Zi &#8211; TV TEUTA VIDEO\"}]},{\"@type\":\"Person\",\"@id\":\"https:\/\/www.visit-ulcinj.com\/blog\/#\/schema\/person\/dcab619c614d3038751c63bc2aadc06d\",\"name\":\"ulqini\",\"sameAs\":[\"http:\/\/www.visit-ulcinj.com\"],\"url\":\"https:\/\/www.visit-ulcinj.com\/blog\/author\/admin\/\"}]}<\/script>\n<!-- \/ Yoast SEO plugin. -->","yoast_head_json":{"title":"Materialet e gjetura n\u00eb Shas do t\u00eb shkojn n\u00eb Muzeun e Malit t\u00eb Zi - TV TEUTA VIDEO - Lajme nga Ulqini","description":"Materialet e g\u00ebrmimeve arkeologjike t\u00eb gjetura n\u00eb Shas do t\u00eb shkojn n\u00eb Muzeun e Malit t\u00eb Zi","robots":{"index":"index","follow":"follow","max-snippet":"max-snippet:-1","max-image-preview":"max-image-preview:large","max-video-preview":"max-video-preview:-1"},"canonical":"https:\/\/www.visit-ulcinj.com\/blog\/2012\/10\/21\/materialet-e-gjetura-ne-shas-do-te-shkojn-ne-muzeun-e-malit-te-zi\/","og_locale":"en_US","og_type":"article","og_title":"Materialet e gjetura n\u00eb Shas do t\u00eb shkojn n\u00eb Muzeun e Malit t\u00eb Zi - TV TEUTA VIDEO - Lajme nga Ulqini","og_description":"Materialet e g\u00ebrmimeve arkeologjike t\u00eb gjetura n\u00eb Shas do t\u00eb shkojn n\u00eb Muzeun e Malit t\u00eb Zi","og_url":"https:\/\/www.visit-ulcinj.com\/blog\/2012\/10\/21\/materialet-e-gjetura-ne-shas-do-te-shkojn-ne-muzeun-e-malit-te-zi\/","og_site_name":"Lajme nga Ulqini","article_published_time":"2012-10-21T15:25:23+00:00","article_modified_time":"2012-10-21T17:38:24+00:00","twitter_misc":{"Written by":"ulqini"},"schema":{"@context":"https:\/\/schema.org","@graph":[{"@type":"WebSite","@id":"https:\/\/www.visit-ulcinj.com\/blog\/#website","url":"https:\/\/www.visit-ulcinj.com\/blog\/","name":"Lajme nga Ulqini","description":"Lajme,Vijesti,Ulqini,Ulqin,Crna Gora,Mali i Zi","potentialAction":[{"@type":"SearchAction","target":{"@type":"EntryPoint","urlTemplate":"https:\/\/www.visit-ulcinj.com\/blog\/?s={search_term_string}"},"query-input":"required name=search_term_string"}],"inLanguage":"en-US"},{"@type":"WebPage","@id":"https:\/\/www.visit-ulcinj.com\/blog\/2012\/10\/21\/materialet-e-gjetura-ne-shas-do-te-shkojn-ne-muzeun-e-malit-te-zi\/#webpage","url":"https:\/\/www.visit-ulcinj.com\/blog\/2012\/10\/21\/materialet-e-gjetura-ne-shas-do-te-shkojn-ne-muzeun-e-malit-te-zi\/","name":"Materialet e gjetura n\u00eb Shas do t\u00eb shkojn n\u00eb Muzeun e Malit t\u00eb Zi - TV TEUTA VIDEO - Lajme nga Ulqini","isPartOf":{"@id":"https:\/\/www.visit-ulcinj.com\/blog\/#website"},"datePublished":"2012-10-21T15:25:23+00:00","dateModified":"2012-10-21T17:38:24+00:00","author":{"@id":"https:\/\/www.visit-ulcinj.com\/blog\/#\/schema\/person\/dcab619c614d3038751c63bc2aadc06d"},"description":"Materialet e g\u00ebrmimeve arkeologjike t\u00eb gjetura n\u00eb Shas do t\u00eb shkojn n\u00eb Muzeun e Malit t\u00eb Zi","breadcrumb":{"@id":"https:\/\/www.visit-ulcinj.com\/blog\/2012\/10\/21\/materialet-e-gjetura-ne-shas-do-te-shkojn-ne-muzeun-e-malit-te-zi\/#breadcrumb"},"inLanguage":"en-US","potentialAction":[{"@type":"ReadAction","target":["https:\/\/www.visit-ulcinj.com\/blog\/2012\/10\/21\/materialet-e-gjetura-ne-shas-do-te-shkojn-ne-muzeun-e-malit-te-zi\/"]}]},{"@type":"BreadcrumbList","@id":"https:\/\/www.visit-ulcinj.com\/blog\/2012\/10\/21\/materialet-e-gjetura-ne-shas-do-te-shkojn-ne-muzeun-e-malit-te-zi\/#breadcrumb","itemListElement":[{"@type":"ListItem","position":1,"name":"Materialet e gjetura n\u00eb Shas do t\u00eb shkojn n\u00eb Muzeun e Malit t\u00eb Zi &#8211; TV TEUTA VIDEO"}]},{"@type":"Person","@id":"https:\/\/www.visit-ulcinj.com\/blog\/#\/schema\/person\/dcab619c614d3038751c63bc2aadc06d","name":"ulqini","sameAs":["http:\/\/www.visit-ulcinj.com"],"url":"https:\/\/www.visit-ulcinj.com\/blog\/author\/admin\/"}]}},"jetpack_featured_media_url":"","jetpack_sharing_enabled":true,"jetpack_shortlink":"https:\/\/wp.me\/pe6lTn-gSX","_links":{"self":[{"href":"https:\/\/www.visit-ulcinj.com\/blog\/wp-json\/wp\/v2\/posts\/64911"}],"collection":[{"href":"https:\/\/www.visit-ulcinj.com\/blog\/wp-json\/wp\/v2\/posts"}],"about":[{"href":"https:\/\/www.visit-ulcinj.com\/blog\/wp-json\/wp\/v2\/types\/post"}],"author":[{"embeddable":true,"href":"https:\/\/www.visit-ulcinj.com\/blog\/wp-json\/wp\/v2\/users\/1"}],"replies":[{"embeddable":true,"href":"https:\/\/www.visit-ulcinj.com\/blog\/wp-json\/wp\/v2\/comments?post=64911"}],"version-history":[{"count":3,"href":"https:\/\/www.visit-ulcinj.com\/blog\/wp-json\/wp\/v2\/posts\/64911\/revisions"}],"predecessor-version":[{"id":64918,"href":"https:\/\/www.visit-ulcinj.com\/blog\/wp-json\/wp\/v2\/posts\/64911\/revisions\/64918"}],"wp:attachment":[{"href":"https:\/\/www.visit-ulcinj.com\/blog\/wp-json\/wp\/v2\/media?parent=64911"}],"wp:term":[{"taxonomy":"category","embeddable":true,"href":"https:\/\/www.visit-ulcinj.com\/blog\/wp-json\/wp\/v2\/categories?post=64911"},{"taxonomy":"post_tag","embeddable":true,"href":"https:\/\/www.visit-ulcinj.com\/blog\/wp-json\/wp\/v2\/tags?post=64911"}],"curies":[{"name":"wp","href":"https:\/\/api.w.org\/{rel}","templated":true}]}}