{"id":64928,"date":"2012-10-21T20:42:41","date_gmt":"2012-10-21T19:42:41","guid":{"rendered":"http:\/\/www.visit-ulcinj.com\/blog\/?p=64928"},"modified":"2012-10-21T20:56:10","modified_gmt":"2012-10-21T19:56:10","slug":"gjykata-kushtetuese-hedhe-poshte-ankesen-e-udsh-se","status":"publish","type":"post","link":"https:\/\/www.visit-ulcinj.com\/blog\/2012\/10\/21\/gjykata-kushtetuese-hedhe-poshte-ankesen-e-udsh-se\/","title":{"rendered":"Gjykata Kushtetuese hedh\u00eb posht\u00eb ankes\u00ebn e UDSH-s\u00eb"},"content":{"rendered":"<p><a href=\"http:\/\/www.visit-ulcinj.com\/blog\/wp-content\/uploads\/2012\/10\/Gjykata-Kushtetuese-e-malit-te-zi.jpg\"><img loading=\"lazy\" class=\"alignleft  wp-image-64929\" title=\"Gjykata Kushtetuese e malit te zi\" src=\"http:\/\/www.visit-ulcinj.com\/blog\/wp-content\/uploads\/2012\/10\/Gjykata-Kushtetuese-e-malit-te-zi.jpg\" alt=\"\" width=\"508\" height=\"360\" \/><\/a>Gjykata\u00a0 Kushtetuese e Malit t\u00eb Zi ka hedhur posht\u00eb sot ankes\u00ebn\u00a0 e Unionit Demokratik t\u00eb Shqiptar\u00ebve n\u00eb rezultatet e zgjedhjeve parlamentare q\u00eb u mbajt\u00ebn m\u00eb 14 tetor 2012.<\/p>\n<p>Unioni Demokratik I Shqiptar\u00ebve paraqiti nj\u00eb ankes\u00eb n\u00eb Gjykata\u00a0 Kushtetuese e Malit t\u00eb Zi n\u00eb rezultatet e zgjedhjeve, pasi ato pretendonin se\u00a0 partia e tyre humbi mandatin e deputetit p\u00ebr shkak t\u00eb interpretimit jo adekuat t\u00eb ligjit p\u00ebr zgjedhjen e deputet\u00ebve n\u00eb parlamentin e Malit t\u00eb Zi.<\/p>\n<p>Kryetari i Unionit Demokratik t\u00eb Shqiptar\u00ebve ,Mehmet Zenka ka deklaruar se rregullat e reja n\u00eb ligjin zgjedhor\u00a0 jan\u00eb diskriminim\u00a0 ndaj shqiptareve n\u00eb Mal t\u00eb Zi,\u00e7ka \u00ebsht\u00eb edhe m\u00eb e keqja, 3000 votat tona do ju shkojn\u00eb partive q\u00eb nuk jan\u00eb shqiptare, ka th\u00ebn\u00eb Zenka p\u00ebr televizionin e Malit t\u00eb Zi (TVCG).<\/p>\n<p>Gjykata Kushtetuese e Malit t\u00eb Zi, si autoriteti p\u00ebrfundimtar p\u00ebr interpretimin e Kushtetut\u00ebs, nj\u00ebz\u00ebri vendosi q\u00eb ta hedh\u00eb posht\u00eb k\u00ebrkes\u00ebn si t\u00eb papranueshme t\u00eb UDSH-s\u00eb.<br \/>\nPoashtu m\u00ebsohet se\u00a0 UDSH\u2013ja do te ankohet pran\u00eb t\u00eb gjithave institucioneve nd\u00ebrkomb\u00ebtare.<\/p>\n<p><strong>Lajme nga Ulqini<\/strong><\/p>\n<p><a href=\"http:\/\/www.visit-ulcinj.com\/blog\/wp-content\/uploads\/2012\/10\/Gjykata-Kushtetuese-e-malit-te-zi.1.jpg\"><img loading=\"lazy\" class=\"alignleft  wp-image-64932\" title=\"Gjykata Kushtetuese e malit te zi.1\" src=\"http:\/\/www.visit-ulcinj.com\/blog\/wp-content\/uploads\/2012\/10\/Gjykata-Kushtetuese-e-malit-te-zi.1.jpg\" alt=\"\" width=\"508\" height=\"300\" \/><\/a><\/p>\n<p><strong>Ja pra edhe interpretimi nga Faceboku i<a id=\"js_7\" href=\"https:\/\/www.facebook.com\/shqiptaretnemz\" data-hovercard=\"\/ajax\/hovercard\/page.php?id=270846522614\"> Shqiptar\u00ebve n\u00eb Malin e Zi &#8211; Albanians in Montenegro<\/a><\/strong><\/p>\n<div id=\"id_5084521a373e66784754107\">Gjykata Kushtetuese e Malit t\u00eb Zi e ka hedhur posht\u00eb ankes\u00ebn e Unionit Demokratik t\u00eb Shqiptar\u00ebve (UDSh) kund\u00ebr Komisionit Q\u00ebndror Zgjedhor (KQZ). Ankesa ka qen\u00eb lidhur me shp\u00ebrndarjen e mandateve n\u00eb baz\u00eb t\u00eb rezultatit zgjedhor, ku UDSh edhe pse ka fituar 0.9% t\u00eb votave nuk ka fituar nj\u00eb mandat, p\u00ebr shkak t\u00eb formul\u00ebs zgjedhore e cila \u00ebsht\u00eb p\u00ebrcaktuar me ligjin e ri zgjedhor.Sipas Zenk\u00ebs kjo \u00ebsht\u00eb nj\u00eb vjedhje q\u00eb po i b\u00ebhet popullit shqiptar sepse 4.000 vota t\u00eb partive shqiptare (UDSh dhe Aleanc\u00ebs Rinore Shqiptare) i kan\u00eb kaluar partive jo-shqiptare.<\/p>\n<div>Luigj Ljubo Shkrela, an\u00ebtar i Partis\u00eb Demokratike t\u00eb Socialist\u00ebve (DPS), ka th\u00ebn\u00eb se me rezultatin zgjedhor jan\u00eb t\u00eb pak\u00ebnaqur partit\u00eb shqiptare e jo edhe shqiptar\u00ebt, sepse si\u00e7 thot ai, jo gjith\u00eb shqiptar\u00ebt kan\u00eb votuar partit\u00eb shqiptare. Sa i p\u00ebrket ligjit t\u00eb ri zgjedhor, Shkrela ka th\u00ebn\u00eb se ai \u00ebsht\u00eb n\u00eb d\u00ebm t\u00eb pakicave t\u00eb cilat nuk mund t\u00eb koordinohen dhe t\u00eb dalin t\u00eb bashkuara n\u00eb zgjedhje. Duke shprehur keqardhjen p\u00ebr mos marrjen e mandatit Shkrela ka th\u00ebn\u00eb se UDSh ka dh\u00ebn\u00eb kontribut t\u00eb madh n\u00eb krijimin e nj\u00eb shteti multietnik dhe ka qen\u00eb partner i DPS.<\/div>\n<div><strong><a id=\"js_7\" href=\"https:\/\/www.facebook.com\/shqiptaretnemz\" data-hovercard=\"\/ajax\/hovercard\/page.php?id=270846522614\">Shqiptar\u00ebt n\u00eb Malin e Zi &#8211; Albanians in Montenegro<\/a><\/strong><\/div>\n<\/div>\n<p>&nbsp;<\/p>\n","protected":false},"excerpt":{"rendered":"<p>Gjykata\u00a0 Kushtetuese e Malit t\u00eb Zi ka hedhur posht\u00eb sot ankes\u00ebn\u00a0 e Unionit Demokratik t\u00eb Shqiptar\u00ebve n\u00eb rezultatet e zgjedhjeve parlamentare q\u00eb u mbajt\u00ebn m\u00eb 14 tetor 2012. Unioni Demokratik I Shqiptar\u00ebve paraqiti nj\u00eb ankes\u00eb n\u00eb Gjykata\u00a0 Kushtetuese e Malit t\u00eb Zi n\u00eb rezultatet e zgjedhjeve, pasi ato pretendonin se\u00a0 partia e tyre humbi mandatin [&hellip;]<\/p>\n","protected":false},"author":1,"featured_media":0,"comment_status":"open","ping_status":"closed","sticky":false,"template":"","format":"standard","meta":{"spay_email":"","jetpack_publicize_message":"","jetpack_is_tweetstorm":false,"jetpack_publicize_feature_enabled":true},"categories":[6],"tags":[7702,3371,200,5144],"jetpack_publicize_connections":[],"yoast_head":"<!-- This site is optimized with the Yoast SEO plugin v19.1 - https:\/\/yoast.com\/wordpress\/plugins\/seo\/ -->\n<title>Gjykata Kushtetuese hedh\u00eb posht\u00eb ankes\u00ebn e UDSH-s\u00eb - Lajme nga Ulqini<\/title>\n<meta name=\"description\" content=\"Gjykata\u00a0 Kushtetuese e Malit t\u00eb Zi ka hedhur posht\u00eb sot ankes\u00ebn\u00a0 e Unionit Demokratik t\u00eb Shqiptar\u00ebve n\u00eb rezultatet e zgjedhjeve parlamentare q\u00eb u mbajt\u00ebn\" \/>\n<meta name=\"robots\" content=\"index, follow, max-snippet:-1, max-image-preview:large, max-video-preview:-1\" \/>\n<link rel=\"canonical\" href=\"https:\/\/www.visit-ulcinj.com\/blog\/2012\/10\/21\/gjykata-kushtetuese-hedhe-poshte-ankesen-e-udsh-se\/\" \/>\n<meta property=\"og:locale\" content=\"en_US\" \/>\n<meta property=\"og:type\" content=\"article\" \/>\n<meta property=\"og:title\" content=\"Gjykata Kushtetuese hedh\u00eb posht\u00eb ankes\u00ebn e UDSH-s\u00eb - Lajme nga Ulqini\" \/>\n<meta property=\"og:description\" content=\"Gjykata\u00a0 Kushtetuese e Malit t\u00eb Zi ka hedhur posht\u00eb sot ankes\u00ebn\u00a0 e Unionit Demokratik t\u00eb Shqiptar\u00ebve n\u00eb rezultatet e zgjedhjeve parlamentare q\u00eb u mbajt\u00ebn\" \/>\n<meta property=\"og:url\" content=\"https:\/\/www.visit-ulcinj.com\/blog\/2012\/10\/21\/gjykata-kushtetuese-hedhe-poshte-ankesen-e-udsh-se\/\" \/>\n<meta property=\"og:site_name\" content=\"Lajme nga Ulqini\" \/>\n<meta property=\"article:published_time\" content=\"2012-10-21T19:42:41+00:00\" \/>\n<meta property=\"article:modified_time\" content=\"2012-10-21T19:56:10+00:00\" \/>\n<meta property=\"og:image\" content=\"http:\/\/www.visit-ulcinj.com\/blog\/wp-content\/uploads\/2012\/10\/Gjykata-Kushtetuese-e-malit-te-zi.jpg\" \/>\n<meta name=\"twitter:label1\" content=\"Written by\" \/>\n\t<meta name=\"twitter:data1\" content=\"ulqini\" \/>\n\t<meta name=\"twitter:label2\" content=\"Est. reading time\" \/>\n\t<meta name=\"twitter:data2\" content=\"2 minutes\" \/>\n<script type=\"application\/ld+json\" class=\"yoast-schema-graph\">{\"@context\":\"https:\/\/schema.org\",\"@graph\":[{\"@type\":\"WebSite\",\"@id\":\"https:\/\/www.visit-ulcinj.com\/blog\/#website\",\"url\":\"https:\/\/www.visit-ulcinj.com\/blog\/\",\"name\":\"Lajme nga Ulqini\",\"description\":\"Lajme,Vijesti,Ulqini,Ulqin,Crna Gora,Mali i Zi\",\"potentialAction\":[{\"@type\":\"SearchAction\",\"target\":{\"@type\":\"EntryPoint\",\"urlTemplate\":\"https:\/\/www.visit-ulcinj.com\/blog\/?s={search_term_string}\"},\"query-input\":\"required name=search_term_string\"}],\"inLanguage\":\"en-US\"},{\"@type\":\"ImageObject\",\"inLanguage\":\"en-US\",\"@id\":\"https:\/\/www.visit-ulcinj.com\/blog\/2012\/10\/21\/gjykata-kushtetuese-hedhe-poshte-ankesen-e-udsh-se\/#primaryimage\",\"url\":\"https:\/\/www.visit-ulcinj.com\/blog\/wp-content\/uploads\/2012\/10\/Gjykata-Kushtetuese-e-malit-te-zi.jpg\",\"contentUrl\":\"https:\/\/www.visit-ulcinj.com\/blog\/wp-content\/uploads\/2012\/10\/Gjykata-Kushtetuese-e-malit-te-zi.jpg\",\"width\":\"1000\",\"height\":\"684\"},{\"@type\":\"WebPage\",\"@id\":\"https:\/\/www.visit-ulcinj.com\/blog\/2012\/10\/21\/gjykata-kushtetuese-hedhe-poshte-ankesen-e-udsh-se\/#webpage\",\"url\":\"https:\/\/www.visit-ulcinj.com\/blog\/2012\/10\/21\/gjykata-kushtetuese-hedhe-poshte-ankesen-e-udsh-se\/\",\"name\":\"Gjykata Kushtetuese hedh\u00eb posht\u00eb ankes\u00ebn e UDSH-s\u00eb - Lajme nga Ulqini\",\"isPartOf\":{\"@id\":\"https:\/\/www.visit-ulcinj.com\/blog\/#website\"},\"primaryImageOfPage\":{\"@id\":\"https:\/\/www.visit-ulcinj.com\/blog\/2012\/10\/21\/gjykata-kushtetuese-hedhe-poshte-ankesen-e-udsh-se\/#primaryimage\"},\"datePublished\":\"2012-10-21T19:42:41+00:00\",\"dateModified\":\"2012-10-21T19:56:10+00:00\",\"author\":{\"@id\":\"https:\/\/www.visit-ulcinj.com\/blog\/#\/schema\/person\/dcab619c614d3038751c63bc2aadc06d\"},\"description\":\"Gjykata\u00a0 Kushtetuese e Malit t\u00eb Zi ka hedhur posht\u00eb sot ankes\u00ebn\u00a0 e Unionit Demokratik t\u00eb Shqiptar\u00ebve n\u00eb rezultatet e zgjedhjeve parlamentare q\u00eb u mbajt\u00ebn\",\"breadcrumb\":{\"@id\":\"https:\/\/www.visit-ulcinj.com\/blog\/2012\/10\/21\/gjykata-kushtetuese-hedhe-poshte-ankesen-e-udsh-se\/#breadcrumb\"},\"inLanguage\":\"en-US\",\"potentialAction\":[{\"@type\":\"ReadAction\",\"target\":[\"https:\/\/www.visit-ulcinj.com\/blog\/2012\/10\/21\/gjykata-kushtetuese-hedhe-poshte-ankesen-e-udsh-se\/\"]}]},{\"@type\":\"BreadcrumbList\",\"@id\":\"https:\/\/www.visit-ulcinj.com\/blog\/2012\/10\/21\/gjykata-kushtetuese-hedhe-poshte-ankesen-e-udsh-se\/#breadcrumb\",\"itemListElement\":[{\"@type\":\"ListItem\",\"position\":1,\"name\":\"Gjykata Kushtetuese hedh\u00eb posht\u00eb ankes\u00ebn e UDSH-s\u00eb\"}]},{\"@type\":\"Person\",\"@id\":\"https:\/\/www.visit-ulcinj.com\/blog\/#\/schema\/person\/dcab619c614d3038751c63bc2aadc06d\",\"name\":\"ulqini\",\"sameAs\":[\"http:\/\/www.visit-ulcinj.com\"],\"url\":\"https:\/\/www.visit-ulcinj.com\/blog\/author\/admin\/\"}]}<\/script>\n<!-- \/ Yoast SEO plugin. -->","yoast_head_json":{"title":"Gjykata Kushtetuese hedh\u00eb posht\u00eb ankes\u00ebn e UDSH-s\u00eb - Lajme nga Ulqini","description":"Gjykata\u00a0 Kushtetuese e Malit t\u00eb Zi ka hedhur posht\u00eb sot ankes\u00ebn\u00a0 e Unionit Demokratik t\u00eb Shqiptar\u00ebve n\u00eb rezultatet e zgjedhjeve parlamentare q\u00eb u mbajt\u00ebn","robots":{"index":"index","follow":"follow","max-snippet":"max-snippet:-1","max-image-preview":"max-image-preview:large","max-video-preview":"max-video-preview:-1"},"canonical":"https:\/\/www.visit-ulcinj.com\/blog\/2012\/10\/21\/gjykata-kushtetuese-hedhe-poshte-ankesen-e-udsh-se\/","og_locale":"en_US","og_type":"article","og_title":"Gjykata Kushtetuese hedh\u00eb posht\u00eb ankes\u00ebn e UDSH-s\u00eb - Lajme nga Ulqini","og_description":"Gjykata\u00a0 Kushtetuese e Malit t\u00eb Zi ka hedhur posht\u00eb sot ankes\u00ebn\u00a0 e Unionit Demokratik t\u00eb Shqiptar\u00ebve n\u00eb rezultatet e zgjedhjeve parlamentare q\u00eb u mbajt\u00ebn","og_url":"https:\/\/www.visit-ulcinj.com\/blog\/2012\/10\/21\/gjykata-kushtetuese-hedhe-poshte-ankesen-e-udsh-se\/","og_site_name":"Lajme nga Ulqini","article_published_time":"2012-10-21T19:42:41+00:00","article_modified_time":"2012-10-21T19:56:10+00:00","og_image":[{"url":"http:\/\/www.visit-ulcinj.com\/blog\/wp-content\/uploads\/2012\/10\/Gjykata-Kushtetuese-e-malit-te-zi.jpg"}],"twitter_misc":{"Written by":"ulqini","Est. reading time":"2 minutes"},"schema":{"@context":"https:\/\/schema.org","@graph":[{"@type":"WebSite","@id":"https:\/\/www.visit-ulcinj.com\/blog\/#website","url":"https:\/\/www.visit-ulcinj.com\/blog\/","name":"Lajme nga Ulqini","description":"Lajme,Vijesti,Ulqini,Ulqin,Crna Gora,Mali i Zi","potentialAction":[{"@type":"SearchAction","target":{"@type":"EntryPoint","urlTemplate":"https:\/\/www.visit-ulcinj.com\/blog\/?s={search_term_string}"},"query-input":"required name=search_term_string"}],"inLanguage":"en-US"},{"@type":"ImageObject","inLanguage":"en-US","@id":"https:\/\/www.visit-ulcinj.com\/blog\/2012\/10\/21\/gjykata-kushtetuese-hedhe-poshte-ankesen-e-udsh-se\/#primaryimage","url":"https:\/\/www.visit-ulcinj.com\/blog\/wp-content\/uploads\/2012\/10\/Gjykata-Kushtetuese-e-malit-te-zi.jpg","contentUrl":"https:\/\/www.visit-ulcinj.com\/blog\/wp-content\/uploads\/2012\/10\/Gjykata-Kushtetuese-e-malit-te-zi.jpg","width":"1000","height":"684"},{"@type":"WebPage","@id":"https:\/\/www.visit-ulcinj.com\/blog\/2012\/10\/21\/gjykata-kushtetuese-hedhe-poshte-ankesen-e-udsh-se\/#webpage","url":"https:\/\/www.visit-ulcinj.com\/blog\/2012\/10\/21\/gjykata-kushtetuese-hedhe-poshte-ankesen-e-udsh-se\/","name":"Gjykata Kushtetuese hedh\u00eb posht\u00eb ankes\u00ebn e UDSH-s\u00eb - Lajme nga Ulqini","isPartOf":{"@id":"https:\/\/www.visit-ulcinj.com\/blog\/#website"},"primaryImageOfPage":{"@id":"https:\/\/www.visit-ulcinj.com\/blog\/2012\/10\/21\/gjykata-kushtetuese-hedhe-poshte-ankesen-e-udsh-se\/#primaryimage"},"datePublished":"2012-10-21T19:42:41+00:00","dateModified":"2012-10-21T19:56:10+00:00","author":{"@id":"https:\/\/www.visit-ulcinj.com\/blog\/#\/schema\/person\/dcab619c614d3038751c63bc2aadc06d"},"description":"Gjykata\u00a0 Kushtetuese e Malit t\u00eb Zi ka hedhur posht\u00eb sot ankes\u00ebn\u00a0 e Unionit Demokratik t\u00eb Shqiptar\u00ebve n\u00eb rezultatet e zgjedhjeve parlamentare q\u00eb u mbajt\u00ebn","breadcrumb":{"@id":"https:\/\/www.visit-ulcinj.com\/blog\/2012\/10\/21\/gjykata-kushtetuese-hedhe-poshte-ankesen-e-udsh-se\/#breadcrumb"},"inLanguage":"en-US","potentialAction":[{"@type":"ReadAction","target":["https:\/\/www.visit-ulcinj.com\/blog\/2012\/10\/21\/gjykata-kushtetuese-hedhe-poshte-ankesen-e-udsh-se\/"]}]},{"@type":"BreadcrumbList","@id":"https:\/\/www.visit-ulcinj.com\/blog\/2012\/10\/21\/gjykata-kushtetuese-hedhe-poshte-ankesen-e-udsh-se\/#breadcrumb","itemListElement":[{"@type":"ListItem","position":1,"name":"Gjykata Kushtetuese hedh\u00eb posht\u00eb ankes\u00ebn e UDSH-s\u00eb"}]},{"@type":"Person","@id":"https:\/\/www.visit-ulcinj.com\/blog\/#\/schema\/person\/dcab619c614d3038751c63bc2aadc06d","name":"ulqini","sameAs":["http:\/\/www.visit-ulcinj.com"],"url":"https:\/\/www.visit-ulcinj.com\/blog\/author\/admin\/"}]}},"jetpack_featured_media_url":"","jetpack_sharing_enabled":true,"jetpack_shortlink":"https:\/\/wp.me\/pe6lTn-gTe","_links":{"self":[{"href":"https:\/\/www.visit-ulcinj.com\/blog\/wp-json\/wp\/v2\/posts\/64928"}],"collection":[{"href":"https:\/\/www.visit-ulcinj.com\/blog\/wp-json\/wp\/v2\/posts"}],"about":[{"href":"https:\/\/www.visit-ulcinj.com\/blog\/wp-json\/wp\/v2\/types\/post"}],"author":[{"embeddable":true,"href":"https:\/\/www.visit-ulcinj.com\/blog\/wp-json\/wp\/v2\/users\/1"}],"replies":[{"embeddable":true,"href":"https:\/\/www.visit-ulcinj.com\/blog\/wp-json\/wp\/v2\/comments?post=64928"}],"version-history":[{"count":4,"href":"https:\/\/www.visit-ulcinj.com\/blog\/wp-json\/wp\/v2\/posts\/64928\/revisions"}],"predecessor-version":[{"id":64934,"href":"https:\/\/www.visit-ulcinj.com\/blog\/wp-json\/wp\/v2\/posts\/64928\/revisions\/64934"}],"wp:attachment":[{"href":"https:\/\/www.visit-ulcinj.com\/blog\/wp-json\/wp\/v2\/media?parent=64928"}],"wp:term":[{"taxonomy":"category","embeddable":true,"href":"https:\/\/www.visit-ulcinj.com\/blog\/wp-json\/wp\/v2\/categories?post=64928"},{"taxonomy":"post_tag","embeddable":true,"href":"https:\/\/www.visit-ulcinj.com\/blog\/wp-json\/wp\/v2\/tags?post=64928"}],"curies":[{"name":"wp","href":"https:\/\/api.w.org\/{rel}","templated":true}]}}