{"id":6493,"date":"2008-11-22T15:15:00","date_gmt":"2008-11-22T20:15:00","guid":{"rendered":"http:\/\/www.visit-ulcinj.com\/blog\/?p=6493"},"modified":"2008-11-23T13:20:06","modified_gmt":"2008-11-23T18:20:06","slug":"vendkalimi-kufitar-kosove-mali-i-zi-i-mbyllur-per-kamion","status":"publish","type":"post","link":"https:\/\/www.visit-ulcinj.com\/blog\/2008\/11\/22\/vendkalimi-kufitar-kosove-mali-i-zi-i-mbyllur-per-kamion\/","title":{"rendered":"Vendkalimi kufitar Kosov\u00eb &#8211; Mali i Zi i mbyllur p\u00ebr kamion"},"content":{"rendered":"<p><a href=\"http:\/\/www.visit-ulcinj.com\/blog\/wp-content\/uploads\/2008\/11\/dimri1.jpg\"><img loading=\"lazy\" class=\"alignleft size-medium wp-image-6496\" title=\"dimri1\" src=\"http:\/\/www.visit-ulcinj.com\/blog\/wp-content\/uploads\/2008\/11\/dimri1-300x200.jpg\" alt=\"\" width=\"300\" height=\"200\" srcset=\"https:\/\/www.visit-ulcinj.com\/blog\/wp-content\/uploads\/2008\/11\/dimri1-300x200.jpg 300w, https:\/\/www.visit-ulcinj.com\/blog\/wp-content\/uploads\/2008\/11\/dimri1.jpg 480w\" sizes=\"(max-width: 300px) 100vw, 300px\" \/><\/a><strong>Rrug\u00ebt jan\u00eb pjes\u00ebrisht t\u00eb kalueshme<\/strong><br \/>\nQysh n\u00eb or\u00ebn pes\u00eb t\u00eb m\u00ebngjesit t\u00eb s\u00eb shtun\u00ebs, organi mbik\u00ebqyr\u00ebs i komun\u00ebs s\u00eb Prishtin\u00eb, ka dal n\u00eb teren p\u00ebr t\u00eb pastruar rrug\u00ebt nga bora e cila ka filluar t\u00eb bie gjat\u00eb mbr\u00ebmjes dhe po vazhdon ende.<br \/>\nP\u00ebrkund\u00ebr r\u00ebnie s\u00eb madhe t\u00eb bor\u00ebs deri m\u00eb tani qarkullimi p\u00ebr automjete edhe pse i v\u00ebshtir\u00ebsuar nuk \u00ebsht\u00eb i bllokuar. \u201cBrenda n\u00eb Prishtin\u00eb nuk \u00ebsht\u00eb asnj\u00eb rrug\u00eb e bllokuar, kompanit\u00eb e pastrimit po lirojn\u00eb p\u00ebr qarkullim n\u00eb vazhdim\u00ebsi rrug\u00ebt nga bora dhe n\u00eb shum\u00eb vende kan\u00eb qitur krip n\u00eb m\u00ebnyr\u00eb q\u00eb mos ket\u00eb ngrirje\u201d, tha z\u00ebdh\u00ebn\u00ebsi i Komin\u00ebs Prishtin\u00ebs, Muhamet Gashi.<br \/>\nPolicia e Kosov\u00ebs, b\u00ebri t\u00eb ditur se rrug\u00ebt e Prishtin\u00eb ashtu edhe rrug\u00ebt n\u00eb vende tjera deri m\u00eb tani nuk ka bllokim dhe nuk \u00ebsht\u00eb sh\u00ebnuar ndonj\u00eb aksident nga bora. \u201cEkipet e vijave patrulluese t\u00eb trafikut jan\u00eb n\u00eb teren n\u00eb gjith\u00eb territorin e Kosov\u00ebs dhe p\u00ebrkund\u00ebr v\u00ebshtir\u00ebsive qarkullimi nuk \u00ebsht\u00eb i bllokuar\u201d, tha Kamberi, duke shtuar se kompanit\u00eb p\u00ebr pastrimin e rrug\u00ebve n\u00eb mbar\u00eb Kosov\u00ebs tashm\u00eb jan\u00eb p\u00ebrzgjedhur dhe kontraktuar dhe tani mbetet t\u00eb shihet se si do ta kryejn\u00eb pun\u00ebn e tyre.<br \/>\nNd\u00ebrsa, n\u00ebp\u00ebr pikat kufitare po ka m\u00eb shum\u00eb probleme shkaku i bores. Vendkalimi kufitar Kosov\u00eb-Mali i Zi \u00ebsht\u00eb i ndaluar p\u00ebr qarkullimin e kamion\u00ebve, peshave t\u00eb r\u00ebnda q\u00eb nga ora kat\u00ebr e m\u00ebngjesit t\u00eb s\u00eb shtun\u00ebs,tha Sabrije Kamberi, zyrtare p\u00ebr informim n\u00eb Policin\u00eb e Kosov\u00ebs.<br \/>\nNd\u00ebrsa i bllokuar p\u00ebr t\u00eb gjitha automjetet \u00ebsht\u00eb pika kufitare me Shqip\u00ebrin\u00eb Morin\u00eb- Tropoj\u00eb, ka lajm\u00ebruar policia rajonale e Pej\u00ebs. Sipas lajm\u00ebrimeve t\u00eb tyre, rrug\u00ebt q\u00eb shtrihen n\u00eb pjes\u00ebt e rrafsh\u00ebta, bora ka v\u00ebshtir\u00ebsuar duksh\u00ebm qarkullimin e automjeteve, por nuk e ka bllokuar t\u00ebr\u00ebsisht, sikur q\u00eb ka b\u00ebr\u00eb n\u00eb rrug\u00ebt q\u00eb shpien n\u00eb drejtim t\u00eb pikave kufitare m\u00eb Shqip\u00ebrin\u00eb dhe Malin e Zi.<br \/>\nNdryshe policia e Kosov\u00ebs, porosit t\u00eb gjith\u00eb ngas\u00ebsit e automjeteve q\u00eb t\u00eb mos qarkulloj\u00eb n\u00ebp\u00ebr rrug\u00eb t\u00eb pa pajisur me pajisjet dim\u00ebrore t\u00eb automjeteve t\u00eb tyre.<br \/>\n<strong>Gazeta Express<\/strong><\/p>\n<p>[flv]http:\/\/shqiphost.top-channel.tv\/18754796\/flv\/kronika\/emergjencatcivile.flv[\/flv]<\/p>\n","protected":false},"excerpt":{"rendered":"<p>Rrug\u00ebt jan\u00eb pjes\u00ebrisht t\u00eb kalueshme Qysh n\u00eb or\u00ebn pes\u00eb t\u00eb m\u00ebngjesit t\u00eb s\u00eb shtun\u00ebs, organi mbik\u00ebqyr\u00ebs i komun\u00ebs s\u00eb Prishtin\u00eb, ka dal n\u00eb teren p\u00ebr t\u00eb pastruar rrug\u00ebt nga bora e cila ka filluar t\u00eb bie gjat\u00eb mbr\u00ebmjes dhe po vazhdon ende. P\u00ebrkund\u00ebr r\u00ebnie s\u00eb madhe t\u00eb bor\u00ebs deri m\u00eb tani qarkullimi p\u00ebr automjete edhe [&hellip;]<\/p>\n","protected":false},"author":1,"featured_media":0,"comment_status":"open","ping_status":"closed","sticky":false,"template":"","format":"standard","meta":{"spay_email":"","jetpack_publicize_message":"","jetpack_is_tweetstorm":false,"jetpack_publicize_feature_enabled":true},"categories":[14],"tags":[325,95],"jetpack_publicize_connections":[],"yoast_head":"<!-- This site is optimized with the Yoast SEO plugin v19.1 - https:\/\/yoast.com\/wordpress\/plugins\/seo\/ -->\n<title>Vendkalimi kufitar Kosov\u00eb - Mali i Zi i mbyllur p\u00ebr kamion - Lajme nga Ulqini<\/title>\n<meta name=\"description\" content=\"Rrug\u00ebt jan\u00eb pjes\u00ebrisht t\u00eb kalueshme Qysh n\u00eb or\u00ebn pes\u00eb t\u00eb m\u00ebngjesit t\u00eb s\u00eb shtun\u00ebs, organi mbik\u00ebqyr\u00ebs i komun\u00ebs s\u00eb Prishtin\u00eb, ka dal n\u00eb teren p\u00ebr t\u00eb\" \/>\n<meta name=\"robots\" content=\"index, follow, max-snippet:-1, max-image-preview:large, max-video-preview:-1\" \/>\n<link rel=\"canonical\" href=\"https:\/\/www.visit-ulcinj.com\/blog\/2008\/11\/22\/vendkalimi-kufitar-kosove-mali-i-zi-i-mbyllur-per-kamion\/\" \/>\n<meta property=\"og:locale\" content=\"en_US\" \/>\n<meta property=\"og:type\" content=\"article\" \/>\n<meta property=\"og:title\" content=\"Vendkalimi kufitar Kosov\u00eb - Mali i Zi i mbyllur p\u00ebr kamion - Lajme nga Ulqini\" \/>\n<meta property=\"og:description\" content=\"Rrug\u00ebt jan\u00eb pjes\u00ebrisht t\u00eb kalueshme Qysh n\u00eb or\u00ebn pes\u00eb t\u00eb m\u00ebngjesit t\u00eb s\u00eb shtun\u00ebs, organi mbik\u00ebqyr\u00ebs i komun\u00ebs s\u00eb Prishtin\u00eb, ka dal n\u00eb teren p\u00ebr t\u00eb\" \/>\n<meta property=\"og:url\" content=\"https:\/\/www.visit-ulcinj.com\/blog\/2008\/11\/22\/vendkalimi-kufitar-kosove-mali-i-zi-i-mbyllur-per-kamion\/\" \/>\n<meta property=\"og:site_name\" content=\"Lajme nga Ulqini\" \/>\n<meta property=\"article:published_time\" content=\"2008-11-22T20:15:00+00:00\" \/>\n<meta property=\"article:modified_time\" content=\"2008-11-23T18:20:06+00:00\" \/>\n<meta property=\"og:image\" content=\"http:\/\/www.visit-ulcinj.com\/blog\/wp-content\/uploads\/2008\/11\/dimri1-300x200.jpg\" \/>\n<meta name=\"twitter:label1\" content=\"Written by\" \/>\n\t<meta name=\"twitter:data1\" content=\"ulqini\" \/>\n\t<meta name=\"twitter:label2\" content=\"Est. reading time\" \/>\n\t<meta name=\"twitter:data2\" content=\"2 minutes\" \/>\n<script type=\"application\/ld+json\" class=\"yoast-schema-graph\">{\"@context\":\"https:\/\/schema.org\",\"@graph\":[{\"@type\":\"WebSite\",\"@id\":\"https:\/\/www.visit-ulcinj.com\/blog\/#website\",\"url\":\"https:\/\/www.visit-ulcinj.com\/blog\/\",\"name\":\"Lajme nga Ulqini\",\"description\":\"Lajme,Vijesti,Ulqini,Ulqin,Crna Gora,Mali i Zi\",\"potentialAction\":[{\"@type\":\"SearchAction\",\"target\":{\"@type\":\"EntryPoint\",\"urlTemplate\":\"https:\/\/www.visit-ulcinj.com\/blog\/?s={search_term_string}\"},\"query-input\":\"required name=search_term_string\"}],\"inLanguage\":\"en-US\"},{\"@type\":\"ImageObject\",\"inLanguage\":\"en-US\",\"@id\":\"https:\/\/www.visit-ulcinj.com\/blog\/2008\/11\/22\/vendkalimi-kufitar-kosove-mali-i-zi-i-mbyllur-per-kamion\/#primaryimage\",\"url\":\"http:\/\/www.visit-ulcinj.com\/blog\/wp-content\/uploads\/2008\/11\/dimri1-300x200.jpg\",\"contentUrl\":\"http:\/\/www.visit-ulcinj.com\/blog\/wp-content\/uploads\/2008\/11\/dimri1-300x200.jpg\"},{\"@type\":\"WebPage\",\"@id\":\"https:\/\/www.visit-ulcinj.com\/blog\/2008\/11\/22\/vendkalimi-kufitar-kosove-mali-i-zi-i-mbyllur-per-kamion\/#webpage\",\"url\":\"https:\/\/www.visit-ulcinj.com\/blog\/2008\/11\/22\/vendkalimi-kufitar-kosove-mali-i-zi-i-mbyllur-per-kamion\/\",\"name\":\"Vendkalimi kufitar Kosov\u00eb - Mali i Zi i mbyllur p\u00ebr kamion - Lajme nga Ulqini\",\"isPartOf\":{\"@id\":\"https:\/\/www.visit-ulcinj.com\/blog\/#website\"},\"primaryImageOfPage\":{\"@id\":\"https:\/\/www.visit-ulcinj.com\/blog\/2008\/11\/22\/vendkalimi-kufitar-kosove-mali-i-zi-i-mbyllur-per-kamion\/#primaryimage\"},\"datePublished\":\"2008-11-22T20:15:00+00:00\",\"dateModified\":\"2008-11-23T18:20:06+00:00\",\"author\":{\"@id\":\"https:\/\/www.visit-ulcinj.com\/blog\/#\/schema\/person\/dcab619c614d3038751c63bc2aadc06d\"},\"description\":\"Rrug\u00ebt jan\u00eb pjes\u00ebrisht t\u00eb kalueshme Qysh n\u00eb or\u00ebn pes\u00eb t\u00eb m\u00ebngjesit t\u00eb s\u00eb shtun\u00ebs, organi mbik\u00ebqyr\u00ebs i komun\u00ebs s\u00eb Prishtin\u00eb, ka dal n\u00eb teren p\u00ebr t\u00eb\",\"breadcrumb\":{\"@id\":\"https:\/\/www.visit-ulcinj.com\/blog\/2008\/11\/22\/vendkalimi-kufitar-kosove-mali-i-zi-i-mbyllur-per-kamion\/#breadcrumb\"},\"inLanguage\":\"en-US\",\"potentialAction\":[{\"@type\":\"ReadAction\",\"target\":[\"https:\/\/www.visit-ulcinj.com\/blog\/2008\/11\/22\/vendkalimi-kufitar-kosove-mali-i-zi-i-mbyllur-per-kamion\/\"]}]},{\"@type\":\"BreadcrumbList\",\"@id\":\"https:\/\/www.visit-ulcinj.com\/blog\/2008\/11\/22\/vendkalimi-kufitar-kosove-mali-i-zi-i-mbyllur-per-kamion\/#breadcrumb\",\"itemListElement\":[{\"@type\":\"ListItem\",\"position\":1,\"name\":\"Vendkalimi kufitar Kosov\u00eb &#8211; Mali i Zi i mbyllur p\u00ebr kamion\"}]},{\"@type\":\"Person\",\"@id\":\"https:\/\/www.visit-ulcinj.com\/blog\/#\/schema\/person\/dcab619c614d3038751c63bc2aadc06d\",\"name\":\"ulqini\",\"sameAs\":[\"http:\/\/www.visit-ulcinj.com\"],\"url\":\"https:\/\/www.visit-ulcinj.com\/blog\/author\/admin\/\"}]}<\/script>\n<!-- \/ Yoast SEO plugin. -->","yoast_head_json":{"title":"Vendkalimi kufitar Kosov\u00eb - Mali i Zi i mbyllur p\u00ebr kamion - Lajme nga Ulqini","description":"Rrug\u00ebt jan\u00eb pjes\u00ebrisht t\u00eb kalueshme Qysh n\u00eb or\u00ebn pes\u00eb t\u00eb m\u00ebngjesit t\u00eb s\u00eb shtun\u00ebs, organi mbik\u00ebqyr\u00ebs i komun\u00ebs s\u00eb Prishtin\u00eb, ka dal n\u00eb teren p\u00ebr t\u00eb","robots":{"index":"index","follow":"follow","max-snippet":"max-snippet:-1","max-image-preview":"max-image-preview:large","max-video-preview":"max-video-preview:-1"},"canonical":"https:\/\/www.visit-ulcinj.com\/blog\/2008\/11\/22\/vendkalimi-kufitar-kosove-mali-i-zi-i-mbyllur-per-kamion\/","og_locale":"en_US","og_type":"article","og_title":"Vendkalimi kufitar Kosov\u00eb - Mali i Zi i mbyllur p\u00ebr kamion - Lajme nga Ulqini","og_description":"Rrug\u00ebt jan\u00eb pjes\u00ebrisht t\u00eb kalueshme Qysh n\u00eb or\u00ebn pes\u00eb t\u00eb m\u00ebngjesit t\u00eb s\u00eb shtun\u00ebs, organi mbik\u00ebqyr\u00ebs i komun\u00ebs s\u00eb Prishtin\u00eb, ka dal n\u00eb teren p\u00ebr t\u00eb","og_url":"https:\/\/www.visit-ulcinj.com\/blog\/2008\/11\/22\/vendkalimi-kufitar-kosove-mali-i-zi-i-mbyllur-per-kamion\/","og_site_name":"Lajme nga Ulqini","article_published_time":"2008-11-22T20:15:00+00:00","article_modified_time":"2008-11-23T18:20:06+00:00","og_image":[{"url":"http:\/\/www.visit-ulcinj.com\/blog\/wp-content\/uploads\/2008\/11\/dimri1-300x200.jpg"}],"twitter_misc":{"Written by":"ulqini","Est. reading time":"2 minutes"},"schema":{"@context":"https:\/\/schema.org","@graph":[{"@type":"WebSite","@id":"https:\/\/www.visit-ulcinj.com\/blog\/#website","url":"https:\/\/www.visit-ulcinj.com\/blog\/","name":"Lajme nga Ulqini","description":"Lajme,Vijesti,Ulqini,Ulqin,Crna Gora,Mali i Zi","potentialAction":[{"@type":"SearchAction","target":{"@type":"EntryPoint","urlTemplate":"https:\/\/www.visit-ulcinj.com\/blog\/?s={search_term_string}"},"query-input":"required name=search_term_string"}],"inLanguage":"en-US"},{"@type":"ImageObject","inLanguage":"en-US","@id":"https:\/\/www.visit-ulcinj.com\/blog\/2008\/11\/22\/vendkalimi-kufitar-kosove-mali-i-zi-i-mbyllur-per-kamion\/#primaryimage","url":"http:\/\/www.visit-ulcinj.com\/blog\/wp-content\/uploads\/2008\/11\/dimri1-300x200.jpg","contentUrl":"http:\/\/www.visit-ulcinj.com\/blog\/wp-content\/uploads\/2008\/11\/dimri1-300x200.jpg"},{"@type":"WebPage","@id":"https:\/\/www.visit-ulcinj.com\/blog\/2008\/11\/22\/vendkalimi-kufitar-kosove-mali-i-zi-i-mbyllur-per-kamion\/#webpage","url":"https:\/\/www.visit-ulcinj.com\/blog\/2008\/11\/22\/vendkalimi-kufitar-kosove-mali-i-zi-i-mbyllur-per-kamion\/","name":"Vendkalimi kufitar Kosov\u00eb - Mali i Zi i mbyllur p\u00ebr kamion - Lajme nga Ulqini","isPartOf":{"@id":"https:\/\/www.visit-ulcinj.com\/blog\/#website"},"primaryImageOfPage":{"@id":"https:\/\/www.visit-ulcinj.com\/blog\/2008\/11\/22\/vendkalimi-kufitar-kosove-mali-i-zi-i-mbyllur-per-kamion\/#primaryimage"},"datePublished":"2008-11-22T20:15:00+00:00","dateModified":"2008-11-23T18:20:06+00:00","author":{"@id":"https:\/\/www.visit-ulcinj.com\/blog\/#\/schema\/person\/dcab619c614d3038751c63bc2aadc06d"},"description":"Rrug\u00ebt jan\u00eb pjes\u00ebrisht t\u00eb kalueshme Qysh n\u00eb or\u00ebn pes\u00eb t\u00eb m\u00ebngjesit t\u00eb s\u00eb shtun\u00ebs, organi mbik\u00ebqyr\u00ebs i komun\u00ebs s\u00eb Prishtin\u00eb, ka dal n\u00eb teren p\u00ebr t\u00eb","breadcrumb":{"@id":"https:\/\/www.visit-ulcinj.com\/blog\/2008\/11\/22\/vendkalimi-kufitar-kosove-mali-i-zi-i-mbyllur-per-kamion\/#breadcrumb"},"inLanguage":"en-US","potentialAction":[{"@type":"ReadAction","target":["https:\/\/www.visit-ulcinj.com\/blog\/2008\/11\/22\/vendkalimi-kufitar-kosove-mali-i-zi-i-mbyllur-per-kamion\/"]}]},{"@type":"BreadcrumbList","@id":"https:\/\/www.visit-ulcinj.com\/blog\/2008\/11\/22\/vendkalimi-kufitar-kosove-mali-i-zi-i-mbyllur-per-kamion\/#breadcrumb","itemListElement":[{"@type":"ListItem","position":1,"name":"Vendkalimi kufitar Kosov\u00eb &#8211; Mali i Zi i mbyllur p\u00ebr kamion"}]},{"@type":"Person","@id":"https:\/\/www.visit-ulcinj.com\/blog\/#\/schema\/person\/dcab619c614d3038751c63bc2aadc06d","name":"ulqini","sameAs":["http:\/\/www.visit-ulcinj.com"],"url":"https:\/\/www.visit-ulcinj.com\/blog\/author\/admin\/"}]}},"jetpack_featured_media_url":"","jetpack_sharing_enabled":true,"jetpack_shortlink":"https:\/\/wp.me\/pe6lTn-1GJ","_links":{"self":[{"href":"https:\/\/www.visit-ulcinj.com\/blog\/wp-json\/wp\/v2\/posts\/6493"}],"collection":[{"href":"https:\/\/www.visit-ulcinj.com\/blog\/wp-json\/wp\/v2\/posts"}],"about":[{"href":"https:\/\/www.visit-ulcinj.com\/blog\/wp-json\/wp\/v2\/types\/post"}],"author":[{"embeddable":true,"href":"https:\/\/www.visit-ulcinj.com\/blog\/wp-json\/wp\/v2\/users\/1"}],"replies":[{"embeddable":true,"href":"https:\/\/www.visit-ulcinj.com\/blog\/wp-json\/wp\/v2\/comments?post=6493"}],"version-history":[{"count":0,"href":"https:\/\/www.visit-ulcinj.com\/blog\/wp-json\/wp\/v2\/posts\/6493\/revisions"}],"wp:attachment":[{"href":"https:\/\/www.visit-ulcinj.com\/blog\/wp-json\/wp\/v2\/media?parent=6493"}],"wp:term":[{"taxonomy":"category","embeddable":true,"href":"https:\/\/www.visit-ulcinj.com\/blog\/wp-json\/wp\/v2\/categories?post=6493"},{"taxonomy":"post_tag","embeddable":true,"href":"https:\/\/www.visit-ulcinj.com\/blog\/wp-json\/wp\/v2\/tags?post=6493"}],"curies":[{"name":"wp","href":"https:\/\/api.w.org\/{rel}","templated":true}]}}