{"id":64941,"date":"2012-10-22T08:43:50","date_gmt":"2012-10-22T07:43:50","guid":{"rendered":"http:\/\/www.visit-ulcinj.com\/blog\/?p=64941"},"modified":"2012-10-22T08:43:50","modified_gmt":"2012-10-22T07:43:50","slug":"ulcinj-domacin-turnira-fed-kupa","status":"publish","type":"post","link":"https:\/\/www.visit-ulcinj.com\/blog\/2012\/10\/22\/ulcinj-domacin-turnira-fed-kupa\/","title":{"rendered":"Ulcinj doma\u0107in turnira FED kupa"},"content":{"rendered":"<p><a href=\"http:\/\/www.visit-ulcinj.com\/blog\/wp-content\/uploads\/2012\/10\/ulcinj-domacin-turnira-fed-kupa.jpg\"><img loading=\"lazy\" class=\"alignleft  wp-image-64942\" title=\"ulcinj-domacin-turnira-fed-kupa\" src=\"http:\/\/www.visit-ulcinj.com\/blog\/wp-content\/uploads\/2012\/10\/ulcinj-domacin-turnira-fed-kupa.jpg\" alt=\"\" width=\"508\" height=\"316\" \/><\/a>Ulcinj \u0107e u aprilu naredne godine biti doma\u0107in turnira druge grupe evro-afri\u010dke zone Federej\u0161n kupa, saop\u0161teno je iz Teniskog saveza Crne Gore (TSCG).<\/p>\n<p>Turnir, koji \u0107e okupiti osam \u017eenskih teniskih reprezentacija, bi\u0107e odr\u017ean od 15. do 22. aprila.<\/p>\n<p>Predsjednik TSCG-a Dimitrije Ra\u0161ovi\u0107 kazao je da je doma\u0107ina turnira odredila Svjetska teniska asocijacija (ITF), kao i da su u konkurenciji za organizatora bili jo\u0161 Gr\u010dka i Ju\u017ena Afrika.<\/p>\n<p>&#8220;Zna\u010daj odluke ITF za nas je veliki, jer \u0107e na\u0161a reprezentacija imati mogu\u0107nost da se pred na\u0161om publikom bori za prvu grupu. Ukoliko se desi da na\u0161a reprezentacija ne u\u0111e u prvu grupu, ve\u0107 zadr\u017ei dosada\u0161nji plasman, bi\u0107e i to zna\u010dajan uspjeh za na\u0161e mlade teniserke&#8221;, rekao je predsjednik TSCG Dimitrije Ra\u0161ovi\u0107.<\/p>\n<p>On je kazao da je FED kup presti\u017eno takmi\u010denje, koje okuplja \u017eenske teniske reprezentacije iz 90 dr\u017eava svijeta.<\/p>\n<p>&#8220;To je presti\u017eni turnir gdje su kritrijumi veoma strogi. Sponzor takmi\u010denja bi\u0107e Paribas, poznata banka koja zapo\u0161ljava oko 70 hiljada ljudi. Bi\u0107e to \u0161ansa za Crnu Goru da se predstavi na najbolji na\u010din&#8221;, rekao je Ra\u0161ovi\u0107.<\/p>\n<p>Selektor Danica Krstaji\u0107 kazala je da joj je drago \u0161to se takmi\u010denje tog ranga biti odr\u017eano u Crnoj Gori.<\/p>\n<p>&#8220;To je za na\u0161e igra\u010dice i njihovu budu\u0107nost jako bitno. U\u010destvuje osam reprezentacija, \u010detiri koje su taj status zadr\u017eale pro\u0161le godine Crna Gora, Finska, Ju\u017ena Afrika i Letonija. Iz prve grupe pro\u0161le godine ispale su Gr\u010dka i Estonija, dok su Tunis i Litvanija izborile plasman iz tre\u0107e grupe&#8221;, rekla je Krstaji\u0107.<\/p>\n<p>Ona je kazala da reprezentacija ima dosta vremena da se pripremi i poku\u0161a da izbori plasman u vi\u0161i rang.<\/p>\n<p>&#8220;\u0160to se ti\u010de na\u0161e reprezentacije tu su prije svih Danka Kovini\u0107 i Vladica Babi\u0107. Poku\u0161a\u0107u da se anga\u017eujem i doprinesem \u0161to vi\u0161e. Nadam se da \u0107emo se plasirati u prvu grupu pred svojom publikom&#8221;, rekla je Krstaji\u0107.<\/p>\n<p>Prema propozicijama, reprezentacije \u0107e biti podijeljene u dvije grupe po \u010detiri.<\/p>\n<p>Po dvije najbolje selekcije iz grupa igra\u0107e plej-of, a bolji iz polufinalnih duela izbori\u0107e plasman u prvu grupu.<\/p>\n<p>Posljednje dvije ekipe iz obje grupe u me\u0111usobnim duelima odlu\u010di\u0107e koje \u0107e dvije naredne godine igrati u tre\u0107oj grupi.<br \/>\n<a href=\"http:\/\/www.visit-ulcinj.com\/blog\/wp-content\/uploads\/2012\/10\/Ulcinj-domacin-turnira-FED-kupa.jpg\"><img loading=\"lazy\" class=\"alignleft  wp-image-64943\" title=\"Ulcinj domacin turnira FED kupa\" src=\"http:\/\/www.visit-ulcinj.com\/blog\/wp-content\/uploads\/2012\/10\/Ulcinj-domacin-turnira-FED-kupa.jpg\" alt=\"\" width=\"508\" height=\"300\" \/><\/a><\/p>\n<p>Gradona\u010delbnik Ulcinja, koje je ujedno i predsjednik teniskog kluba iz tog grada Belvi, Nazif Cungu kazao je da \u0107e turnir biti prilika za promociju tog grada.<\/p>\n<p>&#8220;Zadovoljan sam kao gradona\u010delnik Ulcinja \u0161to \u0107emo biti doma\u0107ini tog velikog takmi\u010denja, a kao predsjednik kluba posebno mi je drago \u0161to smo za tri godine uspjeli da napraviomo teniski centar koji se izdvaja od svih kompleksa u Crnoj Gori&#8221;, rekao je Cungu.<\/p>\n<p>On je istakao da \u0107e turnir za Ulcinj i Ulcinjane biti prilika da poka\u017eu gostroprimstvo i promovi\u0161u grad.<\/p>\n<p>&#8220;To je zna\u010dajna manifesracija za Ulcinj, za tenis u tom gradu i cijeloj Crnoj Gori&#8221;, rekao je Cungu.<\/p>\n<p>Crnogorska fed reprezentacija pro\u0161le godine nastup je zavr\u0161ila u polufinalu turnira u Kairu.<\/p>\n<p><a href=\"http:\/\/www.vijesti.me\/sport\/ulcinj-domacin-turnira-fed-kupa-clanak-96545\" target=\"_blank\"><strong>Mina<\/strong><\/a><br \/>\n<a href=\"http:\/\/www.vijesti.me\/sport\/ulcinj-domacin-turnira-fed-kupa-clanak-96545\" target=\"_blank\"><strong>Vijesti online<\/strong><\/a><\/p>\n","protected":false},"excerpt":{"rendered":"<p>Ulcinj \u0107e u aprilu naredne godine biti doma\u0107in turnira druge grupe evro-afri\u010dke zone Federej\u0161n kupa, saop\u0161teno je iz Teniskog saveza Crne Gore (TSCG). Turnir, koji \u0107e okupiti osam \u017eenskih teniskih reprezentacija, bi\u0107e odr\u017ean od 15. do 22. aprila. Predsjednik TSCG-a Dimitrije Ra\u0161ovi\u0107 kazao je da je doma\u0107ina turnira odredila Svjetska teniska asocijacija (ITF), kao i [&hellip;]<\/p>\n","protected":false},"author":1,"featured_media":0,"comment_status":"open","ping_status":"closed","sticky":false,"template":"","format":"standard","meta":{"spay_email":"","jetpack_publicize_message":"","jetpack_is_tweetstorm":false,"jetpack_publicize_feature_enabled":true},"categories":[8337],"tags":[21279,21280],"jetpack_publicize_connections":[],"yoast_head":"<!-- This site is optimized with the Yoast SEO plugin v19.1 - https:\/\/yoast.com\/wordpress\/plugins\/seo\/ -->\n<title>Ulcinj doma\u0107in turnira FED kupa - Lajme nga Ulqini<\/title>\n<meta name=\"description\" content=\"Ulcinj \u0107e u aprilu naredne godine biti doma\u0107in turnira druge grupe evro-afri\u010dke zone Federej\u0161n kupa, saop\u0161teno je iz Teniskog saveza Crne Gore (TSCG).\" \/>\n<meta name=\"robots\" content=\"index, follow, max-snippet:-1, max-image-preview:large, max-video-preview:-1\" \/>\n<link rel=\"canonical\" href=\"https:\/\/www.visit-ulcinj.com\/blog\/2012\/10\/22\/ulcinj-domacin-turnira-fed-kupa\/\" \/>\n<meta property=\"og:locale\" content=\"en_US\" \/>\n<meta property=\"og:type\" content=\"article\" \/>\n<meta property=\"og:title\" content=\"Ulcinj doma\u0107in turnira FED kupa - Lajme nga Ulqini\" \/>\n<meta property=\"og:description\" content=\"Ulcinj \u0107e u aprilu naredne godine biti doma\u0107in turnira druge grupe evro-afri\u010dke zone Federej\u0161n kupa, saop\u0161teno je iz Teniskog saveza Crne Gore (TSCG).\" \/>\n<meta property=\"og:url\" content=\"https:\/\/www.visit-ulcinj.com\/blog\/2012\/10\/22\/ulcinj-domacin-turnira-fed-kupa\/\" \/>\n<meta property=\"og:site_name\" content=\"Lajme nga Ulqini\" \/>\n<meta property=\"article:published_time\" content=\"2012-10-22T07:43:50+00:00\" \/>\n<meta property=\"og:image\" content=\"http:\/\/www.visit-ulcinj.com\/blog\/wp-content\/uploads\/2012\/10\/ulcinj-domacin-turnira-fed-kupa.jpg\" \/>\n<meta name=\"twitter:label1\" content=\"Written by\" \/>\n\t<meta name=\"twitter:data1\" content=\"ulqini\" \/>\n\t<meta name=\"twitter:label2\" content=\"Est. reading time\" \/>\n\t<meta name=\"twitter:data2\" content=\"3 minutes\" \/>\n<script type=\"application\/ld+json\" class=\"yoast-schema-graph\">{\"@context\":\"https:\/\/schema.org\",\"@graph\":[{\"@type\":\"WebSite\",\"@id\":\"https:\/\/www.visit-ulcinj.com\/blog\/#website\",\"url\":\"https:\/\/www.visit-ulcinj.com\/blog\/\",\"name\":\"Lajme nga Ulqini\",\"description\":\"Lajme,Vijesti,Ulqini,Ulqin,Crna Gora,Mali i Zi\",\"potentialAction\":[{\"@type\":\"SearchAction\",\"target\":{\"@type\":\"EntryPoint\",\"urlTemplate\":\"https:\/\/www.visit-ulcinj.com\/blog\/?s={search_term_string}\"},\"query-input\":\"required name=search_term_string\"}],\"inLanguage\":\"en-US\"},{\"@type\":\"ImageObject\",\"inLanguage\":\"en-US\",\"@id\":\"https:\/\/www.visit-ulcinj.com\/blog\/2012\/10\/22\/ulcinj-domacin-turnira-fed-kupa\/#primaryimage\",\"url\":\"https:\/\/www.visit-ulcinj.com\/blog\/wp-content\/uploads\/2012\/10\/ulcinj-domacin-turnira-fed-kupa.jpg\",\"contentUrl\":\"https:\/\/www.visit-ulcinj.com\/blog\/wp-content\/uploads\/2012\/10\/ulcinj-domacin-turnira-fed-kupa.jpg\",\"width\":\"519\",\"height\":\"316\"},{\"@type\":\"WebPage\",\"@id\":\"https:\/\/www.visit-ulcinj.com\/blog\/2012\/10\/22\/ulcinj-domacin-turnira-fed-kupa\/#webpage\",\"url\":\"https:\/\/www.visit-ulcinj.com\/blog\/2012\/10\/22\/ulcinj-domacin-turnira-fed-kupa\/\",\"name\":\"Ulcinj doma\u0107in turnira FED kupa - Lajme nga Ulqini\",\"isPartOf\":{\"@id\":\"https:\/\/www.visit-ulcinj.com\/blog\/#website\"},\"primaryImageOfPage\":{\"@id\":\"https:\/\/www.visit-ulcinj.com\/blog\/2012\/10\/22\/ulcinj-domacin-turnira-fed-kupa\/#primaryimage\"},\"datePublished\":\"2012-10-22T07:43:50+00:00\",\"dateModified\":\"2012-10-22T07:43:50+00:00\",\"author\":{\"@id\":\"https:\/\/www.visit-ulcinj.com\/blog\/#\/schema\/person\/dcab619c614d3038751c63bc2aadc06d\"},\"description\":\"Ulcinj \u0107e u aprilu naredne godine biti doma\u0107in turnira druge grupe evro-afri\u010dke zone Federej\u0161n kupa, saop\u0161teno je iz Teniskog saveza Crne Gore (TSCG).\",\"breadcrumb\":{\"@id\":\"https:\/\/www.visit-ulcinj.com\/blog\/2012\/10\/22\/ulcinj-domacin-turnira-fed-kupa\/#breadcrumb\"},\"inLanguage\":\"en-US\",\"potentialAction\":[{\"@type\":\"ReadAction\",\"target\":[\"https:\/\/www.visit-ulcinj.com\/blog\/2012\/10\/22\/ulcinj-domacin-turnira-fed-kupa\/\"]}]},{\"@type\":\"BreadcrumbList\",\"@id\":\"https:\/\/www.visit-ulcinj.com\/blog\/2012\/10\/22\/ulcinj-domacin-turnira-fed-kupa\/#breadcrumb\",\"itemListElement\":[{\"@type\":\"ListItem\",\"position\":1,\"name\":\"Ulcinj doma\u0107in turnira FED kupa\"}]},{\"@type\":\"Person\",\"@id\":\"https:\/\/www.visit-ulcinj.com\/blog\/#\/schema\/person\/dcab619c614d3038751c63bc2aadc06d\",\"name\":\"ulqini\",\"sameAs\":[\"http:\/\/www.visit-ulcinj.com\"],\"url\":\"https:\/\/www.visit-ulcinj.com\/blog\/author\/admin\/\"}]}<\/script>\n<!-- \/ Yoast SEO plugin. -->","yoast_head_json":{"title":"Ulcinj doma\u0107in turnira FED kupa - Lajme nga Ulqini","description":"Ulcinj \u0107e u aprilu naredne godine biti doma\u0107in turnira druge grupe evro-afri\u010dke zone Federej\u0161n kupa, saop\u0161teno je iz Teniskog saveza Crne Gore (TSCG).","robots":{"index":"index","follow":"follow","max-snippet":"max-snippet:-1","max-image-preview":"max-image-preview:large","max-video-preview":"max-video-preview:-1"},"canonical":"https:\/\/www.visit-ulcinj.com\/blog\/2012\/10\/22\/ulcinj-domacin-turnira-fed-kupa\/","og_locale":"en_US","og_type":"article","og_title":"Ulcinj doma\u0107in turnira FED kupa - Lajme nga Ulqini","og_description":"Ulcinj \u0107e u aprilu naredne godine biti doma\u0107in turnira druge grupe evro-afri\u010dke zone Federej\u0161n kupa, saop\u0161teno je iz Teniskog saveza Crne Gore (TSCG).","og_url":"https:\/\/www.visit-ulcinj.com\/blog\/2012\/10\/22\/ulcinj-domacin-turnira-fed-kupa\/","og_site_name":"Lajme nga Ulqini","article_published_time":"2012-10-22T07:43:50+00:00","og_image":[{"url":"http:\/\/www.visit-ulcinj.com\/blog\/wp-content\/uploads\/2012\/10\/ulcinj-domacin-turnira-fed-kupa.jpg"}],"twitter_misc":{"Written by":"ulqini","Est. reading time":"3 minutes"},"schema":{"@context":"https:\/\/schema.org","@graph":[{"@type":"WebSite","@id":"https:\/\/www.visit-ulcinj.com\/blog\/#website","url":"https:\/\/www.visit-ulcinj.com\/blog\/","name":"Lajme nga Ulqini","description":"Lajme,Vijesti,Ulqini,Ulqin,Crna Gora,Mali i Zi","potentialAction":[{"@type":"SearchAction","target":{"@type":"EntryPoint","urlTemplate":"https:\/\/www.visit-ulcinj.com\/blog\/?s={search_term_string}"},"query-input":"required name=search_term_string"}],"inLanguage":"en-US"},{"@type":"ImageObject","inLanguage":"en-US","@id":"https:\/\/www.visit-ulcinj.com\/blog\/2012\/10\/22\/ulcinj-domacin-turnira-fed-kupa\/#primaryimage","url":"https:\/\/www.visit-ulcinj.com\/blog\/wp-content\/uploads\/2012\/10\/ulcinj-domacin-turnira-fed-kupa.jpg","contentUrl":"https:\/\/www.visit-ulcinj.com\/blog\/wp-content\/uploads\/2012\/10\/ulcinj-domacin-turnira-fed-kupa.jpg","width":"519","height":"316"},{"@type":"WebPage","@id":"https:\/\/www.visit-ulcinj.com\/blog\/2012\/10\/22\/ulcinj-domacin-turnira-fed-kupa\/#webpage","url":"https:\/\/www.visit-ulcinj.com\/blog\/2012\/10\/22\/ulcinj-domacin-turnira-fed-kupa\/","name":"Ulcinj doma\u0107in turnira FED kupa - Lajme nga Ulqini","isPartOf":{"@id":"https:\/\/www.visit-ulcinj.com\/blog\/#website"},"primaryImageOfPage":{"@id":"https:\/\/www.visit-ulcinj.com\/blog\/2012\/10\/22\/ulcinj-domacin-turnira-fed-kupa\/#primaryimage"},"datePublished":"2012-10-22T07:43:50+00:00","dateModified":"2012-10-22T07:43:50+00:00","author":{"@id":"https:\/\/www.visit-ulcinj.com\/blog\/#\/schema\/person\/dcab619c614d3038751c63bc2aadc06d"},"description":"Ulcinj \u0107e u aprilu naredne godine biti doma\u0107in turnira druge grupe evro-afri\u010dke zone Federej\u0161n kupa, saop\u0161teno je iz Teniskog saveza Crne Gore (TSCG).","breadcrumb":{"@id":"https:\/\/www.visit-ulcinj.com\/blog\/2012\/10\/22\/ulcinj-domacin-turnira-fed-kupa\/#breadcrumb"},"inLanguage":"en-US","potentialAction":[{"@type":"ReadAction","target":["https:\/\/www.visit-ulcinj.com\/blog\/2012\/10\/22\/ulcinj-domacin-turnira-fed-kupa\/"]}]},{"@type":"BreadcrumbList","@id":"https:\/\/www.visit-ulcinj.com\/blog\/2012\/10\/22\/ulcinj-domacin-turnira-fed-kupa\/#breadcrumb","itemListElement":[{"@type":"ListItem","position":1,"name":"Ulcinj doma\u0107in turnira FED kupa"}]},{"@type":"Person","@id":"https:\/\/www.visit-ulcinj.com\/blog\/#\/schema\/person\/dcab619c614d3038751c63bc2aadc06d","name":"ulqini","sameAs":["http:\/\/www.visit-ulcinj.com"],"url":"https:\/\/www.visit-ulcinj.com\/blog\/author\/admin\/"}]}},"jetpack_featured_media_url":"","jetpack_sharing_enabled":true,"jetpack_shortlink":"https:\/\/wp.me\/pe6lTn-gTr","_links":{"self":[{"href":"https:\/\/www.visit-ulcinj.com\/blog\/wp-json\/wp\/v2\/posts\/64941"}],"collection":[{"href":"https:\/\/www.visit-ulcinj.com\/blog\/wp-json\/wp\/v2\/posts"}],"about":[{"href":"https:\/\/www.visit-ulcinj.com\/blog\/wp-json\/wp\/v2\/types\/post"}],"author":[{"embeddable":true,"href":"https:\/\/www.visit-ulcinj.com\/blog\/wp-json\/wp\/v2\/users\/1"}],"replies":[{"embeddable":true,"href":"https:\/\/www.visit-ulcinj.com\/blog\/wp-json\/wp\/v2\/comments?post=64941"}],"version-history":[{"count":1,"href":"https:\/\/www.visit-ulcinj.com\/blog\/wp-json\/wp\/v2\/posts\/64941\/revisions"}],"predecessor-version":[{"id":64944,"href":"https:\/\/www.visit-ulcinj.com\/blog\/wp-json\/wp\/v2\/posts\/64941\/revisions\/64944"}],"wp:attachment":[{"href":"https:\/\/www.visit-ulcinj.com\/blog\/wp-json\/wp\/v2\/media?parent=64941"}],"wp:term":[{"taxonomy":"category","embeddable":true,"href":"https:\/\/www.visit-ulcinj.com\/blog\/wp-json\/wp\/v2\/categories?post=64941"},{"taxonomy":"post_tag","embeddable":true,"href":"https:\/\/www.visit-ulcinj.com\/blog\/wp-json\/wp\/v2\/tags?post=64941"}],"curies":[{"name":"wp","href":"https:\/\/api.w.org\/{rel}","templated":true}]}}