{"id":64945,"date":"2012-10-22T08:58:49","date_gmt":"2012-10-22T07:58:49","guid":{"rendered":"http:\/\/www.visit-ulcinj.com\/blog\/?p=64945"},"modified":"2012-10-22T08:58:49","modified_gmt":"2012-10-22T07:58:49","slug":"nova-arheoloska-istrazivanja-svaca-dokazan-suzivot-slovena-i-romeja-video","status":"publish","type":"post","link":"https:\/\/www.visit-ulcinj.com\/blog\/2012\/10\/22\/nova-arheoloska-istrazivanja-svaca-dokazan-suzivot-slovena-i-romeja-video\/","title":{"rendered":"Nova arheolo\u0161ka istra\u017eivanja Sva\u010da: Dokazan su\u017eivot Slovena i Romeja &#8211; Video"},"content":{"rendered":"<p><strong>VIDEO TV TEUTA ULCINJ<\/strong><br \/>\n<iframe loading=\"lazy\" src=\"http:\/\/www.youtube.com\/embed\/oMIgfpWYrlY\" frameborder=\"0\" width=\"508\" height=\"360\"><\/iframe><br \/>\n<strong>Grabanica Gabriel Facebook<\/strong><br \/>\n<strong>ULCINJ \u2013 Otkopavanje spoljnjeg bedema srednjovjekovnog grada Sva\u010da kod Ulcinja i reviziona istra\u017eivanja unutra\u0161njosti Crkve Svetog Jovana, kao i episkopskog dvora, rezultirala su brojnim otkri\u0107ima koja mogu biti od pomo\u0107i u boljem razumijevanju funkcija tog misterioznog grada u periodu od VI do XV vijeka \u2013 kazao je za Pobjedu rukovodilac terenskog istra\u017eivanja, arheolog Mladen Zagar\u010danin.<br \/>\n<a href=\"http:\/\/www.visit-ulcinj.com\/blog\/wp-content\/uploads\/2012\/10\/Arheoloska-istrazivanja-Svaca.jpg\"><img loading=\"lazy\" class=\"alignleft  wp-image-64946\" title=\"Arheoloska istrazivanja Svaca\" src=\"http:\/\/www.visit-ulcinj.com\/blog\/wp-content\/uploads\/2012\/10\/Arheoloska-istrazivanja-Svaca.jpg\" alt=\"\" width=\"508\" height=\"360\" \/><\/a><br \/>\n<\/strong><\/p>\n<p>Na Sva\u010du ovih dana rade i arheolozi Milo\u0161 \u017divanovi\u0107, Dejan Dra\u0161kovi\u0107, Anton Ljulj\u0111uraj i studentkinja Barbana Draga. Novo istra\u017eivanje Sva\u010da, najve\u0107e nepoznanice u nizu srednjovjekovnih gradova Crne Gore, pokazuje je da je to najbitniji lokalitet za prou\u010davanje perioda od 6. do 12. vijeka.<\/p>\n<p>&#8211; To se pokazalo kada je, nekoliko dana nakon zapo\u010detih radova, kulturna stratigrafija u Podgra\u0111u Sva\u010da po\u010dela da otkriva na koji na\u010din je grad \u017eivio, rastao i nestao u periodu kada je na\u0161a istorija veoma oskudna pisanim podacima, a to je upravo vrijeme vladavine Vojislavljevi\u0107a, i osnivanje velikog slovenskog kraljevstva na ovim prostorima \u2013 ka\u017ee Mladen Zagar\u010danin.<\/p>\n<p><strong>Neistra\u017eeno Podgra\u0111e<\/strong><\/p>\n<p>Prvenstveno, projekat je zami\u0161ljen da istra\u017ei nekoliko najbitnijih segmenata unutar potpuno neistra\u017eenog Podgra\u0111a koje se prostiralo na velikom platou sa ju\u017ene strane Gornjeg grada, ili sada vidljivog utvr\u0111enja sa kulama, bedemima i raznim vidovima arhitekture unutar cjeline koja se nalazi na najviso\u010dijoj ta\u010dki koja dominira \u0160askim jezerom. Postaje jasno da je Sva\u010d, na vrhuncu svoje mo\u0107i bio grad ve\u0107i od srdenjevjekovnog Kotora.<\/p>\n<p>&#8211; Nakon prethodnog ra\u0161\u010di\u0161\u0107avanja terena i pozicioniranja sondi, zapo\u010deli smo otkopavanje velikog defanzivnog sklopa Podgra\u0111a, za koji smo smo utvrdili da se prostire na nekoliko stotina metara, du\u017e same ivice vje\u0161ta\u010dku uravnate stijene na gdje je po\u010dela da ni\u010de varo\u0161 jo\u0161 u periodu rane Vizantije. Iako je tokom vijekova nestalo jasno uo\u010dljivih zidnih masa, uspjeli smo da otkopamo trasu donjogradskog bedema sa kulama, \u0161to je mo\u017eda od najve\u0107eg zna\u010daja, jer \u0107emo sa ovim istra\u017eivanjima po prvi put zaokru\u017eiti njegove gabarite. To je u stvari i najbitnije jer mi nijesmo imali pravog dokaza koji bi pokazao koliko je to bio velik i kompleksan grad u svoje vrijeme \u2013 ka\u017ee Zagar\u010danin.<br \/>\n<a href=\"http:\/\/www.visit-ulcinj.com\/blog\/wp-content\/uploads\/2012\/10\/Arheoloska-istrazivanja-Svaca.2.jpg\"><img loading=\"lazy\" class=\"alignleft  wp-image-64948\" title=\"Arheoloska istrazivanja Svaca.2\" src=\"http:\/\/www.visit-ulcinj.com\/blog\/wp-content\/uploads\/2012\/10\/Arheoloska-istrazivanja-Svaca.2.jpg\" alt=\"\" width=\"508\" height=\"300\" \/><\/a><\/p>\n<p><strong>Trijumfalna kapija<\/strong><\/p>\n<p>Najve\u0107e otkri\u0107e u okviru ovog dijela istra\u017eivanja je donjogradska kapija. O\u010dito je imala sve\u010dani karakter.<\/p>\n<p>&#8211; Prona\u0161li smo objekat izuzetne arhitektonske vrijednosti u sloju ru\u0161enja sa kraja 7. vijeka. To je trijumfalni ulaz sa unutra\u0161njim pilastrima koji su dr\u017eali zasvo\u0111enu tavanicu. Prona\u0111ena je velika koli\u010dina fresaka na osnovu kojih zaklju\u010dujemo da je unutra\u0161njost prolaza oslikana, dok ostali arheolo\u0161ki slojevi datuju cjelinu krajem 11. vijeka, povezuju\u0107i strukturu sa periodom vladavine kralja Bodina \u2013 isti\u010de Zagar\u010danin.<\/p>\n<p>Izvi\u0161e prolaza je po svemu sude\u0107i bila manja kapela. Sa strana su otkrivene kosturnice datovane novcem vizantijske dinastije Komnina (12. vijek), kao i groblje koje se nalazi sa ju\u017ene strane.<\/p>\n<p>&#8211; To ukazuje da trenutno otkopavamo veoma va\u017eno, da ne ka\u017eem sveto mjesto, okru\u017eeno sakralnim objektima iz ovog perioda. Prvi i jedinstveni od crkvenih objekta u ovom okru\u017eenju jeste mala memorijalna kapela, oslikana spolja. Ova kapela je imala udubljenje za smje\u0161taj sarkofaga, \u0161to zna\u010di da je u njoj bio sahranjen neko izuzetno bitan u ovom periodu, mo\u017eda kralj ili episkop. Sli\u010dna takva je prona\u0111ena nekoliko desetina metara sjeverno, dok je, opet u samoj blizini, do kraja istra\u017eena crkva iz druge polovine 13. ili po\u010detka 14. vijeka \u2013 isti\u010de Zagar\u010danin.<\/p>\n<p><strong>Dokazi su\u017eivota<br \/>\n<a href=\"http:\/\/www.visit-ulcinj.com\/blog\/wp-content\/uploads\/2012\/10\/Arheoloska-istrazivanja-Svaca.1.jpg\"><img loading=\"lazy\" class=\"alignleft  wp-image-64947\" title=\"Arheoloska istrazivanja Svaca.1\" src=\"http:\/\/www.visit-ulcinj.com\/blog\/wp-content\/uploads\/2012\/10\/Arheoloska-istrazivanja-Svaca.1.jpg\" alt=\"\" width=\"508\" height=\"300\" \/><\/a><br \/>\n<\/strong><\/p>\n<p>Na povr\u0161ini koju arheolozi istra\u017euju prona\u0111ene su zgrade profanog kraktera, pa nije isklju\u010deno da se trenutno nalaze u sredini nekog velikog manastirskog ili vladarskog zdanja koje je sagra\u0111eno na zapadnom kraku varo\u0161i.<\/p>\n<p>&#8211; U isto\u010dnom sektoru otkopavamo ranovizantijski objekat sa po\u010detka 6. vijeka. To je tako\u0111e veoma kompleksna cjelina sa ukopanim grobnicama i ogromnom koli\u010dinom materijala iz ovog perioda. Ono \u0161to je najzna\u010dajnije jeste da se Romejska, vizantijska keramika i ostali predmeti mje\u0161aju sa slovenskim izra\u0111evinama pa mo\u017eemo govoriti o nekom su\u017eivotu Slovena i Romeja u periodu od 6. do 9 ili 10. vijeka \u2013 ka\u017ee Zagar\u010danin.<br \/>\nPlanirana istra\u017eivanja na Sva\u010du arheolozi \u0107e okon\u010dati do kraja novembra. Vjeruju da je ovogodi\u0161nja kampanja otvara novo proglavlje u istra\u017eivanju zaboravljenog srednjovjekovlja na\u0161ih najzna\u010dajnijih lokalitata: Sva\u010da, Pre\u010diste Krajinske, Djuteze, Martini\u0107a Gradine, Oboda, Obluna i \u017dabljaka Crnojevi\u0107a. Realno, ve\u0107 do sada su sakupili toliko dokaza da se napor koji su ulo\u017eili mo\u017ee ozna\u010diti kao poduhvat koji opravdava i najoptimisti\u010dija o\u010dekivanja.<\/p>\n<p><strong>Putevi kontinuiteta<\/strong><\/p>\n<p><a href=\"http:\/\/www.visit-ulcinj.com\/blog\/wp-content\/uploads\/2012\/10\/Arheoloska-istrazivanja-Svaca.3.jpg\"><img loading=\"lazy\" class=\"alignleft  wp-image-64949\" title=\"Arheoloska istrazivanja Svaca.3\" src=\"http:\/\/www.visit-ulcinj.com\/blog\/wp-content\/uploads\/2012\/10\/Arheoloska-istrazivanja-Svaca.3.jpg\" alt=\"\" width=\"508\" height=\"300\" \/><\/a><\/p>\n<p>Ovogodi\u0161nja kampanja arheolo\u0161kih istra\u017eivanja na Sva\u010du dio je petogodi\u0161njeg projekta \u201ePutevi kontinuiteta\u201c. Cilj projekta\u00a0 je da se petogodi\u0161njim istra\u017eivanjima prikupi dovoljno informacija koje \u0107e biti osnov za definisanje kontinuiranog \u017eivota i naseljavanja na teritoriji Crne Gore od praistorije do danas. Osmi\u0161ljen je u sektoru za za\u0161titu spomeni\u010dkog naslje\u0111a Ministarstva kulture Crne Gore. Nosilac projekta je Narodni muzej Crne Gore.<\/p>\n<p><strong>Izazov osvaja\u010dima i putopiscima<\/strong><\/p>\n<p>Sva\u010d pripada kulturno-istorijskim spomenicima prve kategorije. Nalazi se 25 kilometara sjeveroisto\u010dno od Ulcinja. Mada legenda ka\u017ee da je imao 365 crkava, za svaki dan u godini po jednu, u njegovim ru\u0161evinama naziru se temelji njih osam. Grad je imao svoju kovnicu novca, u njemu se gradilo, proizvodilo, stvaralo.Vjekovima je bio izazov osvaja\u010dima i putopiscima. Ime Sva\u010da kao episkopskog grada prvi put se pominje 1067. godine, u buli pape Aleksandra II. Sva\u010d su u 13. vijeku sru\u0161ili Mongoli. Nakon te najezde grad je obnovila Jelena An\u017eujska. Definitivno zamire u 16. vijeku kada ga osvajaju Turci. Grad Sva\u010d je samo jednom arheolo\u0161ki istra\u017eivan. To se dogodilo 1985. godine. Rekognosciranjem je utvr\u0111eno da u gradu postoji osam crkava, od \u010dega su dvije su katedralne. Te sezone su sprovedena sonda\u017ena iskopavanja. Nau\u010dnici su bili fokusirani na nekoliko ta\u010daka u gradu. Rezultati su objavljeni a planovi i skice ne postoje. Prikupljeno je dosta pokretnog arheolo\u0161kog materijala koji je datiran i uglavnom je rije\u010d artefaktima iz srednjeg vijeka. Postojao plan da se 1986. godine nastave sistematska istra\u017eivanja, ali do toga nije do\u0161lo.<\/p>\n<p><a href=\"http:\/\/www.pobjeda.me\/2012\/10\/20\/nova-arheoloska-istrazivanja-svaca-dokazan-suzivot-slovena-i-romeja\/\" target=\"_blank\"><strong>V. Simunovi\u0107<\/strong><\/a><br \/>\n<a href=\"http:\/\/www.pobjeda.me\/2012\/10\/20\/nova-arheoloska-istrazivanja-svaca-dokazan-suzivot-slovena-i-romeja\/\" target=\"_blank\"><strong>Pobjeda<\/strong><\/a><\/p>\n","protected":false},"excerpt":{"rendered":"<p>VIDEO TV TEUTA ULCINJ Grabanica Gabriel Facebook ULCINJ \u2013 Otkopavanje spoljnjeg bedema srednjovjekovnog grada Sva\u010da kod Ulcinja i reviziona istra\u017eivanja unutra\u0161njosti Crkve Svetog Jovana, kao i episkopskog dvora, rezultirala su brojnim otkri\u0107ima koja mogu biti od pomo\u0107i u boljem razumijevanju funkcija tog misterioznog grada u periodu od VI do XV vijeka \u2013 kazao je za [&hellip;]<\/p>\n","protected":false},"author":1,"featured_media":0,"comment_status":"open","ping_status":"closed","sticky":false,"template":"","format":"standard","meta":{"spay_email":"","jetpack_publicize_message":"","jetpack_is_tweetstorm":false,"jetpack_publicize_feature_enabled":true},"categories":[8337],"tags":[4504,2377,2081,16324,18255,19],"jetpack_publicize_connections":[],"yoast_head":"<!-- This site is optimized with the Yoast SEO plugin v19.1 - https:\/\/yoast.com\/wordpress\/plugins\/seo\/ -->\n<title>Nova arheolo\u0161ka istra\u017eivanja Sva\u010da: Dokazan su\u017eivot Slovena i Romeja - Video - Lajme nga Ulqini<\/title>\n<meta name=\"description\" content=\"VIDEO TV TEUTA ULCINJ Grabanica Gabriel Facebook ULCINJ \u2013 Otkopavanje spoljnjeg bedema srednjovjekovnog grada Sva\u010da kod Ulcinja i reviziona istra\u017eivanja\" \/>\n<meta name=\"robots\" content=\"index, follow, max-snippet:-1, max-image-preview:large, max-video-preview:-1\" \/>\n<link rel=\"canonical\" href=\"https:\/\/www.visit-ulcinj.com\/blog\/2012\/10\/22\/nova-arheoloska-istrazivanja-svaca-dokazan-suzivot-slovena-i-romeja-video\/\" \/>\n<meta property=\"og:locale\" content=\"en_US\" \/>\n<meta property=\"og:type\" content=\"article\" \/>\n<meta property=\"og:title\" content=\"Nova arheolo\u0161ka istra\u017eivanja Sva\u010da: Dokazan su\u017eivot Slovena i Romeja - Video - Lajme nga Ulqini\" \/>\n<meta property=\"og:description\" content=\"VIDEO TV TEUTA ULCINJ Grabanica Gabriel Facebook ULCINJ \u2013 Otkopavanje spoljnjeg bedema srednjovjekovnog grada Sva\u010da kod Ulcinja i reviziona istra\u017eivanja\" \/>\n<meta property=\"og:url\" content=\"https:\/\/www.visit-ulcinj.com\/blog\/2012\/10\/22\/nova-arheoloska-istrazivanja-svaca-dokazan-suzivot-slovena-i-romeja-video\/\" \/>\n<meta property=\"og:site_name\" content=\"Lajme nga Ulqini\" \/>\n<meta property=\"article:published_time\" content=\"2012-10-22T07:58:49+00:00\" \/>\n<meta property=\"og:image\" content=\"http:\/\/www.visit-ulcinj.com\/blog\/wp-content\/uploads\/2012\/10\/Arheoloska-istrazivanja-Svaca.jpg\" \/>\n<meta name=\"twitter:label1\" content=\"Written by\" \/>\n\t<meta name=\"twitter:data1\" content=\"ulqini\" \/>\n\t<meta name=\"twitter:label2\" content=\"Est. reading time\" \/>\n\t<meta name=\"twitter:data2\" content=\"5 minutes\" \/>\n<script type=\"application\/ld+json\" class=\"yoast-schema-graph\">{\"@context\":\"https:\/\/schema.org\",\"@graph\":[{\"@type\":\"WebSite\",\"@id\":\"https:\/\/www.visit-ulcinj.com\/blog\/#website\",\"url\":\"https:\/\/www.visit-ulcinj.com\/blog\/\",\"name\":\"Lajme nga Ulqini\",\"description\":\"Lajme,Vijesti,Ulqini,Ulqin,Crna Gora,Mali i Zi\",\"potentialAction\":[{\"@type\":\"SearchAction\",\"target\":{\"@type\":\"EntryPoint\",\"urlTemplate\":\"https:\/\/www.visit-ulcinj.com\/blog\/?s={search_term_string}\"},\"query-input\":\"required name=search_term_string\"}],\"inLanguage\":\"en-US\"},{\"@type\":\"ImageObject\",\"inLanguage\":\"en-US\",\"@id\":\"https:\/\/www.visit-ulcinj.com\/blog\/2012\/10\/22\/nova-arheoloska-istrazivanja-svaca-dokazan-suzivot-slovena-i-romeja-video\/#primaryimage\",\"url\":\"https:\/\/www.visit-ulcinj.com\/blog\/wp-content\/uploads\/2012\/10\/Arheoloska-istrazivanja-Svaca.jpg\",\"contentUrl\":\"https:\/\/www.visit-ulcinj.com\/blog\/wp-content\/uploads\/2012\/10\/Arheoloska-istrazivanja-Svaca.jpg\",\"width\":\"640\",\"height\":\"480\"},{\"@type\":\"WebPage\",\"@id\":\"https:\/\/www.visit-ulcinj.com\/blog\/2012\/10\/22\/nova-arheoloska-istrazivanja-svaca-dokazan-suzivot-slovena-i-romeja-video\/#webpage\",\"url\":\"https:\/\/www.visit-ulcinj.com\/blog\/2012\/10\/22\/nova-arheoloska-istrazivanja-svaca-dokazan-suzivot-slovena-i-romeja-video\/\",\"name\":\"Nova arheolo\u0161ka istra\u017eivanja Sva\u010da: Dokazan su\u017eivot Slovena i Romeja - Video - Lajme nga Ulqini\",\"isPartOf\":{\"@id\":\"https:\/\/www.visit-ulcinj.com\/blog\/#website\"},\"primaryImageOfPage\":{\"@id\":\"https:\/\/www.visit-ulcinj.com\/blog\/2012\/10\/22\/nova-arheoloska-istrazivanja-svaca-dokazan-suzivot-slovena-i-romeja-video\/#primaryimage\"},\"datePublished\":\"2012-10-22T07:58:49+00:00\",\"dateModified\":\"2012-10-22T07:58:49+00:00\",\"author\":{\"@id\":\"https:\/\/www.visit-ulcinj.com\/blog\/#\/schema\/person\/dcab619c614d3038751c63bc2aadc06d\"},\"description\":\"VIDEO TV TEUTA ULCINJ Grabanica Gabriel Facebook ULCINJ \u2013 Otkopavanje spoljnjeg bedema srednjovjekovnog grada Sva\u010da kod Ulcinja i reviziona istra\u017eivanja\",\"breadcrumb\":{\"@id\":\"https:\/\/www.visit-ulcinj.com\/blog\/2012\/10\/22\/nova-arheoloska-istrazivanja-svaca-dokazan-suzivot-slovena-i-romeja-video\/#breadcrumb\"},\"inLanguage\":\"en-US\",\"potentialAction\":[{\"@type\":\"ReadAction\",\"target\":[\"https:\/\/www.visit-ulcinj.com\/blog\/2012\/10\/22\/nova-arheoloska-istrazivanja-svaca-dokazan-suzivot-slovena-i-romeja-video\/\"]}]},{\"@type\":\"BreadcrumbList\",\"@id\":\"https:\/\/www.visit-ulcinj.com\/blog\/2012\/10\/22\/nova-arheoloska-istrazivanja-svaca-dokazan-suzivot-slovena-i-romeja-video\/#breadcrumb\",\"itemListElement\":[{\"@type\":\"ListItem\",\"position\":1,\"name\":\"Nova arheolo\u0161ka istra\u017eivanja Sva\u010da: Dokazan su\u017eivot Slovena i Romeja &#8211; Video\"}]},{\"@type\":\"Person\",\"@id\":\"https:\/\/www.visit-ulcinj.com\/blog\/#\/schema\/person\/dcab619c614d3038751c63bc2aadc06d\",\"name\":\"ulqini\",\"sameAs\":[\"http:\/\/www.visit-ulcinj.com\"],\"url\":\"https:\/\/www.visit-ulcinj.com\/blog\/author\/admin\/\"}]}<\/script>\n<!-- \/ Yoast SEO plugin. -->","yoast_head_json":{"title":"Nova arheolo\u0161ka istra\u017eivanja Sva\u010da: Dokazan su\u017eivot Slovena i Romeja - Video - Lajme nga Ulqini","description":"VIDEO TV TEUTA ULCINJ Grabanica Gabriel Facebook ULCINJ \u2013 Otkopavanje spoljnjeg bedema srednjovjekovnog grada Sva\u010da kod Ulcinja i reviziona istra\u017eivanja","robots":{"index":"index","follow":"follow","max-snippet":"max-snippet:-1","max-image-preview":"max-image-preview:large","max-video-preview":"max-video-preview:-1"},"canonical":"https:\/\/www.visit-ulcinj.com\/blog\/2012\/10\/22\/nova-arheoloska-istrazivanja-svaca-dokazan-suzivot-slovena-i-romeja-video\/","og_locale":"en_US","og_type":"article","og_title":"Nova arheolo\u0161ka istra\u017eivanja Sva\u010da: Dokazan su\u017eivot Slovena i Romeja - Video - Lajme nga Ulqini","og_description":"VIDEO TV TEUTA ULCINJ Grabanica Gabriel Facebook ULCINJ \u2013 Otkopavanje spoljnjeg bedema srednjovjekovnog grada Sva\u010da kod Ulcinja i reviziona istra\u017eivanja","og_url":"https:\/\/www.visit-ulcinj.com\/blog\/2012\/10\/22\/nova-arheoloska-istrazivanja-svaca-dokazan-suzivot-slovena-i-romeja-video\/","og_site_name":"Lajme nga Ulqini","article_published_time":"2012-10-22T07:58:49+00:00","og_image":[{"url":"http:\/\/www.visit-ulcinj.com\/blog\/wp-content\/uploads\/2012\/10\/Arheoloska-istrazivanja-Svaca.jpg"}],"twitter_misc":{"Written by":"ulqini","Est. reading time":"5 minutes"},"schema":{"@context":"https:\/\/schema.org","@graph":[{"@type":"WebSite","@id":"https:\/\/www.visit-ulcinj.com\/blog\/#website","url":"https:\/\/www.visit-ulcinj.com\/blog\/","name":"Lajme nga Ulqini","description":"Lajme,Vijesti,Ulqini,Ulqin,Crna Gora,Mali i Zi","potentialAction":[{"@type":"SearchAction","target":{"@type":"EntryPoint","urlTemplate":"https:\/\/www.visit-ulcinj.com\/blog\/?s={search_term_string}"},"query-input":"required name=search_term_string"}],"inLanguage":"en-US"},{"@type":"ImageObject","inLanguage":"en-US","@id":"https:\/\/www.visit-ulcinj.com\/blog\/2012\/10\/22\/nova-arheoloska-istrazivanja-svaca-dokazan-suzivot-slovena-i-romeja-video\/#primaryimage","url":"https:\/\/www.visit-ulcinj.com\/blog\/wp-content\/uploads\/2012\/10\/Arheoloska-istrazivanja-Svaca.jpg","contentUrl":"https:\/\/www.visit-ulcinj.com\/blog\/wp-content\/uploads\/2012\/10\/Arheoloska-istrazivanja-Svaca.jpg","width":"640","height":"480"},{"@type":"WebPage","@id":"https:\/\/www.visit-ulcinj.com\/blog\/2012\/10\/22\/nova-arheoloska-istrazivanja-svaca-dokazan-suzivot-slovena-i-romeja-video\/#webpage","url":"https:\/\/www.visit-ulcinj.com\/blog\/2012\/10\/22\/nova-arheoloska-istrazivanja-svaca-dokazan-suzivot-slovena-i-romeja-video\/","name":"Nova arheolo\u0161ka istra\u017eivanja Sva\u010da: Dokazan su\u017eivot Slovena i Romeja - Video - Lajme nga Ulqini","isPartOf":{"@id":"https:\/\/www.visit-ulcinj.com\/blog\/#website"},"primaryImageOfPage":{"@id":"https:\/\/www.visit-ulcinj.com\/blog\/2012\/10\/22\/nova-arheoloska-istrazivanja-svaca-dokazan-suzivot-slovena-i-romeja-video\/#primaryimage"},"datePublished":"2012-10-22T07:58:49+00:00","dateModified":"2012-10-22T07:58:49+00:00","author":{"@id":"https:\/\/www.visit-ulcinj.com\/blog\/#\/schema\/person\/dcab619c614d3038751c63bc2aadc06d"},"description":"VIDEO TV TEUTA ULCINJ Grabanica Gabriel Facebook ULCINJ \u2013 Otkopavanje spoljnjeg bedema srednjovjekovnog grada Sva\u010da kod Ulcinja i reviziona istra\u017eivanja","breadcrumb":{"@id":"https:\/\/www.visit-ulcinj.com\/blog\/2012\/10\/22\/nova-arheoloska-istrazivanja-svaca-dokazan-suzivot-slovena-i-romeja-video\/#breadcrumb"},"inLanguage":"en-US","potentialAction":[{"@type":"ReadAction","target":["https:\/\/www.visit-ulcinj.com\/blog\/2012\/10\/22\/nova-arheoloska-istrazivanja-svaca-dokazan-suzivot-slovena-i-romeja-video\/"]}]},{"@type":"BreadcrumbList","@id":"https:\/\/www.visit-ulcinj.com\/blog\/2012\/10\/22\/nova-arheoloska-istrazivanja-svaca-dokazan-suzivot-slovena-i-romeja-video\/#breadcrumb","itemListElement":[{"@type":"ListItem","position":1,"name":"Nova arheolo\u0161ka istra\u017eivanja Sva\u010da: Dokazan su\u017eivot Slovena i Romeja &#8211; Video"}]},{"@type":"Person","@id":"https:\/\/www.visit-ulcinj.com\/blog\/#\/schema\/person\/dcab619c614d3038751c63bc2aadc06d","name":"ulqini","sameAs":["http:\/\/www.visit-ulcinj.com"],"url":"https:\/\/www.visit-ulcinj.com\/blog\/author\/admin\/"}]}},"jetpack_featured_media_url":"","jetpack_sharing_enabled":true,"jetpack_shortlink":"https:\/\/wp.me\/pe6lTn-gTv","_links":{"self":[{"href":"https:\/\/www.visit-ulcinj.com\/blog\/wp-json\/wp\/v2\/posts\/64945"}],"collection":[{"href":"https:\/\/www.visit-ulcinj.com\/blog\/wp-json\/wp\/v2\/posts"}],"about":[{"href":"https:\/\/www.visit-ulcinj.com\/blog\/wp-json\/wp\/v2\/types\/post"}],"author":[{"embeddable":true,"href":"https:\/\/www.visit-ulcinj.com\/blog\/wp-json\/wp\/v2\/users\/1"}],"replies":[{"embeddable":true,"href":"https:\/\/www.visit-ulcinj.com\/blog\/wp-json\/wp\/v2\/comments?post=64945"}],"version-history":[{"count":1,"href":"https:\/\/www.visit-ulcinj.com\/blog\/wp-json\/wp\/v2\/posts\/64945\/revisions"}],"predecessor-version":[{"id":64950,"href":"https:\/\/www.visit-ulcinj.com\/blog\/wp-json\/wp\/v2\/posts\/64945\/revisions\/64950"}],"wp:attachment":[{"href":"https:\/\/www.visit-ulcinj.com\/blog\/wp-json\/wp\/v2\/media?parent=64945"}],"wp:term":[{"taxonomy":"category","embeddable":true,"href":"https:\/\/www.visit-ulcinj.com\/blog\/wp-json\/wp\/v2\/categories?post=64945"},{"taxonomy":"post_tag","embeddable":true,"href":"https:\/\/www.visit-ulcinj.com\/blog\/wp-json\/wp\/v2\/tags?post=64945"}],"curies":[{"name":"wp","href":"https:\/\/api.w.org\/{rel}","templated":true}]}}