{"id":64957,"date":"2012-10-22T09:49:11","date_gmt":"2012-10-22T08:49:11","guid":{"rendered":"http:\/\/www.visit-ulcinj.com\/blog\/?p=64957"},"modified":"2012-10-22T09:50:09","modified_gmt":"2012-10-22T08:50:09","slug":"u-ulcinj-stoku-prodaju-i-na-ulici","status":"publish","type":"post","link":"https:\/\/www.visit-ulcinj.com\/blog\/2012\/10\/22\/u-ulcinj-stoku-prodaju-i-na-ulici\/","title":{"rendered":"U Ulcinj stoku prodaju i na ulici"},"content":{"rendered":"<p><a href=\"http:\/\/www.visit-ulcinj.com\/blog\/wp-content\/uploads\/2012\/10\/MAPA-ULCINJA.jpg\"><img loading=\"lazy\" class=\"alignleft  wp-image-64958\" title=\"MAPA ULCINJA\" src=\"http:\/\/www.visit-ulcinj.com\/blog\/wp-content\/uploads\/2012\/10\/MAPA-ULCINJA.jpg\" alt=\"\" width=\"508\" height=\"360\" \/><\/a>Najju\u017enija op\u0161tina ima oko 1.500 doma\u0107instava koja se bave sto\u010darstvom, ali Ulcinj i dalje nema propisno ure\u0111enu sto\u010dnu pijacu. Zasad se za tu namjenu koristi prilazni put do buvlje pijace na periferiji grada u naseljima Toto\u0161i, odnosno Bijela gora, \u0161to \u010desto prouzrokuje gu\u017eve u saobra\u0107aju i probleme lokalnom stanovni\u0161tvu. Nedostatak mjesta gdje bi se obavljala kupoprodaja stoke predstavlja veliki problem i stanovni\u0161tvu s ruralnih podru\u010dja, jer je ovaj kraj poznat po dobrim i vrijednim sto\u010darima. Oni isti\u010du da nemaju gdje da prodaju doma\u0107e \u017eivotinje i da jedva \u010dekaju da se u tu svrhu uredi neka povr\u0161ina. Da nedostatak ure\u0111ene sto\u010dne pijace ne mu\u010di samo seosko stanovni\u0161tvo, ve\u0107 da \u010desto zadaje glavobolje i gra\u0111anima najbolje se mo\u017ee vidjeti pazarnim danima. Tada se na gradskim ulicama \u010desto mogu vidjeti teretna vozila sa sitnom i krupnom stokom, a kupoprodaja stoke obavlja se prakti\u010dno na ulici.<br \/>\n\u2013 Nevjerovatno je da se trgovina stokom obavlja na nekoliko stotina metara od centra grada. Mi razumijemo potrebu da poljoprivrednici i sto\u010dari prodaju svoje proizvode, ali ovo nije mjesto za to. Uskoro \u0107e veliki vjerski praznik pa se mogu o\u010dekivati velike gu\u017eve, jer \u0107e ljudi htjeti da kupe sitnu stoku. Na\u017ealost, nemaju gdje da je prodaju pa \u0107e nam ulice li\u010diti na \u0161tale. Za to nijesu krivi ni mje\u0161tani, ni sto\u010dari ve\u0107 vlast koja nije na vrijeme obezbijedila lokaciju zbog \u010dega mi trpimo \u2013 tvrde revoltirani mje\u0161tani pomenutih naselja.<br \/>\nU lokalnoj samoupravi, saznajemo, zasad nemaju rje\u0161enje za ovaj problem. Gradnja sto\u010dne pijace nije u ovogodi\u0161njim investicionim planovima lokalne vlasti pa skorom rje\u0161enje tog problema nije na vidiku. Adekvatno ure\u0111ene pijace za kupoprodaju stoke nema ni na seoskom podru\u010dju ve\u0107 se trgovina obavlja kao i u gradu, naj\u010de\u0161\u0107e na neadekvatnim lokacijama.<br \/>\nPrema odredbama Zakona o dr\u017eanju doma\u0107ih \u017eivotinja, takav prostor, gdje god se nalazio, mora ispunjavati standarde, odnosno mora imati sto\u010dnu vagu, veterinarsku kontrolu, higijenski \u010dvor, pa \u010dak i klanicu. Dakle, jasno je da na improvizovanim prodajnim mjestima nema nikakvih uslova, ni tehni\u010dkih, ni veterinarskih, ni higijenskih \u0161to je najva\u017enije. Nema kontrole \u0161ta se prodaje, smije li se prodavati, da li je stoka obilje\u017eena i zdrava. To pitanje se mora rije\u0161iti i dovesti u red za \u0161ta postoje sva zakonska i pravna akta koja reguli\u0161u kako to treba da izgleda. Sekretar Sekretarijata za privredu Valdet Ad\u017eemovi\u0107 ka\u017ee da nadle\u017eni organi lokalne uprave tra\u017ee dvije namjenski ure\u0111ene lokacije.<br \/>\n<a href=\"http:\/\/www.visit-ulcinj.com\/blog\/wp-content\/uploads\/2012\/10\/VALDET-ADZEMOVIC.jpg\"><img loading=\"lazy\" class=\"alignleft  wp-image-64959\" title=\"VALDET ADZEMOVIC\" src=\"http:\/\/www.visit-ulcinj.com\/blog\/wp-content\/uploads\/2012\/10\/VALDET-ADZEMOVIC.jpg\" alt=\"\" width=\"300\" height=\"400\" \/><\/a>\u2013 Jo\u0161 uvijek nemamo adekvatan prostor za sto\u010dnu pijacu, pa se stanovni\u0161tvo dovija na razne na\u010dine. Mje\u0161tani naselja Toto\u0161i \u017ealili su se vi\u0161e puta \u0161to se pija\u010dnim danima stoka prodaje na ulici u tom naselju. Potrudi\u0107emo se da \u0161to prije na\u0111emo prostor, a sve \u0161to trenutnom mo\u017eemo jeste da na pomenutoj lokaciji poja\u010damo odr\u017eavanje \u010disto\u0107e \u2013 ka\u017ee Ad\u017eemovi\u0107.<\/p>\n<p><strong>Zapeli pregovori<\/strong><br \/>\nU Sekretarijatu za urbanizam op\u0161tine Ulcinj nijesmo uspjeli da dobijemo komentar o pomenutom problemu i eventualnim lokalcijama koje se razmatraju. Saznajemo da je i prethodna, ali i aktuelna lokalna vlast ozbiljna u namjeri da se sto\u010dna pijaca gradi prema svim propisima, ali da se nije odmaklo dalje od ideje. Zapelo je u pregovorima sa firmom \u201eOtrantkomerc\u201d koja neposredno uz lokaciju sada\u0161nje buvlje pijace posjeduje veliki prostor, koji se nekad koristio kao magacin. Na toj povr\u0161ini ima dovoljno mjesta za novu zelenu pijacu, koju bi izmjestili iz centra grada i za buvlju pijacu koja bi tako\u0111e bila izmje\u0161tena, a na \u010dijem mjestu bi se uredila sto\u010dna pijaca. Lokacija je, ka\u017eu, odli\u010dna, na periferiji je, a ima odli\u010dne pristupne puteve. Lokalna vlast mora\u0107e to pitanje da rije\u0161i \u0161to prije, jer svi se sla\u017eu da je sada\u0161nje stanje neodr\u017eivo.<\/p>\n<p><strong>Pijaca u MZ Vladimir<\/strong><br \/>\nPrema Ad\u017eemovi\u0107evim rije\u010dima, na seoskom podru\u010dju taj problem je rije\u0161en, jer je u MZ Vladimir odre\u0111ena lokacija za sto\u010dnu pijacu i kupoprodaja se ve\u0107e du\u017ee obavlja bez ikakvih problema.<br \/>\n\u2013 Istina, taj lokalitet nije ure\u0111en po potrebnim standardima, ali i to \u0107emo rije\u0161iti. Tako\u0111e, radi\u0107e se i na izmje\u0161tanju zelene pijace iz centra grada, jer se sada\u0161nje rje\u0161enje zbog saobra\u0107ajnih gu\u017evi pazarnim danima pokazalo neadekvatnim. Najbolje bi bilo da budu\u0107e pijace budu negdje na periferiji grada gdje je relativno dobra putna infrastruktura kako bi bila dostupna i sto\u010darima i poljoprivrednim proizvo\u0111a\u010dima, ali i gra\u0111anima. U svakom slu\u010daju, vjerujem da ne\u0107emo dugo \u010dekati da se taj problem rije\u0161i \u2013 tvrdi Ad\u017eemovi\u0107.<\/p>\n<p>&nbsp;<\/p>\n<p><a href=\"http:\/\/www.dan.co.me\/?nivo=3&amp;rubrika=Regioni&amp;clanak=352208&amp;datum=2012-10-19&amp;naslov=Stoku%20prodaju%20i%20na%20ulici\" target=\"_blank\"><strong>Izvor: DAN<\/strong><\/a><strong><\/strong><\/p>\n","protected":false},"excerpt":{"rendered":"<p>Najju\u017enija op\u0161tina ima oko 1.500 doma\u0107instava koja se bave sto\u010darstvom, ali Ulcinj i dalje nema propisno ure\u0111enu sto\u010dnu pijacu. Zasad se za tu namjenu koristi prilazni put do buvlje pijace na periferiji grada u naseljima Toto\u0161i, odnosno Bijela gora, \u0161to \u010desto prouzrokuje gu\u017eve u saobra\u0107aju i probleme lokalnom stanovni\u0161tvu. Nedostatak mjesta gdje bi se obavljala [&hellip;]<\/p>\n","protected":false},"author":1,"featured_media":0,"comment_status":"open","ping_status":"closed","sticky":false,"template":"","format":"standard","meta":{"spay_email":"","jetpack_publicize_message":"","jetpack_is_tweetstorm":false,"jetpack_publicize_feature_enabled":true},"categories":[6950],"tags":[19],"jetpack_publicize_connections":[],"yoast_head":"<!-- This site is optimized with the Yoast SEO plugin v19.1 - https:\/\/yoast.com\/wordpress\/plugins\/seo\/ -->\n<title>U Ulcinj stoku prodaju i na ulici - Lajme nga Ulqini<\/title>\n<meta name=\"description\" content=\"Najju\u017enija op\u0161tina ima oko 1.500 doma\u0107instava koja se bave sto\u010darstvom, ali Ulcinj i dalje nema propisno ure\u0111enu sto\u010dnu pijacu. Zasad se za tu namjenu\" \/>\n<meta name=\"robots\" content=\"index, follow, max-snippet:-1, max-image-preview:large, max-video-preview:-1\" \/>\n<link rel=\"canonical\" href=\"https:\/\/www.visit-ulcinj.com\/blog\/2012\/10\/22\/u-ulcinj-stoku-prodaju-i-na-ulici\/\" \/>\n<meta property=\"og:locale\" content=\"en_US\" \/>\n<meta property=\"og:type\" content=\"article\" \/>\n<meta property=\"og:title\" content=\"U Ulcinj stoku prodaju i na ulici - Lajme nga Ulqini\" \/>\n<meta property=\"og:description\" content=\"Najju\u017enija op\u0161tina ima oko 1.500 doma\u0107instava koja se bave sto\u010darstvom, ali Ulcinj i dalje nema propisno ure\u0111enu sto\u010dnu pijacu. Zasad se za tu namjenu\" \/>\n<meta property=\"og:url\" content=\"https:\/\/www.visit-ulcinj.com\/blog\/2012\/10\/22\/u-ulcinj-stoku-prodaju-i-na-ulici\/\" \/>\n<meta property=\"og:site_name\" content=\"Lajme nga Ulqini\" \/>\n<meta property=\"article:published_time\" content=\"2012-10-22T08:49:11+00:00\" \/>\n<meta property=\"article:modified_time\" content=\"2012-10-22T08:50:09+00:00\" \/>\n<meta property=\"og:image\" content=\"http:\/\/www.visit-ulcinj.com\/blog\/wp-content\/uploads\/2012\/10\/MAPA-ULCINJA.jpg\" \/>\n<meta name=\"twitter:label1\" content=\"Written by\" \/>\n\t<meta name=\"twitter:data1\" content=\"ulqini\" \/>\n\t<meta name=\"twitter:label2\" content=\"Est. reading time\" \/>\n\t<meta name=\"twitter:data2\" content=\"4 minutes\" \/>\n<script type=\"application\/ld+json\" class=\"yoast-schema-graph\">{\"@context\":\"https:\/\/schema.org\",\"@graph\":[{\"@type\":\"WebSite\",\"@id\":\"https:\/\/www.visit-ulcinj.com\/blog\/#website\",\"url\":\"https:\/\/www.visit-ulcinj.com\/blog\/\",\"name\":\"Lajme nga Ulqini\",\"description\":\"Lajme,Vijesti,Ulqini,Ulqin,Crna Gora,Mali i Zi\",\"potentialAction\":[{\"@type\":\"SearchAction\",\"target\":{\"@type\":\"EntryPoint\",\"urlTemplate\":\"https:\/\/www.visit-ulcinj.com\/blog\/?s={search_term_string}\"},\"query-input\":\"required name=search_term_string\"}],\"inLanguage\":\"en-US\"},{\"@type\":\"ImageObject\",\"inLanguage\":\"en-US\",\"@id\":\"https:\/\/www.visit-ulcinj.com\/blog\/2012\/10\/22\/u-ulcinj-stoku-prodaju-i-na-ulici\/#primaryimage\",\"url\":\"https:\/\/www.visit-ulcinj.com\/blog\/wp-content\/uploads\/2012\/10\/MAPA-ULCINJA.jpg\",\"contentUrl\":\"https:\/\/www.visit-ulcinj.com\/blog\/wp-content\/uploads\/2012\/10\/MAPA-ULCINJA.jpg\",\"width\":\"600\",\"height\":\"460\"},{\"@type\":\"WebPage\",\"@id\":\"https:\/\/www.visit-ulcinj.com\/blog\/2012\/10\/22\/u-ulcinj-stoku-prodaju-i-na-ulici\/#webpage\",\"url\":\"https:\/\/www.visit-ulcinj.com\/blog\/2012\/10\/22\/u-ulcinj-stoku-prodaju-i-na-ulici\/\",\"name\":\"U Ulcinj stoku prodaju i na ulici - Lajme nga Ulqini\",\"isPartOf\":{\"@id\":\"https:\/\/www.visit-ulcinj.com\/blog\/#website\"},\"primaryImageOfPage\":{\"@id\":\"https:\/\/www.visit-ulcinj.com\/blog\/2012\/10\/22\/u-ulcinj-stoku-prodaju-i-na-ulici\/#primaryimage\"},\"datePublished\":\"2012-10-22T08:49:11+00:00\",\"dateModified\":\"2012-10-22T08:50:09+00:00\",\"author\":{\"@id\":\"https:\/\/www.visit-ulcinj.com\/blog\/#\/schema\/person\/dcab619c614d3038751c63bc2aadc06d\"},\"description\":\"Najju\u017enija op\u0161tina ima oko 1.500 doma\u0107instava koja se bave sto\u010darstvom, ali Ulcinj i dalje nema propisno ure\u0111enu sto\u010dnu pijacu. Zasad se za tu namjenu\",\"breadcrumb\":{\"@id\":\"https:\/\/www.visit-ulcinj.com\/blog\/2012\/10\/22\/u-ulcinj-stoku-prodaju-i-na-ulici\/#breadcrumb\"},\"inLanguage\":\"en-US\",\"potentialAction\":[{\"@type\":\"ReadAction\",\"target\":[\"https:\/\/www.visit-ulcinj.com\/blog\/2012\/10\/22\/u-ulcinj-stoku-prodaju-i-na-ulici\/\"]}]},{\"@type\":\"BreadcrumbList\",\"@id\":\"https:\/\/www.visit-ulcinj.com\/blog\/2012\/10\/22\/u-ulcinj-stoku-prodaju-i-na-ulici\/#breadcrumb\",\"itemListElement\":[{\"@type\":\"ListItem\",\"position\":1,\"name\":\"U Ulcinj stoku prodaju i na ulici\"}]},{\"@type\":\"Person\",\"@id\":\"https:\/\/www.visit-ulcinj.com\/blog\/#\/schema\/person\/dcab619c614d3038751c63bc2aadc06d\",\"name\":\"ulqini\",\"sameAs\":[\"http:\/\/www.visit-ulcinj.com\"],\"url\":\"https:\/\/www.visit-ulcinj.com\/blog\/author\/admin\/\"}]}<\/script>\n<!-- \/ Yoast SEO plugin. -->","yoast_head_json":{"title":"U Ulcinj stoku prodaju i na ulici - Lajme nga Ulqini","description":"Najju\u017enija op\u0161tina ima oko 1.500 doma\u0107instava koja se bave sto\u010darstvom, ali Ulcinj i dalje nema propisno ure\u0111enu sto\u010dnu pijacu. Zasad se za tu namjenu","robots":{"index":"index","follow":"follow","max-snippet":"max-snippet:-1","max-image-preview":"max-image-preview:large","max-video-preview":"max-video-preview:-1"},"canonical":"https:\/\/www.visit-ulcinj.com\/blog\/2012\/10\/22\/u-ulcinj-stoku-prodaju-i-na-ulici\/","og_locale":"en_US","og_type":"article","og_title":"U Ulcinj stoku prodaju i na ulici - Lajme nga Ulqini","og_description":"Najju\u017enija op\u0161tina ima oko 1.500 doma\u0107instava koja se bave sto\u010darstvom, ali Ulcinj i dalje nema propisno ure\u0111enu sto\u010dnu pijacu. Zasad se za tu namjenu","og_url":"https:\/\/www.visit-ulcinj.com\/blog\/2012\/10\/22\/u-ulcinj-stoku-prodaju-i-na-ulici\/","og_site_name":"Lajme nga Ulqini","article_published_time":"2012-10-22T08:49:11+00:00","article_modified_time":"2012-10-22T08:50:09+00:00","og_image":[{"url":"http:\/\/www.visit-ulcinj.com\/blog\/wp-content\/uploads\/2012\/10\/MAPA-ULCINJA.jpg"}],"twitter_misc":{"Written by":"ulqini","Est. reading time":"4 minutes"},"schema":{"@context":"https:\/\/schema.org","@graph":[{"@type":"WebSite","@id":"https:\/\/www.visit-ulcinj.com\/blog\/#website","url":"https:\/\/www.visit-ulcinj.com\/blog\/","name":"Lajme nga Ulqini","description":"Lajme,Vijesti,Ulqini,Ulqin,Crna Gora,Mali i Zi","potentialAction":[{"@type":"SearchAction","target":{"@type":"EntryPoint","urlTemplate":"https:\/\/www.visit-ulcinj.com\/blog\/?s={search_term_string}"},"query-input":"required name=search_term_string"}],"inLanguage":"en-US"},{"@type":"ImageObject","inLanguage":"en-US","@id":"https:\/\/www.visit-ulcinj.com\/blog\/2012\/10\/22\/u-ulcinj-stoku-prodaju-i-na-ulici\/#primaryimage","url":"https:\/\/www.visit-ulcinj.com\/blog\/wp-content\/uploads\/2012\/10\/MAPA-ULCINJA.jpg","contentUrl":"https:\/\/www.visit-ulcinj.com\/blog\/wp-content\/uploads\/2012\/10\/MAPA-ULCINJA.jpg","width":"600","height":"460"},{"@type":"WebPage","@id":"https:\/\/www.visit-ulcinj.com\/blog\/2012\/10\/22\/u-ulcinj-stoku-prodaju-i-na-ulici\/#webpage","url":"https:\/\/www.visit-ulcinj.com\/blog\/2012\/10\/22\/u-ulcinj-stoku-prodaju-i-na-ulici\/","name":"U Ulcinj stoku prodaju i na ulici - Lajme nga Ulqini","isPartOf":{"@id":"https:\/\/www.visit-ulcinj.com\/blog\/#website"},"primaryImageOfPage":{"@id":"https:\/\/www.visit-ulcinj.com\/blog\/2012\/10\/22\/u-ulcinj-stoku-prodaju-i-na-ulici\/#primaryimage"},"datePublished":"2012-10-22T08:49:11+00:00","dateModified":"2012-10-22T08:50:09+00:00","author":{"@id":"https:\/\/www.visit-ulcinj.com\/blog\/#\/schema\/person\/dcab619c614d3038751c63bc2aadc06d"},"description":"Najju\u017enija op\u0161tina ima oko 1.500 doma\u0107instava koja se bave sto\u010darstvom, ali Ulcinj i dalje nema propisno ure\u0111enu sto\u010dnu pijacu. Zasad se za tu namjenu","breadcrumb":{"@id":"https:\/\/www.visit-ulcinj.com\/blog\/2012\/10\/22\/u-ulcinj-stoku-prodaju-i-na-ulici\/#breadcrumb"},"inLanguage":"en-US","potentialAction":[{"@type":"ReadAction","target":["https:\/\/www.visit-ulcinj.com\/blog\/2012\/10\/22\/u-ulcinj-stoku-prodaju-i-na-ulici\/"]}]},{"@type":"BreadcrumbList","@id":"https:\/\/www.visit-ulcinj.com\/blog\/2012\/10\/22\/u-ulcinj-stoku-prodaju-i-na-ulici\/#breadcrumb","itemListElement":[{"@type":"ListItem","position":1,"name":"U Ulcinj stoku prodaju i na ulici"}]},{"@type":"Person","@id":"https:\/\/www.visit-ulcinj.com\/blog\/#\/schema\/person\/dcab619c614d3038751c63bc2aadc06d","name":"ulqini","sameAs":["http:\/\/www.visit-ulcinj.com"],"url":"https:\/\/www.visit-ulcinj.com\/blog\/author\/admin\/"}]}},"jetpack_featured_media_url":"","jetpack_sharing_enabled":true,"jetpack_shortlink":"https:\/\/wp.me\/pe6lTn-gTH","_links":{"self":[{"href":"https:\/\/www.visit-ulcinj.com\/blog\/wp-json\/wp\/v2\/posts\/64957"}],"collection":[{"href":"https:\/\/www.visit-ulcinj.com\/blog\/wp-json\/wp\/v2\/posts"}],"about":[{"href":"https:\/\/www.visit-ulcinj.com\/blog\/wp-json\/wp\/v2\/types\/post"}],"author":[{"embeddable":true,"href":"https:\/\/www.visit-ulcinj.com\/blog\/wp-json\/wp\/v2\/users\/1"}],"replies":[{"embeddable":true,"href":"https:\/\/www.visit-ulcinj.com\/blog\/wp-json\/wp\/v2\/comments?post=64957"}],"version-history":[{"count":2,"href":"https:\/\/www.visit-ulcinj.com\/blog\/wp-json\/wp\/v2\/posts\/64957\/revisions"}],"predecessor-version":[{"id":64961,"href":"https:\/\/www.visit-ulcinj.com\/blog\/wp-json\/wp\/v2\/posts\/64957\/revisions\/64961"}],"wp:attachment":[{"href":"https:\/\/www.visit-ulcinj.com\/blog\/wp-json\/wp\/v2\/media?parent=64957"}],"wp:term":[{"taxonomy":"category","embeddable":true,"href":"https:\/\/www.visit-ulcinj.com\/blog\/wp-json\/wp\/v2\/categories?post=64957"},{"taxonomy":"post_tag","embeddable":true,"href":"https:\/\/www.visit-ulcinj.com\/blog\/wp-json\/wp\/v2\/tags?post=64957"}],"curies":[{"name":"wp","href":"https:\/\/api.w.org\/{rel}","templated":true}]}}