{"id":64962,"date":"2012-10-22T11:45:08","date_gmt":"2012-10-22T10:45:08","guid":{"rendered":"http:\/\/www.visit-ulcinj.com\/blog\/?p=64962"},"modified":"2012-10-22T11:45:08","modified_gmt":"2012-10-22T10:45:08","slug":"forca-prvo-sa-dps-om","status":"publish","type":"post","link":"https:\/\/www.visit-ulcinj.com\/blog\/2012\/10\/22\/forca-prvo-sa-dps-om\/","title":{"rendered":"Forca: Prvo sa DPS-om"},"content":{"rendered":"<p><a href=\"http:\/\/www.visit-ulcinj.com\/blog\/wp-content\/uploads\/2012\/10\/Evropska-Crna-Gora_Forca_bosnjanska-stranka_hrvatska-stranka.jpg\"><img loading=\"lazy\" class=\"alignleft  wp-image-64963\" title=\"Evropska Crna Gora_Forca_bosnjanska stranka_hrvatska stranka\" src=\"http:\/\/www.visit-ulcinj.com\/blog\/wp-content\/uploads\/2012\/10\/Evropska-Crna-Gora_Forca_bosnjanska-stranka_hrvatska-stranka.jpg\" alt=\"\" width=\"508\" height=\"360\" \/><\/a>Glavni odbor Force ju\u010de je odlu\u010dio da se u pregovorima za formiranje vlade zajedni\u010dki nastupi sa BS i HGI, te da se oni po\u010dnu sa koalicijom Evropska Crna Gora \u2013 saop\u0161teno je iz te partije.<\/p>\n<p>Glavni odbor Force je, na predlog Predsjedni\u0161tva partije, jednoglasno usvojio politi\u010dku platformu o principima zajedni\u010dkog djelovanja radi unapre\u0111enja polo\u017eaja manjinskih naroda u Crnoj Gori.<\/p>\n<p>&#8211; Politi\u010dka platforma je zajedni\u010dki dokument koji su pripremili radni timovi Bo\u0161nja\u010dke stranke, Force za jedinstvo i Hrvatske gra\u0111anske inicijative, kojim se defini\u0161u principi i ciljevi zajedni\u010dkog djelovanja predstavnika manjinskih naroda u CG poslije parlamentarnih izbora \u2013 navedeno je u saop\u0161tenju.<\/p>\n<p><strong>Pobjeda<\/strong><\/p>\n","protected":false},"excerpt":{"rendered":"<p>Glavni odbor Force ju\u010de je odlu\u010dio da se u pregovorima za formiranje vlade zajedni\u010dki nastupi sa BS i HGI, te da se oni po\u010dnu sa koalicijom Evropska Crna Gora \u2013 saop\u0161teno je iz te partije. Glavni odbor Force je, na predlog Predsjedni\u0161tva partije, jednoglasno usvojio politi\u010dku platformu o principima zajedni\u010dkog djelovanja radi unapre\u0111enja polo\u017eaja manjinskih [&hellip;]<\/p>\n","protected":false},"author":1,"featured_media":0,"comment_status":"open","ping_status":"closed","sticky":false,"template":"","format":"standard","meta":{"spay_email":"","jetpack_publicize_message":"","jetpack_is_tweetstorm":false,"jetpack_publicize_feature_enabled":true},"categories":[8337],"tags":[10038,21281,117,10039,19],"jetpack_publicize_connections":[],"yoast_head":"<!-- This site is optimized with the Yoast SEO plugin v19.1 - https:\/\/yoast.com\/wordpress\/plugins\/seo\/ -->\n<title>Forca: Prvo sa DPS-om - Lajme nga Ulqini<\/title>\n<meta name=\"description\" content=\"Glavni odbor Force ju\u010de je odlu\u010dio da se u pregovorima za formiranje vlade zajedni\u010dki nastupi sa BS i HGI, te da se oni po\u010dnu sa koalicijom Evropska Crna\" \/>\n<meta name=\"robots\" content=\"index, follow, max-snippet:-1, max-image-preview:large, max-video-preview:-1\" \/>\n<link rel=\"canonical\" href=\"https:\/\/www.visit-ulcinj.com\/blog\/2012\/10\/22\/forca-prvo-sa-dps-om\/\" \/>\n<meta property=\"og:locale\" content=\"en_US\" \/>\n<meta property=\"og:type\" content=\"article\" \/>\n<meta property=\"og:title\" content=\"Forca: Prvo sa DPS-om - Lajme nga Ulqini\" \/>\n<meta property=\"og:description\" content=\"Glavni odbor Force ju\u010de je odlu\u010dio da se u pregovorima za formiranje vlade zajedni\u010dki nastupi sa BS i HGI, te da se oni po\u010dnu sa koalicijom Evropska Crna\" \/>\n<meta property=\"og:url\" content=\"https:\/\/www.visit-ulcinj.com\/blog\/2012\/10\/22\/forca-prvo-sa-dps-om\/\" \/>\n<meta property=\"og:site_name\" content=\"Lajme nga Ulqini\" \/>\n<meta property=\"article:published_time\" content=\"2012-10-22T10:45:08+00:00\" \/>\n<meta property=\"og:image\" content=\"http:\/\/www.visit-ulcinj.com\/blog\/wp-content\/uploads\/2012\/10\/Evropska-Crna-Gora_Forca_bosnjanska-stranka_hrvatska-stranka.jpg\" \/>\n<meta name=\"twitter:label1\" content=\"Written by\" \/>\n\t<meta name=\"twitter:data1\" content=\"ulqini\" \/>\n\t<meta name=\"twitter:label2\" content=\"Est. reading time\" \/>\n\t<meta name=\"twitter:data2\" content=\"1 minute\" \/>\n<script type=\"application\/ld+json\" class=\"yoast-schema-graph\">{\"@context\":\"https:\/\/schema.org\",\"@graph\":[{\"@type\":\"WebSite\",\"@id\":\"https:\/\/www.visit-ulcinj.com\/blog\/#website\",\"url\":\"https:\/\/www.visit-ulcinj.com\/blog\/\",\"name\":\"Lajme nga Ulqini\",\"description\":\"Lajme,Vijesti,Ulqini,Ulqin,Crna Gora,Mali i Zi\",\"potentialAction\":[{\"@type\":\"SearchAction\",\"target\":{\"@type\":\"EntryPoint\",\"urlTemplate\":\"https:\/\/www.visit-ulcinj.com\/blog\/?s={search_term_string}\"},\"query-input\":\"required name=search_term_string\"}],\"inLanguage\":\"en-US\"},{\"@type\":\"ImageObject\",\"inLanguage\":\"en-US\",\"@id\":\"https:\/\/www.visit-ulcinj.com\/blog\/2012\/10\/22\/forca-prvo-sa-dps-om\/#primaryimage\",\"url\":\"https:\/\/www.visit-ulcinj.com\/blog\/wp-content\/uploads\/2012\/10\/Evropska-Crna-Gora_Forca_bosnjanska-stranka_hrvatska-stranka.jpg\",\"contentUrl\":\"https:\/\/www.visit-ulcinj.com\/blog\/wp-content\/uploads\/2012\/10\/Evropska-Crna-Gora_Forca_bosnjanska-stranka_hrvatska-stranka.jpg\",\"width\":\"768\",\"height\":\"461\"},{\"@type\":\"WebPage\",\"@id\":\"https:\/\/www.visit-ulcinj.com\/blog\/2012\/10\/22\/forca-prvo-sa-dps-om\/#webpage\",\"url\":\"https:\/\/www.visit-ulcinj.com\/blog\/2012\/10\/22\/forca-prvo-sa-dps-om\/\",\"name\":\"Forca: Prvo sa DPS-om - Lajme nga Ulqini\",\"isPartOf\":{\"@id\":\"https:\/\/www.visit-ulcinj.com\/blog\/#website\"},\"primaryImageOfPage\":{\"@id\":\"https:\/\/www.visit-ulcinj.com\/blog\/2012\/10\/22\/forca-prvo-sa-dps-om\/#primaryimage\"},\"datePublished\":\"2012-10-22T10:45:08+00:00\",\"dateModified\":\"2012-10-22T10:45:08+00:00\",\"author\":{\"@id\":\"https:\/\/www.visit-ulcinj.com\/blog\/#\/schema\/person\/dcab619c614d3038751c63bc2aadc06d\"},\"description\":\"Glavni odbor Force ju\u010de je odlu\u010dio da se u pregovorima za formiranje vlade zajedni\u010dki nastupi sa BS i HGI, te da se oni po\u010dnu sa koalicijom Evropska Crna\",\"breadcrumb\":{\"@id\":\"https:\/\/www.visit-ulcinj.com\/blog\/2012\/10\/22\/forca-prvo-sa-dps-om\/#breadcrumb\"},\"inLanguage\":\"en-US\",\"potentialAction\":[{\"@type\":\"ReadAction\",\"target\":[\"https:\/\/www.visit-ulcinj.com\/blog\/2012\/10\/22\/forca-prvo-sa-dps-om\/\"]}]},{\"@type\":\"BreadcrumbList\",\"@id\":\"https:\/\/www.visit-ulcinj.com\/blog\/2012\/10\/22\/forca-prvo-sa-dps-om\/#breadcrumb\",\"itemListElement\":[{\"@type\":\"ListItem\",\"position\":1,\"name\":\"Forca: Prvo sa DPS-om\"}]},{\"@type\":\"Person\",\"@id\":\"https:\/\/www.visit-ulcinj.com\/blog\/#\/schema\/person\/dcab619c614d3038751c63bc2aadc06d\",\"name\":\"ulqini\",\"sameAs\":[\"http:\/\/www.visit-ulcinj.com\"],\"url\":\"https:\/\/www.visit-ulcinj.com\/blog\/author\/admin\/\"}]}<\/script>\n<!-- \/ Yoast SEO plugin. -->","yoast_head_json":{"title":"Forca: Prvo sa DPS-om - Lajme nga Ulqini","description":"Glavni odbor Force ju\u010de je odlu\u010dio da se u pregovorima za formiranje vlade zajedni\u010dki nastupi sa BS i HGI, te da se oni po\u010dnu sa koalicijom Evropska Crna","robots":{"index":"index","follow":"follow","max-snippet":"max-snippet:-1","max-image-preview":"max-image-preview:large","max-video-preview":"max-video-preview:-1"},"canonical":"https:\/\/www.visit-ulcinj.com\/blog\/2012\/10\/22\/forca-prvo-sa-dps-om\/","og_locale":"en_US","og_type":"article","og_title":"Forca: Prvo sa DPS-om - Lajme nga Ulqini","og_description":"Glavni odbor Force ju\u010de je odlu\u010dio da se u pregovorima za formiranje vlade zajedni\u010dki nastupi sa BS i HGI, te da se oni po\u010dnu sa koalicijom Evropska Crna","og_url":"https:\/\/www.visit-ulcinj.com\/blog\/2012\/10\/22\/forca-prvo-sa-dps-om\/","og_site_name":"Lajme nga Ulqini","article_published_time":"2012-10-22T10:45:08+00:00","og_image":[{"url":"http:\/\/www.visit-ulcinj.com\/blog\/wp-content\/uploads\/2012\/10\/Evropska-Crna-Gora_Forca_bosnjanska-stranka_hrvatska-stranka.jpg"}],"twitter_misc":{"Written by":"ulqini","Est. reading time":"1 minute"},"schema":{"@context":"https:\/\/schema.org","@graph":[{"@type":"WebSite","@id":"https:\/\/www.visit-ulcinj.com\/blog\/#website","url":"https:\/\/www.visit-ulcinj.com\/blog\/","name":"Lajme nga Ulqini","description":"Lajme,Vijesti,Ulqini,Ulqin,Crna Gora,Mali i Zi","potentialAction":[{"@type":"SearchAction","target":{"@type":"EntryPoint","urlTemplate":"https:\/\/www.visit-ulcinj.com\/blog\/?s={search_term_string}"},"query-input":"required name=search_term_string"}],"inLanguage":"en-US"},{"@type":"ImageObject","inLanguage":"en-US","@id":"https:\/\/www.visit-ulcinj.com\/blog\/2012\/10\/22\/forca-prvo-sa-dps-om\/#primaryimage","url":"https:\/\/www.visit-ulcinj.com\/blog\/wp-content\/uploads\/2012\/10\/Evropska-Crna-Gora_Forca_bosnjanska-stranka_hrvatska-stranka.jpg","contentUrl":"https:\/\/www.visit-ulcinj.com\/blog\/wp-content\/uploads\/2012\/10\/Evropska-Crna-Gora_Forca_bosnjanska-stranka_hrvatska-stranka.jpg","width":"768","height":"461"},{"@type":"WebPage","@id":"https:\/\/www.visit-ulcinj.com\/blog\/2012\/10\/22\/forca-prvo-sa-dps-om\/#webpage","url":"https:\/\/www.visit-ulcinj.com\/blog\/2012\/10\/22\/forca-prvo-sa-dps-om\/","name":"Forca: Prvo sa DPS-om - Lajme nga Ulqini","isPartOf":{"@id":"https:\/\/www.visit-ulcinj.com\/blog\/#website"},"primaryImageOfPage":{"@id":"https:\/\/www.visit-ulcinj.com\/blog\/2012\/10\/22\/forca-prvo-sa-dps-om\/#primaryimage"},"datePublished":"2012-10-22T10:45:08+00:00","dateModified":"2012-10-22T10:45:08+00:00","author":{"@id":"https:\/\/www.visit-ulcinj.com\/blog\/#\/schema\/person\/dcab619c614d3038751c63bc2aadc06d"},"description":"Glavni odbor Force ju\u010de je odlu\u010dio da se u pregovorima za formiranje vlade zajedni\u010dki nastupi sa BS i HGI, te da se oni po\u010dnu sa koalicijom Evropska Crna","breadcrumb":{"@id":"https:\/\/www.visit-ulcinj.com\/blog\/2012\/10\/22\/forca-prvo-sa-dps-om\/#breadcrumb"},"inLanguage":"en-US","potentialAction":[{"@type":"ReadAction","target":["https:\/\/www.visit-ulcinj.com\/blog\/2012\/10\/22\/forca-prvo-sa-dps-om\/"]}]},{"@type":"BreadcrumbList","@id":"https:\/\/www.visit-ulcinj.com\/blog\/2012\/10\/22\/forca-prvo-sa-dps-om\/#breadcrumb","itemListElement":[{"@type":"ListItem","position":1,"name":"Forca: Prvo sa DPS-om"}]},{"@type":"Person","@id":"https:\/\/www.visit-ulcinj.com\/blog\/#\/schema\/person\/dcab619c614d3038751c63bc2aadc06d","name":"ulqini","sameAs":["http:\/\/www.visit-ulcinj.com"],"url":"https:\/\/www.visit-ulcinj.com\/blog\/author\/admin\/"}]}},"jetpack_featured_media_url":"","jetpack_sharing_enabled":true,"jetpack_shortlink":"https:\/\/wp.me\/pe6lTn-gTM","_links":{"self":[{"href":"https:\/\/www.visit-ulcinj.com\/blog\/wp-json\/wp\/v2\/posts\/64962"}],"collection":[{"href":"https:\/\/www.visit-ulcinj.com\/blog\/wp-json\/wp\/v2\/posts"}],"about":[{"href":"https:\/\/www.visit-ulcinj.com\/blog\/wp-json\/wp\/v2\/types\/post"}],"author":[{"embeddable":true,"href":"https:\/\/www.visit-ulcinj.com\/blog\/wp-json\/wp\/v2\/users\/1"}],"replies":[{"embeddable":true,"href":"https:\/\/www.visit-ulcinj.com\/blog\/wp-json\/wp\/v2\/comments?post=64962"}],"version-history":[{"count":1,"href":"https:\/\/www.visit-ulcinj.com\/blog\/wp-json\/wp\/v2\/posts\/64962\/revisions"}],"predecessor-version":[{"id":64964,"href":"https:\/\/www.visit-ulcinj.com\/blog\/wp-json\/wp\/v2\/posts\/64962\/revisions\/64964"}],"wp:attachment":[{"href":"https:\/\/www.visit-ulcinj.com\/blog\/wp-json\/wp\/v2\/media?parent=64962"}],"wp:term":[{"taxonomy":"category","embeddable":true,"href":"https:\/\/www.visit-ulcinj.com\/blog\/wp-json\/wp\/v2\/categories?post=64962"},{"taxonomy":"post_tag","embeddable":true,"href":"https:\/\/www.visit-ulcinj.com\/blog\/wp-json\/wp\/v2\/tags?post=64962"}],"curies":[{"name":"wp","href":"https:\/\/api.w.org\/{rel}","templated":true}]}}