{"id":64965,"date":"2012-10-22T12:13:52","date_gmt":"2012-10-22T11:13:52","guid":{"rendered":"http:\/\/www.visit-ulcinj.com\/blog\/?p=64965"},"modified":"2012-10-23T18:57:31","modified_gmt":"2012-10-23T17:57:31","slug":"forca-me-afer-me-koalicionin-mali-i-zi-evropian","status":"publish","type":"post","link":"https:\/\/www.visit-ulcinj.com\/blog\/2012\/10\/22\/forca-me-afer-me-koalicionin-mali-i-zi-evropian\/","title":{"rendered":"Forca m\u00eb af\u00ebr me Koalicionin Mali i Zi Evropian"},"content":{"rendered":"<p><strong>\u00a0<a href=\"http:\/\/www.visit-ulcinj.com\/blog\/wp-content\/uploads\/2012\/10\/forca-per-bashkim1.jpg\"><img loading=\"lazy\" class=\"alignleft  wp-image-64966\" title=\"forca-per-bashkim\" src=\"http:\/\/www.visit-ulcinj.com\/blog\/wp-content\/uploads\/2012\/10\/forca-per-bashkim1.jpg\" alt=\"\" width=\"508\" height=\"360\" \/><\/a><\/strong><\/p>\n<p align=\"right\">Ulqin, 21-10-2012<br \/>\nNr:\u00a0 107\/ 12<\/p>\n<p>&nbsp;<\/p>\n<p style=\"text-align: center;\"><strong>Mbledhja e K\u00ebshillit q\u00ebndror t\u00eb Forc\u00ebs<\/strong><\/p>\n<p>K\u00ebshilli qendror I Forc\u00ebs n\u00eb mbledhjen e mbajtur t\u00eb dielen m\u00eb 21.10.2012 n\u00eb t\u00eb cilin jan\u00eb shqyrtuar rezultatet e zgjedhjeve parlamentare t\u00eb mbajtura me 14 tetor, me propozim t\u00eb Kryesis\u00eb s\u00eb partis nj\u00ebz\u00ebri e ka miratuar <strong>Platform\u00ebn politike<\/strong> mbi principet e veprimit t\u00eb p\u00ebrbashk\u00ebt p\u00ebr t\u00eb avancuar pozit\u00ebn e popujve pakic\u00eb n\u00eb Mal t\u00eb Zi. N\u00ebnshkruesit e k\u00ebsaj platforme u muar\u00ebn vesh q\u00eb s\u00eb bashku t\u00eb marrin pjes\u00eb n\u00eb negociatat p\u00ebr formimin e shumic\u00ebs parlamentare dhe\u00a0 ekzekutivit t\u00eb Malit t\u00eb Zi.<\/p>\n<p>Platforma politike \u00ebsht\u00eb document I p\u00ebrbashk\u00ebt t\u00eb cil\u00ebn e kan\u00eb p\u00ebrgatitur grupet punuese t\u00eb Partis\u00eb Boshnjake, Forc\u00ebs p\u00ebr Bashkim dhe Iniciativ\u00ebs Qytetare Kroate me t\u00eb cil\u00ebn definohen principet dhe q\u00ebllimet e veprimit t\u00eb p\u00ebrbashk\u00ebt t\u00eb p\u00ebrfaq\u00ebsuesve t\u00eb popujve pakic\u00eb n\u00eb Mal t\u00eb Zi pas zgjedhjeve parlamentare.<\/p>\n<p>N\u00eb pajtueshm\u00ebri me k\u00ebt\u00eb platform\u00eb politike, K\u00ebshilli Qendror I Forc\u00ebs poashtu ka vendosur q\u00eb n\u00eb bisedime p\u00ebr formimin e shumic\u00ebs parlamentare dhe Qeveris\u00eb s\u00eb Malit t\u00eb Zi t\u00eb dale s\u00eb bashku me Partin\u00eb Boshnjake dhe Iniciaiv\u00ebn Qytetare Kroate dhe bisedimet t\u00eb fillojn\u00eb me Koalicionin Mali I Zi Evropian.<\/p>\n<p>&nbsp;<\/p>\n<p><strong>Sh\u00ebrbimi p\u00ebr informim<\/strong><br \/>\n<object style=\"width: 508px; height: 360px;\" width=\"320\" height=\"240\" classid=\"clsid:d27cdb6e-ae6d-11cf-96b8-444553540000\" codebase=\"http:\/\/download.macromedia.com\/pub\/shockwave\/cabs\/flash\/swflash.cab#version=6,0,40,0\"><param name=\"quality\" value=\"high\" \/><param name=\"wmode\" value=\"transparent\" \/><param name=\"autoplay\" value=\"false\" \/><param name=\"allowfullscreen\" value=\"true\" \/><param name=\"allowscriptaccess\" value=\"always\" \/><param name=\"flashvars\" value=\"file=http:\/\/forca.me\/images\/stories\/videos\/Promovimi_2012.flv&amp;image=http:\/\/forca.me\/images\/stories\/videos\/Promovimi_2012.jpg&amp;autostart=false&amp;fullscreen=true\" \/><param name=\"src\" value=\"http:\/\/forca.me\/plugins\/content\/jw_allvideos\/includes\/players\/mediaplayer\/player.swf\" \/><\/object><\/p>\n","protected":false},"excerpt":{"rendered":"<p>\u00a0 Ulqin, 21-10-2012 Nr:\u00a0 107\/ 12 &nbsp; Mbledhja e K\u00ebshillit q\u00ebndror t\u00eb Forc\u00ebs K\u00ebshilli qendror I Forc\u00ebs n\u00eb mbledhjen e mbajtur t\u00eb dielen m\u00eb 21.10.2012 n\u00eb t\u00eb cilin jan\u00eb shqyrtuar rezultatet e zgjedhjeve parlamentare t\u00eb mbajtura me 14 tetor, me propozim t\u00eb Kryesis\u00eb s\u00eb partis nj\u00ebz\u00ebri e ka miratuar Platform\u00ebn politike mbi principet e veprimit [&hellip;]<\/p>\n","protected":false},"author":1,"featured_media":0,"comment_status":"open","ping_status":"closed","sticky":false,"template":"","format":"standard","meta":{"spay_email":"","jetpack_publicize_message":"","jetpack_is_tweetstorm":false,"jetpack_publicize_feature_enabled":true},"categories":[1,6],"tags":[117,200],"jetpack_publicize_connections":[],"yoast_head":"<!-- This site is optimized with the Yoast SEO plugin v19.1 - https:\/\/yoast.com\/wordpress\/plugins\/seo\/ -->\n<title>Forca m\u00eb af\u00ebr me Koalicionin Mali i Zi Evropian - Lajme nga Ulqini<\/title>\n<meta name=\"description\" content=\"\u00a0 Ulqin, 21-10-2012 Nr:\u00a0 107\/ 12 &nbsp; Mbledhja e K\u00ebshillit q\u00ebndror t\u00eb Forc\u00ebs K\u00ebshilli qendror I Forc\u00ebs n\u00eb mbledhjen e mbajtur t\u00eb dielen m\u00eb 21.10.2012 n\u00eb\" \/>\n<meta name=\"robots\" content=\"index, follow, max-snippet:-1, max-image-preview:large, max-video-preview:-1\" \/>\n<link rel=\"canonical\" href=\"https:\/\/www.visit-ulcinj.com\/blog\/2012\/10\/22\/forca-me-afer-me-koalicionin-mali-i-zi-evropian\/\" \/>\n<meta property=\"og:locale\" content=\"en_US\" \/>\n<meta property=\"og:type\" content=\"article\" \/>\n<meta property=\"og:title\" content=\"Forca m\u00eb af\u00ebr me Koalicionin Mali i Zi Evropian - Lajme nga Ulqini\" \/>\n<meta property=\"og:description\" content=\"\u00a0 Ulqin, 21-10-2012 Nr:\u00a0 107\/ 12 &nbsp; Mbledhja e K\u00ebshillit q\u00ebndror t\u00eb Forc\u00ebs K\u00ebshilli qendror I Forc\u00ebs n\u00eb mbledhjen e mbajtur t\u00eb dielen m\u00eb 21.10.2012 n\u00eb\" \/>\n<meta property=\"og:url\" content=\"https:\/\/www.visit-ulcinj.com\/blog\/2012\/10\/22\/forca-me-afer-me-koalicionin-mali-i-zi-evropian\/\" \/>\n<meta property=\"og:site_name\" content=\"Lajme nga Ulqini\" \/>\n<meta property=\"article:published_time\" content=\"2012-10-22T11:13:52+00:00\" \/>\n<meta property=\"article:modified_time\" content=\"2012-10-23T17:57:31+00:00\" \/>\n<meta property=\"og:image\" content=\"http:\/\/www.visit-ulcinj.com\/blog\/wp-content\/uploads\/2012\/10\/forca-per-bashkim1.jpg\" \/>\n<meta name=\"twitter:label1\" content=\"Written by\" \/>\n\t<meta name=\"twitter:data1\" content=\"ulqini\" \/>\n\t<meta name=\"twitter:label2\" content=\"Est. reading time\" \/>\n\t<meta name=\"twitter:data2\" content=\"1 minute\" \/>\n<script type=\"application\/ld+json\" class=\"yoast-schema-graph\">{\"@context\":\"https:\/\/schema.org\",\"@graph\":[{\"@type\":\"WebSite\",\"@id\":\"https:\/\/www.visit-ulcinj.com\/blog\/#website\",\"url\":\"https:\/\/www.visit-ulcinj.com\/blog\/\",\"name\":\"Lajme nga Ulqini\",\"description\":\"Lajme,Vijesti,Ulqini,Ulqin,Crna Gora,Mali i Zi\",\"potentialAction\":[{\"@type\":\"SearchAction\",\"target\":{\"@type\":\"EntryPoint\",\"urlTemplate\":\"https:\/\/www.visit-ulcinj.com\/blog\/?s={search_term_string}\"},\"query-input\":\"required name=search_term_string\"}],\"inLanguage\":\"en-US\"},{\"@type\":\"ImageObject\",\"inLanguage\":\"en-US\",\"@id\":\"https:\/\/www.visit-ulcinj.com\/blog\/2012\/10\/22\/forca-me-afer-me-koalicionin-mali-i-zi-evropian\/#primaryimage\",\"url\":\"https:\/\/www.visit-ulcinj.com\/blog\/wp-content\/uploads\/2012\/10\/forca-per-bashkim1.jpg\",\"contentUrl\":\"https:\/\/www.visit-ulcinj.com\/blog\/wp-content\/uploads\/2012\/10\/forca-per-bashkim1.jpg\",\"width\":\"960\",\"height\":\"631\"},{\"@type\":\"WebPage\",\"@id\":\"https:\/\/www.visit-ulcinj.com\/blog\/2012\/10\/22\/forca-me-afer-me-koalicionin-mali-i-zi-evropian\/#webpage\",\"url\":\"https:\/\/www.visit-ulcinj.com\/blog\/2012\/10\/22\/forca-me-afer-me-koalicionin-mali-i-zi-evropian\/\",\"name\":\"Forca m\u00eb af\u00ebr me Koalicionin Mali i Zi Evropian - Lajme nga Ulqini\",\"isPartOf\":{\"@id\":\"https:\/\/www.visit-ulcinj.com\/blog\/#website\"},\"primaryImageOfPage\":{\"@id\":\"https:\/\/www.visit-ulcinj.com\/blog\/2012\/10\/22\/forca-me-afer-me-koalicionin-mali-i-zi-evropian\/#primaryimage\"},\"datePublished\":\"2012-10-22T11:13:52+00:00\",\"dateModified\":\"2012-10-23T17:57:31+00:00\",\"author\":{\"@id\":\"https:\/\/www.visit-ulcinj.com\/blog\/#\/schema\/person\/dcab619c614d3038751c63bc2aadc06d\"},\"description\":\"\u00a0 Ulqin, 21-10-2012 Nr:\u00a0 107\/ 12 &nbsp; Mbledhja e K\u00ebshillit q\u00ebndror t\u00eb Forc\u00ebs K\u00ebshilli qendror I Forc\u00ebs n\u00eb mbledhjen e mbajtur t\u00eb dielen m\u00eb 21.10.2012 n\u00eb\",\"breadcrumb\":{\"@id\":\"https:\/\/www.visit-ulcinj.com\/blog\/2012\/10\/22\/forca-me-afer-me-koalicionin-mali-i-zi-evropian\/#breadcrumb\"},\"inLanguage\":\"en-US\",\"potentialAction\":[{\"@type\":\"ReadAction\",\"target\":[\"https:\/\/www.visit-ulcinj.com\/blog\/2012\/10\/22\/forca-me-afer-me-koalicionin-mali-i-zi-evropian\/\"]}]},{\"@type\":\"BreadcrumbList\",\"@id\":\"https:\/\/www.visit-ulcinj.com\/blog\/2012\/10\/22\/forca-me-afer-me-koalicionin-mali-i-zi-evropian\/#breadcrumb\",\"itemListElement\":[{\"@type\":\"ListItem\",\"position\":1,\"name\":\"Forca m\u00eb af\u00ebr me Koalicionin Mali i Zi Evropian\"}]},{\"@type\":\"Person\",\"@id\":\"https:\/\/www.visit-ulcinj.com\/blog\/#\/schema\/person\/dcab619c614d3038751c63bc2aadc06d\",\"name\":\"ulqini\",\"sameAs\":[\"http:\/\/www.visit-ulcinj.com\"],\"url\":\"https:\/\/www.visit-ulcinj.com\/blog\/author\/admin\/\"}]}<\/script>\n<!-- \/ Yoast SEO plugin. -->","yoast_head_json":{"title":"Forca m\u00eb af\u00ebr me Koalicionin Mali i Zi Evropian - Lajme nga Ulqini","description":"\u00a0 Ulqin, 21-10-2012 Nr:\u00a0 107\/ 12 &nbsp; Mbledhja e K\u00ebshillit q\u00ebndror t\u00eb Forc\u00ebs K\u00ebshilli qendror I Forc\u00ebs n\u00eb mbledhjen e mbajtur t\u00eb dielen m\u00eb 21.10.2012 n\u00eb","robots":{"index":"index","follow":"follow","max-snippet":"max-snippet:-1","max-image-preview":"max-image-preview:large","max-video-preview":"max-video-preview:-1"},"canonical":"https:\/\/www.visit-ulcinj.com\/blog\/2012\/10\/22\/forca-me-afer-me-koalicionin-mali-i-zi-evropian\/","og_locale":"en_US","og_type":"article","og_title":"Forca m\u00eb af\u00ebr me Koalicionin Mali i Zi Evropian - Lajme nga Ulqini","og_description":"\u00a0 Ulqin, 21-10-2012 Nr:\u00a0 107\/ 12 &nbsp; Mbledhja e K\u00ebshillit q\u00ebndror t\u00eb Forc\u00ebs K\u00ebshilli qendror I Forc\u00ebs n\u00eb mbledhjen e mbajtur t\u00eb dielen m\u00eb 21.10.2012 n\u00eb","og_url":"https:\/\/www.visit-ulcinj.com\/blog\/2012\/10\/22\/forca-me-afer-me-koalicionin-mali-i-zi-evropian\/","og_site_name":"Lajme nga Ulqini","article_published_time":"2012-10-22T11:13:52+00:00","article_modified_time":"2012-10-23T17:57:31+00:00","og_image":[{"url":"http:\/\/www.visit-ulcinj.com\/blog\/wp-content\/uploads\/2012\/10\/forca-per-bashkim1.jpg"}],"twitter_misc":{"Written by":"ulqini","Est. reading time":"1 minute"},"schema":{"@context":"https:\/\/schema.org","@graph":[{"@type":"WebSite","@id":"https:\/\/www.visit-ulcinj.com\/blog\/#website","url":"https:\/\/www.visit-ulcinj.com\/blog\/","name":"Lajme nga Ulqini","description":"Lajme,Vijesti,Ulqini,Ulqin,Crna Gora,Mali i Zi","potentialAction":[{"@type":"SearchAction","target":{"@type":"EntryPoint","urlTemplate":"https:\/\/www.visit-ulcinj.com\/blog\/?s={search_term_string}"},"query-input":"required name=search_term_string"}],"inLanguage":"en-US"},{"@type":"ImageObject","inLanguage":"en-US","@id":"https:\/\/www.visit-ulcinj.com\/blog\/2012\/10\/22\/forca-me-afer-me-koalicionin-mali-i-zi-evropian\/#primaryimage","url":"https:\/\/www.visit-ulcinj.com\/blog\/wp-content\/uploads\/2012\/10\/forca-per-bashkim1.jpg","contentUrl":"https:\/\/www.visit-ulcinj.com\/blog\/wp-content\/uploads\/2012\/10\/forca-per-bashkim1.jpg","width":"960","height":"631"},{"@type":"WebPage","@id":"https:\/\/www.visit-ulcinj.com\/blog\/2012\/10\/22\/forca-me-afer-me-koalicionin-mali-i-zi-evropian\/#webpage","url":"https:\/\/www.visit-ulcinj.com\/blog\/2012\/10\/22\/forca-me-afer-me-koalicionin-mali-i-zi-evropian\/","name":"Forca m\u00eb af\u00ebr me Koalicionin Mali i Zi Evropian - Lajme nga Ulqini","isPartOf":{"@id":"https:\/\/www.visit-ulcinj.com\/blog\/#website"},"primaryImageOfPage":{"@id":"https:\/\/www.visit-ulcinj.com\/blog\/2012\/10\/22\/forca-me-afer-me-koalicionin-mali-i-zi-evropian\/#primaryimage"},"datePublished":"2012-10-22T11:13:52+00:00","dateModified":"2012-10-23T17:57:31+00:00","author":{"@id":"https:\/\/www.visit-ulcinj.com\/blog\/#\/schema\/person\/dcab619c614d3038751c63bc2aadc06d"},"description":"\u00a0 Ulqin, 21-10-2012 Nr:\u00a0 107\/ 12 &nbsp; Mbledhja e K\u00ebshillit q\u00ebndror t\u00eb Forc\u00ebs K\u00ebshilli qendror I Forc\u00ebs n\u00eb mbledhjen e mbajtur t\u00eb dielen m\u00eb 21.10.2012 n\u00eb","breadcrumb":{"@id":"https:\/\/www.visit-ulcinj.com\/blog\/2012\/10\/22\/forca-me-afer-me-koalicionin-mali-i-zi-evropian\/#breadcrumb"},"inLanguage":"en-US","potentialAction":[{"@type":"ReadAction","target":["https:\/\/www.visit-ulcinj.com\/blog\/2012\/10\/22\/forca-me-afer-me-koalicionin-mali-i-zi-evropian\/"]}]},{"@type":"BreadcrumbList","@id":"https:\/\/www.visit-ulcinj.com\/blog\/2012\/10\/22\/forca-me-afer-me-koalicionin-mali-i-zi-evropian\/#breadcrumb","itemListElement":[{"@type":"ListItem","position":1,"name":"Forca m\u00eb af\u00ebr me Koalicionin Mali i Zi Evropian"}]},{"@type":"Person","@id":"https:\/\/www.visit-ulcinj.com\/blog\/#\/schema\/person\/dcab619c614d3038751c63bc2aadc06d","name":"ulqini","sameAs":["http:\/\/www.visit-ulcinj.com"],"url":"https:\/\/www.visit-ulcinj.com\/blog\/author\/admin\/"}]}},"jetpack_featured_media_url":"","jetpack_sharing_enabled":true,"jetpack_shortlink":"https:\/\/wp.me\/pe6lTn-gTP","_links":{"self":[{"href":"https:\/\/www.visit-ulcinj.com\/blog\/wp-json\/wp\/v2\/posts\/64965"}],"collection":[{"href":"https:\/\/www.visit-ulcinj.com\/blog\/wp-json\/wp\/v2\/posts"}],"about":[{"href":"https:\/\/www.visit-ulcinj.com\/blog\/wp-json\/wp\/v2\/types\/post"}],"author":[{"embeddable":true,"href":"https:\/\/www.visit-ulcinj.com\/blog\/wp-json\/wp\/v2\/users\/1"}],"replies":[{"embeddable":true,"href":"https:\/\/www.visit-ulcinj.com\/blog\/wp-json\/wp\/v2\/comments?post=64965"}],"version-history":[{"count":2,"href":"https:\/\/www.visit-ulcinj.com\/blog\/wp-json\/wp\/v2\/posts\/64965\/revisions"}],"predecessor-version":[{"id":64988,"href":"https:\/\/www.visit-ulcinj.com\/blog\/wp-json\/wp\/v2\/posts\/64965\/revisions\/64988"}],"wp:attachment":[{"href":"https:\/\/www.visit-ulcinj.com\/blog\/wp-json\/wp\/v2\/media?parent=64965"}],"wp:term":[{"taxonomy":"category","embeddable":true,"href":"https:\/\/www.visit-ulcinj.com\/blog\/wp-json\/wp\/v2\/categories?post=64965"},{"taxonomy":"post_tag","embeddable":true,"href":"https:\/\/www.visit-ulcinj.com\/blog\/wp-json\/wp\/v2\/tags?post=64965"}],"curies":[{"name":"wp","href":"https:\/\/api.w.org\/{rel}","templated":true}]}}