{"id":64970,"date":"2012-10-22T18:36:45","date_gmt":"2012-10-22T17:36:45","guid":{"rendered":"http:\/\/www.visit-ulcinj.com\/blog\/?p=64970"},"modified":"2012-10-22T18:37:19","modified_gmt":"2012-10-22T17:37:19","slug":"kkulqini-shkelqen-ne-gostivar-dhe-ne-kollashin","status":"publish","type":"post","link":"https:\/\/www.visit-ulcinj.com\/blog\/2012\/10\/22\/kkulqini-shkelqen-ne-gostivar-dhe-ne-kollashin\/","title":{"rendered":"KK\u201cUlqini\u201d shk\u00eblqen n\u00eb Gostivar dhe n\u00eb Kollashin"},"content":{"rendered":"<p><a href=\"http:\/\/www.visit-ulcinj.com\/blog\/wp-content\/uploads\/2012\/10\/KK-Ulqini-Turneu-i-Gostivarit.12.jpg\"><img loading=\"lazy\" class=\"alignleft  wp-image-64971\" title=\"KK-Ulqini -Turneu i Gostivarit.12\" src=\"http:\/\/www.visit-ulcinj.com\/blog\/wp-content\/uploads\/2012\/10\/KK-Ulqini-Turneu-i-Gostivarit.12.jpg\" alt=\"\" width=\"350\" height=\"450\" \/><\/a>Klubi i Karates\u00eb \u201cUlqini\u201d uikendin e kaluar mori pjes\u00eb n\u00eb dy turne nd\u00ebrkomb\u00ebtar\u00eb KK \u201cULQINI\u201d SHK\u00cbLQEN N\u00cb GOSTIVAR DHE N\u00cb KOLLASHIN T\u00eb shtun\u00ebn, m\u00eb 20 tetor 2012 n\u00eb Gostivar t\u00eb Maqedonis\u00eb u mbajt u Turneu XI nd\u00ebrkomb\u00ebtar i karates\u00eb \u201cKupa e Gostivarit 2012\u201d.<\/p>\n<p>Garuesit e Klubit t\u00eb karates\u00eb \u201cUlqini\u201d arrit\u00ebn t\u00eb fitojn\u00eb 5 medalje: 2 medalje t\u00eb arta, 2 t\u00eb argjendta, 1t\u00eb bronzt\u00eb dhe 2 kupa p\u00ebr 2 vendet e par\u00eb. Me medalje t\u00eb art\u00eb u kuror\u00ebzua Dardan Ceka n\u00eb kata individuale (senior) dhe ekipi i senior\u00ebve n\u00eb luft\u00ebra ekipore n\u00eb p\u00ebrb\u00ebrje nga Dardan Ceka dhe Drilon Basha. Me medalje t\u00eb argjendt\u00eb n\u00eb kata individuale u kuror\u00ebzua Antigona Rama dhe ekipi i senior\u00ebve n\u00eb kata ekipore n\u00eb p\u00ebrb\u00ebrje nga Antigona Rama, Seida Suma dhe Dardan Ceka, ekip ky i quajtur mix team, sepse \u00ebsht\u00eb i p\u00ebrb\u00ebr\u00eb nga dy vajza dhe nj\u00eb djal\u00eb. Ata p\u00ebsuan humbje nga p\u00ebrfaq\u00ebsuesja e Maqedonis\u00eb dhe k\u00ebshtu i takoi vendi i dyt\u00eb. Me nj\u00eb medalje t\u00eb bronzt\u00eb u kuror\u00ebzua Seida Suma n\u00eb luft\u00ebra individuale. N\u00eb k\u00ebt\u00eb aktivitet sportiv mor\u00ebn pjes\u00eb 51 klube me 350 garues nga Shqip\u00ebria, Kosova, Mali i Zi dhe klube nga Maqedonia. Fal\u00ebnderojm\u00eb shum\u00eb organizatorin e k\u00ebtij turneu, z. Arlind Huseini, p\u00ebr respektin q\u00eb na ka b\u00ebr\u00eb dhe e p\u00ebrg\u00ebzojm\u00eb p\u00ebr turneun i cili ishte i organizuar n\u00eb nj\u00eb nivel mjaft t\u00eb lart\u00eb. Po ashtu, m\u00eb 20 tetor 2012 n\u00eb Kollashin u mbajt u Turneu VIII nd\u00ebrkomb\u00ebtar i karates\u00eb \u201cKolasinski pobjednik 2012\u201d. Klubi i karates\u00eb \u201cUlqini\u201d n\u00eb k\u00ebt\u00eb turne u paraqit me 16 garues, t\u00eb cil\u00ebt arrit\u00ebn t\u00eb fitojn\u00eb 36 medalje n\u00eb disiplinat individuale dhe ekipore: 12 medalje t\u00eb arta, 14 t\u00eb argjendta, 10 t\u00eb bronzta dhe kup\u00ebn p\u00ebr vendin e tret\u00eb n\u00eb renditjen e p\u00ebrgjithshme. Me medalje t\u00eb arta u kuror\u00ebzuan: Jeton Luka &#8211; 2 t\u00eb arta, kurse me nga nj\u00eb t\u00eb art\u00eb u kuror\u00ebzuan Albert Rudoviq, Eliza Salihu, Diell\u00ebza Rama, Christopher Rudoviq, Adnan Kuqi, Bledar Seferi, Ensar Marshiq, Marko Daboviq, Arben Elezi dhe Admir Luka. P\u00ebrve\u00e7 k\u00ebtyre medaljeve k\u00ebta garues u kuror\u00ebzuan edhe me medalje t\u00eb tjera. Me nga disa medalje t\u00eb tjera u shp\u00ebrblyen edhe k\u00ebta garues: Resul Ceka, Elvir Islami, Kristian Junkoviq dhe Mensur Ceka. N\u00eb k\u00ebt\u00eb aktivitet sportiv mor\u00ebn pjes\u00eb 20 klube me 300 garues nga Serbia dhe klubet nga Mali i Zi. Ekipi profesional i trajner\u00ebve thon\u00eb se jan\u00eb shum\u00eb t\u00eb k\u00ebnaqur me rezultatet e arritura t\u00eb garuesve t\u00eb tyre, pasi q\u00eb k\u00ebto rezultate jan\u00eb t\u00eb vazhdueshme dhe kurr\u00eb nuk mungojn\u00eb, por p\u00ebrkundrazi dita-dit\u00ebs jan\u00eb edhe m\u00eb t\u00eb m\u00ebdha, duke e mbajtur me krenari dhe dinjitet emrin, t\u00eb cilin e p\u00ebrfaq\u00ebsojn\u00eb dhe e mbajn\u00eb tash tri dekada. Ata fal\u00ebnderojn\u00eb sponsor\u00ebt q\u00eb mund\u00ebsuan pjes\u00ebmarrjen n\u00eb k\u00ebto gara nd\u00ebrkomb\u00ebtare, Christophers apartments, Lidhjen Demokratike n\u00eb Mal t\u00eb Zi, burektoren &#8220;Pelivan&#8221; si dhe prind\u00ebrit e garuesve.<\/p>\n<div><\/div>\n<div><strong>SH\u00cbRBIMI INFORMATIV I KLUBIT T\u00cb KARATES\u00cb \u201cULQINI\u201d<\/strong><\/p>\n\n\t\t<style type=\"text\/css\">\n\t\t\t#gallery-1 {\n\t\t\t\tmargin: auto;\n\t\t\t}\n\t\t\t#gallery-1 .gallery-item {\n\t\t\t\tfloat: left;\n\t\t\t\tmargin-top: 10px;\n\t\t\t\ttext-align: center;\n\t\t\t\twidth: 33%;\n\t\t\t}\n\t\t\t#gallery-1 img {\n\t\t\t\tborder: 2px solid #cfcfcf;\n\t\t\t}\n\t\t\t#gallery-1 .gallery-caption {\n\t\t\t\tmargin-left: 0;\n\t\t\t}\n\t\t\t\/* see gallery_shortcode() in wp-includes\/media.php *\/\n\t\t<\/style>\n\t\t<div id='gallery-1' class='gallery galleryid-64970 gallery-columns-3 gallery-size-thumbnail'><dl class='gallery-item'>\n\t\t\t<dt class='gallery-icon portrait'>\n\t\t\t\t<a href='https:\/\/www.visit-ulcinj.com\/blog\/wp-content\/uploads\/2012\/10\/KK-Ulqini-Turneu-i-Gostivarit.12.jpg'><img width=\"150\" height=\"150\" src=\"https:\/\/www.visit-ulcinj.com\/blog\/wp-content\/uploads\/2012\/10\/KK-Ulqini-Turneu-i-Gostivarit.12-150x150.jpg\" class=\"attachment-thumbnail size-thumbnail\" alt=\"\" loading=\"lazy\" \/><\/a>\n\t\t\t<\/dt><\/dl><dl class='gallery-item'>\n\t\t\t<dt class='gallery-icon landscape'>\n\t\t\t\t<a href='https:\/\/www.visit-ulcinj.com\/blog\/wp-content\/uploads\/2012\/10\/KK-Ulqini-Turneu-i-Gostivarit.12.1.jpg'><img width=\"150\" height=\"150\" src=\"https:\/\/www.visit-ulcinj.com\/blog\/wp-content\/uploads\/2012\/10\/KK-Ulqini-Turneu-i-Gostivarit.12.1-150x150.jpg\" class=\"attachment-thumbnail size-thumbnail\" alt=\"\" loading=\"lazy\" \/><\/a>\n\t\t\t<\/dt><\/dl><dl class='gallery-item'>\n\t\t\t<dt class='gallery-icon landscape'>\n\t\t\t\t<a href='https:\/\/www.visit-ulcinj.com\/blog\/wp-content\/uploads\/2012\/10\/KK-Ulqini-Turneu-i-Gostivarit.12.2.jpg'><img width=\"150\" height=\"150\" src=\"https:\/\/www.visit-ulcinj.com\/blog\/wp-content\/uploads\/2012\/10\/KK-Ulqini-Turneu-i-Gostivarit.12.2-150x150.jpg\" class=\"attachment-thumbnail size-thumbnail\" alt=\"\" loading=\"lazy\" \/><\/a>\n\t\t\t<\/dt><\/dl><br style=\"clear: both\" \/><dl class='gallery-item'>\n\t\t\t<dt class='gallery-icon landscape'>\n\t\t\t\t<a href='https:\/\/www.visit-ulcinj.com\/blog\/wp-content\/uploads\/2012\/10\/KK-Ulqini-Turneu-i-Gostivarit.12.3.jpg'><img width=\"150\" height=\"150\" src=\"https:\/\/www.visit-ulcinj.com\/blog\/wp-content\/uploads\/2012\/10\/KK-Ulqini-Turneu-i-Gostivarit.12.3-150x150.jpg\" class=\"attachment-thumbnail size-thumbnail\" alt=\"\" loading=\"lazy\" \/><\/a>\n\t\t\t<\/dt><\/dl><dl class='gallery-item'>\n\t\t\t<dt class='gallery-icon landscape'>\n\t\t\t\t<a href='https:\/\/www.visit-ulcinj.com\/blog\/wp-content\/uploads\/2012\/10\/KK-Ulqini-Turneu-i-Gostivarit.12.4.jpg'><img width=\"150\" height=\"150\" src=\"https:\/\/www.visit-ulcinj.com\/blog\/wp-content\/uploads\/2012\/10\/KK-Ulqini-Turneu-i-Gostivarit.12.4-150x150.jpg\" class=\"attachment-thumbnail size-thumbnail\" alt=\"\" loading=\"lazy\" \/><\/a>\n\t\t\t<\/dt><\/dl><dl class='gallery-item'>\n\t\t\t<dt class='gallery-icon landscape'>\n\t\t\t\t<a href='https:\/\/www.visit-ulcinj.com\/blog\/wp-content\/uploads\/2012\/10\/KK-Ulqini-Turneu-i-Gostivarit.12.5.jpg'><img width=\"150\" height=\"150\" src=\"https:\/\/www.visit-ulcinj.com\/blog\/wp-content\/uploads\/2012\/10\/KK-Ulqini-Turneu-i-Gostivarit.12.5-150x150.jpg\" class=\"attachment-thumbnail size-thumbnail\" alt=\"\" loading=\"lazy\" \/><\/a>\n\t\t\t<\/dt><\/dl><br style=\"clear: both\" \/><dl class='gallery-item'>\n\t\t\t<dt class='gallery-icon landscape'>\n\t\t\t\t<a href='https:\/\/www.visit-ulcinj.com\/blog\/wp-content\/uploads\/2012\/10\/KK-Ulqini-Turneu-i-Gostivarit.12.6.jpg'><img width=\"150\" height=\"150\" src=\"https:\/\/www.visit-ulcinj.com\/blog\/wp-content\/uploads\/2012\/10\/KK-Ulqini-Turneu-i-Gostivarit.12.6-150x150.jpg\" class=\"attachment-thumbnail size-thumbnail\" alt=\"\" loading=\"lazy\" \/><\/a>\n\t\t\t<\/dt><\/dl><dl class='gallery-item'>\n\t\t\t<dt class='gallery-icon landscape'>\n\t\t\t\t<a href='https:\/\/www.visit-ulcinj.com\/blog\/wp-content\/uploads\/2012\/10\/KK-Ulqini-Turneu-i-Gostivarit.12.7.jpg'><img width=\"150\" height=\"150\" src=\"https:\/\/www.visit-ulcinj.com\/blog\/wp-content\/uploads\/2012\/10\/KK-Ulqini-Turneu-i-Gostivarit.12.7-150x150.jpg\" class=\"attachment-thumbnail size-thumbnail\" alt=\"\" loading=\"lazy\" \/><\/a>\n\t\t\t<\/dt><\/dl>\n\t\t\t<br style='clear: both' \/>\n\t\t<\/div>\n\n<\/div>\n","protected":false},"excerpt":{"rendered":"<p>Klubi i Karates\u00eb \u201cUlqini\u201d uikendin e kaluar mori pjes\u00eb n\u00eb dy turne nd\u00ebrkomb\u00ebtar\u00eb KK \u201cULQINI\u201d SHK\u00cbLQEN N\u00cb GOSTIVAR DHE N\u00cb KOLLASHIN T\u00eb shtun\u00ebn, m\u00eb 20 tetor 2012 n\u00eb Gostivar t\u00eb Maqedonis\u00eb u mbajt u Turneu XI nd\u00ebrkomb\u00ebtar i karates\u00eb \u201cKupa e Gostivarit 2012\u201d. Garuesit e Klubit t\u00eb karates\u00eb \u201cUlqini\u201d arrit\u00ebn t\u00eb fitojn\u00eb 5 medalje: 2 [&hellip;]<\/p>\n","protected":false},"author":1,"featured_media":0,"comment_status":"open","ping_status":"closed","sticky":false,"template":"","format":"standard","meta":{"spay_email":"","jetpack_publicize_message":"","jetpack_is_tweetstorm":false,"jetpack_publicize_feature_enabled":true},"categories":[3],"tags":[2618],"jetpack_publicize_connections":[],"yoast_head":"<!-- This site is optimized with the Yoast SEO plugin v19.1 - https:\/\/yoast.com\/wordpress\/plugins\/seo\/ -->\n<title>KK\u201cUlqini\u201d shk\u00eblqen n\u00eb Gostivar dhe n\u00eb Kollashin - Lajme nga Ulqini<\/title>\n<meta name=\"description\" content=\"Klubi i Karates\u00eb \u201cUlqini\u201d uikendin e kaluar mori pjes\u00eb n\u00eb dy turne nd\u00ebrkomb\u00ebtar\u00eb KK \u201cULQINI\u201d SHK\u00cbLQEN N\u00cb GOSTIVAR DHE N\u00cb KOLLASHIN T\u00eb shtun\u00ebn, m\u00eb 20 tetor\" \/>\n<meta name=\"robots\" content=\"index, follow, max-snippet:-1, max-image-preview:large, max-video-preview:-1\" \/>\n<link rel=\"canonical\" href=\"https:\/\/www.visit-ulcinj.com\/blog\/2012\/10\/22\/kkulqini-shkelqen-ne-gostivar-dhe-ne-kollashin\/\" \/>\n<meta property=\"og:locale\" content=\"en_US\" \/>\n<meta property=\"og:type\" content=\"article\" \/>\n<meta property=\"og:title\" content=\"KK\u201cUlqini\u201d shk\u00eblqen n\u00eb Gostivar dhe n\u00eb Kollashin - Lajme nga Ulqini\" \/>\n<meta property=\"og:description\" content=\"Klubi i Karates\u00eb \u201cUlqini\u201d uikendin e kaluar mori pjes\u00eb n\u00eb dy turne nd\u00ebrkomb\u00ebtar\u00eb KK \u201cULQINI\u201d SHK\u00cbLQEN N\u00cb GOSTIVAR DHE N\u00cb KOLLASHIN T\u00eb shtun\u00ebn, m\u00eb 20 tetor\" \/>\n<meta property=\"og:url\" content=\"https:\/\/www.visit-ulcinj.com\/blog\/2012\/10\/22\/kkulqini-shkelqen-ne-gostivar-dhe-ne-kollashin\/\" \/>\n<meta property=\"og:site_name\" content=\"Lajme nga Ulqini\" \/>\n<meta property=\"article:published_time\" content=\"2012-10-22T17:36:45+00:00\" \/>\n<meta property=\"article:modified_time\" content=\"2012-10-22T17:37:19+00:00\" \/>\n<meta property=\"og:image\" content=\"https:\/\/www.visit-ulcinj.com\/blog\/wp-content\/uploads\/2012\/10\/KK-Ulqini-Turneu-i-Gostivarit.12-150x150.jpg\" \/>\n<meta name=\"twitter:label1\" content=\"Written by\" \/>\n\t<meta name=\"twitter:data1\" content=\"ulqini\" \/>\n\t<meta name=\"twitter:label2\" content=\"Est. reading time\" \/>\n\t<meta name=\"twitter:data2\" content=\"3 minutes\" \/>\n<script type=\"application\/ld+json\" class=\"yoast-schema-graph\">{\"@context\":\"https:\/\/schema.org\",\"@graph\":[{\"@type\":\"WebSite\",\"@id\":\"https:\/\/www.visit-ulcinj.com\/blog\/#website\",\"url\":\"https:\/\/www.visit-ulcinj.com\/blog\/\",\"name\":\"Lajme nga Ulqini\",\"description\":\"Lajme,Vijesti,Ulqini,Ulqin,Crna Gora,Mali i Zi\",\"potentialAction\":[{\"@type\":\"SearchAction\",\"target\":{\"@type\":\"EntryPoint\",\"urlTemplate\":\"https:\/\/www.visit-ulcinj.com\/blog\/?s={search_term_string}\"},\"query-input\":\"required name=search_term_string\"}],\"inLanguage\":\"en-US\"},{\"@type\":\"ImageObject\",\"inLanguage\":\"en-US\",\"@id\":\"https:\/\/www.visit-ulcinj.com\/blog\/2012\/10\/22\/kkulqini-shkelqen-ne-gostivar-dhe-ne-kollashin\/#primaryimage\",\"url\":\"https:\/\/www.visit-ulcinj.com\/blog\/wp-content\/uploads\/2012\/10\/KK-Ulqini-Turneu-i-Gostivarit.12.jpg\",\"contentUrl\":\"https:\/\/www.visit-ulcinj.com\/blog\/wp-content\/uploads\/2012\/10\/KK-Ulqini-Turneu-i-Gostivarit.12.jpg\",\"width\":\"720\",\"height\":\"960\"},{\"@type\":\"WebPage\",\"@id\":\"https:\/\/www.visit-ulcinj.com\/blog\/2012\/10\/22\/kkulqini-shkelqen-ne-gostivar-dhe-ne-kollashin\/#webpage\",\"url\":\"https:\/\/www.visit-ulcinj.com\/blog\/2012\/10\/22\/kkulqini-shkelqen-ne-gostivar-dhe-ne-kollashin\/\",\"name\":\"KK\u201cUlqini\u201d shk\u00eblqen n\u00eb Gostivar dhe n\u00eb Kollashin - Lajme nga Ulqini\",\"isPartOf\":{\"@id\":\"https:\/\/www.visit-ulcinj.com\/blog\/#website\"},\"primaryImageOfPage\":{\"@id\":\"https:\/\/www.visit-ulcinj.com\/blog\/2012\/10\/22\/kkulqini-shkelqen-ne-gostivar-dhe-ne-kollashin\/#primaryimage\"},\"datePublished\":\"2012-10-22T17:36:45+00:00\",\"dateModified\":\"2012-10-22T17:37:19+00:00\",\"author\":{\"@id\":\"https:\/\/www.visit-ulcinj.com\/blog\/#\/schema\/person\/dcab619c614d3038751c63bc2aadc06d\"},\"description\":\"Klubi i Karates\u00eb \u201cUlqini\u201d uikendin e kaluar mori pjes\u00eb n\u00eb dy turne nd\u00ebrkomb\u00ebtar\u00eb KK \u201cULQINI\u201d SHK\u00cbLQEN N\u00cb GOSTIVAR DHE N\u00cb KOLLASHIN T\u00eb shtun\u00ebn, m\u00eb 20 tetor\",\"breadcrumb\":{\"@id\":\"https:\/\/www.visit-ulcinj.com\/blog\/2012\/10\/22\/kkulqini-shkelqen-ne-gostivar-dhe-ne-kollashin\/#breadcrumb\"},\"inLanguage\":\"en-US\",\"potentialAction\":[{\"@type\":\"ReadAction\",\"target\":[\"https:\/\/www.visit-ulcinj.com\/blog\/2012\/10\/22\/kkulqini-shkelqen-ne-gostivar-dhe-ne-kollashin\/\"]}]},{\"@type\":\"BreadcrumbList\",\"@id\":\"https:\/\/www.visit-ulcinj.com\/blog\/2012\/10\/22\/kkulqini-shkelqen-ne-gostivar-dhe-ne-kollashin\/#breadcrumb\",\"itemListElement\":[{\"@type\":\"ListItem\",\"position\":1,\"name\":\"KK\u201cUlqini\u201d shk\u00eblqen n\u00eb Gostivar dhe n\u00eb Kollashin\"}]},{\"@type\":\"Person\",\"@id\":\"https:\/\/www.visit-ulcinj.com\/blog\/#\/schema\/person\/dcab619c614d3038751c63bc2aadc06d\",\"name\":\"ulqini\",\"sameAs\":[\"http:\/\/www.visit-ulcinj.com\"],\"url\":\"https:\/\/www.visit-ulcinj.com\/blog\/author\/admin\/\"}]}<\/script>\n<!-- \/ Yoast SEO plugin. -->","yoast_head_json":{"title":"KK\u201cUlqini\u201d shk\u00eblqen n\u00eb Gostivar dhe n\u00eb Kollashin - Lajme nga Ulqini","description":"Klubi i Karates\u00eb \u201cUlqini\u201d uikendin e kaluar mori pjes\u00eb n\u00eb dy turne nd\u00ebrkomb\u00ebtar\u00eb KK \u201cULQINI\u201d SHK\u00cbLQEN N\u00cb GOSTIVAR DHE N\u00cb KOLLASHIN T\u00eb shtun\u00ebn, m\u00eb 20 tetor","robots":{"index":"index","follow":"follow","max-snippet":"max-snippet:-1","max-image-preview":"max-image-preview:large","max-video-preview":"max-video-preview:-1"},"canonical":"https:\/\/www.visit-ulcinj.com\/blog\/2012\/10\/22\/kkulqini-shkelqen-ne-gostivar-dhe-ne-kollashin\/","og_locale":"en_US","og_type":"article","og_title":"KK\u201cUlqini\u201d shk\u00eblqen n\u00eb Gostivar dhe n\u00eb Kollashin - Lajme nga Ulqini","og_description":"Klubi i Karates\u00eb \u201cUlqini\u201d uikendin e kaluar mori pjes\u00eb n\u00eb dy turne nd\u00ebrkomb\u00ebtar\u00eb KK \u201cULQINI\u201d SHK\u00cbLQEN N\u00cb GOSTIVAR DHE N\u00cb KOLLASHIN T\u00eb shtun\u00ebn, m\u00eb 20 tetor","og_url":"https:\/\/www.visit-ulcinj.com\/blog\/2012\/10\/22\/kkulqini-shkelqen-ne-gostivar-dhe-ne-kollashin\/","og_site_name":"Lajme nga Ulqini","article_published_time":"2012-10-22T17:36:45+00:00","article_modified_time":"2012-10-22T17:37:19+00:00","og_image":[{"url":"https:\/\/www.visit-ulcinj.com\/blog\/wp-content\/uploads\/2012\/10\/KK-Ulqini-Turneu-i-Gostivarit.12-150x150.jpg"}],"twitter_misc":{"Written by":"ulqini","Est. reading time":"3 minutes"},"schema":{"@context":"https:\/\/schema.org","@graph":[{"@type":"WebSite","@id":"https:\/\/www.visit-ulcinj.com\/blog\/#website","url":"https:\/\/www.visit-ulcinj.com\/blog\/","name":"Lajme nga Ulqini","description":"Lajme,Vijesti,Ulqini,Ulqin,Crna Gora,Mali i Zi","potentialAction":[{"@type":"SearchAction","target":{"@type":"EntryPoint","urlTemplate":"https:\/\/www.visit-ulcinj.com\/blog\/?s={search_term_string}"},"query-input":"required name=search_term_string"}],"inLanguage":"en-US"},{"@type":"ImageObject","inLanguage":"en-US","@id":"https:\/\/www.visit-ulcinj.com\/blog\/2012\/10\/22\/kkulqini-shkelqen-ne-gostivar-dhe-ne-kollashin\/#primaryimage","url":"https:\/\/www.visit-ulcinj.com\/blog\/wp-content\/uploads\/2012\/10\/KK-Ulqini-Turneu-i-Gostivarit.12.jpg","contentUrl":"https:\/\/www.visit-ulcinj.com\/blog\/wp-content\/uploads\/2012\/10\/KK-Ulqini-Turneu-i-Gostivarit.12.jpg","width":"720","height":"960"},{"@type":"WebPage","@id":"https:\/\/www.visit-ulcinj.com\/blog\/2012\/10\/22\/kkulqini-shkelqen-ne-gostivar-dhe-ne-kollashin\/#webpage","url":"https:\/\/www.visit-ulcinj.com\/blog\/2012\/10\/22\/kkulqini-shkelqen-ne-gostivar-dhe-ne-kollashin\/","name":"KK\u201cUlqini\u201d shk\u00eblqen n\u00eb Gostivar dhe n\u00eb Kollashin - Lajme nga Ulqini","isPartOf":{"@id":"https:\/\/www.visit-ulcinj.com\/blog\/#website"},"primaryImageOfPage":{"@id":"https:\/\/www.visit-ulcinj.com\/blog\/2012\/10\/22\/kkulqini-shkelqen-ne-gostivar-dhe-ne-kollashin\/#primaryimage"},"datePublished":"2012-10-22T17:36:45+00:00","dateModified":"2012-10-22T17:37:19+00:00","author":{"@id":"https:\/\/www.visit-ulcinj.com\/blog\/#\/schema\/person\/dcab619c614d3038751c63bc2aadc06d"},"description":"Klubi i Karates\u00eb \u201cUlqini\u201d uikendin e kaluar mori pjes\u00eb n\u00eb dy turne nd\u00ebrkomb\u00ebtar\u00eb KK \u201cULQINI\u201d SHK\u00cbLQEN N\u00cb GOSTIVAR DHE N\u00cb KOLLASHIN T\u00eb shtun\u00ebn, m\u00eb 20 tetor","breadcrumb":{"@id":"https:\/\/www.visit-ulcinj.com\/blog\/2012\/10\/22\/kkulqini-shkelqen-ne-gostivar-dhe-ne-kollashin\/#breadcrumb"},"inLanguage":"en-US","potentialAction":[{"@type":"ReadAction","target":["https:\/\/www.visit-ulcinj.com\/blog\/2012\/10\/22\/kkulqini-shkelqen-ne-gostivar-dhe-ne-kollashin\/"]}]},{"@type":"BreadcrumbList","@id":"https:\/\/www.visit-ulcinj.com\/blog\/2012\/10\/22\/kkulqini-shkelqen-ne-gostivar-dhe-ne-kollashin\/#breadcrumb","itemListElement":[{"@type":"ListItem","position":1,"name":"KK\u201cUlqini\u201d shk\u00eblqen n\u00eb Gostivar dhe n\u00eb Kollashin"}]},{"@type":"Person","@id":"https:\/\/www.visit-ulcinj.com\/blog\/#\/schema\/person\/dcab619c614d3038751c63bc2aadc06d","name":"ulqini","sameAs":["http:\/\/www.visit-ulcinj.com"],"url":"https:\/\/www.visit-ulcinj.com\/blog\/author\/admin\/"}]}},"jetpack_featured_media_url":"","jetpack_sharing_enabled":true,"jetpack_shortlink":"https:\/\/wp.me\/pe6lTn-gTU","_links":{"self":[{"href":"https:\/\/www.visit-ulcinj.com\/blog\/wp-json\/wp\/v2\/posts\/64970"}],"collection":[{"href":"https:\/\/www.visit-ulcinj.com\/blog\/wp-json\/wp\/v2\/posts"}],"about":[{"href":"https:\/\/www.visit-ulcinj.com\/blog\/wp-json\/wp\/v2\/types\/post"}],"author":[{"embeddable":true,"href":"https:\/\/www.visit-ulcinj.com\/blog\/wp-json\/wp\/v2\/users\/1"}],"replies":[{"embeddable":true,"href":"https:\/\/www.visit-ulcinj.com\/blog\/wp-json\/wp\/v2\/comments?post=64970"}],"version-history":[{"count":2,"href":"https:\/\/www.visit-ulcinj.com\/blog\/wp-json\/wp\/v2\/posts\/64970\/revisions"}],"predecessor-version":[{"id":64980,"href":"https:\/\/www.visit-ulcinj.com\/blog\/wp-json\/wp\/v2\/posts\/64970\/revisions\/64980"}],"wp:attachment":[{"href":"https:\/\/www.visit-ulcinj.com\/blog\/wp-json\/wp\/v2\/media?parent=64970"}],"wp:term":[{"taxonomy":"category","embeddable":true,"href":"https:\/\/www.visit-ulcinj.com\/blog\/wp-json\/wp\/v2\/categories?post=64970"},{"taxonomy":"post_tag","embeddable":true,"href":"https:\/\/www.visit-ulcinj.com\/blog\/wp-json\/wp\/v2\/tags?post=64970"}],"curies":[{"name":"wp","href":"https:\/\/api.w.org\/{rel}","templated":true}]}}