{"id":64981,"date":"2012-10-22T18:42:58","date_gmt":"2012-10-22T17:42:58","guid":{"rendered":"http:\/\/www.visit-ulcinj.com\/blog\/?p=64981"},"modified":"2012-10-22T18:44:44","modified_gmt":"2012-10-22T17:44:44","slug":"zenka-vlast-se-uplasila-prijetnji-ulicom-demokratskog-fronta","status":"publish","type":"post","link":"https:\/\/www.visit-ulcinj.com\/blog\/2012\/10\/22\/zenka-vlast-se-uplasila-prijetnji-ulicom-demokratskog-fronta\/","title":{"rendered":"Zenka: Vlast se upla\u0161ila prijetnji ulicom Demokratskog fronta"},"content":{"rendered":"<p><a href=\"http:\/\/www.visit-ulcinj.com\/blog\/wp-content\/uploads\/2012\/10\/ZENKA.jpg\"><img loading=\"lazy\" class=\"alignleft size-full wp-image-64982\" title=\"ZENKA\" src=\"http:\/\/www.visit-ulcinj.com\/blog\/wp-content\/uploads\/2012\/10\/ZENKA.jpg\" alt=\"\" width=\"253\" height=\"255\" srcset=\"https:\/\/www.visit-ulcinj.com\/blog\/wp-content\/uploads\/2012\/10\/ZENKA.jpg 253w, https:\/\/www.visit-ulcinj.com\/blog\/wp-content\/uploads\/2012\/10\/ZENKA-150x150.jpg 150w\" sizes=\"(max-width: 253px) 100vw, 253px\" \/><\/a>Lider Demokratske unije Albanaca Mehmet Zenka rekao je za Portal Analitika da je glavni uzrok \u0161to njegova stranka nije dobila mandat \u201eotvorena prijetnja ulicom od strane Demokrtaskog fronta\u201c.<\/p>\n<p>Zenka je, komentari\u0161u\u0107i odluku Dr\u017eavne izborne komisije koja je odbila mandat njegove stranke, istakao da su institucije podlegle pritiscima i da su donijele nepravednu odluku samo da bi sa\u010duvle mir.<\/p>\n<p>&#8211; Nakon nepravde koja je u\u010dinjena odlikom DIK-a, stupio je na snagu i zakon sile, prisile i ulice. Prijetnja ulicom od strane Demokratskog Fronta odlu\u010dila je da se DUA-i oduzme pravedeno ste\u010deni mandat. Mislili smo da Albanci trebaju da po\u0161tuju institucije sistema i da za svoje pravo treba da se bore kroz institucije. Desilo se da institucije podle\u017eu pritiscima i ne odlu\u010duju na osnovu pravde ve\u0107 na osnovu toga da se obezbjedi mir, na ra\u010dun slabijeg i manjeg naroda \u2013 rekao je Zenka za Portal Analitika.<\/p>\n<p>On je istakao da su iz DUA znali \u201eu momentu kad su pro\u010ditali otvorene prijetnje DF-a dr\u017eavi da \u0107e dr\u017eava da podlegne prijetnjama da bi se obezbjedio neki mir\u201c.<\/p>\n<p>&#8211; Dr\u017eava je podlegla prijetnjama i iza\u0161li su u susret nepravdi a ne pravdi. DUA \u0107e nastaviti svoj rad, nijesu ovo ni prvi ni zadnji izbori, ali ovog puta se i\u0161lo logikom udri po Albancima jer je tu lak\u0161e. Njesmo tra\u017eili glasove Srba i smo samo tra\u017eili da se po\u0161tuju prava albanskih glasa\u010da \u2013 rekao je Zenka.<\/p>\n<p>Lider DUA-e je naglasio da je i njegova stranka mogla da prijeti ulicom, ali da su \u201eodlu\u010dili da po\u0161tuju institucije sistema dr\u017eave u \u010dijem su stvaranju u\u010destvovali\u201c.<\/p>\n<p><strong>Analitika &#8211; Informativni Portal<\/strong><\/p>\n","protected":false},"excerpt":{"rendered":"<p>Lider Demokratske unije Albanaca Mehmet Zenka rekao je za Portal Analitika da je glavni uzrok \u0161to njegova stranka nije dobila mandat \u201eotvorena prijetnja ulicom od strane Demokrtaskog fronta\u201c. Zenka je, komentari\u0161u\u0107i odluku Dr\u017eavne izborne komisije koja je odbila mandat njegove stranke, istakao da su institucije podlegle pritiscima i da su donijele nepravednu odluku samo da [&hellip;]<\/p>\n","protected":false},"author":1,"featured_media":0,"comment_status":"open","ping_status":"closed","sticky":false,"template":"","format":"standard","meta":{"spay_email":"","jetpack_publicize_message":"","jetpack_is_tweetstorm":false,"jetpack_publicize_feature_enabled":true},"categories":[6950],"tags":[19104],"jetpack_publicize_connections":[],"yoast_head":"<!-- This site is optimized with the Yoast SEO plugin v19.1 - https:\/\/yoast.com\/wordpress\/plugins\/seo\/ -->\n<title>Zenka: Vlast se upla\u0161ila prijetnji ulicom Demokratskog fronta - Lajme nga Ulqini<\/title>\n<meta name=\"description\" content=\"Lider Demokratske unije Albanaca Mehmet Zenka rekao je za Portal Analitika da je glavni uzrok \u0161to njegova stranka nije dobila mandat \u201eotvorena prijetnja\" \/>\n<meta name=\"robots\" content=\"index, follow, max-snippet:-1, max-image-preview:large, max-video-preview:-1\" \/>\n<link rel=\"canonical\" href=\"https:\/\/www.visit-ulcinj.com\/blog\/2012\/10\/22\/zenka-vlast-se-uplasila-prijetnji-ulicom-demokratskog-fronta\/\" \/>\n<meta property=\"og:locale\" content=\"en_US\" \/>\n<meta property=\"og:type\" content=\"article\" \/>\n<meta property=\"og:title\" content=\"Zenka: Vlast se upla\u0161ila prijetnji ulicom Demokratskog fronta - Lajme nga Ulqini\" \/>\n<meta property=\"og:description\" content=\"Lider Demokratske unije Albanaca Mehmet Zenka rekao je za Portal Analitika da je glavni uzrok \u0161to njegova stranka nije dobila mandat \u201eotvorena prijetnja\" \/>\n<meta property=\"og:url\" content=\"https:\/\/www.visit-ulcinj.com\/blog\/2012\/10\/22\/zenka-vlast-se-uplasila-prijetnji-ulicom-demokratskog-fronta\/\" \/>\n<meta property=\"og:site_name\" content=\"Lajme nga Ulqini\" \/>\n<meta property=\"article:published_time\" content=\"2012-10-22T17:42:58+00:00\" \/>\n<meta property=\"article:modified_time\" content=\"2012-10-22T17:44:44+00:00\" \/>\n<meta property=\"og:image\" content=\"http:\/\/www.visit-ulcinj.com\/blog\/wp-content\/uploads\/2012\/10\/ZENKA.jpg\" \/>\n<meta name=\"twitter:label1\" content=\"Written by\" \/>\n\t<meta name=\"twitter:data1\" content=\"ulqini\" \/>\n\t<meta name=\"twitter:label2\" content=\"Est. reading time\" \/>\n\t<meta name=\"twitter:data2\" content=\"1 minute\" \/>\n<script type=\"application\/ld+json\" class=\"yoast-schema-graph\">{\"@context\":\"https:\/\/schema.org\",\"@graph\":[{\"@type\":\"WebSite\",\"@id\":\"https:\/\/www.visit-ulcinj.com\/blog\/#website\",\"url\":\"https:\/\/www.visit-ulcinj.com\/blog\/\",\"name\":\"Lajme nga Ulqini\",\"description\":\"Lajme,Vijesti,Ulqini,Ulqin,Crna Gora,Mali i Zi\",\"potentialAction\":[{\"@type\":\"SearchAction\",\"target\":{\"@type\":\"EntryPoint\",\"urlTemplate\":\"https:\/\/www.visit-ulcinj.com\/blog\/?s={search_term_string}\"},\"query-input\":\"required name=search_term_string\"}],\"inLanguage\":\"en-US\"},{\"@type\":\"ImageObject\",\"inLanguage\":\"en-US\",\"@id\":\"https:\/\/www.visit-ulcinj.com\/blog\/2012\/10\/22\/zenka-vlast-se-uplasila-prijetnji-ulicom-demokratskog-fronta\/#primaryimage\",\"url\":\"https:\/\/www.visit-ulcinj.com\/blog\/wp-content\/uploads\/2012\/10\/ZENKA.jpg\",\"contentUrl\":\"https:\/\/www.visit-ulcinj.com\/blog\/wp-content\/uploads\/2012\/10\/ZENKA.jpg\",\"width\":\"253\",\"height\":\"255\"},{\"@type\":\"WebPage\",\"@id\":\"https:\/\/www.visit-ulcinj.com\/blog\/2012\/10\/22\/zenka-vlast-se-uplasila-prijetnji-ulicom-demokratskog-fronta\/#webpage\",\"url\":\"https:\/\/www.visit-ulcinj.com\/blog\/2012\/10\/22\/zenka-vlast-se-uplasila-prijetnji-ulicom-demokratskog-fronta\/\",\"name\":\"Zenka: Vlast se upla\u0161ila prijetnji ulicom Demokratskog fronta - Lajme nga Ulqini\",\"isPartOf\":{\"@id\":\"https:\/\/www.visit-ulcinj.com\/blog\/#website\"},\"primaryImageOfPage\":{\"@id\":\"https:\/\/www.visit-ulcinj.com\/blog\/2012\/10\/22\/zenka-vlast-se-uplasila-prijetnji-ulicom-demokratskog-fronta\/#primaryimage\"},\"datePublished\":\"2012-10-22T17:42:58+00:00\",\"dateModified\":\"2012-10-22T17:44:44+00:00\",\"author\":{\"@id\":\"https:\/\/www.visit-ulcinj.com\/blog\/#\/schema\/person\/dcab619c614d3038751c63bc2aadc06d\"},\"description\":\"Lider Demokratske unije Albanaca Mehmet Zenka rekao je za Portal Analitika da je glavni uzrok \u0161to njegova stranka nije dobila mandat \u201eotvorena prijetnja\",\"breadcrumb\":{\"@id\":\"https:\/\/www.visit-ulcinj.com\/blog\/2012\/10\/22\/zenka-vlast-se-uplasila-prijetnji-ulicom-demokratskog-fronta\/#breadcrumb\"},\"inLanguage\":\"en-US\",\"potentialAction\":[{\"@type\":\"ReadAction\",\"target\":[\"https:\/\/www.visit-ulcinj.com\/blog\/2012\/10\/22\/zenka-vlast-se-uplasila-prijetnji-ulicom-demokratskog-fronta\/\"]}]},{\"@type\":\"BreadcrumbList\",\"@id\":\"https:\/\/www.visit-ulcinj.com\/blog\/2012\/10\/22\/zenka-vlast-se-uplasila-prijetnji-ulicom-demokratskog-fronta\/#breadcrumb\",\"itemListElement\":[{\"@type\":\"ListItem\",\"position\":1,\"name\":\"Zenka: Vlast se upla\u0161ila prijetnji ulicom Demokratskog fronta\"}]},{\"@type\":\"Person\",\"@id\":\"https:\/\/www.visit-ulcinj.com\/blog\/#\/schema\/person\/dcab619c614d3038751c63bc2aadc06d\",\"name\":\"ulqini\",\"sameAs\":[\"http:\/\/www.visit-ulcinj.com\"],\"url\":\"https:\/\/www.visit-ulcinj.com\/blog\/author\/admin\/\"}]}<\/script>\n<!-- \/ Yoast SEO plugin. -->","yoast_head_json":{"title":"Zenka: Vlast se upla\u0161ila prijetnji ulicom Demokratskog fronta - Lajme nga Ulqini","description":"Lider Demokratske unije Albanaca Mehmet Zenka rekao je za Portal Analitika da je glavni uzrok \u0161to njegova stranka nije dobila mandat \u201eotvorena prijetnja","robots":{"index":"index","follow":"follow","max-snippet":"max-snippet:-1","max-image-preview":"max-image-preview:large","max-video-preview":"max-video-preview:-1"},"canonical":"https:\/\/www.visit-ulcinj.com\/blog\/2012\/10\/22\/zenka-vlast-se-uplasila-prijetnji-ulicom-demokratskog-fronta\/","og_locale":"en_US","og_type":"article","og_title":"Zenka: Vlast se upla\u0161ila prijetnji ulicom Demokratskog fronta - Lajme nga Ulqini","og_description":"Lider Demokratske unije Albanaca Mehmet Zenka rekao je za Portal Analitika da je glavni uzrok \u0161to njegova stranka nije dobila mandat \u201eotvorena prijetnja","og_url":"https:\/\/www.visit-ulcinj.com\/blog\/2012\/10\/22\/zenka-vlast-se-uplasila-prijetnji-ulicom-demokratskog-fronta\/","og_site_name":"Lajme nga Ulqini","article_published_time":"2012-10-22T17:42:58+00:00","article_modified_time":"2012-10-22T17:44:44+00:00","og_image":[{"url":"http:\/\/www.visit-ulcinj.com\/blog\/wp-content\/uploads\/2012\/10\/ZENKA.jpg"}],"twitter_misc":{"Written by":"ulqini","Est. reading time":"1 minute"},"schema":{"@context":"https:\/\/schema.org","@graph":[{"@type":"WebSite","@id":"https:\/\/www.visit-ulcinj.com\/blog\/#website","url":"https:\/\/www.visit-ulcinj.com\/blog\/","name":"Lajme nga Ulqini","description":"Lajme,Vijesti,Ulqini,Ulqin,Crna Gora,Mali i Zi","potentialAction":[{"@type":"SearchAction","target":{"@type":"EntryPoint","urlTemplate":"https:\/\/www.visit-ulcinj.com\/blog\/?s={search_term_string}"},"query-input":"required name=search_term_string"}],"inLanguage":"en-US"},{"@type":"ImageObject","inLanguage":"en-US","@id":"https:\/\/www.visit-ulcinj.com\/blog\/2012\/10\/22\/zenka-vlast-se-uplasila-prijetnji-ulicom-demokratskog-fronta\/#primaryimage","url":"https:\/\/www.visit-ulcinj.com\/blog\/wp-content\/uploads\/2012\/10\/ZENKA.jpg","contentUrl":"https:\/\/www.visit-ulcinj.com\/blog\/wp-content\/uploads\/2012\/10\/ZENKA.jpg","width":"253","height":"255"},{"@type":"WebPage","@id":"https:\/\/www.visit-ulcinj.com\/blog\/2012\/10\/22\/zenka-vlast-se-uplasila-prijetnji-ulicom-demokratskog-fronta\/#webpage","url":"https:\/\/www.visit-ulcinj.com\/blog\/2012\/10\/22\/zenka-vlast-se-uplasila-prijetnji-ulicom-demokratskog-fronta\/","name":"Zenka: Vlast se upla\u0161ila prijetnji ulicom Demokratskog fronta - Lajme nga Ulqini","isPartOf":{"@id":"https:\/\/www.visit-ulcinj.com\/blog\/#website"},"primaryImageOfPage":{"@id":"https:\/\/www.visit-ulcinj.com\/blog\/2012\/10\/22\/zenka-vlast-se-uplasila-prijetnji-ulicom-demokratskog-fronta\/#primaryimage"},"datePublished":"2012-10-22T17:42:58+00:00","dateModified":"2012-10-22T17:44:44+00:00","author":{"@id":"https:\/\/www.visit-ulcinj.com\/blog\/#\/schema\/person\/dcab619c614d3038751c63bc2aadc06d"},"description":"Lider Demokratske unije Albanaca Mehmet Zenka rekao je za Portal Analitika da je glavni uzrok \u0161to njegova stranka nije dobila mandat \u201eotvorena prijetnja","breadcrumb":{"@id":"https:\/\/www.visit-ulcinj.com\/blog\/2012\/10\/22\/zenka-vlast-se-uplasila-prijetnji-ulicom-demokratskog-fronta\/#breadcrumb"},"inLanguage":"en-US","potentialAction":[{"@type":"ReadAction","target":["https:\/\/www.visit-ulcinj.com\/blog\/2012\/10\/22\/zenka-vlast-se-uplasila-prijetnji-ulicom-demokratskog-fronta\/"]}]},{"@type":"BreadcrumbList","@id":"https:\/\/www.visit-ulcinj.com\/blog\/2012\/10\/22\/zenka-vlast-se-uplasila-prijetnji-ulicom-demokratskog-fronta\/#breadcrumb","itemListElement":[{"@type":"ListItem","position":1,"name":"Zenka: Vlast se upla\u0161ila prijetnji ulicom Demokratskog fronta"}]},{"@type":"Person","@id":"https:\/\/www.visit-ulcinj.com\/blog\/#\/schema\/person\/dcab619c614d3038751c63bc2aadc06d","name":"ulqini","sameAs":["http:\/\/www.visit-ulcinj.com"],"url":"https:\/\/www.visit-ulcinj.com\/blog\/author\/admin\/"}]}},"jetpack_featured_media_url":"","jetpack_sharing_enabled":true,"jetpack_shortlink":"https:\/\/wp.me\/pe6lTn-gU5","_links":{"self":[{"href":"https:\/\/www.visit-ulcinj.com\/blog\/wp-json\/wp\/v2\/posts\/64981"}],"collection":[{"href":"https:\/\/www.visit-ulcinj.com\/blog\/wp-json\/wp\/v2\/posts"}],"about":[{"href":"https:\/\/www.visit-ulcinj.com\/blog\/wp-json\/wp\/v2\/types\/post"}],"author":[{"embeddable":true,"href":"https:\/\/www.visit-ulcinj.com\/blog\/wp-json\/wp\/v2\/users\/1"}],"replies":[{"embeddable":true,"href":"https:\/\/www.visit-ulcinj.com\/blog\/wp-json\/wp\/v2\/comments?post=64981"}],"version-history":[{"count":2,"href":"https:\/\/www.visit-ulcinj.com\/blog\/wp-json\/wp\/v2\/posts\/64981\/revisions"}],"predecessor-version":[{"id":64984,"href":"https:\/\/www.visit-ulcinj.com\/blog\/wp-json\/wp\/v2\/posts\/64981\/revisions\/64984"}],"wp:attachment":[{"href":"https:\/\/www.visit-ulcinj.com\/blog\/wp-json\/wp\/v2\/media?parent=64981"}],"wp:term":[{"taxonomy":"category","embeddable":true,"href":"https:\/\/www.visit-ulcinj.com\/blog\/wp-json\/wp\/v2\/categories?post=64981"},{"taxonomy":"post_tag","embeddable":true,"href":"https:\/\/www.visit-ulcinj.com\/blog\/wp-json\/wp\/v2\/tags?post=64981"}],"curies":[{"name":"wp","href":"https:\/\/api.w.org\/{rel}","templated":true}]}}