{"id":64985,"date":"2012-10-23T18:52:37","date_gmt":"2012-10-23T17:52:37","guid":{"rendered":"http:\/\/www.visit-ulcinj.com\/blog\/?p=64985"},"modified":"2012-10-24T16:30:50","modified_gmt":"2012-10-24T15:30:50","slug":"knsh-ja-kunder-vendimit-te-gjykates-kushtetuese","status":"publish","type":"post","link":"https:\/\/www.visit-ulcinj.com\/blog\/2012\/10\/23\/knsh-ja-kunder-vendimit-te-gjykates-kushtetuese\/","title":{"rendered":"KNSH-ja kund\u00ebr vendimit t\u00eb Gjykat\u00ebs kushtetuese"},"content":{"rendered":"<p align=\"center\"><strong><a href=\"http:\/\/www.visit-ulcinj.com\/blog\/wp-content\/uploads\/2012\/10\/tahir-tahiri.jpg\"><img loading=\"lazy\" class=\"alignleft  wp-image-64986\" title=\"tahir tahiri\" src=\"http:\/\/www.visit-ulcinj.com\/blog\/wp-content\/uploads\/2012\/10\/tahir-tahiri.jpg\" alt=\"\" width=\"508\" height=\"360\" \/><\/a>KUMTES\u00cb P\u00cbR OPINION<\/strong><\/p>\n<p>K\u00ebshilli Nacional i Shqiptar\u00ebve n\u00eb Malin e Zi vler\u00ebson se, Vendimi i Komisionit shtet\u00ebror zgjedhor\u00eb \u00a0dhe\u00a0 Gjygjit Kushtetues, p\u00ebr mospranimin e mandatit t\u00eb deputetit \u00a0t\u00eb UDSh-s\u00eb, \u00a0\u00ebsht\u00eb diskriminues dhe shum\u00eb i d\u00ebmsh\u00ebm p\u00ebr shqiptar\u00ebt n\u00eb Malin e Zi.<\/p>\n<p>K\u00ebshilli Nacional i Shqiptar\u00ebve thekson se, KSHZ, gabimisht ka interpretuar dhe implementuar Ligjin zgjedhor,(i cili edhe si i till\u00eb \u00ebsht\u00eb diskriminue p\u00ebr shqiptar\u00ebt n\u00eb Malin e Zi, i kund\u00ebrshtuar vazhdimisht nga subjektet politike shqiptare dhe KNSH, q\u00eb nga momenti i p\u00ebrgaditjes dhe aprovimit t\u00eb tij n\u00eb Parlament), duke vepruar k\u00ebshtu n\u00eb kund\u00ebrshtim me \u00a0principin e diskriminimit pozitiv dhe aksionit afirmativ , \u00a0t\u00eb parapara me rregullat e pranuara t\u00eb s\u00eb drejt\u00ebs nd\u00ebrkomb\u00ebtare. Kjo m\u00ebnyr\u00eb e interpretimit t\u00eb Ligjit zgjedhor\u00eb, tregoi pa m\u00ebdyshje se ai \u00ebsht\u00eb diskriminues p\u00ebr shqiptar\u00ebt edhe n\u00eb zbatimin e tij, q\u00eb do t\u00eb thot se shqiptar\u00ebt n\u00eb Malin e Zi jan\u00eb t\u00eb d\u00ebmtuar \u00a0dy her\u00eb, krahasuar me t\u00eb drejtat e arritura m\u00eb par\u00eb.<\/p>\n<p>Fatkeq\u00ebsisht, Vendimin e pa drejt\u00eb t\u00eb Komisioni shtet\u00ebror zgjedhor, k\u00ebto dit\u00eb e v\u00ebrtetoi edhe Gjykata kushtetuese e Malit t\u00eb Zi, me t\u00eb cilin u\u00a0 d\u00ebshmua\u00a0 se, n\u00eb Malin e Zi politika gjithnj\u00eb dominon mbi t\u00eb drejt\u00ebn dhe shtetin ligjor\u00eb, \u00a0me \u00e7ka edhe nj\u00ebher\u00eb u v\u00ebrtetua se shqiptar\u00ebt si popull autokton n\u00eb\u00a0 Malin e Zi nuk jan\u00eb t\u00eb barabart\u00eb me popujt tjer\u00eb q\u00eb jetojn\u00eb n\u00eb k\u00ebt\u00eb shtet.<\/p>\n<p>KNSH, poashtu vler\u00ebson se, p\u00ebr\u00a0\u00a0 k\u00ebt\u00eb epilog \u00a0t\u00eb rezultatit zgjedhor,dmth humbjes s\u00eb nj\u00eb deputeti nga tre deputet t\u00eb mundsh\u00ebm, nj\u00eb pjes\u00eb t\u00eb p\u00ebrgjegj\u00ebsis\u00eb, e mbajn\u00eb edhe partit\u00eb politike shqiptare apo disa prej tyre, t\u00eb cilat nuk pat\u00ebn kurajon dhe guximin q\u00eb n\u00eb \u00a0zgjedhjet parlamentare t\u00eb 14 Tetorit, t\u00eb bashkohen dhe t\u00eb dalin me nj\u00eb list\u00eb zgjedhore me \u00e7 rast do t\u00eb arriheshin tre mandate t\u00eb munsh\u00ebm n\u00eb Parlament.<\/p>\n<p>KNSH gjithashtu k\u00ebrkon nga\u00a0\u00a0 Parlamentit i ri\u00a0 dhe Qeveria, q\u00eb sa ma par\u00eb t\u00eb b\u00ebhen ndyshimet dhe plot\u00ebsimet e Ligjit zgjedhor, i cili do t\u00eb mund\u00ebsoj\u00eb q\u00eb t\u00eb gjitha votat e fituara \u00a0\u00a0nga nj\u00eb list\u00eb zgjedhore t\u00eb merren n\u00eb konsiderat p\u00ebr llogaritjen e mandateve t\u00eb pakic\u00ebs p\u00ebrkat\u00ebse nacionale, n\u00eb m\u00ebnyr\u00eb q\u00eb t\u00eb mund\u00ebsohet fitimi i \u00a0numrit t\u00eb mandateve, proporcionalisht me numrin e banor\u00ebve t\u00eb popullit p\u00ebrkat\u00ebs pakic\u00eb, konkretisht t\u00eb shqiptar\u00ebve n\u00eb Malin e ZI.<\/p>\n<p><strong>Kryetari,<\/strong><br \/>\n<strong>Tahir Tahiri<\/strong><\/p>\n","protected":false},"excerpt":{"rendered":"<p>KUMTES\u00cb P\u00cbR OPINION K\u00ebshilli Nacional i Shqiptar\u00ebve n\u00eb Malin e Zi vler\u00ebson se, Vendimi i Komisionit shtet\u00ebror zgjedhor\u00eb \u00a0dhe\u00a0 Gjygjit Kushtetues, p\u00ebr mospranimin e mandatit t\u00eb deputetit \u00a0t\u00eb UDSh-s\u00eb, \u00a0\u00ebsht\u00eb diskriminues dhe shum\u00eb i d\u00ebmsh\u00ebm p\u00ebr shqiptar\u00ebt n\u00eb Malin e Zi. K\u00ebshilli Nacional i Shqiptar\u00ebve thekson se, KSHZ, gabimisht ka interpretuar dhe implementuar Ligjin zgjedhor,(i [&hellip;]<\/p>\n","protected":false},"author":1,"featured_media":0,"comment_status":"open","ping_status":"closed","sticky":false,"template":"","format":"standard","meta":{"spay_email":"","jetpack_publicize_message":"","jetpack_is_tweetstorm":false,"jetpack_publicize_feature_enabled":true},"categories":[1,14249],"tags":[5913,200,18],"jetpack_publicize_connections":[],"yoast_head":"<!-- This site is optimized with the Yoast SEO plugin v19.1 - https:\/\/yoast.com\/wordpress\/plugins\/seo\/ -->\n<title>KNSH-ja kund\u00ebr vendimit t\u00eb Gjykat\u00ebs kushtetuese - Lajme nga Ulqini<\/title>\n<meta name=\"description\" content=\"KUMTES\u00cb P\u00cbR OPINION K\u00ebshilli Nacional i Shqiptar\u00ebve n\u00eb Malin e Zi vler\u00ebson se, Vendimi i Komisionit shtet\u00ebror zgjedhor\u00eb \u00a0dhe\u00a0 Gjygjit Kushtetues, p\u00ebr\" \/>\n<meta name=\"robots\" content=\"index, follow, max-snippet:-1, max-image-preview:large, max-video-preview:-1\" \/>\n<link rel=\"canonical\" href=\"https:\/\/www.visit-ulcinj.com\/blog\/2012\/10\/23\/knsh-ja-kunder-vendimit-te-gjykates-kushtetuese\/\" \/>\n<meta property=\"og:locale\" content=\"en_US\" \/>\n<meta property=\"og:type\" content=\"article\" \/>\n<meta property=\"og:title\" content=\"KNSH-ja kund\u00ebr vendimit t\u00eb Gjykat\u00ebs kushtetuese - Lajme nga Ulqini\" \/>\n<meta property=\"og:description\" content=\"KUMTES\u00cb P\u00cbR OPINION K\u00ebshilli Nacional i Shqiptar\u00ebve n\u00eb Malin e Zi vler\u00ebson se, Vendimi i Komisionit shtet\u00ebror zgjedhor\u00eb \u00a0dhe\u00a0 Gjygjit Kushtetues, p\u00ebr\" \/>\n<meta property=\"og:url\" content=\"https:\/\/www.visit-ulcinj.com\/blog\/2012\/10\/23\/knsh-ja-kunder-vendimit-te-gjykates-kushtetuese\/\" \/>\n<meta property=\"og:site_name\" content=\"Lajme nga Ulqini\" \/>\n<meta property=\"article:published_time\" content=\"2012-10-23T17:52:37+00:00\" \/>\n<meta property=\"article:modified_time\" content=\"2012-10-24T15:30:50+00:00\" \/>\n<meta property=\"og:image\" content=\"http:\/\/www.visit-ulcinj.com\/blog\/wp-content\/uploads\/2012\/10\/tahir-tahiri.jpg\" \/>\n<meta name=\"twitter:label1\" content=\"Written by\" \/>\n\t<meta name=\"twitter:data1\" content=\"ulqini\" \/>\n\t<meta name=\"twitter:label2\" content=\"Est. reading time\" \/>\n\t<meta name=\"twitter:data2\" content=\"2 minutes\" \/>\n<script type=\"application\/ld+json\" class=\"yoast-schema-graph\">{\"@context\":\"https:\/\/schema.org\",\"@graph\":[{\"@type\":\"WebSite\",\"@id\":\"https:\/\/www.visit-ulcinj.com\/blog\/#website\",\"url\":\"https:\/\/www.visit-ulcinj.com\/blog\/\",\"name\":\"Lajme nga Ulqini\",\"description\":\"Lajme,Vijesti,Ulqini,Ulqin,Crna Gora,Mali i Zi\",\"potentialAction\":[{\"@type\":\"SearchAction\",\"target\":{\"@type\":\"EntryPoint\",\"urlTemplate\":\"https:\/\/www.visit-ulcinj.com\/blog\/?s={search_term_string}\"},\"query-input\":\"required name=search_term_string\"}],\"inLanguage\":\"en-US\"},{\"@type\":\"ImageObject\",\"inLanguage\":\"en-US\",\"@id\":\"https:\/\/www.visit-ulcinj.com\/blog\/2012\/10\/23\/knsh-ja-kunder-vendimit-te-gjykates-kushtetuese\/#primaryimage\",\"url\":\"https:\/\/www.visit-ulcinj.com\/blog\/wp-content\/uploads\/2012\/10\/tahir-tahiri.jpg\",\"contentUrl\":\"https:\/\/www.visit-ulcinj.com\/blog\/wp-content\/uploads\/2012\/10\/tahir-tahiri.jpg\",\"width\":\"720\",\"height\":\"540\"},{\"@type\":\"WebPage\",\"@id\":\"https:\/\/www.visit-ulcinj.com\/blog\/2012\/10\/23\/knsh-ja-kunder-vendimit-te-gjykates-kushtetuese\/#webpage\",\"url\":\"https:\/\/www.visit-ulcinj.com\/blog\/2012\/10\/23\/knsh-ja-kunder-vendimit-te-gjykates-kushtetuese\/\",\"name\":\"KNSH-ja kund\u00ebr vendimit t\u00eb Gjykat\u00ebs kushtetuese - Lajme nga Ulqini\",\"isPartOf\":{\"@id\":\"https:\/\/www.visit-ulcinj.com\/blog\/#website\"},\"primaryImageOfPage\":{\"@id\":\"https:\/\/www.visit-ulcinj.com\/blog\/2012\/10\/23\/knsh-ja-kunder-vendimit-te-gjykates-kushtetuese\/#primaryimage\"},\"datePublished\":\"2012-10-23T17:52:37+00:00\",\"dateModified\":\"2012-10-24T15:30:50+00:00\",\"author\":{\"@id\":\"https:\/\/www.visit-ulcinj.com\/blog\/#\/schema\/person\/dcab619c614d3038751c63bc2aadc06d\"},\"description\":\"KUMTES\u00cb P\u00cbR OPINION K\u00ebshilli Nacional i Shqiptar\u00ebve n\u00eb Malin e Zi vler\u00ebson se, Vendimi i Komisionit shtet\u00ebror zgjedhor\u00eb \u00a0dhe\u00a0 Gjygjit Kushtetues, p\u00ebr\",\"breadcrumb\":{\"@id\":\"https:\/\/www.visit-ulcinj.com\/blog\/2012\/10\/23\/knsh-ja-kunder-vendimit-te-gjykates-kushtetuese\/#breadcrumb\"},\"inLanguage\":\"en-US\",\"potentialAction\":[{\"@type\":\"ReadAction\",\"target\":[\"https:\/\/www.visit-ulcinj.com\/blog\/2012\/10\/23\/knsh-ja-kunder-vendimit-te-gjykates-kushtetuese\/\"]}]},{\"@type\":\"BreadcrumbList\",\"@id\":\"https:\/\/www.visit-ulcinj.com\/blog\/2012\/10\/23\/knsh-ja-kunder-vendimit-te-gjykates-kushtetuese\/#breadcrumb\",\"itemListElement\":[{\"@type\":\"ListItem\",\"position\":1,\"name\":\"KNSH-ja kund\u00ebr vendimit t\u00eb Gjykat\u00ebs kushtetuese\"}]},{\"@type\":\"Person\",\"@id\":\"https:\/\/www.visit-ulcinj.com\/blog\/#\/schema\/person\/dcab619c614d3038751c63bc2aadc06d\",\"name\":\"ulqini\",\"sameAs\":[\"http:\/\/www.visit-ulcinj.com\"],\"url\":\"https:\/\/www.visit-ulcinj.com\/blog\/author\/admin\/\"}]}<\/script>\n<!-- \/ Yoast SEO plugin. -->","yoast_head_json":{"title":"KNSH-ja kund\u00ebr vendimit t\u00eb Gjykat\u00ebs kushtetuese - Lajme nga Ulqini","description":"KUMTES\u00cb P\u00cbR OPINION K\u00ebshilli Nacional i Shqiptar\u00ebve n\u00eb Malin e Zi vler\u00ebson se, Vendimi i Komisionit shtet\u00ebror zgjedhor\u00eb \u00a0dhe\u00a0 Gjygjit Kushtetues, p\u00ebr","robots":{"index":"index","follow":"follow","max-snippet":"max-snippet:-1","max-image-preview":"max-image-preview:large","max-video-preview":"max-video-preview:-1"},"canonical":"https:\/\/www.visit-ulcinj.com\/blog\/2012\/10\/23\/knsh-ja-kunder-vendimit-te-gjykates-kushtetuese\/","og_locale":"en_US","og_type":"article","og_title":"KNSH-ja kund\u00ebr vendimit t\u00eb Gjykat\u00ebs kushtetuese - Lajme nga Ulqini","og_description":"KUMTES\u00cb P\u00cbR OPINION K\u00ebshilli Nacional i Shqiptar\u00ebve n\u00eb Malin e Zi vler\u00ebson se, Vendimi i Komisionit shtet\u00ebror zgjedhor\u00eb \u00a0dhe\u00a0 Gjygjit Kushtetues, p\u00ebr","og_url":"https:\/\/www.visit-ulcinj.com\/blog\/2012\/10\/23\/knsh-ja-kunder-vendimit-te-gjykates-kushtetuese\/","og_site_name":"Lajme nga Ulqini","article_published_time":"2012-10-23T17:52:37+00:00","article_modified_time":"2012-10-24T15:30:50+00:00","og_image":[{"url":"http:\/\/www.visit-ulcinj.com\/blog\/wp-content\/uploads\/2012\/10\/tahir-tahiri.jpg"}],"twitter_misc":{"Written by":"ulqini","Est. reading time":"2 minutes"},"schema":{"@context":"https:\/\/schema.org","@graph":[{"@type":"WebSite","@id":"https:\/\/www.visit-ulcinj.com\/blog\/#website","url":"https:\/\/www.visit-ulcinj.com\/blog\/","name":"Lajme nga Ulqini","description":"Lajme,Vijesti,Ulqini,Ulqin,Crna Gora,Mali i Zi","potentialAction":[{"@type":"SearchAction","target":{"@type":"EntryPoint","urlTemplate":"https:\/\/www.visit-ulcinj.com\/blog\/?s={search_term_string}"},"query-input":"required name=search_term_string"}],"inLanguage":"en-US"},{"@type":"ImageObject","inLanguage":"en-US","@id":"https:\/\/www.visit-ulcinj.com\/blog\/2012\/10\/23\/knsh-ja-kunder-vendimit-te-gjykates-kushtetuese\/#primaryimage","url":"https:\/\/www.visit-ulcinj.com\/blog\/wp-content\/uploads\/2012\/10\/tahir-tahiri.jpg","contentUrl":"https:\/\/www.visit-ulcinj.com\/blog\/wp-content\/uploads\/2012\/10\/tahir-tahiri.jpg","width":"720","height":"540"},{"@type":"WebPage","@id":"https:\/\/www.visit-ulcinj.com\/blog\/2012\/10\/23\/knsh-ja-kunder-vendimit-te-gjykates-kushtetuese\/#webpage","url":"https:\/\/www.visit-ulcinj.com\/blog\/2012\/10\/23\/knsh-ja-kunder-vendimit-te-gjykates-kushtetuese\/","name":"KNSH-ja kund\u00ebr vendimit t\u00eb Gjykat\u00ebs kushtetuese - Lajme nga Ulqini","isPartOf":{"@id":"https:\/\/www.visit-ulcinj.com\/blog\/#website"},"primaryImageOfPage":{"@id":"https:\/\/www.visit-ulcinj.com\/blog\/2012\/10\/23\/knsh-ja-kunder-vendimit-te-gjykates-kushtetuese\/#primaryimage"},"datePublished":"2012-10-23T17:52:37+00:00","dateModified":"2012-10-24T15:30:50+00:00","author":{"@id":"https:\/\/www.visit-ulcinj.com\/blog\/#\/schema\/person\/dcab619c614d3038751c63bc2aadc06d"},"description":"KUMTES\u00cb P\u00cbR OPINION K\u00ebshilli Nacional i Shqiptar\u00ebve n\u00eb Malin e Zi vler\u00ebson se, Vendimi i Komisionit shtet\u00ebror zgjedhor\u00eb \u00a0dhe\u00a0 Gjygjit Kushtetues, p\u00ebr","breadcrumb":{"@id":"https:\/\/www.visit-ulcinj.com\/blog\/2012\/10\/23\/knsh-ja-kunder-vendimit-te-gjykates-kushtetuese\/#breadcrumb"},"inLanguage":"en-US","potentialAction":[{"@type":"ReadAction","target":["https:\/\/www.visit-ulcinj.com\/blog\/2012\/10\/23\/knsh-ja-kunder-vendimit-te-gjykates-kushtetuese\/"]}]},{"@type":"BreadcrumbList","@id":"https:\/\/www.visit-ulcinj.com\/blog\/2012\/10\/23\/knsh-ja-kunder-vendimit-te-gjykates-kushtetuese\/#breadcrumb","itemListElement":[{"@type":"ListItem","position":1,"name":"KNSH-ja kund\u00ebr vendimit t\u00eb Gjykat\u00ebs kushtetuese"}]},{"@type":"Person","@id":"https:\/\/www.visit-ulcinj.com\/blog\/#\/schema\/person\/dcab619c614d3038751c63bc2aadc06d","name":"ulqini","sameAs":["http:\/\/www.visit-ulcinj.com"],"url":"https:\/\/www.visit-ulcinj.com\/blog\/author\/admin\/"}]}},"jetpack_featured_media_url":"","jetpack_sharing_enabled":true,"jetpack_shortlink":"https:\/\/wp.me\/pe6lTn-gU9","_links":{"self":[{"href":"https:\/\/www.visit-ulcinj.com\/blog\/wp-json\/wp\/v2\/posts\/64985"}],"collection":[{"href":"https:\/\/www.visit-ulcinj.com\/blog\/wp-json\/wp\/v2\/posts"}],"about":[{"href":"https:\/\/www.visit-ulcinj.com\/blog\/wp-json\/wp\/v2\/types\/post"}],"author":[{"embeddable":true,"href":"https:\/\/www.visit-ulcinj.com\/blog\/wp-json\/wp\/v2\/users\/1"}],"replies":[{"embeddable":true,"href":"https:\/\/www.visit-ulcinj.com\/blog\/wp-json\/wp\/v2\/comments?post=64985"}],"version-history":[{"count":2,"href":"https:\/\/www.visit-ulcinj.com\/blog\/wp-json\/wp\/v2\/posts\/64985\/revisions"}],"predecessor-version":[{"id":65022,"href":"https:\/\/www.visit-ulcinj.com\/blog\/wp-json\/wp\/v2\/posts\/64985\/revisions\/65022"}],"wp:attachment":[{"href":"https:\/\/www.visit-ulcinj.com\/blog\/wp-json\/wp\/v2\/media?parent=64985"}],"wp:term":[{"taxonomy":"category","embeddable":true,"href":"https:\/\/www.visit-ulcinj.com\/blog\/wp-json\/wp\/v2\/categories?post=64985"},{"taxonomy":"post_tag","embeddable":true,"href":"https:\/\/www.visit-ulcinj.com\/blog\/wp-json\/wp\/v2\/tags?post=64985"}],"curies":[{"name":"wp","href":"https:\/\/api.w.org\/{rel}","templated":true}]}}