{"id":6500,"date":"2008-11-22T15:24:55","date_gmt":"2008-11-22T20:24:55","guid":{"rendered":"http:\/\/www.visit-ulcinj.com\/blog\/?p=6500"},"modified":"2008-11-22T15:24:55","modified_gmt":"2008-11-22T20:24:55","slug":"sonte-%e2%80%9ckenga-magjike%e2%80%9d","status":"publish","type":"post","link":"https:\/\/www.visit-ulcinj.com\/blog\/2008\/11\/22\/sonte-%e2%80%9ckenga-magjike%e2%80%9d\/","title":{"rendered":"Sonte \u201cK\u00ebnga Magjike\u201d"},"content":{"rendered":"<p><a href=\"http:\/\/www.visit-ulcinj.com\/blog\/wp-content\/uploads\/2008\/11\/west-side-familly-konsiderohet-grupi-qe-do-te-triumfoj-sonte-ne-spektaklin-kenga-magjike.jpg\"><img loading=\"lazy\" class=\"alignleft size-medium wp-image-6501\" title=\"west-side-familly-konsiderohet-grupi-qe-do-te-triumfoj-sonte-ne-spektaklin-kenga-magjike\" src=\"http:\/\/www.visit-ulcinj.com\/blog\/wp-content\/uploads\/2008\/11\/west-side-familly-konsiderohet-grupi-qe-do-te-triumfoj-sonte-ne-spektaklin-kenga-magjike-300x210.jpg\" alt=\"\" width=\"384\" height=\"269\" \/><\/a>Dy net\u00ebt gjysm\u00ebfinale kan\u00eb qen\u00eb t\u00eb nj\u00eb niveli mesatar. P\u00ebrderisa n\u00eb nat\u00ebn e par\u00eb gjysm\u00ebfinale pat\u00ebm nj\u00eb triumf t\u00eb pakontestuar t\u00eb Rosela Gjylbegut dhe \u00c7iljeta Xhilag\u00ebs, n\u00eb nat\u00ebn e dyt\u00eb konkurrenca ishte m\u00eb e nxeht\u00eb.<br \/>\nGara tashm\u00eb ka filluar, por cil\u00ebt do t\u00eb fitojn\u00eb nj\u00ebrin nd\u00ebr trofet\u00eb m\u00eb t\u00eb r\u00ebnd\u00ebish\u00ebm t\u00eb \u201cK\u00ebng\u00ebs Magjike\u201d. Kurse Nata e dyt\u00eb i ka takuar Bleona Qerretit, West Side Familly, Pirro \u00c7akos dhe shum\u00eb emrave t\u00eb njohur t\u00eb muzik\u00ebs.<br \/>\nNga ana tjet\u00ebr tashm\u00eb thashethemet kan\u00eb filluar se rap-grupi West Side Familly, konsiderohet si nj\u00ebri nd\u00ebr favoritet pasi q\u00eb ka nj\u00eb lidhje t\u00eb ngusht\u00eb me producentin e k\u00ebtij spektakli, Ardit Gjebrea.<br \/>\nNga ana tjet\u00ebr tashm\u00eb gati \u00ebsht\u00eb e sigurt se edhe grupi Skillz nga Kosova do ta fitoj nj\u00eb \u00e7mim pasi q\u00eb regjisori Agron Vula \u00ebsht\u00eb duke e b\u00ebr\u00eb regjin\u00eb e K\u00ebng\u00ebs Magjike, kurse nj\u00ebri an\u00ebtar i grupit Skills, Ledri Vula \u00ebsht\u00eb djal\u00eb i tij.<br \/>\nNga ana tjet\u00ebr nj\u00eb prezantim interesant e ka pasur edhe k\u00ebng\u00ebtarja dhe aktorja Ryva Kajtazi, me t\u00eb cil\u00ebn Gjebrea ka b\u00ebr\u00eb disa shaka pasi q\u00eb ajo ka th\u00ebn\u00eb se \u00ebsht\u00eb duke punuar n\u00eb inskenimin e nj\u00eb shfaqje me titullin \u201cKat\u00ebrmb\u00ebdhjet\u00eb vje\u00e7 dh\u00ebnd\u00ebr\u201d. Kajtazi paraqitet n\u00eb \u201cK\u00ebng\u00ebn Magjike\u201d, me k\u00ebng\u00ebn \u201cPixhamet e tua\u201d.<br \/>\nEdhe n\u00eb k\u00ebt\u00eb edicion t\u00eb \u201cK\u00ebng\u00ebs magjike\u201d, ka pasur kompozitor t\u00eb nj\u00ebjt\u00eb, autor\u00eb t\u00eb nj\u00ebjt\u00eb tekstesh, ashtu sikurse vitet e kaluara. Ende nuk dihet se a do t\u00eb p\u00ebrs\u00ebriten skenat e m\u00ebparshme ku zakonisht fituesi i festivalit \u00ebsht\u00eb ditur para se ai t\u00eb filloj mir\u00eb. N\u00eb Kosov\u00eb nata finale e \u201cK\u00ebng\u00ebs Magjike 2008\u201d, mund t\u00eb p\u00ebrcillet n\u00eb RTV 21.<br \/>\n<strong>Ardian Jasiqi<br \/>\nGazeta Express<\/strong><\/p>\n","protected":false},"excerpt":{"rendered":"<p>Dy net\u00ebt gjysm\u00ebfinale kan\u00eb qen\u00eb t\u00eb nj\u00eb niveli mesatar. P\u00ebrderisa n\u00eb nat\u00ebn e par\u00eb gjysm\u00ebfinale pat\u00ebm nj\u00eb triumf t\u00eb pakontestuar t\u00eb Rosela Gjylbegut dhe \u00c7iljeta Xhilag\u00ebs, n\u00eb nat\u00ebn e dyt\u00eb konkurrenca ishte m\u00eb e nxeht\u00eb. Gara tashm\u00eb ka filluar, por cil\u00ebt do t\u00eb fitojn\u00eb nj\u00ebrin nd\u00ebr trofet\u00eb m\u00eb t\u00eb r\u00ebnd\u00ebish\u00ebm t\u00eb \u201cK\u00ebng\u00ebs Magjike\u201d. Kurse Nata [&hellip;]<\/p>\n","protected":false},"author":1,"featured_media":0,"comment_status":"open","ping_status":"closed","sticky":false,"template":"","format":"standard","meta":{"spay_email":"","jetpack_publicize_message":"","jetpack_is_tweetstorm":false,"jetpack_publicize_feature_enabled":true},"categories":[1],"tags":[5118],"jetpack_publicize_connections":[],"yoast_head":"<!-- This site is optimized with the Yoast SEO plugin v19.1 - https:\/\/yoast.com\/wordpress\/plugins\/seo\/ -->\n<title>Sonte \u201cK\u00ebnga Magjike\u201d - Lajme nga Ulqini<\/title>\n<meta name=\"description\" content=\"Dy net\u00ebt gjysm\u00ebfinale kan\u00eb qen\u00eb t\u00eb nj\u00eb niveli mesatar. P\u00ebrderisa n\u00eb nat\u00ebn e par\u00eb gjysm\u00ebfinale pat\u00ebm nj\u00eb triumf t\u00eb pakontestuar t\u00eb Rosela Gjylbegut dhe\" \/>\n<meta name=\"robots\" content=\"index, follow, max-snippet:-1, max-image-preview:large, max-video-preview:-1\" \/>\n<link rel=\"canonical\" href=\"https:\/\/www.visit-ulcinj.com\/blog\/2008\/11\/22\/sonte-\u201ckenga-magjike\u201d\/\" \/>\n<meta property=\"og:locale\" content=\"en_US\" \/>\n<meta property=\"og:type\" content=\"article\" \/>\n<meta property=\"og:title\" content=\"Sonte \u201cK\u00ebnga Magjike\u201d - Lajme nga Ulqini\" \/>\n<meta property=\"og:description\" content=\"Dy net\u00ebt gjysm\u00ebfinale kan\u00eb qen\u00eb t\u00eb nj\u00eb niveli mesatar. P\u00ebrderisa n\u00eb nat\u00ebn e par\u00eb gjysm\u00ebfinale pat\u00ebm nj\u00eb triumf t\u00eb pakontestuar t\u00eb Rosela Gjylbegut dhe\" \/>\n<meta property=\"og:url\" content=\"https:\/\/www.visit-ulcinj.com\/blog\/2008\/11\/22\/sonte-\u201ckenga-magjike\u201d\/\" \/>\n<meta property=\"og:site_name\" content=\"Lajme nga Ulqini\" \/>\n<meta property=\"article:published_time\" content=\"2008-11-22T20:24:55+00:00\" \/>\n<meta property=\"og:image\" content=\"http:\/\/www.visit-ulcinj.com\/blog\/wp-content\/uploads\/2008\/11\/west-side-familly-konsiderohet-grupi-qe-do-te-triumfoj-sonte-ne-spektaklin-kenga-magjike-300x210.jpg\" \/>\n<meta name=\"twitter:label1\" content=\"Written by\" \/>\n\t<meta name=\"twitter:data1\" content=\"ulqini\" \/>\n\t<meta name=\"twitter:label2\" content=\"Est. reading time\" \/>\n\t<meta name=\"twitter:data2\" content=\"2 minutes\" \/>\n<script type=\"application\/ld+json\" class=\"yoast-schema-graph\">{\"@context\":\"https:\/\/schema.org\",\"@graph\":[{\"@type\":\"WebSite\",\"@id\":\"https:\/\/www.visit-ulcinj.com\/blog\/#website\",\"url\":\"https:\/\/www.visit-ulcinj.com\/blog\/\",\"name\":\"Lajme nga Ulqini\",\"description\":\"Lajme,Vijesti,Ulqini,Ulqin,Crna Gora,Mali i Zi\",\"potentialAction\":[{\"@type\":\"SearchAction\",\"target\":{\"@type\":\"EntryPoint\",\"urlTemplate\":\"https:\/\/www.visit-ulcinj.com\/blog\/?s={search_term_string}\"},\"query-input\":\"required name=search_term_string\"}],\"inLanguage\":\"en-US\"},{\"@type\":\"ImageObject\",\"inLanguage\":\"en-US\",\"@id\":\"https:\/\/www.visit-ulcinj.com\/blog\/2008\/11\/22\/sonte-%e2%80%9ckenga-magjike%e2%80%9d\/#primaryimage\",\"url\":\"http:\/\/www.visit-ulcinj.com\/blog\/wp-content\/uploads\/2008\/11\/west-side-familly-konsiderohet-grupi-qe-do-te-triumfoj-sonte-ne-spektaklin-kenga-magjike-300x210.jpg\",\"contentUrl\":\"http:\/\/www.visit-ulcinj.com\/blog\/wp-content\/uploads\/2008\/11\/west-side-familly-konsiderohet-grupi-qe-do-te-triumfoj-sonte-ne-spektaklin-kenga-magjike-300x210.jpg\"},{\"@type\":\"WebPage\",\"@id\":\"https:\/\/www.visit-ulcinj.com\/blog\/2008\/11\/22\/sonte-%e2%80%9ckenga-magjike%e2%80%9d\/#webpage\",\"url\":\"https:\/\/www.visit-ulcinj.com\/blog\/2008\/11\/22\/sonte-%e2%80%9ckenga-magjike%e2%80%9d\/\",\"name\":\"Sonte \u201cK\u00ebnga Magjike\u201d - Lajme nga Ulqini\",\"isPartOf\":{\"@id\":\"https:\/\/www.visit-ulcinj.com\/blog\/#website\"},\"primaryImageOfPage\":{\"@id\":\"https:\/\/www.visit-ulcinj.com\/blog\/2008\/11\/22\/sonte-%e2%80%9ckenga-magjike%e2%80%9d\/#primaryimage\"},\"datePublished\":\"2008-11-22T20:24:55+00:00\",\"dateModified\":\"2008-11-22T20:24:55+00:00\",\"author\":{\"@id\":\"https:\/\/www.visit-ulcinj.com\/blog\/#\/schema\/person\/dcab619c614d3038751c63bc2aadc06d\"},\"description\":\"Dy net\u00ebt gjysm\u00ebfinale kan\u00eb qen\u00eb t\u00eb nj\u00eb niveli mesatar. P\u00ebrderisa n\u00eb nat\u00ebn e par\u00eb gjysm\u00ebfinale pat\u00ebm nj\u00eb triumf t\u00eb pakontestuar t\u00eb Rosela Gjylbegut dhe\",\"breadcrumb\":{\"@id\":\"https:\/\/www.visit-ulcinj.com\/blog\/2008\/11\/22\/sonte-%e2%80%9ckenga-magjike%e2%80%9d\/#breadcrumb\"},\"inLanguage\":\"en-US\",\"potentialAction\":[{\"@type\":\"ReadAction\",\"target\":[\"https:\/\/www.visit-ulcinj.com\/blog\/2008\/11\/22\/sonte-%e2%80%9ckenga-magjike%e2%80%9d\/\"]}]},{\"@type\":\"BreadcrumbList\",\"@id\":\"https:\/\/www.visit-ulcinj.com\/blog\/2008\/11\/22\/sonte-%e2%80%9ckenga-magjike%e2%80%9d\/#breadcrumb\",\"itemListElement\":[{\"@type\":\"ListItem\",\"position\":1,\"name\":\"Sonte \u201cK\u00ebnga Magjike\u201d\"}]},{\"@type\":\"Person\",\"@id\":\"https:\/\/www.visit-ulcinj.com\/blog\/#\/schema\/person\/dcab619c614d3038751c63bc2aadc06d\",\"name\":\"ulqini\",\"sameAs\":[\"http:\/\/www.visit-ulcinj.com\"],\"url\":\"https:\/\/www.visit-ulcinj.com\/blog\/author\/admin\/\"}]}<\/script>\n<!-- \/ Yoast SEO plugin. -->","yoast_head_json":{"title":"Sonte \u201cK\u00ebnga Magjike\u201d - Lajme nga Ulqini","description":"Dy net\u00ebt gjysm\u00ebfinale kan\u00eb qen\u00eb t\u00eb nj\u00eb niveli mesatar. P\u00ebrderisa n\u00eb nat\u00ebn e par\u00eb gjysm\u00ebfinale pat\u00ebm nj\u00eb triumf t\u00eb pakontestuar t\u00eb Rosela Gjylbegut dhe","robots":{"index":"index","follow":"follow","max-snippet":"max-snippet:-1","max-image-preview":"max-image-preview:large","max-video-preview":"max-video-preview:-1"},"canonical":"https:\/\/www.visit-ulcinj.com\/blog\/2008\/11\/22\/sonte-\u201ckenga-magjike\u201d\/","og_locale":"en_US","og_type":"article","og_title":"Sonte \u201cK\u00ebnga Magjike\u201d - Lajme nga Ulqini","og_description":"Dy net\u00ebt gjysm\u00ebfinale kan\u00eb qen\u00eb t\u00eb nj\u00eb niveli mesatar. P\u00ebrderisa n\u00eb nat\u00ebn e par\u00eb gjysm\u00ebfinale pat\u00ebm nj\u00eb triumf t\u00eb pakontestuar t\u00eb Rosela Gjylbegut dhe","og_url":"https:\/\/www.visit-ulcinj.com\/blog\/2008\/11\/22\/sonte-\u201ckenga-magjike\u201d\/","og_site_name":"Lajme nga Ulqini","article_published_time":"2008-11-22T20:24:55+00:00","og_image":[{"url":"http:\/\/www.visit-ulcinj.com\/blog\/wp-content\/uploads\/2008\/11\/west-side-familly-konsiderohet-grupi-qe-do-te-triumfoj-sonte-ne-spektaklin-kenga-magjike-300x210.jpg"}],"twitter_misc":{"Written by":"ulqini","Est. reading time":"2 minutes"},"schema":{"@context":"https:\/\/schema.org","@graph":[{"@type":"WebSite","@id":"https:\/\/www.visit-ulcinj.com\/blog\/#website","url":"https:\/\/www.visit-ulcinj.com\/blog\/","name":"Lajme nga Ulqini","description":"Lajme,Vijesti,Ulqini,Ulqin,Crna Gora,Mali i Zi","potentialAction":[{"@type":"SearchAction","target":{"@type":"EntryPoint","urlTemplate":"https:\/\/www.visit-ulcinj.com\/blog\/?s={search_term_string}"},"query-input":"required name=search_term_string"}],"inLanguage":"en-US"},{"@type":"ImageObject","inLanguage":"en-US","@id":"https:\/\/www.visit-ulcinj.com\/blog\/2008\/11\/22\/sonte-%e2%80%9ckenga-magjike%e2%80%9d\/#primaryimage","url":"http:\/\/www.visit-ulcinj.com\/blog\/wp-content\/uploads\/2008\/11\/west-side-familly-konsiderohet-grupi-qe-do-te-triumfoj-sonte-ne-spektaklin-kenga-magjike-300x210.jpg","contentUrl":"http:\/\/www.visit-ulcinj.com\/blog\/wp-content\/uploads\/2008\/11\/west-side-familly-konsiderohet-grupi-qe-do-te-triumfoj-sonte-ne-spektaklin-kenga-magjike-300x210.jpg"},{"@type":"WebPage","@id":"https:\/\/www.visit-ulcinj.com\/blog\/2008\/11\/22\/sonte-%e2%80%9ckenga-magjike%e2%80%9d\/#webpage","url":"https:\/\/www.visit-ulcinj.com\/blog\/2008\/11\/22\/sonte-%e2%80%9ckenga-magjike%e2%80%9d\/","name":"Sonte \u201cK\u00ebnga Magjike\u201d - Lajme nga Ulqini","isPartOf":{"@id":"https:\/\/www.visit-ulcinj.com\/blog\/#website"},"primaryImageOfPage":{"@id":"https:\/\/www.visit-ulcinj.com\/blog\/2008\/11\/22\/sonte-%e2%80%9ckenga-magjike%e2%80%9d\/#primaryimage"},"datePublished":"2008-11-22T20:24:55+00:00","dateModified":"2008-11-22T20:24:55+00:00","author":{"@id":"https:\/\/www.visit-ulcinj.com\/blog\/#\/schema\/person\/dcab619c614d3038751c63bc2aadc06d"},"description":"Dy net\u00ebt gjysm\u00ebfinale kan\u00eb qen\u00eb t\u00eb nj\u00eb niveli mesatar. P\u00ebrderisa n\u00eb nat\u00ebn e par\u00eb gjysm\u00ebfinale pat\u00ebm nj\u00eb triumf t\u00eb pakontestuar t\u00eb Rosela Gjylbegut dhe","breadcrumb":{"@id":"https:\/\/www.visit-ulcinj.com\/blog\/2008\/11\/22\/sonte-%e2%80%9ckenga-magjike%e2%80%9d\/#breadcrumb"},"inLanguage":"en-US","potentialAction":[{"@type":"ReadAction","target":["https:\/\/www.visit-ulcinj.com\/blog\/2008\/11\/22\/sonte-%e2%80%9ckenga-magjike%e2%80%9d\/"]}]},{"@type":"BreadcrumbList","@id":"https:\/\/www.visit-ulcinj.com\/blog\/2008\/11\/22\/sonte-%e2%80%9ckenga-magjike%e2%80%9d\/#breadcrumb","itemListElement":[{"@type":"ListItem","position":1,"name":"Sonte \u201cK\u00ebnga Magjike\u201d"}]},{"@type":"Person","@id":"https:\/\/www.visit-ulcinj.com\/blog\/#\/schema\/person\/dcab619c614d3038751c63bc2aadc06d","name":"ulqini","sameAs":["http:\/\/www.visit-ulcinj.com"],"url":"https:\/\/www.visit-ulcinj.com\/blog\/author\/admin\/"}]}},"jetpack_featured_media_url":"","jetpack_sharing_enabled":true,"jetpack_shortlink":"https:\/\/wp.me\/pe6lTn-1GQ","_links":{"self":[{"href":"https:\/\/www.visit-ulcinj.com\/blog\/wp-json\/wp\/v2\/posts\/6500"}],"collection":[{"href":"https:\/\/www.visit-ulcinj.com\/blog\/wp-json\/wp\/v2\/posts"}],"about":[{"href":"https:\/\/www.visit-ulcinj.com\/blog\/wp-json\/wp\/v2\/types\/post"}],"author":[{"embeddable":true,"href":"https:\/\/www.visit-ulcinj.com\/blog\/wp-json\/wp\/v2\/users\/1"}],"replies":[{"embeddable":true,"href":"https:\/\/www.visit-ulcinj.com\/blog\/wp-json\/wp\/v2\/comments?post=6500"}],"version-history":[{"count":0,"href":"https:\/\/www.visit-ulcinj.com\/blog\/wp-json\/wp\/v2\/posts\/6500\/revisions"}],"wp:attachment":[{"href":"https:\/\/www.visit-ulcinj.com\/blog\/wp-json\/wp\/v2\/media?parent=6500"}],"wp:term":[{"taxonomy":"category","embeddable":true,"href":"https:\/\/www.visit-ulcinj.com\/blog\/wp-json\/wp\/v2\/categories?post=6500"},{"taxonomy":"post_tag","embeddable":true,"href":"https:\/\/www.visit-ulcinj.com\/blog\/wp-json\/wp\/v2\/tags?post=6500"}],"curies":[{"name":"wp","href":"https:\/\/api.w.org\/{rel}","templated":true}]}}