{"id":65007,"date":"2012-10-24T16:03:43","date_gmt":"2012-10-24T15:03:43","guid":{"rendered":"http:\/\/www.visit-ulcinj.com\/blog\/?p=65007"},"modified":"2012-10-24T16:05:58","modified_gmt":"2012-10-24T15:05:58","slug":"ikrar-dove-u-baru-i-ulcinju","status":"publish","type":"post","link":"https:\/\/www.visit-ulcinj.com\/blog\/2012\/10\/24\/ikrar-dove-u-baru-i-ulcinju\/","title":{"rendered":"Ikrar dove u Baru i Ulcinju"},"content":{"rendered":"<p><a href=\"http:\/\/www.visit-ulcinj.com\/blog\/wp-content\/uploads\/2012\/10\/Ulcinj-kandidati-i-imami.jpg\"><img loading=\"lazy\" class=\"alignleft  wp-image-65008\" title=\"OLYMPUS DIGITAL CAMERA\" src=\"http:\/\/www.visit-ulcinj.com\/blog\/wp-content\/uploads\/2012\/10\/Ulcinj-kandidati-i-imami-1024x768.jpg\" alt=\"\" width=\"508\" height=\"360\" \/><\/a>U \u010detvrtak, 18.10.2012., prou\u010dene su had\u017eijske (ikrar) dove za had\u017eije sa podru\u010dja op\u0161tina Ulcinj i Bar.<\/p>\n<p>U Ulcinju je ova sve\u010danost organizovana sa ikindije namaza u d\u017eamiji Pomoraca. Predavanje je odr\u017eao glavni imam, Ali-ef. Bardhi, a odlomke iz Kur&#8217;ana, par ilahija, salavate i tekbire u\u010dili su ostali imami OIZ Ulcinj. Kao jedan od \u010detvorice vodi\u010da, skupu se obratio i Suad-ef. Ukoshata, koji je d\u017eemat upoznao sa kanidatima, te je nakon njega Nusret-ef. Cenaj prou\u010dio dovu. Sve\u010danosti je prisustvovalo oko stotinjak d\u017eematlija i \u010dlanova porodica had\u017eija. Na kraju su se d\u017eematlije poselamile sa kandidatima te im po\u017eeljeli hairli put, had\u017e makbul i zdrav povratak.<\/p>\n<p>U Baru je ova sve\u010danost organizovana nakon ak\u0161am namaza. Nakon klanjanja namaza, kojeg je predvodio Mr. Suad-ef. Ukoshata, sve\u010danost je otvorio glavni imam Mijidin-ef. Milaimi, te je d\u017eemat upoznao sa ciljem ovog skupa. Izme\u0111u ostalog, on je naglasio va\u017enost otvaranja dje\u010dijeg vrti\u0107a u okviru IZ Bar. Da bi to bilo slikovito, potrudila se i odgajateljica ove djece, vaspita\u010dica Nermina Nikezi\u0107, koja je sa\u017eela kratak program sa djecom, i pravo odu\u0161evila prisutne d\u017eematlije.<br \/>\n<a href=\"http:\/\/www.visit-ulcinj.com\/blog\/wp-content\/uploads\/2012\/10\/Bar-kandidati.jpg\"><img loading=\"lazy\" class=\"alignleft  wp-image-65009\" title=\"OLYMPUS DIGITAL CAMERA\" src=\"http:\/\/www.visit-ulcinj.com\/blog\/wp-content\/uploads\/2012\/10\/Bar-kandidati.jpg\" alt=\"\" width=\"508\" height=\"300\" \/><\/a><\/p>\n<p>Prepunu d\u017eamiju Omerba\u0161i\u0107a, Mujidin-ef. upoznao je sa imenima kandidata za ovogodi\u0161nji had\u017e sa podru\u010dja Bara kao i sa nekim od obreda koje obavljaju had\u017eije u Mekki i Medini, prikazuju\u0107i sve to na video-bimu. Ikrar dovu prou\u010dio je Sued-ef. Ukoshata, a jaciju namaz predvodio Red\u017eep-ef. Vuki\u0107. Doma\u0107in se, na kraju, uz pomo\u0107 vrijednih d\u017eematlija Bara, potrudio da se svi prisutni po\u010daste doma\u0107im slatki\u0161ima i sokovima.<\/p>\n<p>Napominjemo da je ukupan broj had\u017eija za ovu godinu, koji putuju na had\u017e u organizaciji Me\u0161ihata IZ u CG 53, a ima ih skoro iz svih gradova u Crnoj Gori, da su vo\u0111e had\u017eija Red\u017eep-ef. Muri\u0107 (iz Ro\u017eaja), D\u017eevahir-ef. Arifaj (iz Dino\u0161e), Mujidin-ef. Milaimi (iz Bara) i Suad-ef. Ukoshata (iz Ulcinja), a kao doma\u0107in grupe je i reis IZ, Rifat-ef- Fejzi\u0107.<\/p>\n<div><strong>Islam Montenegro <\/strong><\/div>\n","protected":false},"excerpt":{"rendered":"<p>U \u010detvrtak, 18.10.2012., prou\u010dene su had\u017eijske (ikrar) dove za had\u017eije sa podru\u010dja op\u0161tina Ulcinj i Bar. U Ulcinju je ova sve\u010danost organizovana sa ikindije namaza u d\u017eamiji Pomoraca. Predavanje je odr\u017eao glavni imam, Ali-ef. Bardhi, a odlomke iz Kur&#8217;ana, par ilahija, salavate i tekbire u\u010dili su ostali imami OIZ Ulcinj. Kao jedan od \u010detvorice vodi\u010da, [&hellip;]<\/p>\n","protected":false},"author":1,"featured_media":0,"comment_status":"open","ping_status":"closed","sticky":false,"template":"","format":"standard","meta":{"spay_email":"","jetpack_publicize_message":"","jetpack_is_tweetstorm":false,"jetpack_publicize_feature_enabled":true},"categories":[6950],"tags":[21283],"jetpack_publicize_connections":[],"yoast_head":"<!-- This site is optimized with the Yoast SEO plugin v19.1 - https:\/\/yoast.com\/wordpress\/plugins\/seo\/ -->\n<title>Ikrar dove u Baru i Ulcinju - Lajme nga Ulqini<\/title>\n<meta name=\"description\" content=\"U \u010detvrtak, 18.10.2012., prou\u010dene su had\u017eijske (ikrar) dove za had\u017eije sa podru\u010dja op\u0161tina Ulcinj i Bar. U Ulcinju je ova sve\u010danost organizovana sa\" \/>\n<meta name=\"robots\" content=\"index, follow, max-snippet:-1, max-image-preview:large, max-video-preview:-1\" \/>\n<link rel=\"canonical\" href=\"https:\/\/www.visit-ulcinj.com\/blog\/2012\/10\/24\/ikrar-dove-u-baru-i-ulcinju\/\" \/>\n<meta property=\"og:locale\" content=\"en_US\" \/>\n<meta property=\"og:type\" content=\"article\" \/>\n<meta property=\"og:title\" content=\"Ikrar dove u Baru i Ulcinju - Lajme nga Ulqini\" \/>\n<meta property=\"og:description\" content=\"U \u010detvrtak, 18.10.2012., prou\u010dene su had\u017eijske (ikrar) dove za had\u017eije sa podru\u010dja op\u0161tina Ulcinj i Bar. U Ulcinju je ova sve\u010danost organizovana sa\" \/>\n<meta property=\"og:url\" content=\"https:\/\/www.visit-ulcinj.com\/blog\/2012\/10\/24\/ikrar-dove-u-baru-i-ulcinju\/\" \/>\n<meta property=\"og:site_name\" content=\"Lajme nga Ulqini\" \/>\n<meta property=\"article:published_time\" content=\"2012-10-24T15:03:43+00:00\" \/>\n<meta property=\"article:modified_time\" content=\"2012-10-24T15:05:58+00:00\" \/>\n<meta property=\"og:image\" content=\"http:\/\/www.visit-ulcinj.com\/blog\/wp-content\/uploads\/2012\/10\/Ulcinj-kandidati-i-imami-1024x768.jpg\" \/>\n<meta name=\"twitter:label1\" content=\"Written by\" \/>\n\t<meta name=\"twitter:data1\" content=\"ulqini\" \/>\n\t<meta name=\"twitter:label2\" content=\"Est. reading time\" \/>\n\t<meta name=\"twitter:data2\" content=\"2 minutes\" \/>\n<script type=\"application\/ld+json\" class=\"yoast-schema-graph\">{\"@context\":\"https:\/\/schema.org\",\"@graph\":[{\"@type\":\"WebSite\",\"@id\":\"https:\/\/www.visit-ulcinj.com\/blog\/#website\",\"url\":\"https:\/\/www.visit-ulcinj.com\/blog\/\",\"name\":\"Lajme nga Ulqini\",\"description\":\"Lajme,Vijesti,Ulqini,Ulqin,Crna Gora,Mali i Zi\",\"potentialAction\":[{\"@type\":\"SearchAction\",\"target\":{\"@type\":\"EntryPoint\",\"urlTemplate\":\"https:\/\/www.visit-ulcinj.com\/blog\/?s={search_term_string}\"},\"query-input\":\"required name=search_term_string\"}],\"inLanguage\":\"en-US\"},{\"@type\":\"ImageObject\",\"inLanguage\":\"en-US\",\"@id\":\"https:\/\/www.visit-ulcinj.com\/blog\/2012\/10\/24\/ikrar-dove-u-baru-i-ulcinju\/#primaryimage\",\"url\":\"https:\/\/www.visit-ulcinj.com\/blog\/wp-content\/uploads\/2012\/10\/Ulcinj-kandidati-i-imami.jpg\",\"contentUrl\":\"https:\/\/www.visit-ulcinj.com\/blog\/wp-content\/uploads\/2012\/10\/Ulcinj-kandidati-i-imami.jpg\",\"width\":\"2000\",\"height\":\"1500\"},{\"@type\":\"WebPage\",\"@id\":\"https:\/\/www.visit-ulcinj.com\/blog\/2012\/10\/24\/ikrar-dove-u-baru-i-ulcinju\/#webpage\",\"url\":\"https:\/\/www.visit-ulcinj.com\/blog\/2012\/10\/24\/ikrar-dove-u-baru-i-ulcinju\/\",\"name\":\"Ikrar dove u Baru i Ulcinju - Lajme nga Ulqini\",\"isPartOf\":{\"@id\":\"https:\/\/www.visit-ulcinj.com\/blog\/#website\"},\"primaryImageOfPage\":{\"@id\":\"https:\/\/www.visit-ulcinj.com\/blog\/2012\/10\/24\/ikrar-dove-u-baru-i-ulcinju\/#primaryimage\"},\"datePublished\":\"2012-10-24T15:03:43+00:00\",\"dateModified\":\"2012-10-24T15:05:58+00:00\",\"author\":{\"@id\":\"https:\/\/www.visit-ulcinj.com\/blog\/#\/schema\/person\/dcab619c614d3038751c63bc2aadc06d\"},\"description\":\"U \u010detvrtak, 18.10.2012., prou\u010dene su had\u017eijske (ikrar) dove za had\u017eije sa podru\u010dja op\u0161tina Ulcinj i Bar. U Ulcinju je ova sve\u010danost organizovana sa\",\"breadcrumb\":{\"@id\":\"https:\/\/www.visit-ulcinj.com\/blog\/2012\/10\/24\/ikrar-dove-u-baru-i-ulcinju\/#breadcrumb\"},\"inLanguage\":\"en-US\",\"potentialAction\":[{\"@type\":\"ReadAction\",\"target\":[\"https:\/\/www.visit-ulcinj.com\/blog\/2012\/10\/24\/ikrar-dove-u-baru-i-ulcinju\/\"]}]},{\"@type\":\"BreadcrumbList\",\"@id\":\"https:\/\/www.visit-ulcinj.com\/blog\/2012\/10\/24\/ikrar-dove-u-baru-i-ulcinju\/#breadcrumb\",\"itemListElement\":[{\"@type\":\"ListItem\",\"position\":1,\"name\":\"Ikrar dove u Baru i Ulcinju\"}]},{\"@type\":\"Person\",\"@id\":\"https:\/\/www.visit-ulcinj.com\/blog\/#\/schema\/person\/dcab619c614d3038751c63bc2aadc06d\",\"name\":\"ulqini\",\"sameAs\":[\"http:\/\/www.visit-ulcinj.com\"],\"url\":\"https:\/\/www.visit-ulcinj.com\/blog\/author\/admin\/\"}]}<\/script>\n<!-- \/ Yoast SEO plugin. -->","yoast_head_json":{"title":"Ikrar dove u Baru i Ulcinju - Lajme nga Ulqini","description":"U \u010detvrtak, 18.10.2012., prou\u010dene su had\u017eijske (ikrar) dove za had\u017eije sa podru\u010dja op\u0161tina Ulcinj i Bar. U Ulcinju je ova sve\u010danost organizovana sa","robots":{"index":"index","follow":"follow","max-snippet":"max-snippet:-1","max-image-preview":"max-image-preview:large","max-video-preview":"max-video-preview:-1"},"canonical":"https:\/\/www.visit-ulcinj.com\/blog\/2012\/10\/24\/ikrar-dove-u-baru-i-ulcinju\/","og_locale":"en_US","og_type":"article","og_title":"Ikrar dove u Baru i Ulcinju - Lajme nga Ulqini","og_description":"U \u010detvrtak, 18.10.2012., prou\u010dene su had\u017eijske (ikrar) dove za had\u017eije sa podru\u010dja op\u0161tina Ulcinj i Bar. U Ulcinju je ova sve\u010danost organizovana sa","og_url":"https:\/\/www.visit-ulcinj.com\/blog\/2012\/10\/24\/ikrar-dove-u-baru-i-ulcinju\/","og_site_name":"Lajme nga Ulqini","article_published_time":"2012-10-24T15:03:43+00:00","article_modified_time":"2012-10-24T15:05:58+00:00","og_image":[{"url":"http:\/\/www.visit-ulcinj.com\/blog\/wp-content\/uploads\/2012\/10\/Ulcinj-kandidati-i-imami-1024x768.jpg"}],"twitter_misc":{"Written by":"ulqini","Est. reading time":"2 minutes"},"schema":{"@context":"https:\/\/schema.org","@graph":[{"@type":"WebSite","@id":"https:\/\/www.visit-ulcinj.com\/blog\/#website","url":"https:\/\/www.visit-ulcinj.com\/blog\/","name":"Lajme nga Ulqini","description":"Lajme,Vijesti,Ulqini,Ulqin,Crna Gora,Mali i Zi","potentialAction":[{"@type":"SearchAction","target":{"@type":"EntryPoint","urlTemplate":"https:\/\/www.visit-ulcinj.com\/blog\/?s={search_term_string}"},"query-input":"required name=search_term_string"}],"inLanguage":"en-US"},{"@type":"ImageObject","inLanguage":"en-US","@id":"https:\/\/www.visit-ulcinj.com\/blog\/2012\/10\/24\/ikrar-dove-u-baru-i-ulcinju\/#primaryimage","url":"https:\/\/www.visit-ulcinj.com\/blog\/wp-content\/uploads\/2012\/10\/Ulcinj-kandidati-i-imami.jpg","contentUrl":"https:\/\/www.visit-ulcinj.com\/blog\/wp-content\/uploads\/2012\/10\/Ulcinj-kandidati-i-imami.jpg","width":"2000","height":"1500"},{"@type":"WebPage","@id":"https:\/\/www.visit-ulcinj.com\/blog\/2012\/10\/24\/ikrar-dove-u-baru-i-ulcinju\/#webpage","url":"https:\/\/www.visit-ulcinj.com\/blog\/2012\/10\/24\/ikrar-dove-u-baru-i-ulcinju\/","name":"Ikrar dove u Baru i Ulcinju - Lajme nga Ulqini","isPartOf":{"@id":"https:\/\/www.visit-ulcinj.com\/blog\/#website"},"primaryImageOfPage":{"@id":"https:\/\/www.visit-ulcinj.com\/blog\/2012\/10\/24\/ikrar-dove-u-baru-i-ulcinju\/#primaryimage"},"datePublished":"2012-10-24T15:03:43+00:00","dateModified":"2012-10-24T15:05:58+00:00","author":{"@id":"https:\/\/www.visit-ulcinj.com\/blog\/#\/schema\/person\/dcab619c614d3038751c63bc2aadc06d"},"description":"U \u010detvrtak, 18.10.2012., prou\u010dene su had\u017eijske (ikrar) dove za had\u017eije sa podru\u010dja op\u0161tina Ulcinj i Bar. U Ulcinju je ova sve\u010danost organizovana sa","breadcrumb":{"@id":"https:\/\/www.visit-ulcinj.com\/blog\/2012\/10\/24\/ikrar-dove-u-baru-i-ulcinju\/#breadcrumb"},"inLanguage":"en-US","potentialAction":[{"@type":"ReadAction","target":["https:\/\/www.visit-ulcinj.com\/blog\/2012\/10\/24\/ikrar-dove-u-baru-i-ulcinju\/"]}]},{"@type":"BreadcrumbList","@id":"https:\/\/www.visit-ulcinj.com\/blog\/2012\/10\/24\/ikrar-dove-u-baru-i-ulcinju\/#breadcrumb","itemListElement":[{"@type":"ListItem","position":1,"name":"Ikrar dove u Baru i Ulcinju"}]},{"@type":"Person","@id":"https:\/\/www.visit-ulcinj.com\/blog\/#\/schema\/person\/dcab619c614d3038751c63bc2aadc06d","name":"ulqini","sameAs":["http:\/\/www.visit-ulcinj.com"],"url":"https:\/\/www.visit-ulcinj.com\/blog\/author\/admin\/"}]}},"jetpack_featured_media_url":"","jetpack_sharing_enabled":true,"jetpack_shortlink":"https:\/\/wp.me\/pe6lTn-gUv","_links":{"self":[{"href":"https:\/\/www.visit-ulcinj.com\/blog\/wp-json\/wp\/v2\/posts\/65007"}],"collection":[{"href":"https:\/\/www.visit-ulcinj.com\/blog\/wp-json\/wp\/v2\/posts"}],"about":[{"href":"https:\/\/www.visit-ulcinj.com\/blog\/wp-json\/wp\/v2\/types\/post"}],"author":[{"embeddable":true,"href":"https:\/\/www.visit-ulcinj.com\/blog\/wp-json\/wp\/v2\/users\/1"}],"replies":[{"embeddable":true,"href":"https:\/\/www.visit-ulcinj.com\/blog\/wp-json\/wp\/v2\/comments?post=65007"}],"version-history":[{"count":2,"href":"https:\/\/www.visit-ulcinj.com\/blog\/wp-json\/wp\/v2\/posts\/65007\/revisions"}],"predecessor-version":[{"id":65011,"href":"https:\/\/www.visit-ulcinj.com\/blog\/wp-json\/wp\/v2\/posts\/65007\/revisions\/65011"}],"wp:attachment":[{"href":"https:\/\/www.visit-ulcinj.com\/blog\/wp-json\/wp\/v2\/media?parent=65007"}],"wp:term":[{"taxonomy":"category","embeddable":true,"href":"https:\/\/www.visit-ulcinj.com\/blog\/wp-json\/wp\/v2\/categories?post=65007"},{"taxonomy":"post_tag","embeddable":true,"href":"https:\/\/www.visit-ulcinj.com\/blog\/wp-json\/wp\/v2\/tags?post=65007"}],"curies":[{"name":"wp","href":"https:\/\/api.w.org\/{rel}","templated":true}]}}