{"id":65012,"date":"2012-10-24T16:19:37","date_gmt":"2012-10-24T15:19:37","guid":{"rendered":"http:\/\/www.visit-ulcinj.com\/blog\/?p=65012"},"modified":"2012-10-25T19:14:13","modified_gmt":"2012-10-25T18:14:13","slug":"fillon-projekti-per-rregullimin-e-porto-milenes","status":"publish","type":"post","link":"https:\/\/www.visit-ulcinj.com\/blog\/2012\/10\/24\/fillon-projekti-per-rregullimin-e-porto-milenes\/","title":{"rendered":"Fillon projekti p\u00ebr rregullimin e Porto Milen\u00ebs"},"content":{"rendered":"<p><strong><a href=\"http:\/\/www.visit-ulcinj.com\/blog\/wp-content\/uploads\/2012\/10\/Fillon-projekti-i-Porto-Milenes-Ulqin.jpg\"><img loading=\"lazy\" class=\"alignleft  wp-image-65013\" title=\"Fillon projekti i Porto Milenes Ulqin\" src=\"http:\/\/www.visit-ulcinj.com\/blog\/wp-content\/uploads\/2012\/10\/Fillon-projekti-i-Porto-Milenes-Ulqin.jpg\" alt=\"\" width=\"508\" height=\"360\" \/><\/a>Fillimi i projektit t\u00eb rregullimit t\u00eb Porto Milen\u00ebs<\/strong><\/p>\n<p>Pas nj\u00eb s\u00ebr\u00eb bisedash t\u00eb realizuara me q\u00ebllim t\u00eb bashk\u00ebpunimit t\u00eb Komun\u00ebs s\u00eb Ulqinit dhe Komun\u00ebs s\u00eb Velenjes n\u00eb projekte t\u00eb ndryshme sot n\u00eb ambientet e Komun\u00ebs s\u00eb Ulqinit \u00ebsht\u00eb mbajtur mbledhja e fillimit t\u00eb bashk\u00ebpunimit n\u00eb zgjidhjen e nj\u00ebrit prej problemeve m\u00eb t\u00eb m\u00ebdha t\u00eb Ulqinit, rregullimi i Porto Milen\u00ebs. N\u00eb mbledhje krahas t\u00eb gjith\u00eb p\u00ebrfaq\u00ebsuesve nga Komuna e Ulqinit, nga Velenja kan\u00eb marr\u00eb pjes\u00eb: n\u00ebnkryetari i Komun\u00ebs Velenje Franc Zherdin, drejtori i Institutit p\u00ebr ekologji ERICo Velenje, Marko Mavec, drejtori i Gorenje projekt, Urosh Razdevshek dhe drejtori i Byros\u00eb projektuese Velenje, Janez Bozhiq. N\u00eb mbledhje poashtu ishin prezent edhe Milena Mitri\u0107 nga Instituti p\u00ebr biologjin\u00eb e detit n\u00eb Kotorr, Olivera Dobi\u00e7iq nga EKO Boka Projekt dhe Sanja Martinoviq nga Nd\u00ebrmarrja t\u00eb Mirat detare.<br \/>\n<a href=\"http:\/\/www.visit-ulcinj.com\/blog\/wp-content\/uploads\/2012\/10\/Fillon-projekti-i-Porto-Milenes-Ulqin.1.jpg\"><img loading=\"lazy\" class=\"alignleft  wp-image-65014\" title=\"Fillon projekti i Porto Milenes Ulqin.1\" src=\"http:\/\/www.visit-ulcinj.com\/blog\/wp-content\/uploads\/2012\/10\/Fillon-projekti-i-Porto-Milenes-Ulqin.1.jpg\" alt=\"\" width=\"508\" height=\"300\" \/><\/a><\/p>\n<p>ERICo Velenje tashm\u00eb ka punuar n\u00eb nj\u00eb num\u00ebr t\u00eb madh t\u00eb projekteve t\u00eb rregullimit hap\u00ebsinor n\u00eb t\u00ebr\u00eb Sllovenin\u00eb, Bosnje e Hercegovin\u00eb, Mal t\u00eb Zi dhe Serbi. Pas analizave t\u00eb para, n\u00eb baz\u00eb t\u00eb informatave t\u00eb dor\u00ebzuara nga Komuna e Ulqinit, z. Marko Mavec vler\u00ebson se zgjidhja e problemit duhet t\u00eb realizohet n\u00eb faza. Meq\u00eb analiza e ujit \u00ebsht\u00eb realizuar, n\u00eb faz\u00ebn e par\u00eb duhet b\u00ebr\u00eb analiza kimike e balt\u00ebs s\u00eb akumuluar k\u00ebto 20 vitet e fundit dhe konstatimi i tipit t\u00eb ndotjes. N\u00eb baz\u00eb t\u00eb analizave duhet t\u00eb caktohet se si do t\u00eb trajtohet kjo balt\u00eb.<\/p>\n<p><a href=\"http:\/\/www.visit-ulcinj.com\/blog\/wp-content\/uploads\/2012\/10\/Fillon-projekti-i-Porto-Milenes-Ulqin.2.jpg\"><img loading=\"lazy\" class=\"alignleft  wp-image-65015\" title=\"Fillon projekti i Porto Milenes Ulqin.2\" src=\"http:\/\/www.visit-ulcinj.com\/blog\/wp-content\/uploads\/2012\/10\/Fillon-projekti-i-Porto-Milenes-Ulqin.2.jpg\" alt=\"\" width=\"508\" height=\"300\" \/><\/a>Supozohet q\u00eb tipi i ndotjes \u00ebsht\u00eb i till\u00eb q\u00eb vet\u00ebm m\u00ebnjanimi dhe zhvendosja e balt\u00ebs nga Porto Milena n\u00eb ndonj\u00eb pozicion tjet\u00ebr do t\u00eb krijonte nj\u00eb problem t\u00eb ri e p\u00ebr k\u00ebt\u00eb arsye \u00ebsht\u00eb e domosdoshme q\u00eb ajo t\u00eb trajtohet. N\u00eb faz\u00ebn e dyt\u00eb \u00ebsht\u00eb e domosdoshme t\u00eb nd\u00ebrpritet vazhdimi i ndotjes s\u00eb Porto Milen\u00ebs ashtu q\u00eb, t\u00eb gjitha objektet t\u00eb cil\u00ebt problemin e uj\u00ebrave t\u00eb zeza e kan\u00eb zgjidhur p\u00ebrmes Porto Milen\u00ebs t\u00eb detyrohen q\u00eb t\u00eb p\u00ebrfshihen n\u00eb sistemin e kanalizimit.<\/p>\n<p><strong>Op\u0161tina Ulcinj \/ Komuna e Ulqinit<\/strong><br \/>\nTel: +382 30 412 050<br \/>\nFax: +382 30 412 413<br \/>\nAdresa: Bul. Skenderbeu bb, 85360 Ulcinj, MNE<\/p>\n","protected":false},"excerpt":{"rendered":"<p>Fillimi i projektit t\u00eb rregullimit t\u00eb Porto Milen\u00ebs Pas nj\u00eb s\u00ebr\u00eb bisedash t\u00eb realizuara me q\u00ebllim t\u00eb bashk\u00ebpunimit t\u00eb Komun\u00ebs s\u00eb Ulqinit dhe Komun\u00ebs s\u00eb Velenjes n\u00eb projekte t\u00eb ndryshme sot n\u00eb ambientet e Komun\u00ebs s\u00eb Ulqinit \u00ebsht\u00eb mbajtur mbledhja e fillimit t\u00eb bashk\u00ebpunimit n\u00eb zgjidhjen e nj\u00ebrit prej problemeve m\u00eb t\u00eb m\u00ebdha t\u00eb Ulqinit, [&hellip;]<\/p>\n","protected":false},"author":1,"featured_media":0,"comment_status":"open","ping_status":"closed","sticky":false,"template":"","format":"standard","meta":{"spay_email":"","jetpack_publicize_message":"","jetpack_is_tweetstorm":false,"jetpack_publicize_feature_enabled":true},"categories":[7,1],"tags":[16020,21284,200,18],"jetpack_publicize_connections":[],"yoast_head":"<!-- This site is optimized with the Yoast SEO plugin v19.1 - https:\/\/yoast.com\/wordpress\/plugins\/seo\/ -->\n<title>Fillon projekti p\u00ebr rregullimin e Porto Milen\u00ebs - Lajme nga Ulqini<\/title>\n<meta name=\"description\" content=\"Fillimi i projektit t\u00eb rregullimit t\u00eb Porto Milen\u00ebs Pas nj\u00eb s\u00ebr\u00eb bisedash t\u00eb realizuara me q\u00ebllim t\u00eb bashk\u00ebpunimit t\u00eb Komun\u00ebs s\u00eb Ulqinit dhe Komun\u00ebs s\u00eb\" \/>\n<meta name=\"robots\" content=\"index, follow, max-snippet:-1, max-image-preview:large, max-video-preview:-1\" \/>\n<link rel=\"canonical\" href=\"https:\/\/www.visit-ulcinj.com\/blog\/2012\/10\/24\/fillon-projekti-per-rregullimin-e-porto-milenes\/\" \/>\n<meta property=\"og:locale\" content=\"en_US\" \/>\n<meta property=\"og:type\" content=\"article\" \/>\n<meta property=\"og:title\" content=\"Fillon projekti p\u00ebr rregullimin e Porto Milen\u00ebs - Lajme nga Ulqini\" \/>\n<meta property=\"og:description\" content=\"Fillimi i projektit t\u00eb rregullimit t\u00eb Porto Milen\u00ebs Pas nj\u00eb s\u00ebr\u00eb bisedash t\u00eb realizuara me q\u00ebllim t\u00eb bashk\u00ebpunimit t\u00eb Komun\u00ebs s\u00eb Ulqinit dhe Komun\u00ebs s\u00eb\" \/>\n<meta property=\"og:url\" content=\"https:\/\/www.visit-ulcinj.com\/blog\/2012\/10\/24\/fillon-projekti-per-rregullimin-e-porto-milenes\/\" \/>\n<meta property=\"og:site_name\" content=\"Lajme nga Ulqini\" \/>\n<meta property=\"article:published_time\" content=\"2012-10-24T15:19:37+00:00\" \/>\n<meta property=\"article:modified_time\" content=\"2012-10-25T18:14:13+00:00\" \/>\n<meta property=\"og:image\" content=\"http:\/\/www.visit-ulcinj.com\/blog\/wp-content\/uploads\/2012\/10\/Fillon-projekti-i-Porto-Milenes-Ulqin.jpg\" \/>\n<meta name=\"twitter:label1\" content=\"Written by\" \/>\n\t<meta name=\"twitter:data1\" content=\"ulqini\" \/>\n\t<meta name=\"twitter:label2\" content=\"Est. reading time\" \/>\n\t<meta name=\"twitter:data2\" content=\"2 minutes\" \/>\n<script type=\"application\/ld+json\" class=\"yoast-schema-graph\">{\"@context\":\"https:\/\/schema.org\",\"@graph\":[{\"@type\":\"WebSite\",\"@id\":\"https:\/\/www.visit-ulcinj.com\/blog\/#website\",\"url\":\"https:\/\/www.visit-ulcinj.com\/blog\/\",\"name\":\"Lajme nga Ulqini\",\"description\":\"Lajme,Vijesti,Ulqini,Ulqin,Crna Gora,Mali i Zi\",\"potentialAction\":[{\"@type\":\"SearchAction\",\"target\":{\"@type\":\"EntryPoint\",\"urlTemplate\":\"https:\/\/www.visit-ulcinj.com\/blog\/?s={search_term_string}\"},\"query-input\":\"required name=search_term_string\"}],\"inLanguage\":\"en-US\"},{\"@type\":\"ImageObject\",\"inLanguage\":\"en-US\",\"@id\":\"https:\/\/www.visit-ulcinj.com\/blog\/2012\/10\/24\/fillon-projekti-per-rregullimin-e-porto-milenes\/#primaryimage\",\"url\":\"http:\/\/www.visit-ulcinj.com\/blog\/wp-content\/uploads\/2012\/10\/Fillon-projekti-i-Porto-Milenes-Ulqin.jpg\",\"contentUrl\":\"http:\/\/www.visit-ulcinj.com\/blog\/wp-content\/uploads\/2012\/10\/Fillon-projekti-i-Porto-Milenes-Ulqin.jpg\"},{\"@type\":\"WebPage\",\"@id\":\"https:\/\/www.visit-ulcinj.com\/blog\/2012\/10\/24\/fillon-projekti-per-rregullimin-e-porto-milenes\/#webpage\",\"url\":\"https:\/\/www.visit-ulcinj.com\/blog\/2012\/10\/24\/fillon-projekti-per-rregullimin-e-porto-milenes\/\",\"name\":\"Fillon projekti p\u00ebr rregullimin e Porto Milen\u00ebs - Lajme nga Ulqini\",\"isPartOf\":{\"@id\":\"https:\/\/www.visit-ulcinj.com\/blog\/#website\"},\"primaryImageOfPage\":{\"@id\":\"https:\/\/www.visit-ulcinj.com\/blog\/2012\/10\/24\/fillon-projekti-per-rregullimin-e-porto-milenes\/#primaryimage\"},\"datePublished\":\"2012-10-24T15:19:37+00:00\",\"dateModified\":\"2012-10-25T18:14:13+00:00\",\"author\":{\"@id\":\"https:\/\/www.visit-ulcinj.com\/blog\/#\/schema\/person\/dcab619c614d3038751c63bc2aadc06d\"},\"description\":\"Fillimi i projektit t\u00eb rregullimit t\u00eb Porto Milen\u00ebs Pas nj\u00eb s\u00ebr\u00eb bisedash t\u00eb realizuara me q\u00ebllim t\u00eb bashk\u00ebpunimit t\u00eb Komun\u00ebs s\u00eb Ulqinit dhe Komun\u00ebs s\u00eb\",\"breadcrumb\":{\"@id\":\"https:\/\/www.visit-ulcinj.com\/blog\/2012\/10\/24\/fillon-projekti-per-rregullimin-e-porto-milenes\/#breadcrumb\"},\"inLanguage\":\"en-US\",\"potentialAction\":[{\"@type\":\"ReadAction\",\"target\":[\"https:\/\/www.visit-ulcinj.com\/blog\/2012\/10\/24\/fillon-projekti-per-rregullimin-e-porto-milenes\/\"]}]},{\"@type\":\"BreadcrumbList\",\"@id\":\"https:\/\/www.visit-ulcinj.com\/blog\/2012\/10\/24\/fillon-projekti-per-rregullimin-e-porto-milenes\/#breadcrumb\",\"itemListElement\":[{\"@type\":\"ListItem\",\"position\":1,\"name\":\"Fillon projekti p\u00ebr rregullimin e Porto Milen\u00ebs\"}]},{\"@type\":\"Person\",\"@id\":\"https:\/\/www.visit-ulcinj.com\/blog\/#\/schema\/person\/dcab619c614d3038751c63bc2aadc06d\",\"name\":\"ulqini\",\"sameAs\":[\"http:\/\/www.visit-ulcinj.com\"],\"url\":\"https:\/\/www.visit-ulcinj.com\/blog\/author\/admin\/\"}]}<\/script>\n<!-- \/ Yoast SEO plugin. -->","yoast_head_json":{"title":"Fillon projekti p\u00ebr rregullimin e Porto Milen\u00ebs - Lajme nga Ulqini","description":"Fillimi i projektit t\u00eb rregullimit t\u00eb Porto Milen\u00ebs Pas nj\u00eb s\u00ebr\u00eb bisedash t\u00eb realizuara me q\u00ebllim t\u00eb bashk\u00ebpunimit t\u00eb Komun\u00ebs s\u00eb Ulqinit dhe Komun\u00ebs s\u00eb","robots":{"index":"index","follow":"follow","max-snippet":"max-snippet:-1","max-image-preview":"max-image-preview:large","max-video-preview":"max-video-preview:-1"},"canonical":"https:\/\/www.visit-ulcinj.com\/blog\/2012\/10\/24\/fillon-projekti-per-rregullimin-e-porto-milenes\/","og_locale":"en_US","og_type":"article","og_title":"Fillon projekti p\u00ebr rregullimin e Porto Milen\u00ebs - Lajme nga Ulqini","og_description":"Fillimi i projektit t\u00eb rregullimit t\u00eb Porto Milen\u00ebs Pas nj\u00eb s\u00ebr\u00eb bisedash t\u00eb realizuara me q\u00ebllim t\u00eb bashk\u00ebpunimit t\u00eb Komun\u00ebs s\u00eb Ulqinit dhe Komun\u00ebs s\u00eb","og_url":"https:\/\/www.visit-ulcinj.com\/blog\/2012\/10\/24\/fillon-projekti-per-rregullimin-e-porto-milenes\/","og_site_name":"Lajme nga Ulqini","article_published_time":"2012-10-24T15:19:37+00:00","article_modified_time":"2012-10-25T18:14:13+00:00","og_image":[{"url":"http:\/\/www.visit-ulcinj.com\/blog\/wp-content\/uploads\/2012\/10\/Fillon-projekti-i-Porto-Milenes-Ulqin.jpg"}],"twitter_misc":{"Written by":"ulqini","Est. reading time":"2 minutes"},"schema":{"@context":"https:\/\/schema.org","@graph":[{"@type":"WebSite","@id":"https:\/\/www.visit-ulcinj.com\/blog\/#website","url":"https:\/\/www.visit-ulcinj.com\/blog\/","name":"Lajme nga Ulqini","description":"Lajme,Vijesti,Ulqini,Ulqin,Crna Gora,Mali i Zi","potentialAction":[{"@type":"SearchAction","target":{"@type":"EntryPoint","urlTemplate":"https:\/\/www.visit-ulcinj.com\/blog\/?s={search_term_string}"},"query-input":"required name=search_term_string"}],"inLanguage":"en-US"},{"@type":"ImageObject","inLanguage":"en-US","@id":"https:\/\/www.visit-ulcinj.com\/blog\/2012\/10\/24\/fillon-projekti-per-rregullimin-e-porto-milenes\/#primaryimage","url":"http:\/\/www.visit-ulcinj.com\/blog\/wp-content\/uploads\/2012\/10\/Fillon-projekti-i-Porto-Milenes-Ulqin.jpg","contentUrl":"http:\/\/www.visit-ulcinj.com\/blog\/wp-content\/uploads\/2012\/10\/Fillon-projekti-i-Porto-Milenes-Ulqin.jpg"},{"@type":"WebPage","@id":"https:\/\/www.visit-ulcinj.com\/blog\/2012\/10\/24\/fillon-projekti-per-rregullimin-e-porto-milenes\/#webpage","url":"https:\/\/www.visit-ulcinj.com\/blog\/2012\/10\/24\/fillon-projekti-per-rregullimin-e-porto-milenes\/","name":"Fillon projekti p\u00ebr rregullimin e Porto Milen\u00ebs - Lajme nga Ulqini","isPartOf":{"@id":"https:\/\/www.visit-ulcinj.com\/blog\/#website"},"primaryImageOfPage":{"@id":"https:\/\/www.visit-ulcinj.com\/blog\/2012\/10\/24\/fillon-projekti-per-rregullimin-e-porto-milenes\/#primaryimage"},"datePublished":"2012-10-24T15:19:37+00:00","dateModified":"2012-10-25T18:14:13+00:00","author":{"@id":"https:\/\/www.visit-ulcinj.com\/blog\/#\/schema\/person\/dcab619c614d3038751c63bc2aadc06d"},"description":"Fillimi i projektit t\u00eb rregullimit t\u00eb Porto Milen\u00ebs Pas nj\u00eb s\u00ebr\u00eb bisedash t\u00eb realizuara me q\u00ebllim t\u00eb bashk\u00ebpunimit t\u00eb Komun\u00ebs s\u00eb Ulqinit dhe Komun\u00ebs s\u00eb","breadcrumb":{"@id":"https:\/\/www.visit-ulcinj.com\/blog\/2012\/10\/24\/fillon-projekti-per-rregullimin-e-porto-milenes\/#breadcrumb"},"inLanguage":"en-US","potentialAction":[{"@type":"ReadAction","target":["https:\/\/www.visit-ulcinj.com\/blog\/2012\/10\/24\/fillon-projekti-per-rregullimin-e-porto-milenes\/"]}]},{"@type":"BreadcrumbList","@id":"https:\/\/www.visit-ulcinj.com\/blog\/2012\/10\/24\/fillon-projekti-per-rregullimin-e-porto-milenes\/#breadcrumb","itemListElement":[{"@type":"ListItem","position":1,"name":"Fillon projekti p\u00ebr rregullimin e Porto Milen\u00ebs"}]},{"@type":"Person","@id":"https:\/\/www.visit-ulcinj.com\/blog\/#\/schema\/person\/dcab619c614d3038751c63bc2aadc06d","name":"ulqini","sameAs":["http:\/\/www.visit-ulcinj.com"],"url":"https:\/\/www.visit-ulcinj.com\/blog\/author\/admin\/"}]}},"jetpack_featured_media_url":"","jetpack_sharing_enabled":true,"jetpack_shortlink":"https:\/\/wp.me\/pe6lTn-gUA","_links":{"self":[{"href":"https:\/\/www.visit-ulcinj.com\/blog\/wp-json\/wp\/v2\/posts\/65012"}],"collection":[{"href":"https:\/\/www.visit-ulcinj.com\/blog\/wp-json\/wp\/v2\/posts"}],"about":[{"href":"https:\/\/www.visit-ulcinj.com\/blog\/wp-json\/wp\/v2\/types\/post"}],"author":[{"embeddable":true,"href":"https:\/\/www.visit-ulcinj.com\/blog\/wp-json\/wp\/v2\/users\/1"}],"replies":[{"embeddable":true,"href":"https:\/\/www.visit-ulcinj.com\/blog\/wp-json\/wp\/v2\/comments?post=65012"}],"version-history":[{"count":3,"href":"https:\/\/www.visit-ulcinj.com\/blog\/wp-json\/wp\/v2\/posts\/65012\/revisions"}],"predecessor-version":[{"id":65071,"href":"https:\/\/www.visit-ulcinj.com\/blog\/wp-json\/wp\/v2\/posts\/65012\/revisions\/65071"}],"wp:attachment":[{"href":"https:\/\/www.visit-ulcinj.com\/blog\/wp-json\/wp\/v2\/media?parent=65012"}],"wp:term":[{"taxonomy":"category","embeddable":true,"href":"https:\/\/www.visit-ulcinj.com\/blog\/wp-json\/wp\/v2\/categories?post=65012"},{"taxonomy":"post_tag","embeddable":true,"href":"https:\/\/www.visit-ulcinj.com\/blog\/wp-json\/wp\/v2\/tags?post=65012"}],"curies":[{"name":"wp","href":"https:\/\/api.w.org\/{rel}","templated":true}]}}