{"id":65034,"date":"2012-10-25T15:19:34","date_gmt":"2012-10-25T14:19:34","guid":{"rendered":"http:\/\/www.visit-ulcinj.com\/blog\/?p=65034"},"modified":"2012-10-27T06:09:03","modified_gmt":"2012-10-27T05:09:03","slug":"mr-dritan-abazoviq-test-per-pakica","status":"publish","type":"post","link":"https:\/\/www.visit-ulcinj.com\/blog\/2012\/10\/25\/mr-dritan-abazoviq-test-per-pakica\/","title":{"rendered":"Mr Dritan Abazoviq: TEST P\u00cbR PAKICA"},"content":{"rendered":"<p><a href=\"http:\/\/www.visit-ulcinj.com\/blog\/wp-content\/uploads\/2012\/10\/Dritan-Abazoviq-Ulqin.jpg\"><img loading=\"lazy\" class=\"alignleft  wp-image-65035\" title=\"Dritan Abazoviq - Ulqin\" src=\"http:\/\/www.visit-ulcinj.com\/blog\/wp-content\/uploads\/2012\/10\/Dritan-Abazoviq-Ulqin.jpg\" alt=\"\" width=\"508\" height=\"360\" \/><\/a>Mbas p\u00ebrfundimit t\u00eb zgjedhjeve pritja e madhe \u00ebsht\u00eb kthyer n\u00eb realitet. Dikush \u00ebsht\u00eb i k\u00ebnaqur, dikush \u00ebsht\u00eb i pak\u00ebnaqur, por, n\u00eb thelb, vet\u00ebm tek populli emocionet jan\u00eb t\u00eb p\u00ebrziera. \u00cbsht\u00eb nj\u00eb p\u00ebrqindje e vog\u00ebl e qytetar\u00ebve, pavar\u00ebsisht nga p\u00ebrkat\u00ebsia politike, q\u00eb nuk d\u00ebshiron ndryshime, qoft\u00eb edhe brenda \u201cqeveris\u00eb s\u00eb kontinuitetit\u201d. K\u00ebt\u00eb e treguan dhe zgjedhjet. Rreth 55% e popullsis\u00eb me d\u00ebshir\u00eb t\u00eb vet votuan di\u00e7ka tjet\u00ebr, e 45% votuan p\u00ebr vazhdimin e k\u00ebtij kontinuiteti dhe at\u00eb jo plot\u00ebsisht me nd\u00ebrgjegje t\u00eb vet (presionet, shantazhet, k\u00ebrc\u00ebnimet&#8230;). Mali i Zi duhet t\u00eb niset n\u00eb nj\u00eb rrug\u00eb tjet\u00ebr, duhet ndryshe nga deri tani, m\u00eb suksessh\u00ebm dhe m\u00eb efikas. P\u00ebrgjegj\u00ebsia e pjes\u00ebtar\u00ebve t\u00eb ardhsh\u00ebm t\u00eb ekzekutivit do t\u00eb jet\u00eb e madhe, nd\u00ebrsa monitorimi i tyre do t\u00eb jet\u00eb m\u00eb efikas dhe m\u00eb i fort si asnj\u00ebher\u00eb m\u00eb par\u00eb.<\/p>\n<p>P\u00ebr k\u00ebt\u00eb arsye k\u00ebto negociata p\u00ebr formimin e Qeveris\u00eb s\u00eb re jan\u00eb shum\u00eb interesante. Klasa qeveris\u00ebse n\u00eb nat\u00ebn e zgjedhjeve n\u00eb m\u00ebnyr\u00eb taktike i tha mas\u00ebs s\u00eb k\u00ebnaqur q\u00eb ka 180.000 vota mb\u00ebshtetje, q\u00eb \u00ebsht\u00eb fare e pav\u00ebrtet\u00eb, mbase p\u00ebr ti p\u00ebrgatitur psiqikisht p\u00ebr dit\u00ebt q\u00eb vijn\u00eb kur fillojn\u00eb t\u00eb lusin dhe t\u00eb thyejn\u00eb pakicat p\u00ebr t\u00eb formuar disi Qeverin\u00eb dhe t\u00eb ruajn\u00eb privilegjet edhe nj\u00eb koh\u00eb. \u00a0Partit\u00eb e pakicave n\u00eb Mal t\u00eb Zi tani kan\u00eb obligim t\u00eb madh t\u00eb d\u00ebshmojn\u00eb pse u formuan, p\u00ebr \u00e7far\u00eb sh\u00ebrbejn\u00eb dhe interesat e kujt i mbrojn\u00eb. E pranoj, nuk e kan\u00eb t\u00eb leht\u00eb. Kjo q\u00eb do t\u00eb vendosin, mund t\u00eb jet\u00eb e mir\u00eb, mund t\u00eb jet\u00eb solide, por mund t\u00eb jet\u00eb fatale p\u00ebr ato vet. Nuk \u00ebsht\u00eb leht\u00eb t\u00eb b\u00ebsh koalicion me ato q\u00eb tash 23 vite i mbajn\u00eb n\u00eb margjina pjes\u00ebtar\u00ebt e popujve pakic\u00eb. Me ato q\u00eb i deportuan, i b\u00ebn\u00eb shantazh, i g\u00ebnjyen, i diskriminuan! Por, ka njer\u00ebz q\u00eb thon\u00eb q\u00eb kjo \u00ebsht\u00eb politika, nd\u00ebrsa interesi \u00ebsht\u00eb mbi t\u00eb gjitha!? Jo, kjo nuk \u00ebsht\u00eb politika n\u00eb qenien e vet, kjo \u00ebsht\u00eb politikaniz\u00ebm i im\u00ebt, tregti e keqe dhe n\u00ebnvler\u00ebsim i vetes dhe i popullit t\u00eb vet. Mir\u00ebpo, \u00ebsht\u00eb e drejt\u00eb legjitime q\u00eb p\u00ebrfaq\u00ebsuesit e qytetar\u00ebve t\u00eb cil\u00ebt mandatin e fituan nga populli, me te t\u00eb disponojn\u00eb n\u00eb m\u00ebnyr\u00eb q\u00eb ato mendojn\u00eb q\u00eb \u00ebsht\u00eb m\u00eb e mira.\u00a0 V\u00ebrtet, nuk \u00ebsht\u00eb e leht\u00eb t\u2019ju shpjegohet qytetar\u00ebve, p\u00ebr shembull Shqiptar\u00ebve, si shkoni n\u00eb koalicion me ato kund\u00ebr t\u00eb cil\u00ebve me vite drejtoni fushaten. Me ato t\u00eb cil\u00ebt prish\u00ebn dhe shit\u00ebn hotelet, Kriporen, Valdanosin&#8230;, me ato t\u00eb cil\u00ebt q\u00eb nga viti 1992 e mbajn\u00eb Ulqinin n\u00ebn okupim me T\u00eb Mirat Detare, t\u00eb cil\u00ebt premtojn\u00eb komun\u00ebn e Tuzit, dhe q\u00eb jan\u00eb fajtor\u00eb kryesor\u00eb q\u00eb ka m\u00eb shum\u00eb shqiptar nga k\u00ebto treva jasht\u00eb shtetit se n\u00eb sht\u00ebpin\u00eb e vet, dhe q\u00eb numri i tyre \u00ebsht\u00eb m\u00eb i vog\u00ebl nga nj\u00ebri num\u00ebrim i popullsis\u00eb tek tjetri. Nuk do ta ken\u00eb t\u00eb leht\u00eb as Boshnjak\u00ebt, megjith\u00ebse ato edhe deri tani ishin n\u00eb pushtet. Me nj\u00eb minist\u00ebr nuk mund t\u00eb b\u00ebnin asgj\u00eb spektakulare p\u00ebr popullin e vet, sepse nuk ekzistoj vullneti i shumic\u00ebs p\u00ebr at\u00eb. Por, p\u00ebr fat, shpresa nuk vdes kurr\u00eb. Ngjash\u00ebm \u00ebsht\u00eb dhe me Kroat, t\u00eb cil\u00ebt dor\u00ebn n\u00eb zem\u00ebr jan\u00eb m\u00eb pak dhe t\u00eb cil\u00ebt jetojn\u00eb n\u00eb trevat me situat\u00eb socio-ekonomike di\u00e7ka m\u00eb t\u00eb mir\u00eb, p\u00ebr dallim nga popujt tjer\u00eb pakic\u00eb, por q\u00eb gjithashtu nuk harrojn\u00eb rolin e lider\u00ebve t\u00eb sot\u00ebm dhe t\u00eb at\u00ebhersh\u00ebm n\u00eb lin\u00e7imin e bashkatdhetar\u00ebve t\u00eb tyre. Si pjes\u00ebtar i popullit shqiptar\u00eb, i cili i njeh problemet e pakicave p\u00ebr t\u00eb cilat fola, sinqerisht ju d\u00ebshiroj shum\u00eb fat n\u00eb negociata. Jam i bindur q\u00eb p\u00ebrfaq\u00ebsuesit e pakicave gjithmon\u00eb ishin pjesa m\u00eb konstruktive e k\u00ebtij vend dhe q\u00eb mesin e tyre ka m\u00eb shum\u00eb nga ato q\u00eb d\u00ebshirojn\u00eb ndryshime thelb\u00ebsore dhe rr\u00ebnj\u00ebsore t\u00eb k\u00ebsaj shoq\u00ebrie, dhe jo vazhdimin e k\u00ebtij seriali tragjikomik politiko-tranzicional.<\/p>\n<p>Mir\u00ebpo, kompleksi i inferioritetit, ndjesia q\u00eb jeni t\u00eb vog\u00ebl dhe t\u00eb par\u00ebnd\u00ebsish\u00ebm, q\u00eb jeni n\u00eb margjina, nganj\u00ebher\u00eb ju shtyn\u00eb t\u00eb shkoni n\u00eb p\u00ebrqafim ati q\u00eb \u00ebsht\u00eb m\u00eb i forti, edhe sikur ai \u00ebsht\u00eb ai q\u00eb ju n\u00ebnvler\u00ebson dhe q\u00eb vite me radh\u00eb pa nevoj\u00eb ju \u201cshpullon\u201d dhe k\u00ebrkon nga ju q\u00eb vazhdimisht t\u00eb p\u00ebrs\u00ebrisni FAL\u00cbMINDERIT! M\u00eb vjen keq q\u00eb \u00ebsht\u00eb ashtu, sepse morali ka dy komponent\u00eb, dhe n\u00ebse ai kolektivi d\u00ebshton dhe nuk \u00ebsht\u00eb n\u00eb nivelin adekuat, at\u00ebher\u00eb duhet t\u00eb dihet q\u00eb individuali nganj\u00ebher\u00eb duhet t\u00eb ngrihet mbi mund\u00ebsit e veta, q\u00eb t\u00eb mbaj\u00eb baraspesh\u00ebn e barabar\u00ebsis\u00eb dhe ta mbaj\u00eb t\u00eb ndezur shk\u00ebndij\u00ebn e liris\u00eb dhe dinjitetit. N\u00ebse negociatat e partive t\u00eb pakicave me klas\u00ebn aktuale qeveris\u00ebse p\u00ebr fatin e tyre d\u00ebshtojn\u00eb, i mbetet t\u00eb provojn\u00eb q\u00eb n\u00eb m\u00ebnyr\u00ebn tjet\u00ebr, e cila p\u00ebr nga etika \u00ebsht\u00eb m\u00eb e pranueshme, t\u00eb dalin nga kthetrat e lokalizmave dhe getoizmave, dhe t\u00eb b\u00ebjn\u00eb di\u00e7ka v\u00ebrtet t\u00eb madhe dhe historike, si p\u00ebr popujt e vet ashtu edhe p\u00ebr t\u00eb gjith\u00eb shtetin. Mali i Zi Pozitiv nuk \u00ebsht\u00eb themeluar p\u00ebr t\u00eb marr\u00eb nj\u00eb apo disa funksione, por \u00ebsht\u00eb e formuar me d\u00ebshir\u00eb q\u00eb v\u00ebrtet t\u00eb b\u00ebj di\u00e7ka t\u00eb mir\u00eb p\u00ebr k\u00ebt\u00eb vend. Partit\u00eb e popujve pakic\u00eb n\u00eb Qeverin\u00eb e pakic\u00ebs s\u00eb Partis\u00eb Pozitive e cila do t\u00eb ishte e hapur p\u00ebr t\u00eb gjith\u00eb profesionist\u00ebt n\u00eb k\u00ebt\u00eb vend, do t\u00eb ndjeheshin nj\u00ebjt\u00eb si gjith\u00eb t\u00eb tjer\u00ebt, e p\u00ebr at\u00eb q\u00eb do ta b\u00ebnin p\u00ebr popullin e vet do ta fal\u00ebnderonin vet\u00ebm veten, e jo zot;rin e madh i cili \u00ebsht\u00eb n\u00ebn presion dhe i cili, me q\u00ebllim q\u00eb t\u00eb shp\u00ebtoj veten dhe partin\u00eb e vet, ju jep th\u00ebrrimet nga tryeza e pist\u00eb, af\u00ebr t\u00eb cil\u00ebs gjat\u00eb qen\u00eb t\u00eb ulur e t\u00eb uritur. N\u00ebse k\u00ebt\u00eb nuk e d\u00ebshirojn\u00eb, at\u00ebher\u00eb \u00ebsht\u00eb m\u00eb e drejt\u00eb mandatin t\u00eb ja kthejm\u00eb qytetar\u00ebve dhe t\u00eb shkohet n\u00eb zgjedhje t\u00eb p\u00ebrs\u00ebritura.<\/p>\n<p>As ky tekst, as ndonj\u00eb vep\u00ebr tjet\u00ebr e imja, nuk \u00ebsht\u00eb i udh\u00ebhequr me d\u00ebshir\u00ebn q\u00eb dikush t\u00eb detyrohet t\u00eb b\u00ebj di\u00e7ka q\u00eb nuk d\u00ebshiron apo q\u00eb \u00ebsht\u00eb n\u00eb kund\u00ebrshtim me nd\u00ebrgjegjen e tij. P\u00ebrkundrazi, d\u00ebshira q\u00eb t\u00eb kristalizohen gj\u00ebrat, ti bien maskat dhe n\u00eb baz\u00eb t\u00eb k\u00ebsaj, n\u00eb nj\u00eb t\u00eb ardhme, votuesit t\u00eb din\u00eb kujt t\u2019ia japin besimin e vet. Si do q\u00eb t\u00eb jet\u00eb n\u00eb fund, jam i sigurt q\u00eb qeveria e re do t\u00eb jet\u00eb m\u00eb e mir\u00eb dhe m\u00eb efikase se e kaluara, q\u00eb do t\u00eb jet\u00eb m\u00eb af\u00ebr interesave t\u00eb qytetar\u00ebve dhe q\u00eb me pun\u00ebn e vet do t\u00eb arrij\u00eb ta p\u00ebrmir\u00ebsoi standardin jet\u00ebsor. N\u00ebse k\u00ebt\u00eb nuk arrijn\u00eb ta b\u00ebj n\u00eb mas\u00eb t\u00eb k\u00ebnaqshme, at\u00ebher\u00eb m\u00eb n\u00eb fund do t\u00eb ndodh ajo q\u00eb \u00ebsht\u00eb e logjike: do t\u00eb vij\u00eb deri tek nd\u00ebrrimi demokratik i saj. K\u00ebsi lloj mund\u00ebsie nuk jepet n\u00eb \u00e7do cik\u00ebl zgjedhor. Historia \u00ebsht\u00eb d\u00ebshmitare q\u00eb popujt rrall\u00eb vijn\u00eb n\u00eb mund\u00ebsi t\u00eb zgjedhin rrug\u00ebn e tyre. N\u00eb lider\u00ebt e partive pakic\u00eb \u00ebsht\u00eb t\u00eb vendosin a do t\u00eb luajn\u00eb si kampion apo gjithmon\u00eb do t\u00eb rrin\u00eb ulur n\u00eb stol: pa r\u00ebn\u00eb n\u00eb sy dhe t\u00eb l\u00ebn\u00eb mas dore nga trajneri i keq! Dhe n\u00eb fund, qeveria e pakic\u00ebs nuk \u00ebsht\u00eb asnj\u00eb lloj utopie, si\u00e7 duan ta paraqesin ato t\u00eb cil\u00ebt nuk d\u00ebshirojn\u00eb t\u00eb mir\u00ebn p\u00ebr k\u00ebt\u00eb vend, por vet\u00ebm p\u00ebr veten. P\u00ebrkundrazi, utopi \u00ebsht\u00eb t\u00eb mendosh q\u00eb qeveria e p\u00ebrb\u00ebr\u00eb n\u00eb m\u00ebnyr\u00eb dominante nga koalicioni i deritanish\u00ebm qeveris\u00ebs do t\u00eb jet\u00eb ndryshe nga ky deri tani dhe q\u00eb do t\u00eb nd\u00ebrroj sjelljen e vet, m\u00ebnyr\u00ebn e pun\u00ebs dhe marr\u00ebdh\u00ebniet me qytetar\u00ebt e cilit do lloj nacionaliteti. Me sa duket festat q\u00eb jan\u00eb para nesh, simbolikisht mb\u00ebrrijn\u00eb n\u00eb momentin e duhur, t\u00eb na sh\u00ebrbejn\u00eb t\u00eb pastrojm\u00eb shpirtrat tan\u00eb dhe t\u00eb mendojm\u00eb m\u00eb qart\u00eb. Mjafton q\u00eb do t\u00eb na p\u00ebrkujtojn\u00eb se p\u00ebr at\u00eb q\u00eb do t\u00eb vendosim do t\u00eb japim llogari para Zotit dhe para popullit. Prandaj, urime nga zemra t\u00eb gjith\u00ebve q\u00eb festojn\u00eb!<\/p>\n<p>&nbsp;<\/p>\n<p align=\"right\"><strong>mr Dritan Abazoviq<\/strong><\/p>\n<p align=\"right\"><a href=\"mailto:  katakomba@hotmail.com\" target=\"_blank\"><strong>katakomba@hotmail.com<\/strong><\/a><\/p>\n<p><iframe loading=\"lazy\" width=\"508\" height=\"360\" src=\"http:\/\/www.youtube.com\/embed\/YDiY2tWDIlU\" frameborder=\"0\" allowfullscreen><\/iframe><\/p>\n","protected":false},"excerpt":{"rendered":"<p>Mbas p\u00ebrfundimit t\u00eb zgjedhjeve pritja e madhe \u00ebsht\u00eb kthyer n\u00eb realitet. Dikush \u00ebsht\u00eb i k\u00ebnaqur, dikush \u00ebsht\u00eb i pak\u00ebnaqur, por, n\u00eb thelb, vet\u00ebm tek populli emocionet jan\u00eb t\u00eb p\u00ebrziera. \u00cbsht\u00eb nj\u00eb p\u00ebrqindje e vog\u00ebl e qytetar\u00ebve, pavar\u00ebsisht nga p\u00ebrkat\u00ebsia politike, q\u00eb nuk d\u00ebshiron ndryshime, qoft\u00eb edhe brenda \u201cqeveris\u00eb s\u00eb kontinuitetit\u201d. K\u00ebt\u00eb e treguan dhe zgjedhjet. [&hellip;]<\/p>\n","protected":false},"author":1,"featured_media":0,"comment_status":"open","ping_status":"closed","sticky":false,"template":"","format":"standard","meta":{"spay_email":"","jetpack_publicize_message":"","jetpack_is_tweetstorm":false,"jetpack_publicize_feature_enabled":true},"categories":[14249],"tags":[13706,10529,200,18],"jetpack_publicize_connections":[],"yoast_head":"<!-- This site is optimized with the Yoast SEO plugin v19.1 - https:\/\/yoast.com\/wordpress\/plugins\/seo\/ -->\n<title>Mr Dritan Abazoviq: TEST P\u00cbR PAKICA - Lajme nga Ulqini<\/title>\n<meta name=\"description\" content=\"Mbas p\u00ebrfundimit t\u00eb zgjedhjeve pritja e madhe \u00ebsht\u00eb kthyer n\u00eb realitet. Dikush \u00ebsht\u00eb i k\u00ebnaqur, dikush \u00ebsht\u00eb i pak\u00ebnaqur, por, n\u00eb thelb, vet\u00ebm tek populli\" \/>\n<meta name=\"robots\" content=\"index, follow, max-snippet:-1, max-image-preview:large, max-video-preview:-1\" \/>\n<link rel=\"canonical\" href=\"https:\/\/www.visit-ulcinj.com\/blog\/2012\/10\/25\/mr-dritan-abazoviq-test-per-pakica\/\" \/>\n<meta property=\"og:locale\" content=\"en_US\" \/>\n<meta property=\"og:type\" content=\"article\" \/>\n<meta property=\"og:title\" content=\"Mr Dritan Abazoviq: TEST P\u00cbR PAKICA - Lajme nga Ulqini\" \/>\n<meta property=\"og:description\" content=\"Mbas p\u00ebrfundimit t\u00eb zgjedhjeve pritja e madhe \u00ebsht\u00eb kthyer n\u00eb realitet. Dikush \u00ebsht\u00eb i k\u00ebnaqur, dikush \u00ebsht\u00eb i pak\u00ebnaqur, por, n\u00eb thelb, vet\u00ebm tek populli\" \/>\n<meta property=\"og:url\" content=\"https:\/\/www.visit-ulcinj.com\/blog\/2012\/10\/25\/mr-dritan-abazoviq-test-per-pakica\/\" \/>\n<meta property=\"og:site_name\" content=\"Lajme nga Ulqini\" \/>\n<meta property=\"article:published_time\" content=\"2012-10-25T14:19:34+00:00\" \/>\n<meta property=\"article:modified_time\" content=\"2012-10-27T05:09:03+00:00\" \/>\n<meta property=\"og:image\" content=\"http:\/\/www.visit-ulcinj.com\/blog\/wp-content\/uploads\/2012\/10\/Dritan-Abazoviq-Ulqin.jpg\" \/>\n<meta name=\"twitter:label1\" content=\"Written by\" \/>\n\t<meta name=\"twitter:data1\" content=\"ulqini\" \/>\n\t<meta name=\"twitter:label2\" content=\"Est. reading time\" \/>\n\t<meta name=\"twitter:data2\" content=\"8 minutes\" \/>\n<script type=\"application\/ld+json\" class=\"yoast-schema-graph\">{\"@context\":\"https:\/\/schema.org\",\"@graph\":[{\"@type\":\"WebSite\",\"@id\":\"https:\/\/www.visit-ulcinj.com\/blog\/#website\",\"url\":\"https:\/\/www.visit-ulcinj.com\/blog\/\",\"name\":\"Lajme nga Ulqini\",\"description\":\"Lajme,Vijesti,Ulqini,Ulqin,Crna Gora,Mali i Zi\",\"potentialAction\":[{\"@type\":\"SearchAction\",\"target\":{\"@type\":\"EntryPoint\",\"urlTemplate\":\"https:\/\/www.visit-ulcinj.com\/blog\/?s={search_term_string}\"},\"query-input\":\"required name=search_term_string\"}],\"inLanguage\":\"en-US\"},{\"@type\":\"ImageObject\",\"inLanguage\":\"en-US\",\"@id\":\"https:\/\/www.visit-ulcinj.com\/blog\/2012\/10\/25\/mr-dritan-abazoviq-test-per-pakica\/#primaryimage\",\"url\":\"https:\/\/www.visit-ulcinj.com\/blog\/wp-content\/uploads\/2012\/10\/Dritan-Abazoviq-Ulqin.jpg\",\"contentUrl\":\"https:\/\/www.visit-ulcinj.com\/blog\/wp-content\/uploads\/2012\/10\/Dritan-Abazoviq-Ulqin.jpg\",\"width\":\"960\",\"height\":\"640\"},{\"@type\":\"WebPage\",\"@id\":\"https:\/\/www.visit-ulcinj.com\/blog\/2012\/10\/25\/mr-dritan-abazoviq-test-per-pakica\/#webpage\",\"url\":\"https:\/\/www.visit-ulcinj.com\/blog\/2012\/10\/25\/mr-dritan-abazoviq-test-per-pakica\/\",\"name\":\"Mr Dritan Abazoviq: TEST P\u00cbR PAKICA - Lajme nga Ulqini\",\"isPartOf\":{\"@id\":\"https:\/\/www.visit-ulcinj.com\/blog\/#website\"},\"primaryImageOfPage\":{\"@id\":\"https:\/\/www.visit-ulcinj.com\/blog\/2012\/10\/25\/mr-dritan-abazoviq-test-per-pakica\/#primaryimage\"},\"datePublished\":\"2012-10-25T14:19:34+00:00\",\"dateModified\":\"2012-10-27T05:09:03+00:00\",\"author\":{\"@id\":\"https:\/\/www.visit-ulcinj.com\/blog\/#\/schema\/person\/dcab619c614d3038751c63bc2aadc06d\"},\"description\":\"Mbas p\u00ebrfundimit t\u00eb zgjedhjeve pritja e madhe \u00ebsht\u00eb kthyer n\u00eb realitet. Dikush \u00ebsht\u00eb i k\u00ebnaqur, dikush \u00ebsht\u00eb i pak\u00ebnaqur, por, n\u00eb thelb, vet\u00ebm tek populli\",\"breadcrumb\":{\"@id\":\"https:\/\/www.visit-ulcinj.com\/blog\/2012\/10\/25\/mr-dritan-abazoviq-test-per-pakica\/#breadcrumb\"},\"inLanguage\":\"en-US\",\"potentialAction\":[{\"@type\":\"ReadAction\",\"target\":[\"https:\/\/www.visit-ulcinj.com\/blog\/2012\/10\/25\/mr-dritan-abazoviq-test-per-pakica\/\"]}]},{\"@type\":\"BreadcrumbList\",\"@id\":\"https:\/\/www.visit-ulcinj.com\/blog\/2012\/10\/25\/mr-dritan-abazoviq-test-per-pakica\/#breadcrumb\",\"itemListElement\":[{\"@type\":\"ListItem\",\"position\":1,\"name\":\"Mr Dritan Abazoviq: TEST P\u00cbR PAKICA\"}]},{\"@type\":\"Person\",\"@id\":\"https:\/\/www.visit-ulcinj.com\/blog\/#\/schema\/person\/dcab619c614d3038751c63bc2aadc06d\",\"name\":\"ulqini\",\"sameAs\":[\"http:\/\/www.visit-ulcinj.com\"],\"url\":\"https:\/\/www.visit-ulcinj.com\/blog\/author\/admin\/\"}]}<\/script>\n<!-- \/ Yoast SEO plugin. -->","yoast_head_json":{"title":"Mr Dritan Abazoviq: TEST P\u00cbR PAKICA - Lajme nga Ulqini","description":"Mbas p\u00ebrfundimit t\u00eb zgjedhjeve pritja e madhe \u00ebsht\u00eb kthyer n\u00eb realitet. Dikush \u00ebsht\u00eb i k\u00ebnaqur, dikush \u00ebsht\u00eb i pak\u00ebnaqur, por, n\u00eb thelb, vet\u00ebm tek populli","robots":{"index":"index","follow":"follow","max-snippet":"max-snippet:-1","max-image-preview":"max-image-preview:large","max-video-preview":"max-video-preview:-1"},"canonical":"https:\/\/www.visit-ulcinj.com\/blog\/2012\/10\/25\/mr-dritan-abazoviq-test-per-pakica\/","og_locale":"en_US","og_type":"article","og_title":"Mr Dritan Abazoviq: TEST P\u00cbR PAKICA - Lajme nga Ulqini","og_description":"Mbas p\u00ebrfundimit t\u00eb zgjedhjeve pritja e madhe \u00ebsht\u00eb kthyer n\u00eb realitet. Dikush \u00ebsht\u00eb i k\u00ebnaqur, dikush \u00ebsht\u00eb i pak\u00ebnaqur, por, n\u00eb thelb, vet\u00ebm tek populli","og_url":"https:\/\/www.visit-ulcinj.com\/blog\/2012\/10\/25\/mr-dritan-abazoviq-test-per-pakica\/","og_site_name":"Lajme nga Ulqini","article_published_time":"2012-10-25T14:19:34+00:00","article_modified_time":"2012-10-27T05:09:03+00:00","og_image":[{"url":"http:\/\/www.visit-ulcinj.com\/blog\/wp-content\/uploads\/2012\/10\/Dritan-Abazoviq-Ulqin.jpg"}],"twitter_misc":{"Written by":"ulqini","Est. reading time":"8 minutes"},"schema":{"@context":"https:\/\/schema.org","@graph":[{"@type":"WebSite","@id":"https:\/\/www.visit-ulcinj.com\/blog\/#website","url":"https:\/\/www.visit-ulcinj.com\/blog\/","name":"Lajme nga Ulqini","description":"Lajme,Vijesti,Ulqini,Ulqin,Crna Gora,Mali i Zi","potentialAction":[{"@type":"SearchAction","target":{"@type":"EntryPoint","urlTemplate":"https:\/\/www.visit-ulcinj.com\/blog\/?s={search_term_string}"},"query-input":"required name=search_term_string"}],"inLanguage":"en-US"},{"@type":"ImageObject","inLanguage":"en-US","@id":"https:\/\/www.visit-ulcinj.com\/blog\/2012\/10\/25\/mr-dritan-abazoviq-test-per-pakica\/#primaryimage","url":"https:\/\/www.visit-ulcinj.com\/blog\/wp-content\/uploads\/2012\/10\/Dritan-Abazoviq-Ulqin.jpg","contentUrl":"https:\/\/www.visit-ulcinj.com\/blog\/wp-content\/uploads\/2012\/10\/Dritan-Abazoviq-Ulqin.jpg","width":"960","height":"640"},{"@type":"WebPage","@id":"https:\/\/www.visit-ulcinj.com\/blog\/2012\/10\/25\/mr-dritan-abazoviq-test-per-pakica\/#webpage","url":"https:\/\/www.visit-ulcinj.com\/blog\/2012\/10\/25\/mr-dritan-abazoviq-test-per-pakica\/","name":"Mr Dritan Abazoviq: TEST P\u00cbR PAKICA - Lajme nga Ulqini","isPartOf":{"@id":"https:\/\/www.visit-ulcinj.com\/blog\/#website"},"primaryImageOfPage":{"@id":"https:\/\/www.visit-ulcinj.com\/blog\/2012\/10\/25\/mr-dritan-abazoviq-test-per-pakica\/#primaryimage"},"datePublished":"2012-10-25T14:19:34+00:00","dateModified":"2012-10-27T05:09:03+00:00","author":{"@id":"https:\/\/www.visit-ulcinj.com\/blog\/#\/schema\/person\/dcab619c614d3038751c63bc2aadc06d"},"description":"Mbas p\u00ebrfundimit t\u00eb zgjedhjeve pritja e madhe \u00ebsht\u00eb kthyer n\u00eb realitet. Dikush \u00ebsht\u00eb i k\u00ebnaqur, dikush \u00ebsht\u00eb i pak\u00ebnaqur, por, n\u00eb thelb, vet\u00ebm tek populli","breadcrumb":{"@id":"https:\/\/www.visit-ulcinj.com\/blog\/2012\/10\/25\/mr-dritan-abazoviq-test-per-pakica\/#breadcrumb"},"inLanguage":"en-US","potentialAction":[{"@type":"ReadAction","target":["https:\/\/www.visit-ulcinj.com\/blog\/2012\/10\/25\/mr-dritan-abazoviq-test-per-pakica\/"]}]},{"@type":"BreadcrumbList","@id":"https:\/\/www.visit-ulcinj.com\/blog\/2012\/10\/25\/mr-dritan-abazoviq-test-per-pakica\/#breadcrumb","itemListElement":[{"@type":"ListItem","position":1,"name":"Mr Dritan Abazoviq: TEST P\u00cbR PAKICA"}]},{"@type":"Person","@id":"https:\/\/www.visit-ulcinj.com\/blog\/#\/schema\/person\/dcab619c614d3038751c63bc2aadc06d","name":"ulqini","sameAs":["http:\/\/www.visit-ulcinj.com"],"url":"https:\/\/www.visit-ulcinj.com\/blog\/author\/admin\/"}]}},"jetpack_featured_media_url":"","jetpack_sharing_enabled":true,"jetpack_shortlink":"https:\/\/wp.me\/pe6lTn-gUW","_links":{"self":[{"href":"https:\/\/www.visit-ulcinj.com\/blog\/wp-json\/wp\/v2\/posts\/65034"}],"collection":[{"href":"https:\/\/www.visit-ulcinj.com\/blog\/wp-json\/wp\/v2\/posts"}],"about":[{"href":"https:\/\/www.visit-ulcinj.com\/blog\/wp-json\/wp\/v2\/types\/post"}],"author":[{"embeddable":true,"href":"https:\/\/www.visit-ulcinj.com\/blog\/wp-json\/wp\/v2\/users\/1"}],"replies":[{"embeddable":true,"href":"https:\/\/www.visit-ulcinj.com\/blog\/wp-json\/wp\/v2\/comments?post=65034"}],"version-history":[{"count":2,"href":"https:\/\/www.visit-ulcinj.com\/blog\/wp-json\/wp\/v2\/posts\/65034\/revisions"}],"predecessor-version":[{"id":65101,"href":"https:\/\/www.visit-ulcinj.com\/blog\/wp-json\/wp\/v2\/posts\/65034\/revisions\/65101"}],"wp:attachment":[{"href":"https:\/\/www.visit-ulcinj.com\/blog\/wp-json\/wp\/v2\/media?parent=65034"}],"wp:term":[{"taxonomy":"category","embeddable":true,"href":"https:\/\/www.visit-ulcinj.com\/blog\/wp-json\/wp\/v2\/categories?post=65034"},{"taxonomy":"post_tag","embeddable":true,"href":"https:\/\/www.visit-ulcinj.com\/blog\/wp-json\/wp\/v2\/tags?post=65034"}],"curies":[{"name":"wp","href":"https:\/\/api.w.org\/{rel}","templated":true}]}}