{"id":65037,"date":"2012-10-25T15:33:30","date_gmt":"2012-10-25T14:33:30","guid":{"rendered":"http:\/\/www.visit-ulcinj.com\/blog\/?p=65037"},"modified":"2012-10-25T18:18:51","modified_gmt":"2012-10-25T17:18:51","slug":"cungu-takohet-me-perfaqesuesit-e-elektroekonomises-se-malit-te-zi","status":"publish","type":"post","link":"https:\/\/www.visit-ulcinj.com\/blog\/2012\/10\/25\/cungu-takohet-me-perfaqesuesit-e-elektroekonomises-se-malit-te-zi\/","title":{"rendered":"Cungu takohet me p\u00ebrfaq\u00ebsuesit e Elektroekonomis\u00ebs s\u00eb Malit t\u00eb Zi"},"content":{"rendered":"<p><a href=\"http:\/\/www.visit-ulcinj.com\/blog\/wp-content\/uploads\/2012\/10\/Nazif-Cungu-Vlladimir-Bojiceviq-ulqin.jpg\"><img loading=\"lazy\" class=\"alignleft  wp-image-65038\" title=\"Nazif Cungu -  Vlladimir Bojiceviq-ulqin\" src=\"http:\/\/www.visit-ulcinj.com\/blog\/wp-content\/uploads\/2012\/10\/Nazif-Cungu-Vlladimir-Bojiceviq-ulqin.jpg\" alt=\"\" width=\"508\" height=\"360\" \/><\/a>Kryetari i Komun\u00ebs s\u00eb Ulqinit, Nazif Cungu u takua me p\u00ebrfaq\u00ebsuesit e Elektroekonomis\u00ebs s\u00eb Malit t\u00eb Zi, n\u00eb mesin e t\u00eb cil\u00ebve edhe me drejtorin e t\u00ebr\u00ebsis\u00eb funksionale t\u00eb furnizimit EEMZ, Vlladimir Boji\u00e7eviq. N\u00eb mbledhje mor\u00ebn pjes\u00eb edhe p\u00ebrfaq\u00ebsuesit e Nd\u00ebrmarrjes Publike Komunale, Zana Sarvan si dhe p\u00ebrfaq\u00ebsuesit e Nd\u00ebrmarrjes publike p\u00ebr Uj\u00ebsjell\u00ebs dhe kanalizim, Nikolla Marnikoviq.<\/p>\n<p><a href=\"http:\/\/www.visit-ulcinj.com\/blog\/wp-content\/uploads\/2012\/10\/Nazif-Cungu-Vlladimir-Bojiceviq-ulqin.1.jpg\"><img loading=\"lazy\" class=\"alignleft  wp-image-65039\" title=\"Nazif Cungu -  Vlladimir Bojiceviq-ulqin.1\" src=\"http:\/\/www.visit-ulcinj.com\/blog\/wp-content\/uploads\/2012\/10\/Nazif-Cungu-Vlladimir-Bojiceviq-ulqin.1.jpg\" alt=\"\" width=\"508\" height=\"300\" \/><\/a><\/p>\n<p>Takimi u organizuar me k\u00ebrkes\u00ebn e Elektroekonomis\u00ebs\u00eb Malit t\u00eb Zi e objektiv i tij ishte caktimi i dinamik\u00ebs n\u00eb baz\u00eb t\u00eb t\u00eb cil\u00ebs Komuna e Ulqinit dhe k\u00ebto dy nd\u00ebrmarrje publike do t\u00eb shlyejn\u00eb borxhet ndaj EEMZ.<br \/>\nBorxhi i Komun\u00ebs s\u00eb Ulqinit \u00ebsht\u00eb 293.000,00 Euro dhe \u00ebsht\u00eb i trash\u00ebguar nga periudha e m\u00ebhershme. P\u00ebrfaq\u00ebsuesit e Elektroekonomis\u00eb vler\u00ebsuan pozitivisht dinamik\u00ebn e shlyerjes t\u00eb t\u00eb gjitha obligimeve mujore p\u00ebr vitin 2012.<\/p>\n<p><a href=\"http:\/\/www.visit-ulcinj.com\/blog\/wp-content\/uploads\/2012\/10\/Nazif-Cungu-Vlladimir-Bojiceviq-ulqin.2.jpg\"><img loading=\"lazy\" class=\"alignleft  wp-image-65040\" title=\"Nazif Cungu -  Vlladimir Bojiceviq-ulqin.2\" src=\"http:\/\/www.visit-ulcinj.com\/blog\/wp-content\/uploads\/2012\/10\/Nazif-Cungu-Vlladimir-Bojiceviq-ulqin.2.jpg\" alt=\"\" width=\"508\" height=\"300\" \/><\/a><\/p>\n<p>Ata nj\u00ebherazi u pajtuan q\u00eb ka l\u00ebvizje pozitive sa i p\u00ebrket borxhit t\u00eb m\u00ebhersh\u00ebm dhe zvog\u00eblimit t\u00eb duksh\u00ebm t\u00eb shpenzimit t\u00eb energjis\u00eb elektrike nga ana e Komun\u00ebs s\u00eb Ulqinit, megjithat\u00eb vler\u00ebsojn\u00eb si t\u00eb domosdosh\u00ebm realizimin e marr\u00ebveshjes n\u00eb baz\u00eb t\u00eb t\u00eb cil\u00ebs Komuna e Ulqinit do t\u00eb shlyente borxhin e saj t\u00eb vjet\u00ebr, pand\u00ebrprere krahas faturave rrjedh\u00ebse dhe n\u00eb nj\u00eb afat sa m\u00eb t\u00eb shkurt\u00ebr.<br \/>\nBorxhi i nd\u00ebrmarrjes publik Uj\u00ebsjell\u00ebs dhe kanalizim \u00ebsht\u00eb rreth 70.000 Euro, nd\u00ebrsa NP Komunale m\u00eb i vog\u00ebl.<\/p>\n<p><strong>Op\u0161tina Ulcinj \/ Komuna e Ulqinit<\/strong><br \/>\nTel: +382 30 412 050<br \/>\nFax: +382 30 412 413<br \/>\nAdresa: Bul. Skenderbeu bb, 85360 Ulcinj, MNE<\/p>\n","protected":false},"excerpt":{"rendered":"<p>Kryetari i Komun\u00ebs s\u00eb Ulqinit, Nazif Cungu u takua me p\u00ebrfaq\u00ebsuesit e Elektroekonomis\u00ebs s\u00eb Malit t\u00eb Zi, n\u00eb mesin e t\u00eb cil\u00ebve edhe me drejtorin e t\u00ebr\u00ebsis\u00eb funksionale t\u00eb furnizimit EEMZ, Vlladimir Boji\u00e7eviq. N\u00eb mbledhje mor\u00ebn pjes\u00eb edhe p\u00ebrfaq\u00ebsuesit e Nd\u00ebrmarrjes Publike Komunale, Zana Sarvan si dhe p\u00ebrfaq\u00ebsuesit e Nd\u00ebrmarrjes publike p\u00ebr Uj\u00ebsjell\u00ebs dhe kanalizim, [&hellip;]<\/p>\n","protected":false},"author":1,"featured_media":0,"comment_status":"open","ping_status":"closed","sticky":false,"template":"","format":"standard","meta":{"spay_email":"","jetpack_publicize_message":"","jetpack_is_tweetstorm":false,"jetpack_publicize_feature_enabled":true},"categories":[10,14],"tags":[297,118],"jetpack_publicize_connections":[],"yoast_head":"<!-- This site is optimized with the Yoast SEO plugin v19.1 - https:\/\/yoast.com\/wordpress\/plugins\/seo\/ -->\n<title>Cungu takohet me p\u00ebrfaq\u00ebsuesit e Elektroekonomis\u00ebs s\u00eb Malit t\u00eb Zi - Lajme nga Ulqini<\/title>\n<meta name=\"description\" content=\"Kryetari i Komun\u00ebs s\u00eb Ulqinit, Nazif Cungu u takua me p\u00ebrfaq\u00ebsuesit e Elektroekonomis\u00ebs s\u00eb Malit t\u00eb Zi, n\u00eb mesin e t\u00eb cil\u00ebve edhe me drejtorin e t\u00ebr\u00ebsis\u00eb\" \/>\n<meta name=\"robots\" content=\"index, follow, max-snippet:-1, max-image-preview:large, max-video-preview:-1\" \/>\n<link rel=\"canonical\" href=\"https:\/\/www.visit-ulcinj.com\/blog\/2012\/10\/25\/cungu-takohet-me-perfaqesuesit-e-elektroekonomises-se-malit-te-zi\/\" \/>\n<meta property=\"og:locale\" content=\"en_US\" \/>\n<meta property=\"og:type\" content=\"article\" \/>\n<meta property=\"og:title\" content=\"Cungu takohet me p\u00ebrfaq\u00ebsuesit e Elektroekonomis\u00ebs s\u00eb Malit t\u00eb Zi - Lajme nga Ulqini\" \/>\n<meta property=\"og:description\" content=\"Kryetari i Komun\u00ebs s\u00eb Ulqinit, Nazif Cungu u takua me p\u00ebrfaq\u00ebsuesit e Elektroekonomis\u00ebs s\u00eb Malit t\u00eb Zi, n\u00eb mesin e t\u00eb cil\u00ebve edhe me drejtorin e t\u00ebr\u00ebsis\u00eb\" \/>\n<meta property=\"og:url\" content=\"https:\/\/www.visit-ulcinj.com\/blog\/2012\/10\/25\/cungu-takohet-me-perfaqesuesit-e-elektroekonomises-se-malit-te-zi\/\" \/>\n<meta property=\"og:site_name\" content=\"Lajme nga Ulqini\" \/>\n<meta property=\"article:published_time\" content=\"2012-10-25T14:33:30+00:00\" \/>\n<meta property=\"article:modified_time\" content=\"2012-10-25T17:18:51+00:00\" \/>\n<meta property=\"og:image\" content=\"http:\/\/www.visit-ulcinj.com\/blog\/wp-content\/uploads\/2012\/10\/Nazif-Cungu-Vlladimir-Bojiceviq-ulqin.jpg\" \/>\n<meta name=\"twitter:label1\" content=\"Written by\" \/>\n\t<meta name=\"twitter:data1\" content=\"ulqini\" \/>\n\t<meta name=\"twitter:label2\" content=\"Est. reading time\" \/>\n\t<meta name=\"twitter:data2\" content=\"1 minute\" \/>\n<script type=\"application\/ld+json\" class=\"yoast-schema-graph\">{\"@context\":\"https:\/\/schema.org\",\"@graph\":[{\"@type\":\"WebSite\",\"@id\":\"https:\/\/www.visit-ulcinj.com\/blog\/#website\",\"url\":\"https:\/\/www.visit-ulcinj.com\/blog\/\",\"name\":\"Lajme nga Ulqini\",\"description\":\"Lajme,Vijesti,Ulqini,Ulqin,Crna Gora,Mali i Zi\",\"potentialAction\":[{\"@type\":\"SearchAction\",\"target\":{\"@type\":\"EntryPoint\",\"urlTemplate\":\"https:\/\/www.visit-ulcinj.com\/blog\/?s={search_term_string}\"},\"query-input\":\"required name=search_term_string\"}],\"inLanguage\":\"en-US\"},{\"@type\":\"ImageObject\",\"inLanguage\":\"en-US\",\"@id\":\"https:\/\/www.visit-ulcinj.com\/blog\/2012\/10\/25\/cungu-takohet-me-perfaqesuesit-e-elektroekonomises-se-malit-te-zi\/#primaryimage\",\"url\":\"https:\/\/www.visit-ulcinj.com\/blog\/wp-content\/uploads\/2012\/10\/Nazif-Cungu-Vlladimir-Bojiceviq-ulqin.jpg\",\"contentUrl\":\"https:\/\/www.visit-ulcinj.com\/blog\/wp-content\/uploads\/2012\/10\/Nazif-Cungu-Vlladimir-Bojiceviq-ulqin.jpg\",\"width\":\"640\",\"height\":\"424\"},{\"@type\":\"WebPage\",\"@id\":\"https:\/\/www.visit-ulcinj.com\/blog\/2012\/10\/25\/cungu-takohet-me-perfaqesuesit-e-elektroekonomises-se-malit-te-zi\/#webpage\",\"url\":\"https:\/\/www.visit-ulcinj.com\/blog\/2012\/10\/25\/cungu-takohet-me-perfaqesuesit-e-elektroekonomises-se-malit-te-zi\/\",\"name\":\"Cungu takohet me p\u00ebrfaq\u00ebsuesit e Elektroekonomis\u00ebs s\u00eb Malit t\u00eb Zi - Lajme nga Ulqini\",\"isPartOf\":{\"@id\":\"https:\/\/www.visit-ulcinj.com\/blog\/#website\"},\"primaryImageOfPage\":{\"@id\":\"https:\/\/www.visit-ulcinj.com\/blog\/2012\/10\/25\/cungu-takohet-me-perfaqesuesit-e-elektroekonomises-se-malit-te-zi\/#primaryimage\"},\"datePublished\":\"2012-10-25T14:33:30+00:00\",\"dateModified\":\"2012-10-25T17:18:51+00:00\",\"author\":{\"@id\":\"https:\/\/www.visit-ulcinj.com\/blog\/#\/schema\/person\/dcab619c614d3038751c63bc2aadc06d\"},\"description\":\"Kryetari i Komun\u00ebs s\u00eb Ulqinit, Nazif Cungu u takua me p\u00ebrfaq\u00ebsuesit e Elektroekonomis\u00ebs s\u00eb Malit t\u00eb Zi, n\u00eb mesin e t\u00eb cil\u00ebve edhe me drejtorin e t\u00ebr\u00ebsis\u00eb\",\"breadcrumb\":{\"@id\":\"https:\/\/www.visit-ulcinj.com\/blog\/2012\/10\/25\/cungu-takohet-me-perfaqesuesit-e-elektroekonomises-se-malit-te-zi\/#breadcrumb\"},\"inLanguage\":\"en-US\",\"potentialAction\":[{\"@type\":\"ReadAction\",\"target\":[\"https:\/\/www.visit-ulcinj.com\/blog\/2012\/10\/25\/cungu-takohet-me-perfaqesuesit-e-elektroekonomises-se-malit-te-zi\/\"]}]},{\"@type\":\"BreadcrumbList\",\"@id\":\"https:\/\/www.visit-ulcinj.com\/blog\/2012\/10\/25\/cungu-takohet-me-perfaqesuesit-e-elektroekonomises-se-malit-te-zi\/#breadcrumb\",\"itemListElement\":[{\"@type\":\"ListItem\",\"position\":1,\"name\":\"Cungu takohet me p\u00ebrfaq\u00ebsuesit e Elektroekonomis\u00ebs s\u00eb Malit t\u00eb Zi\"}]},{\"@type\":\"Person\",\"@id\":\"https:\/\/www.visit-ulcinj.com\/blog\/#\/schema\/person\/dcab619c614d3038751c63bc2aadc06d\",\"name\":\"ulqini\",\"sameAs\":[\"http:\/\/www.visit-ulcinj.com\"],\"url\":\"https:\/\/www.visit-ulcinj.com\/blog\/author\/admin\/\"}]}<\/script>\n<!-- \/ Yoast SEO plugin. -->","yoast_head_json":{"title":"Cungu takohet me p\u00ebrfaq\u00ebsuesit e Elektroekonomis\u00ebs s\u00eb Malit t\u00eb Zi - Lajme nga Ulqini","description":"Kryetari i Komun\u00ebs s\u00eb Ulqinit, Nazif Cungu u takua me p\u00ebrfaq\u00ebsuesit e Elektroekonomis\u00ebs s\u00eb Malit t\u00eb Zi, n\u00eb mesin e t\u00eb cil\u00ebve edhe me drejtorin e t\u00ebr\u00ebsis\u00eb","robots":{"index":"index","follow":"follow","max-snippet":"max-snippet:-1","max-image-preview":"max-image-preview:large","max-video-preview":"max-video-preview:-1"},"canonical":"https:\/\/www.visit-ulcinj.com\/blog\/2012\/10\/25\/cungu-takohet-me-perfaqesuesit-e-elektroekonomises-se-malit-te-zi\/","og_locale":"en_US","og_type":"article","og_title":"Cungu takohet me p\u00ebrfaq\u00ebsuesit e Elektroekonomis\u00ebs s\u00eb Malit t\u00eb Zi - Lajme nga Ulqini","og_description":"Kryetari i Komun\u00ebs s\u00eb Ulqinit, Nazif Cungu u takua me p\u00ebrfaq\u00ebsuesit e Elektroekonomis\u00ebs s\u00eb Malit t\u00eb Zi, n\u00eb mesin e t\u00eb cil\u00ebve edhe me drejtorin e t\u00ebr\u00ebsis\u00eb","og_url":"https:\/\/www.visit-ulcinj.com\/blog\/2012\/10\/25\/cungu-takohet-me-perfaqesuesit-e-elektroekonomises-se-malit-te-zi\/","og_site_name":"Lajme nga Ulqini","article_published_time":"2012-10-25T14:33:30+00:00","article_modified_time":"2012-10-25T17:18:51+00:00","og_image":[{"url":"http:\/\/www.visit-ulcinj.com\/blog\/wp-content\/uploads\/2012\/10\/Nazif-Cungu-Vlladimir-Bojiceviq-ulqin.jpg"}],"twitter_misc":{"Written by":"ulqini","Est. reading time":"1 minute"},"schema":{"@context":"https:\/\/schema.org","@graph":[{"@type":"WebSite","@id":"https:\/\/www.visit-ulcinj.com\/blog\/#website","url":"https:\/\/www.visit-ulcinj.com\/blog\/","name":"Lajme nga Ulqini","description":"Lajme,Vijesti,Ulqini,Ulqin,Crna Gora,Mali i Zi","potentialAction":[{"@type":"SearchAction","target":{"@type":"EntryPoint","urlTemplate":"https:\/\/www.visit-ulcinj.com\/blog\/?s={search_term_string}"},"query-input":"required name=search_term_string"}],"inLanguage":"en-US"},{"@type":"ImageObject","inLanguage":"en-US","@id":"https:\/\/www.visit-ulcinj.com\/blog\/2012\/10\/25\/cungu-takohet-me-perfaqesuesit-e-elektroekonomises-se-malit-te-zi\/#primaryimage","url":"https:\/\/www.visit-ulcinj.com\/blog\/wp-content\/uploads\/2012\/10\/Nazif-Cungu-Vlladimir-Bojiceviq-ulqin.jpg","contentUrl":"https:\/\/www.visit-ulcinj.com\/blog\/wp-content\/uploads\/2012\/10\/Nazif-Cungu-Vlladimir-Bojiceviq-ulqin.jpg","width":"640","height":"424"},{"@type":"WebPage","@id":"https:\/\/www.visit-ulcinj.com\/blog\/2012\/10\/25\/cungu-takohet-me-perfaqesuesit-e-elektroekonomises-se-malit-te-zi\/#webpage","url":"https:\/\/www.visit-ulcinj.com\/blog\/2012\/10\/25\/cungu-takohet-me-perfaqesuesit-e-elektroekonomises-se-malit-te-zi\/","name":"Cungu takohet me p\u00ebrfaq\u00ebsuesit e Elektroekonomis\u00ebs s\u00eb Malit t\u00eb Zi - Lajme nga Ulqini","isPartOf":{"@id":"https:\/\/www.visit-ulcinj.com\/blog\/#website"},"primaryImageOfPage":{"@id":"https:\/\/www.visit-ulcinj.com\/blog\/2012\/10\/25\/cungu-takohet-me-perfaqesuesit-e-elektroekonomises-se-malit-te-zi\/#primaryimage"},"datePublished":"2012-10-25T14:33:30+00:00","dateModified":"2012-10-25T17:18:51+00:00","author":{"@id":"https:\/\/www.visit-ulcinj.com\/blog\/#\/schema\/person\/dcab619c614d3038751c63bc2aadc06d"},"description":"Kryetari i Komun\u00ebs s\u00eb Ulqinit, Nazif Cungu u takua me p\u00ebrfaq\u00ebsuesit e Elektroekonomis\u00ebs s\u00eb Malit t\u00eb Zi, n\u00eb mesin e t\u00eb cil\u00ebve edhe me drejtorin e t\u00ebr\u00ebsis\u00eb","breadcrumb":{"@id":"https:\/\/www.visit-ulcinj.com\/blog\/2012\/10\/25\/cungu-takohet-me-perfaqesuesit-e-elektroekonomises-se-malit-te-zi\/#breadcrumb"},"inLanguage":"en-US","potentialAction":[{"@type":"ReadAction","target":["https:\/\/www.visit-ulcinj.com\/blog\/2012\/10\/25\/cungu-takohet-me-perfaqesuesit-e-elektroekonomises-se-malit-te-zi\/"]}]},{"@type":"BreadcrumbList","@id":"https:\/\/www.visit-ulcinj.com\/blog\/2012\/10\/25\/cungu-takohet-me-perfaqesuesit-e-elektroekonomises-se-malit-te-zi\/#breadcrumb","itemListElement":[{"@type":"ListItem","position":1,"name":"Cungu takohet me p\u00ebrfaq\u00ebsuesit e Elektroekonomis\u00ebs s\u00eb Malit t\u00eb Zi"}]},{"@type":"Person","@id":"https:\/\/www.visit-ulcinj.com\/blog\/#\/schema\/person\/dcab619c614d3038751c63bc2aadc06d","name":"ulqini","sameAs":["http:\/\/www.visit-ulcinj.com"],"url":"https:\/\/www.visit-ulcinj.com\/blog\/author\/admin\/"}]}},"jetpack_featured_media_url":"","jetpack_sharing_enabled":true,"jetpack_shortlink":"https:\/\/wp.me\/pe6lTn-gUZ","_links":{"self":[{"href":"https:\/\/www.visit-ulcinj.com\/blog\/wp-json\/wp\/v2\/posts\/65037"}],"collection":[{"href":"https:\/\/www.visit-ulcinj.com\/blog\/wp-json\/wp\/v2\/posts"}],"about":[{"href":"https:\/\/www.visit-ulcinj.com\/blog\/wp-json\/wp\/v2\/types\/post"}],"author":[{"embeddable":true,"href":"https:\/\/www.visit-ulcinj.com\/blog\/wp-json\/wp\/v2\/users\/1"}],"replies":[{"embeddable":true,"href":"https:\/\/www.visit-ulcinj.com\/blog\/wp-json\/wp\/v2\/comments?post=65037"}],"version-history":[{"count":2,"href":"https:\/\/www.visit-ulcinj.com\/blog\/wp-json\/wp\/v2\/posts\/65037\/revisions"}],"predecessor-version":[{"id":65063,"href":"https:\/\/www.visit-ulcinj.com\/blog\/wp-json\/wp\/v2\/posts\/65037\/revisions\/65063"}],"wp:attachment":[{"href":"https:\/\/www.visit-ulcinj.com\/blog\/wp-json\/wp\/v2\/media?parent=65037"}],"wp:term":[{"taxonomy":"category","embeddable":true,"href":"https:\/\/www.visit-ulcinj.com\/blog\/wp-json\/wp\/v2\/categories?post=65037"},{"taxonomy":"post_tag","embeddable":true,"href":"https:\/\/www.visit-ulcinj.com\/blog\/wp-json\/wp\/v2\/tags?post=65037"}],"curies":[{"name":"wp","href":"https:\/\/api.w.org\/{rel}","templated":true}]}}