{"id":65042,"date":"2012-10-25T15:41:57","date_gmt":"2012-10-25T14:41:57","guid":{"rendered":"http:\/\/www.visit-ulcinj.com\/blog\/?p=65042"},"modified":"2012-10-25T15:43:37","modified_gmt":"2012-10-25T14:43:37","slug":"cungu-se-sastao-sa-predstavnicima-elektroprivrede-crne-gore","status":"publish","type":"post","link":"https:\/\/www.visit-ulcinj.com\/blog\/2012\/10\/25\/cungu-se-sastao-sa-predstavnicima-elektroprivrede-crne-gore\/","title":{"rendered":"Cungu se sastao sa predstavnicima Elektroprivrede Crne Gore"},"content":{"rendered":"<p><a href=\"http:\/\/www.visit-ulcinj.com\/blog\/wp-content\/uploads\/2012\/10\/Nazif-Cungu-Vladimir-Bojicevic-ulcinj.2.jpg\"><img loading=\"lazy\" class=\"alignleft  wp-image-65043\" title=\"Nazif Cungu -  Vladimir Bojicevic-ulcinj.2\" src=\"http:\/\/www.visit-ulcinj.com\/blog\/wp-content\/uploads\/2012\/10\/Nazif-Cungu-Vladimir-Bojicevic-ulcinj.2.jpg\" alt=\"\" width=\"508\" height=\"360\" \/><\/a>Predsjednik Op\u0161tine Ulcinj, Nazif Cungu sastao se sa predstavnicima Elektroprivrede Crne Gore me\u0111u kojima i direktorom Funkcionalne cjeline snadbjevanja EPCG, Vladimirom Boji\u010devi\u0107. Na sastanku su u\u010destvovali i predstavnici Javnog Komunalnog preduze\u0107a, Zana Sarvan kao i predstavnici Javnog preduze\u0107a Vodovoda i Kanalizacije, Nikola Marnikovi\u0107. Sastanak je organizovan na zahtjev Elektroprivrede Crne Gore u cilju odre\u0111ivanja dinamike na onsovu koje \u0107e Opstina Ulcinj i ova dva javna preduze\u0107a izmirili dugove prema EPCG.<\/p>\n<p><a href=\"http:\/\/www.visit-ulcinj.com\/blog\/wp-content\/uploads\/2012\/10\/Nazif-Cungu-Vladimir-Bojicevic-ulcinj.1.jpg\"><img loading=\"lazy\" class=\"alignleft  wp-image-65044\" title=\"Nazif Cungu -  Vladimir Bojicevic-ulcinj.1\" src=\"http:\/\/www.visit-ulcinj.com\/blog\/wp-content\/uploads\/2012\/10\/Nazif-Cungu-Vladimir-Bojicevic-ulcinj.1.jpg\" alt=\"\" width=\"508\" height=\"300\" \/><\/a><\/p>\n<p>Dug Op\u0161tine Ulcinj iznosi 293,000.00eur i nasle\u0111en je od proteklog perioda. Predstavnici Elektroprivrede su pozitivno procijenili dinamiku izmirenja svih mjese\u010dnih dugovanja op\u0161tine u godini 2012. Oni su se tako\u0111e slo\u017eili da je do\u0161lo do pomaka u smanjenju prethodnog duga kao i zna\u010dajnog smanjenja u potro\u0161nji elektri\u010dne energije od strane Op\u0161tine Ulcinj, me\u0111utim smatraju neophodnim realizaciju dogovora na osnovu kojeg bi Opstina Ulcinj izmirila svoj stari dug, uzastopno uz teku\u0107e ra\u010dune i u \u0161to kra\u0107em roku. Dug JP Vodovod i Kanalizaciju iznosi oko 70 000.00eur, dok je dug JP Komunalno manjeg iznosa.<\/p>\n<p><strong>Op\u0161tina Ulcinj \/ Komuna e Ulqinit<\/strong><br \/>\nTel: +382 30 412 050<br \/>\nFax: +382 30 412 413<br \/>\nAdresa: Bul. Skenderbeu bb, 85360 Ulcinj, MNE<\/p>\n","protected":false},"excerpt":{"rendered":"<p>Predsjednik Op\u0161tine Ulcinj, Nazif Cungu sastao se sa predstavnicima Elektroprivrede Crne Gore me\u0111u kojima i direktorom Funkcionalne cjeline snadbjevanja EPCG, Vladimirom Boji\u010devi\u0107. Na sastanku su u\u010destvovali i predstavnici Javnog Komunalnog preduze\u0107a, Zana Sarvan kao i predstavnici Javnog preduze\u0107a Vodovoda i Kanalizacije, Nikola Marnikovi\u0107. Sastanak je organizovan na zahtjev Elektroprivrede Crne Gore u cilju odre\u0111ivanja dinamike [&hellip;]<\/p>\n","protected":false},"author":1,"featured_media":0,"comment_status":"open","ping_status":"closed","sticky":false,"template":"","format":"standard","meta":{"spay_email":"","jetpack_publicize_message":"","jetpack_is_tweetstorm":false,"jetpack_publicize_feature_enabled":true},"categories":[6950],"tags":[118,264,19],"jetpack_publicize_connections":[],"yoast_head":"<!-- This site is optimized with the Yoast SEO plugin v19.1 - https:\/\/yoast.com\/wordpress\/plugins\/seo\/ -->\n<title>Cungu se sastao sa predstavnicima Elektroprivrede Crne Gore - Lajme nga Ulqini<\/title>\n<meta name=\"description\" content=\"Predsjednik Op\u0161tine Ulcinj, Nazif Cungu sastao se sa predstavnicima Elektroprivrede Crne Gore me\u0111u kojima i direktorom Funkcionalne cjeline snadbjevanja\" \/>\n<meta name=\"robots\" content=\"index, follow, max-snippet:-1, max-image-preview:large, max-video-preview:-1\" \/>\n<link rel=\"canonical\" href=\"https:\/\/www.visit-ulcinj.com\/blog\/2012\/10\/25\/cungu-se-sastao-sa-predstavnicima-elektroprivrede-crne-gore\/\" \/>\n<meta property=\"og:locale\" content=\"en_US\" \/>\n<meta property=\"og:type\" content=\"article\" \/>\n<meta property=\"og:title\" content=\"Cungu se sastao sa predstavnicima Elektroprivrede Crne Gore - Lajme nga Ulqini\" \/>\n<meta property=\"og:description\" content=\"Predsjednik Op\u0161tine Ulcinj, Nazif Cungu sastao se sa predstavnicima Elektroprivrede Crne Gore me\u0111u kojima i direktorom Funkcionalne cjeline snadbjevanja\" \/>\n<meta property=\"og:url\" content=\"https:\/\/www.visit-ulcinj.com\/blog\/2012\/10\/25\/cungu-se-sastao-sa-predstavnicima-elektroprivrede-crne-gore\/\" \/>\n<meta property=\"og:site_name\" content=\"Lajme nga Ulqini\" \/>\n<meta property=\"article:published_time\" content=\"2012-10-25T14:41:57+00:00\" \/>\n<meta property=\"article:modified_time\" content=\"2012-10-25T14:43:37+00:00\" \/>\n<meta property=\"og:image\" content=\"http:\/\/www.visit-ulcinj.com\/blog\/wp-content\/uploads\/2012\/10\/Nazif-Cungu-Vladimir-Bojicevic-ulcinj.2.jpg\" \/>\n<meta name=\"twitter:label1\" content=\"Written by\" \/>\n\t<meta name=\"twitter:data1\" content=\"ulqini\" \/>\n\t<meta name=\"twitter:label2\" content=\"Est. reading time\" \/>\n\t<meta name=\"twitter:data2\" content=\"1 minute\" \/>\n<script type=\"application\/ld+json\" class=\"yoast-schema-graph\">{\"@context\":\"https:\/\/schema.org\",\"@graph\":[{\"@type\":\"WebSite\",\"@id\":\"https:\/\/www.visit-ulcinj.com\/blog\/#website\",\"url\":\"https:\/\/www.visit-ulcinj.com\/blog\/\",\"name\":\"Lajme nga Ulqini\",\"description\":\"Lajme,Vijesti,Ulqini,Ulqin,Crna Gora,Mali i Zi\",\"potentialAction\":[{\"@type\":\"SearchAction\",\"target\":{\"@type\":\"EntryPoint\",\"urlTemplate\":\"https:\/\/www.visit-ulcinj.com\/blog\/?s={search_term_string}\"},\"query-input\":\"required name=search_term_string\"}],\"inLanguage\":\"en-US\"},{\"@type\":\"ImageObject\",\"inLanguage\":\"en-US\",\"@id\":\"https:\/\/www.visit-ulcinj.com\/blog\/2012\/10\/25\/cungu-se-sastao-sa-predstavnicima-elektroprivrede-crne-gore\/#primaryimage\",\"url\":\"https:\/\/www.visit-ulcinj.com\/blog\/wp-content\/uploads\/2012\/10\/Nazif-Cungu-Vladimir-Bojicevic-ulcinj.2.jpg\",\"contentUrl\":\"https:\/\/www.visit-ulcinj.com\/blog\/wp-content\/uploads\/2012\/10\/Nazif-Cungu-Vladimir-Bojicevic-ulcinj.2.jpg\",\"width\":\"640\",\"height\":\"424\"},{\"@type\":\"WebPage\",\"@id\":\"https:\/\/www.visit-ulcinj.com\/blog\/2012\/10\/25\/cungu-se-sastao-sa-predstavnicima-elektroprivrede-crne-gore\/#webpage\",\"url\":\"https:\/\/www.visit-ulcinj.com\/blog\/2012\/10\/25\/cungu-se-sastao-sa-predstavnicima-elektroprivrede-crne-gore\/\",\"name\":\"Cungu se sastao sa predstavnicima Elektroprivrede Crne Gore - Lajme nga Ulqini\",\"isPartOf\":{\"@id\":\"https:\/\/www.visit-ulcinj.com\/blog\/#website\"},\"primaryImageOfPage\":{\"@id\":\"https:\/\/www.visit-ulcinj.com\/blog\/2012\/10\/25\/cungu-se-sastao-sa-predstavnicima-elektroprivrede-crne-gore\/#primaryimage\"},\"datePublished\":\"2012-10-25T14:41:57+00:00\",\"dateModified\":\"2012-10-25T14:43:37+00:00\",\"author\":{\"@id\":\"https:\/\/www.visit-ulcinj.com\/blog\/#\/schema\/person\/dcab619c614d3038751c63bc2aadc06d\"},\"description\":\"Predsjednik Op\u0161tine Ulcinj, Nazif Cungu sastao se sa predstavnicima Elektroprivrede Crne Gore me\u0111u kojima i direktorom Funkcionalne cjeline snadbjevanja\",\"breadcrumb\":{\"@id\":\"https:\/\/www.visit-ulcinj.com\/blog\/2012\/10\/25\/cungu-se-sastao-sa-predstavnicima-elektroprivrede-crne-gore\/#breadcrumb\"},\"inLanguage\":\"en-US\",\"potentialAction\":[{\"@type\":\"ReadAction\",\"target\":[\"https:\/\/www.visit-ulcinj.com\/blog\/2012\/10\/25\/cungu-se-sastao-sa-predstavnicima-elektroprivrede-crne-gore\/\"]}]},{\"@type\":\"BreadcrumbList\",\"@id\":\"https:\/\/www.visit-ulcinj.com\/blog\/2012\/10\/25\/cungu-se-sastao-sa-predstavnicima-elektroprivrede-crne-gore\/#breadcrumb\",\"itemListElement\":[{\"@type\":\"ListItem\",\"position\":1,\"name\":\"Cungu se sastao sa predstavnicima Elektroprivrede Crne Gore\"}]},{\"@type\":\"Person\",\"@id\":\"https:\/\/www.visit-ulcinj.com\/blog\/#\/schema\/person\/dcab619c614d3038751c63bc2aadc06d\",\"name\":\"ulqini\",\"sameAs\":[\"http:\/\/www.visit-ulcinj.com\"],\"url\":\"https:\/\/www.visit-ulcinj.com\/blog\/author\/admin\/\"}]}<\/script>\n<!-- \/ Yoast SEO plugin. -->","yoast_head_json":{"title":"Cungu se sastao sa predstavnicima Elektroprivrede Crne Gore - Lajme nga Ulqini","description":"Predsjednik Op\u0161tine Ulcinj, Nazif Cungu sastao se sa predstavnicima Elektroprivrede Crne Gore me\u0111u kojima i direktorom Funkcionalne cjeline snadbjevanja","robots":{"index":"index","follow":"follow","max-snippet":"max-snippet:-1","max-image-preview":"max-image-preview:large","max-video-preview":"max-video-preview:-1"},"canonical":"https:\/\/www.visit-ulcinj.com\/blog\/2012\/10\/25\/cungu-se-sastao-sa-predstavnicima-elektroprivrede-crne-gore\/","og_locale":"en_US","og_type":"article","og_title":"Cungu se sastao sa predstavnicima Elektroprivrede Crne Gore - Lajme nga Ulqini","og_description":"Predsjednik Op\u0161tine Ulcinj, Nazif Cungu sastao se sa predstavnicima Elektroprivrede Crne Gore me\u0111u kojima i direktorom Funkcionalne cjeline snadbjevanja","og_url":"https:\/\/www.visit-ulcinj.com\/blog\/2012\/10\/25\/cungu-se-sastao-sa-predstavnicima-elektroprivrede-crne-gore\/","og_site_name":"Lajme nga Ulqini","article_published_time":"2012-10-25T14:41:57+00:00","article_modified_time":"2012-10-25T14:43:37+00:00","og_image":[{"url":"http:\/\/www.visit-ulcinj.com\/blog\/wp-content\/uploads\/2012\/10\/Nazif-Cungu-Vladimir-Bojicevic-ulcinj.2.jpg"}],"twitter_misc":{"Written by":"ulqini","Est. reading time":"1 minute"},"schema":{"@context":"https:\/\/schema.org","@graph":[{"@type":"WebSite","@id":"https:\/\/www.visit-ulcinj.com\/blog\/#website","url":"https:\/\/www.visit-ulcinj.com\/blog\/","name":"Lajme nga Ulqini","description":"Lajme,Vijesti,Ulqini,Ulqin,Crna Gora,Mali i Zi","potentialAction":[{"@type":"SearchAction","target":{"@type":"EntryPoint","urlTemplate":"https:\/\/www.visit-ulcinj.com\/blog\/?s={search_term_string}"},"query-input":"required name=search_term_string"}],"inLanguage":"en-US"},{"@type":"ImageObject","inLanguage":"en-US","@id":"https:\/\/www.visit-ulcinj.com\/blog\/2012\/10\/25\/cungu-se-sastao-sa-predstavnicima-elektroprivrede-crne-gore\/#primaryimage","url":"https:\/\/www.visit-ulcinj.com\/blog\/wp-content\/uploads\/2012\/10\/Nazif-Cungu-Vladimir-Bojicevic-ulcinj.2.jpg","contentUrl":"https:\/\/www.visit-ulcinj.com\/blog\/wp-content\/uploads\/2012\/10\/Nazif-Cungu-Vladimir-Bojicevic-ulcinj.2.jpg","width":"640","height":"424"},{"@type":"WebPage","@id":"https:\/\/www.visit-ulcinj.com\/blog\/2012\/10\/25\/cungu-se-sastao-sa-predstavnicima-elektroprivrede-crne-gore\/#webpage","url":"https:\/\/www.visit-ulcinj.com\/blog\/2012\/10\/25\/cungu-se-sastao-sa-predstavnicima-elektroprivrede-crne-gore\/","name":"Cungu se sastao sa predstavnicima Elektroprivrede Crne Gore - Lajme nga Ulqini","isPartOf":{"@id":"https:\/\/www.visit-ulcinj.com\/blog\/#website"},"primaryImageOfPage":{"@id":"https:\/\/www.visit-ulcinj.com\/blog\/2012\/10\/25\/cungu-se-sastao-sa-predstavnicima-elektroprivrede-crne-gore\/#primaryimage"},"datePublished":"2012-10-25T14:41:57+00:00","dateModified":"2012-10-25T14:43:37+00:00","author":{"@id":"https:\/\/www.visit-ulcinj.com\/blog\/#\/schema\/person\/dcab619c614d3038751c63bc2aadc06d"},"description":"Predsjednik Op\u0161tine Ulcinj, Nazif Cungu sastao se sa predstavnicima Elektroprivrede Crne Gore me\u0111u kojima i direktorom Funkcionalne cjeline snadbjevanja","breadcrumb":{"@id":"https:\/\/www.visit-ulcinj.com\/blog\/2012\/10\/25\/cungu-se-sastao-sa-predstavnicima-elektroprivrede-crne-gore\/#breadcrumb"},"inLanguage":"en-US","potentialAction":[{"@type":"ReadAction","target":["https:\/\/www.visit-ulcinj.com\/blog\/2012\/10\/25\/cungu-se-sastao-sa-predstavnicima-elektroprivrede-crne-gore\/"]}]},{"@type":"BreadcrumbList","@id":"https:\/\/www.visit-ulcinj.com\/blog\/2012\/10\/25\/cungu-se-sastao-sa-predstavnicima-elektroprivrede-crne-gore\/#breadcrumb","itemListElement":[{"@type":"ListItem","position":1,"name":"Cungu se sastao sa predstavnicima Elektroprivrede Crne Gore"}]},{"@type":"Person","@id":"https:\/\/www.visit-ulcinj.com\/blog\/#\/schema\/person\/dcab619c614d3038751c63bc2aadc06d","name":"ulqini","sameAs":["http:\/\/www.visit-ulcinj.com"],"url":"https:\/\/www.visit-ulcinj.com\/blog\/author\/admin\/"}]}},"jetpack_featured_media_url":"","jetpack_sharing_enabled":true,"jetpack_shortlink":"https:\/\/wp.me\/pe6lTn-gV4","_links":{"self":[{"href":"https:\/\/www.visit-ulcinj.com\/blog\/wp-json\/wp\/v2\/posts\/65042"}],"collection":[{"href":"https:\/\/www.visit-ulcinj.com\/blog\/wp-json\/wp\/v2\/posts"}],"about":[{"href":"https:\/\/www.visit-ulcinj.com\/blog\/wp-json\/wp\/v2\/types\/post"}],"author":[{"embeddable":true,"href":"https:\/\/www.visit-ulcinj.com\/blog\/wp-json\/wp\/v2\/users\/1"}],"replies":[{"embeddable":true,"href":"https:\/\/www.visit-ulcinj.com\/blog\/wp-json\/wp\/v2\/comments?post=65042"}],"version-history":[{"count":3,"href":"https:\/\/www.visit-ulcinj.com\/blog\/wp-json\/wp\/v2\/posts\/65042\/revisions"}],"predecessor-version":[{"id":65047,"href":"https:\/\/www.visit-ulcinj.com\/blog\/wp-json\/wp\/v2\/posts\/65042\/revisions\/65047"}],"wp:attachment":[{"href":"https:\/\/www.visit-ulcinj.com\/blog\/wp-json\/wp\/v2\/media?parent=65042"}],"wp:term":[{"taxonomy":"category","embeddable":true,"href":"https:\/\/www.visit-ulcinj.com\/blog\/wp-json\/wp\/v2\/categories?post=65042"},{"taxonomy":"post_tag","embeddable":true,"href":"https:\/\/www.visit-ulcinj.com\/blog\/wp-json\/wp\/v2\/tags?post=65042"}],"curies":[{"name":"wp","href":"https:\/\/api.w.org\/{rel}","templated":true}]}}