{"id":65054,"date":"2012-10-25T17:38:17","date_gmt":"2012-10-25T16:38:17","guid":{"rendered":"http:\/\/www.visit-ulcinj.com\/blog\/?p=65054"},"modified":"2012-10-30T18:16:38","modified_gmt":"2012-10-30T17:16:38","slug":"ppd-urime-per-festen-e-kurban-bajramit","status":"publish","type":"post","link":"https:\/\/www.visit-ulcinj.com\/blog\/2012\/10\/25\/ppd-urime-per-festen-e-kurban-bajramit\/","title":{"rendered":"PPD: Urime p\u00ebr fest\u00ebn e Kurban Bajramit"},"content":{"rendered":"<p><a href=\"http:\/\/www.visit-ulcinj.com\/blog\/wp-content\/uploads\/2012\/10\/Me-fat-kurban-Bajrami.jpg\"><img loading=\"lazy\" class=\"alignleft  wp-image-65055\" title=\"Me-fat-kurban-Bajrami\" src=\"http:\/\/www.visit-ulcinj.com\/blog\/wp-content\/uploads\/2012\/10\/Me-fat-kurban-Bajrami.jpg\" alt=\"\" width=\"350\" height=\"450\" \/><\/a>Partia e Prosperitetit Demokratik<\/p>\n<p style=\"text-align: center;\"><strong>Urime p\u00ebr fest\u00ebn e Kurban Bajramit<\/strong><\/p>\n<p><em><strong><br \/>\n<\/strong><\/em><strong> <\/strong>Kurban Bajrami \u00ebsht\u00eb dit\u00eb shp\u00ebrblimi, dit\u00eb g\u00ebzimi, dit\u00eb kremtimi dhe dit\u00eb pajtimi n\u00eb mes njer\u00ebzve.<br \/>\nDuke ju uruar Kurban Bajramin t\u00eb gjith\u00eb besimtar\u00ebve mysliman\u00eb, urojm\u00eb q\u00eb paqja,begatia,prosperiteti le t\u00eb ndri\u00e7ojn\u00eb t\u00eb gjith\u00eb besimtar\u00ebt,kudo q\u00eb jan\u00eb.<\/p>\n<p>G\u00ebzuar fest\u00ebn e Kurban Bajramit , lumturia, suksesi dhe paqja ju p\u00ebrcjellt\u00eb n\u00eb Jet\u00eb.<\/p>\n<p><strong><br \/>\nKryetari dhe Kryesia e Partis\u00eb s\u00eb Prosperitetit Demokratik.<\/strong><\/p>\n<p><strong>\u00a0<\/strong><\/p>\n<p><strong>Kryetari I PPD-s\u00eb,\u00a0<\/strong><\/p>\n<p><strong>\u00a0 Ali Rexha d.v.<\/strong><strong><\/strong><\/p>\n<p><iframe loading=\"lazy\" src=\"http:\/\/www.youtube.com\/embed\/YDiY2tWDIlU\" frameborder=\"0\" width=\"508\" height=\"360\"><\/iframe><\/p>\n","protected":false},"excerpt":{"rendered":"<p>Partia e Prosperitetit Demokratik Urime p\u00ebr fest\u00ebn e Kurban Bajramit Kurban Bajrami \u00ebsht\u00eb dit\u00eb shp\u00ebrblimi, dit\u00eb g\u00ebzimi, dit\u00eb kremtimi dhe dit\u00eb pajtimi n\u00eb mes njer\u00ebzve. Duke ju uruar Kurban Bajramin t\u00eb gjith\u00eb besimtar\u00ebve mysliman\u00eb, urojm\u00eb q\u00eb paqja,begatia,prosperiteti le t\u00eb ndri\u00e7ojn\u00eb t\u00eb gjith\u00eb besimtar\u00ebt,kudo q\u00eb jan\u00eb. G\u00ebzuar fest\u00ebn e Kurban Bajramit , lumturia, suksesi dhe paqja [&hellip;]<\/p>\n","protected":false},"author":1,"featured_media":0,"comment_status":"open","ping_status":"closed","sticky":false,"template":"","format":"standard","meta":{"spay_email":"","jetpack_publicize_message":"","jetpack_is_tweetstorm":false,"jetpack_publicize_feature_enabled":true},"categories":[8],"tags":[5166,21286,19,200,18,12920],"jetpack_publicize_connections":[],"yoast_head":"<!-- This site is optimized with the Yoast SEO plugin v19.1 - https:\/\/yoast.com\/wordpress\/plugins\/seo\/ -->\n<title>PPD: Urime p\u00ebr fest\u00ebn e Kurban Bajramit - Lajme nga Ulqini<\/title>\n<meta name=\"description\" content=\"Partia e Prosperitetit Demokratik Urime p\u00ebr fest\u00ebn e Kurban Bajramit Kurban Bajrami \u00ebsht\u00eb dit\u00eb shp\u00ebrblimi, dit\u00eb g\u00ebzimi, dit\u00eb kremtimi dhe dit\u00eb pajtimi n\u00eb\" \/>\n<meta name=\"robots\" content=\"index, follow, max-snippet:-1, max-image-preview:large, max-video-preview:-1\" \/>\n<link rel=\"canonical\" href=\"https:\/\/www.visit-ulcinj.com\/blog\/2012\/10\/25\/ppd-urime-per-festen-e-kurban-bajramit\/\" \/>\n<meta property=\"og:locale\" content=\"en_US\" \/>\n<meta property=\"og:type\" content=\"article\" \/>\n<meta property=\"og:title\" content=\"PPD: Urime p\u00ebr fest\u00ebn e Kurban Bajramit - Lajme nga Ulqini\" \/>\n<meta property=\"og:description\" content=\"Partia e Prosperitetit Demokratik Urime p\u00ebr fest\u00ebn e Kurban Bajramit Kurban Bajrami \u00ebsht\u00eb dit\u00eb shp\u00ebrblimi, dit\u00eb g\u00ebzimi, dit\u00eb kremtimi dhe dit\u00eb pajtimi n\u00eb\" \/>\n<meta property=\"og:url\" content=\"https:\/\/www.visit-ulcinj.com\/blog\/2012\/10\/25\/ppd-urime-per-festen-e-kurban-bajramit\/\" \/>\n<meta property=\"og:site_name\" content=\"Lajme nga Ulqini\" \/>\n<meta property=\"article:published_time\" content=\"2012-10-25T16:38:17+00:00\" \/>\n<meta property=\"article:modified_time\" content=\"2012-10-30T17:16:38+00:00\" \/>\n<meta property=\"og:image\" content=\"http:\/\/www.visit-ulcinj.com\/blog\/wp-content\/uploads\/2012\/10\/Me-fat-kurban-Bajrami.jpg\" \/>\n<meta name=\"twitter:label1\" content=\"Written by\" \/>\n\t<meta name=\"twitter:data1\" content=\"ulqini\" \/>\n<script type=\"application\/ld+json\" class=\"yoast-schema-graph\">{\"@context\":\"https:\/\/schema.org\",\"@graph\":[{\"@type\":\"WebSite\",\"@id\":\"https:\/\/www.visit-ulcinj.com\/blog\/#website\",\"url\":\"https:\/\/www.visit-ulcinj.com\/blog\/\",\"name\":\"Lajme nga Ulqini\",\"description\":\"Lajme,Vijesti,Ulqini,Ulqin,Crna Gora,Mali i Zi\",\"potentialAction\":[{\"@type\":\"SearchAction\",\"target\":{\"@type\":\"EntryPoint\",\"urlTemplate\":\"https:\/\/www.visit-ulcinj.com\/blog\/?s={search_term_string}\"},\"query-input\":\"required name=search_term_string\"}],\"inLanguage\":\"en-US\"},{\"@type\":\"ImageObject\",\"inLanguage\":\"en-US\",\"@id\":\"https:\/\/www.visit-ulcinj.com\/blog\/2012\/10\/25\/ppd-urime-per-festen-e-kurban-bajramit\/#primaryimage\",\"url\":\"https:\/\/www.visit-ulcinj.com\/blog\/wp-content\/uploads\/2012\/10\/Me-fat-kurban-Bajrami.jpg\",\"contentUrl\":\"https:\/\/www.visit-ulcinj.com\/blog\/wp-content\/uploads\/2012\/10\/Me-fat-kurban-Bajrami.jpg\",\"width\":\"320\",\"height\":\"554\"},{\"@type\":\"WebPage\",\"@id\":\"https:\/\/www.visit-ulcinj.com\/blog\/2012\/10\/25\/ppd-urime-per-festen-e-kurban-bajramit\/#webpage\",\"url\":\"https:\/\/www.visit-ulcinj.com\/blog\/2012\/10\/25\/ppd-urime-per-festen-e-kurban-bajramit\/\",\"name\":\"PPD: Urime p\u00ebr fest\u00ebn e Kurban Bajramit - Lajme nga Ulqini\",\"isPartOf\":{\"@id\":\"https:\/\/www.visit-ulcinj.com\/blog\/#website\"},\"primaryImageOfPage\":{\"@id\":\"https:\/\/www.visit-ulcinj.com\/blog\/2012\/10\/25\/ppd-urime-per-festen-e-kurban-bajramit\/#primaryimage\"},\"datePublished\":\"2012-10-25T16:38:17+00:00\",\"dateModified\":\"2012-10-30T17:16:38+00:00\",\"author\":{\"@id\":\"https:\/\/www.visit-ulcinj.com\/blog\/#\/schema\/person\/dcab619c614d3038751c63bc2aadc06d\"},\"description\":\"Partia e Prosperitetit Demokratik Urime p\u00ebr fest\u00ebn e Kurban Bajramit Kurban Bajrami \u00ebsht\u00eb dit\u00eb shp\u00ebrblimi, dit\u00eb g\u00ebzimi, dit\u00eb kremtimi dhe dit\u00eb pajtimi n\u00eb\",\"breadcrumb\":{\"@id\":\"https:\/\/www.visit-ulcinj.com\/blog\/2012\/10\/25\/ppd-urime-per-festen-e-kurban-bajramit\/#breadcrumb\"},\"inLanguage\":\"en-US\",\"potentialAction\":[{\"@type\":\"ReadAction\",\"target\":[\"https:\/\/www.visit-ulcinj.com\/blog\/2012\/10\/25\/ppd-urime-per-festen-e-kurban-bajramit\/\"]}]},{\"@type\":\"BreadcrumbList\",\"@id\":\"https:\/\/www.visit-ulcinj.com\/blog\/2012\/10\/25\/ppd-urime-per-festen-e-kurban-bajramit\/#breadcrumb\",\"itemListElement\":[{\"@type\":\"ListItem\",\"position\":1,\"name\":\"PPD: Urime p\u00ebr fest\u00ebn e Kurban Bajramit\"}]},{\"@type\":\"Person\",\"@id\":\"https:\/\/www.visit-ulcinj.com\/blog\/#\/schema\/person\/dcab619c614d3038751c63bc2aadc06d\",\"name\":\"ulqini\",\"sameAs\":[\"http:\/\/www.visit-ulcinj.com\"],\"url\":\"https:\/\/www.visit-ulcinj.com\/blog\/author\/admin\/\"}]}<\/script>\n<!-- \/ Yoast SEO plugin. -->","yoast_head_json":{"title":"PPD: Urime p\u00ebr fest\u00ebn e Kurban Bajramit - Lajme nga Ulqini","description":"Partia e Prosperitetit Demokratik Urime p\u00ebr fest\u00ebn e Kurban Bajramit Kurban Bajrami \u00ebsht\u00eb dit\u00eb shp\u00ebrblimi, dit\u00eb g\u00ebzimi, dit\u00eb kremtimi dhe dit\u00eb pajtimi n\u00eb","robots":{"index":"index","follow":"follow","max-snippet":"max-snippet:-1","max-image-preview":"max-image-preview:large","max-video-preview":"max-video-preview:-1"},"canonical":"https:\/\/www.visit-ulcinj.com\/blog\/2012\/10\/25\/ppd-urime-per-festen-e-kurban-bajramit\/","og_locale":"en_US","og_type":"article","og_title":"PPD: Urime p\u00ebr fest\u00ebn e Kurban Bajramit - Lajme nga Ulqini","og_description":"Partia e Prosperitetit Demokratik Urime p\u00ebr fest\u00ebn e Kurban Bajramit Kurban Bajrami \u00ebsht\u00eb dit\u00eb shp\u00ebrblimi, dit\u00eb g\u00ebzimi, dit\u00eb kremtimi dhe dit\u00eb pajtimi n\u00eb","og_url":"https:\/\/www.visit-ulcinj.com\/blog\/2012\/10\/25\/ppd-urime-per-festen-e-kurban-bajramit\/","og_site_name":"Lajme nga Ulqini","article_published_time":"2012-10-25T16:38:17+00:00","article_modified_time":"2012-10-30T17:16:38+00:00","og_image":[{"url":"http:\/\/www.visit-ulcinj.com\/blog\/wp-content\/uploads\/2012\/10\/Me-fat-kurban-Bajrami.jpg"}],"twitter_misc":{"Written by":"ulqini"},"schema":{"@context":"https:\/\/schema.org","@graph":[{"@type":"WebSite","@id":"https:\/\/www.visit-ulcinj.com\/blog\/#website","url":"https:\/\/www.visit-ulcinj.com\/blog\/","name":"Lajme nga Ulqini","description":"Lajme,Vijesti,Ulqini,Ulqin,Crna Gora,Mali i Zi","potentialAction":[{"@type":"SearchAction","target":{"@type":"EntryPoint","urlTemplate":"https:\/\/www.visit-ulcinj.com\/blog\/?s={search_term_string}"},"query-input":"required name=search_term_string"}],"inLanguage":"en-US"},{"@type":"ImageObject","inLanguage":"en-US","@id":"https:\/\/www.visit-ulcinj.com\/blog\/2012\/10\/25\/ppd-urime-per-festen-e-kurban-bajramit\/#primaryimage","url":"https:\/\/www.visit-ulcinj.com\/blog\/wp-content\/uploads\/2012\/10\/Me-fat-kurban-Bajrami.jpg","contentUrl":"https:\/\/www.visit-ulcinj.com\/blog\/wp-content\/uploads\/2012\/10\/Me-fat-kurban-Bajrami.jpg","width":"320","height":"554"},{"@type":"WebPage","@id":"https:\/\/www.visit-ulcinj.com\/blog\/2012\/10\/25\/ppd-urime-per-festen-e-kurban-bajramit\/#webpage","url":"https:\/\/www.visit-ulcinj.com\/blog\/2012\/10\/25\/ppd-urime-per-festen-e-kurban-bajramit\/","name":"PPD: Urime p\u00ebr fest\u00ebn e Kurban Bajramit - Lajme nga Ulqini","isPartOf":{"@id":"https:\/\/www.visit-ulcinj.com\/blog\/#website"},"primaryImageOfPage":{"@id":"https:\/\/www.visit-ulcinj.com\/blog\/2012\/10\/25\/ppd-urime-per-festen-e-kurban-bajramit\/#primaryimage"},"datePublished":"2012-10-25T16:38:17+00:00","dateModified":"2012-10-30T17:16:38+00:00","author":{"@id":"https:\/\/www.visit-ulcinj.com\/blog\/#\/schema\/person\/dcab619c614d3038751c63bc2aadc06d"},"description":"Partia e Prosperitetit Demokratik Urime p\u00ebr fest\u00ebn e Kurban Bajramit Kurban Bajrami \u00ebsht\u00eb dit\u00eb shp\u00ebrblimi, dit\u00eb g\u00ebzimi, dit\u00eb kremtimi dhe dit\u00eb pajtimi n\u00eb","breadcrumb":{"@id":"https:\/\/www.visit-ulcinj.com\/blog\/2012\/10\/25\/ppd-urime-per-festen-e-kurban-bajramit\/#breadcrumb"},"inLanguage":"en-US","potentialAction":[{"@type":"ReadAction","target":["https:\/\/www.visit-ulcinj.com\/blog\/2012\/10\/25\/ppd-urime-per-festen-e-kurban-bajramit\/"]}]},{"@type":"BreadcrumbList","@id":"https:\/\/www.visit-ulcinj.com\/blog\/2012\/10\/25\/ppd-urime-per-festen-e-kurban-bajramit\/#breadcrumb","itemListElement":[{"@type":"ListItem","position":1,"name":"PPD: Urime p\u00ebr fest\u00ebn e Kurban Bajramit"}]},{"@type":"Person","@id":"https:\/\/www.visit-ulcinj.com\/blog\/#\/schema\/person\/dcab619c614d3038751c63bc2aadc06d","name":"ulqini","sameAs":["http:\/\/www.visit-ulcinj.com"],"url":"https:\/\/www.visit-ulcinj.com\/blog\/author\/admin\/"}]}},"jetpack_featured_media_url":"","jetpack_sharing_enabled":true,"jetpack_shortlink":"https:\/\/wp.me\/pe6lTn-gVg","_links":{"self":[{"href":"https:\/\/www.visit-ulcinj.com\/blog\/wp-json\/wp\/v2\/posts\/65054"}],"collection":[{"href":"https:\/\/www.visit-ulcinj.com\/blog\/wp-json\/wp\/v2\/posts"}],"about":[{"href":"https:\/\/www.visit-ulcinj.com\/blog\/wp-json\/wp\/v2\/types\/post"}],"author":[{"embeddable":true,"href":"https:\/\/www.visit-ulcinj.com\/blog\/wp-json\/wp\/v2\/users\/1"}],"replies":[{"embeddable":true,"href":"https:\/\/www.visit-ulcinj.com\/blog\/wp-json\/wp\/v2\/comments?post=65054"}],"version-history":[{"count":3,"href":"https:\/\/www.visit-ulcinj.com\/blog\/wp-json\/wp\/v2\/posts\/65054\/revisions"}],"predecessor-version":[{"id":65160,"href":"https:\/\/www.visit-ulcinj.com\/blog\/wp-json\/wp\/v2\/posts\/65054\/revisions\/65160"}],"wp:attachment":[{"href":"https:\/\/www.visit-ulcinj.com\/blog\/wp-json\/wp\/v2\/media?parent=65054"}],"wp:term":[{"taxonomy":"category","embeddable":true,"href":"https:\/\/www.visit-ulcinj.com\/blog\/wp-json\/wp\/v2\/categories?post=65054"},{"taxonomy":"post_tag","embeddable":true,"href":"https:\/\/www.visit-ulcinj.com\/blog\/wp-json\/wp\/v2\/tags?post=65054"}],"curies":[{"name":"wp","href":"https:\/\/api.w.org\/{rel}","templated":true}]}}