{"id":65060,"date":"2012-10-25T17:56:17","date_gmt":"2012-10-25T16:56:17","guid":{"rendered":"http:\/\/www.visit-ulcinj.com\/blog\/?p=65060"},"modified":"2012-10-30T18:17:38","modified_gmt":"2012-10-30T17:17:38","slug":"knsh-ja-urime-festa-e-kurban-bajramit","status":"publish","type":"post","link":"https:\/\/www.visit-ulcinj.com\/blog\/2012\/10\/25\/knsh-ja-urime-festa-e-kurban-bajramit\/","title":{"rendered":"KNSH-ja: Urime festa e Kurban Bajramit"},"content":{"rendered":"<p><strong><a href=\"http:\/\/www.visit-ulcinj.com\/blog\/wp-content\/uploads\/2012\/10\/KNSHMZ-ME-FAT-KURBAN-BAJRAMI.jpg\"><img loading=\"lazy\" class=\"alignleft  wp-image-65061\" title=\"KNSHMZ - ME FAT KURBAN BAJRAMI\" src=\"http:\/\/www.visit-ulcinj.com\/blog\/wp-content\/uploads\/2012\/10\/KNSHMZ-ME-FAT-KURBAN-BAJRAMI-1024x659.jpg\" alt=\"\" width=\"508\" height=\"360\" \/><\/a>K\u00cbSHILLI NACIONAL I SHQIPTAR\u00cbVE N\u00cb MALIN E ZI<br \/>\nNACIONALNI SAVJET ALBANACA U CRNOJ GORI<br \/>\nALBANIAN NATIONAL COUNCIL IN MONTENEGRO<br \/>\nNr.78\/12<\/strong><\/p>\n<p>Ulqin, 26.10. 2012<\/p>\n<p style=\"text-align: center;\"><strong> URIM P\u00cbR FEST\u00cbN E KURBAN BAJRAMIT <\/strong><\/p>\n<p>T\u00eb nderuar besimtar\u00eb shqiptar\u00eb t\u00eb fes\u00eb Islame!<br \/>\nKam nderin q\u00eb n\u00eb emrin tim dhe t\u00eb gjith\u00eb an\u00ebtar\u00ebve t\u00eb K\u00ebshillit Nacional t\u00eb Shqiptar\u00ebve n\u00eb Malin e Zi, t\u00eb uroj t\u00eb gjith\u00eb Ju, besimtar\u00eb e fes\u00eb Islame, fest\u00ebn e madhe t\u00eb Kurban Bajramit.<br \/>\nFesta e Kurban Bajrami \u00ebsht\u00eb nj\u00eb nd\u00ebr dit\u00ebt ma t\u00eb r\u00ebnd\u00ebsishme p\u00ebr besimtar\u00ebt mysliman\u00eb, dit\u00eb e cila i kujton \u00e7do besimtari, se sakrifica \u00ebsht\u00eb themeli i t\u00eb gjitha t\u00eb mirave njer\u00ebzore e komb\u00ebtare .<br \/>\nDit\u00ebt e k\u00ebsaj feste jan\u00eb dit\u00eb t\u00eb cilat reflektojn\u00eb mir\u00ebkuptim, dashuri, respekt e toleranc\u00eb mes t\u00eb af\u00ebrmve,fqinj\u00ebve, miq\u00ebve e shok\u00ebve si dhe mes t\u00eb gjith\u00eb njer\u00ebzve n\u00eb bot\u00eb.<br \/>\nSjellt\u00eb kjo fest\u00eb n\u00eb sht\u00ebpit\u00eb e shqiptar\u00ebve, paqe,g\u00ebzim e dashuri mes nj\u00ebri tjetrit, n\u00eb t\u00eb mir\u00eb t\u00eb shoq\u00ebris\u00eb dhe kombit q\u00eb p\u00ebrfaq\u00ebsojm\u00eb.<br \/>\nZoti qoft\u00eb gjith\u00ebmon\u00eb me shqiptar\u00ebt dhe i bekoft\u00eb familjet tona.<\/p>\n<p>Kryetari,<\/p>\n<p><strong>Tahir Tahiri d.v.<\/strong><\/p>\n<p><iframe loading=\"lazy\" src=\"http:\/\/www.youtube.com\/embed\/YDiY2tWDIlU\" frameborder=\"0\" width=\"508\" height=\"360\"><\/iframe><\/p>\n","protected":false},"excerpt":{"rendered":"<p>K\u00cbSHILLI NACIONAL I SHQIPTAR\u00cbVE N\u00cb MALIN E ZI NACIONALNI SAVJET ALBANACA U CRNOJ GORI ALBANIAN NATIONAL COUNCIL IN MONTENEGRO Nr.78\/12 Ulqin, 26.10. 2012 URIM P\u00cbR FEST\u00cbN E KURBAN BAJRAMIT T\u00eb nderuar besimtar\u00eb shqiptar\u00eb t\u00eb fes\u00eb Islame! Kam nderin q\u00eb n\u00eb emrin tim dhe t\u00eb gjith\u00eb an\u00ebtar\u00ebve t\u00eb K\u00ebshillit Nacional t\u00eb Shqiptar\u00ebve n\u00eb Malin e Zi, [&hellip;]<\/p>\n","protected":false},"author":1,"featured_media":0,"comment_status":"open","ping_status":"closed","sticky":false,"template":"","format":"standard","meta":{"spay_email":"","jetpack_publicize_message":"","jetpack_is_tweetstorm":false,"jetpack_publicize_feature_enabled":true},"categories":[8],"tags":[5166,5896,21286,19,200,18,12920],"jetpack_publicize_connections":[],"yoast_head":"<!-- This site is optimized with the Yoast SEO plugin v19.1 - https:\/\/yoast.com\/wordpress\/plugins\/seo\/ -->\n<title>KNSH-ja: Urime festa e Kurban Bajramit - Lajme nga Ulqini<\/title>\n<meta name=\"description\" content=\"K\u00cbSHILLI NACIONAL I SHQIPTAR\u00cbVE N\u00cb MALIN E ZI NACIONALNI SAVJET ALBANACA U CRNOJ GORI ALBANIAN NATIONAL COUNCIL IN MONTENEGRO Nr.78\/12 Ulqin, 26.10. 2012\" \/>\n<meta name=\"robots\" content=\"index, follow, max-snippet:-1, max-image-preview:large, max-video-preview:-1\" \/>\n<link rel=\"canonical\" href=\"https:\/\/www.visit-ulcinj.com\/blog\/2012\/10\/25\/knsh-ja-urime-festa-e-kurban-bajramit\/\" \/>\n<meta property=\"og:locale\" content=\"en_US\" \/>\n<meta property=\"og:type\" content=\"article\" \/>\n<meta property=\"og:title\" content=\"KNSH-ja: Urime festa e Kurban Bajramit - Lajme nga Ulqini\" \/>\n<meta property=\"og:description\" content=\"K\u00cbSHILLI NACIONAL I SHQIPTAR\u00cbVE N\u00cb MALIN E ZI NACIONALNI SAVJET ALBANACA U CRNOJ GORI ALBANIAN NATIONAL COUNCIL IN MONTENEGRO Nr.78\/12 Ulqin, 26.10. 2012\" \/>\n<meta property=\"og:url\" content=\"https:\/\/www.visit-ulcinj.com\/blog\/2012\/10\/25\/knsh-ja-urime-festa-e-kurban-bajramit\/\" \/>\n<meta property=\"og:site_name\" content=\"Lajme nga Ulqini\" \/>\n<meta property=\"article:published_time\" content=\"2012-10-25T16:56:17+00:00\" \/>\n<meta property=\"article:modified_time\" content=\"2012-10-30T17:17:38+00:00\" \/>\n<meta property=\"og:image\" content=\"http:\/\/www.visit-ulcinj.com\/blog\/wp-content\/uploads\/2012\/10\/KNSHMZ-ME-FAT-KURBAN-BAJRAMI-1024x659.jpg\" \/>\n<meta name=\"twitter:label1\" content=\"Written by\" \/>\n\t<meta name=\"twitter:data1\" content=\"ulqini\" \/>\n\t<meta name=\"twitter:label2\" content=\"Est. reading time\" \/>\n\t<meta name=\"twitter:data2\" content=\"1 minute\" \/>\n<script type=\"application\/ld+json\" class=\"yoast-schema-graph\">{\"@context\":\"https:\/\/schema.org\",\"@graph\":[{\"@type\":\"WebSite\",\"@id\":\"https:\/\/www.visit-ulcinj.com\/blog\/#website\",\"url\":\"https:\/\/www.visit-ulcinj.com\/blog\/\",\"name\":\"Lajme nga Ulqini\",\"description\":\"Lajme,Vijesti,Ulqini,Ulqin,Crna Gora,Mali i Zi\",\"potentialAction\":[{\"@type\":\"SearchAction\",\"target\":{\"@type\":\"EntryPoint\",\"urlTemplate\":\"https:\/\/www.visit-ulcinj.com\/blog\/?s={search_term_string}\"},\"query-input\":\"required name=search_term_string\"}],\"inLanguage\":\"en-US\"},{\"@type\":\"ImageObject\",\"inLanguage\":\"en-US\",\"@id\":\"https:\/\/www.visit-ulcinj.com\/blog\/2012\/10\/25\/knsh-ja-urime-festa-e-kurban-bajramit\/#primaryimage\",\"url\":\"https:\/\/www.visit-ulcinj.com\/blog\/wp-content\/uploads\/2012\/10\/KNSHMZ-ME-FAT-KURBAN-BAJRAMI.jpg\",\"contentUrl\":\"https:\/\/www.visit-ulcinj.com\/blog\/wp-content\/uploads\/2012\/10\/KNSHMZ-ME-FAT-KURBAN-BAJRAMI.jpg\",\"width\":\"1113\",\"height\":\"717\"},{\"@type\":\"WebPage\",\"@id\":\"https:\/\/www.visit-ulcinj.com\/blog\/2012\/10\/25\/knsh-ja-urime-festa-e-kurban-bajramit\/#webpage\",\"url\":\"https:\/\/www.visit-ulcinj.com\/blog\/2012\/10\/25\/knsh-ja-urime-festa-e-kurban-bajramit\/\",\"name\":\"KNSH-ja: Urime festa e Kurban Bajramit - Lajme nga Ulqini\",\"isPartOf\":{\"@id\":\"https:\/\/www.visit-ulcinj.com\/blog\/#website\"},\"primaryImageOfPage\":{\"@id\":\"https:\/\/www.visit-ulcinj.com\/blog\/2012\/10\/25\/knsh-ja-urime-festa-e-kurban-bajramit\/#primaryimage\"},\"datePublished\":\"2012-10-25T16:56:17+00:00\",\"dateModified\":\"2012-10-30T17:17:38+00:00\",\"author\":{\"@id\":\"https:\/\/www.visit-ulcinj.com\/blog\/#\/schema\/person\/dcab619c614d3038751c63bc2aadc06d\"},\"description\":\"K\u00cbSHILLI NACIONAL I SHQIPTAR\u00cbVE N\u00cb MALIN E ZI NACIONALNI SAVJET ALBANACA U CRNOJ GORI ALBANIAN NATIONAL COUNCIL IN MONTENEGRO Nr.78\/12 Ulqin, 26.10. 2012\",\"breadcrumb\":{\"@id\":\"https:\/\/www.visit-ulcinj.com\/blog\/2012\/10\/25\/knsh-ja-urime-festa-e-kurban-bajramit\/#breadcrumb\"},\"inLanguage\":\"en-US\",\"potentialAction\":[{\"@type\":\"ReadAction\",\"target\":[\"https:\/\/www.visit-ulcinj.com\/blog\/2012\/10\/25\/knsh-ja-urime-festa-e-kurban-bajramit\/\"]}]},{\"@type\":\"BreadcrumbList\",\"@id\":\"https:\/\/www.visit-ulcinj.com\/blog\/2012\/10\/25\/knsh-ja-urime-festa-e-kurban-bajramit\/#breadcrumb\",\"itemListElement\":[{\"@type\":\"ListItem\",\"position\":1,\"name\":\"KNSH-ja: Urime festa e Kurban Bajramit\"}]},{\"@type\":\"Person\",\"@id\":\"https:\/\/www.visit-ulcinj.com\/blog\/#\/schema\/person\/dcab619c614d3038751c63bc2aadc06d\",\"name\":\"ulqini\",\"sameAs\":[\"http:\/\/www.visit-ulcinj.com\"],\"url\":\"https:\/\/www.visit-ulcinj.com\/blog\/author\/admin\/\"}]}<\/script>\n<!-- \/ Yoast SEO plugin. -->","yoast_head_json":{"title":"KNSH-ja: Urime festa e Kurban Bajramit - Lajme nga Ulqini","description":"K\u00cbSHILLI NACIONAL I SHQIPTAR\u00cbVE N\u00cb MALIN E ZI NACIONALNI SAVJET ALBANACA U CRNOJ GORI ALBANIAN NATIONAL COUNCIL IN MONTENEGRO Nr.78\/12 Ulqin, 26.10. 2012","robots":{"index":"index","follow":"follow","max-snippet":"max-snippet:-1","max-image-preview":"max-image-preview:large","max-video-preview":"max-video-preview:-1"},"canonical":"https:\/\/www.visit-ulcinj.com\/blog\/2012\/10\/25\/knsh-ja-urime-festa-e-kurban-bajramit\/","og_locale":"en_US","og_type":"article","og_title":"KNSH-ja: Urime festa e Kurban Bajramit - Lajme nga Ulqini","og_description":"K\u00cbSHILLI NACIONAL I SHQIPTAR\u00cbVE N\u00cb MALIN E ZI NACIONALNI SAVJET ALBANACA U CRNOJ GORI ALBANIAN NATIONAL COUNCIL IN MONTENEGRO Nr.78\/12 Ulqin, 26.10. 2012","og_url":"https:\/\/www.visit-ulcinj.com\/blog\/2012\/10\/25\/knsh-ja-urime-festa-e-kurban-bajramit\/","og_site_name":"Lajme nga Ulqini","article_published_time":"2012-10-25T16:56:17+00:00","article_modified_time":"2012-10-30T17:17:38+00:00","og_image":[{"url":"http:\/\/www.visit-ulcinj.com\/blog\/wp-content\/uploads\/2012\/10\/KNSHMZ-ME-FAT-KURBAN-BAJRAMI-1024x659.jpg"}],"twitter_misc":{"Written by":"ulqini","Est. reading time":"1 minute"},"schema":{"@context":"https:\/\/schema.org","@graph":[{"@type":"WebSite","@id":"https:\/\/www.visit-ulcinj.com\/blog\/#website","url":"https:\/\/www.visit-ulcinj.com\/blog\/","name":"Lajme nga Ulqini","description":"Lajme,Vijesti,Ulqini,Ulqin,Crna Gora,Mali i Zi","potentialAction":[{"@type":"SearchAction","target":{"@type":"EntryPoint","urlTemplate":"https:\/\/www.visit-ulcinj.com\/blog\/?s={search_term_string}"},"query-input":"required name=search_term_string"}],"inLanguage":"en-US"},{"@type":"ImageObject","inLanguage":"en-US","@id":"https:\/\/www.visit-ulcinj.com\/blog\/2012\/10\/25\/knsh-ja-urime-festa-e-kurban-bajramit\/#primaryimage","url":"https:\/\/www.visit-ulcinj.com\/blog\/wp-content\/uploads\/2012\/10\/KNSHMZ-ME-FAT-KURBAN-BAJRAMI.jpg","contentUrl":"https:\/\/www.visit-ulcinj.com\/blog\/wp-content\/uploads\/2012\/10\/KNSHMZ-ME-FAT-KURBAN-BAJRAMI.jpg","width":"1113","height":"717"},{"@type":"WebPage","@id":"https:\/\/www.visit-ulcinj.com\/blog\/2012\/10\/25\/knsh-ja-urime-festa-e-kurban-bajramit\/#webpage","url":"https:\/\/www.visit-ulcinj.com\/blog\/2012\/10\/25\/knsh-ja-urime-festa-e-kurban-bajramit\/","name":"KNSH-ja: Urime festa e Kurban Bajramit - Lajme nga Ulqini","isPartOf":{"@id":"https:\/\/www.visit-ulcinj.com\/blog\/#website"},"primaryImageOfPage":{"@id":"https:\/\/www.visit-ulcinj.com\/blog\/2012\/10\/25\/knsh-ja-urime-festa-e-kurban-bajramit\/#primaryimage"},"datePublished":"2012-10-25T16:56:17+00:00","dateModified":"2012-10-30T17:17:38+00:00","author":{"@id":"https:\/\/www.visit-ulcinj.com\/blog\/#\/schema\/person\/dcab619c614d3038751c63bc2aadc06d"},"description":"K\u00cbSHILLI NACIONAL I SHQIPTAR\u00cbVE N\u00cb MALIN E ZI NACIONALNI SAVJET ALBANACA U CRNOJ GORI ALBANIAN NATIONAL COUNCIL IN MONTENEGRO Nr.78\/12 Ulqin, 26.10. 2012","breadcrumb":{"@id":"https:\/\/www.visit-ulcinj.com\/blog\/2012\/10\/25\/knsh-ja-urime-festa-e-kurban-bajramit\/#breadcrumb"},"inLanguage":"en-US","potentialAction":[{"@type":"ReadAction","target":["https:\/\/www.visit-ulcinj.com\/blog\/2012\/10\/25\/knsh-ja-urime-festa-e-kurban-bajramit\/"]}]},{"@type":"BreadcrumbList","@id":"https:\/\/www.visit-ulcinj.com\/blog\/2012\/10\/25\/knsh-ja-urime-festa-e-kurban-bajramit\/#breadcrumb","itemListElement":[{"@type":"ListItem","position":1,"name":"KNSH-ja: Urime festa e Kurban Bajramit"}]},{"@type":"Person","@id":"https:\/\/www.visit-ulcinj.com\/blog\/#\/schema\/person\/dcab619c614d3038751c63bc2aadc06d","name":"ulqini","sameAs":["http:\/\/www.visit-ulcinj.com"],"url":"https:\/\/www.visit-ulcinj.com\/blog\/author\/admin\/"}]}},"jetpack_featured_media_url":"","jetpack_sharing_enabled":true,"jetpack_shortlink":"https:\/\/wp.me\/pe6lTn-gVm","_links":{"self":[{"href":"https:\/\/www.visit-ulcinj.com\/blog\/wp-json\/wp\/v2\/posts\/65060"}],"collection":[{"href":"https:\/\/www.visit-ulcinj.com\/blog\/wp-json\/wp\/v2\/posts"}],"about":[{"href":"https:\/\/www.visit-ulcinj.com\/blog\/wp-json\/wp\/v2\/types\/post"}],"author":[{"embeddable":true,"href":"https:\/\/www.visit-ulcinj.com\/blog\/wp-json\/wp\/v2\/users\/1"}],"replies":[{"embeddable":true,"href":"https:\/\/www.visit-ulcinj.com\/blog\/wp-json\/wp\/v2\/comments?post=65060"}],"version-history":[{"count":3,"href":"https:\/\/www.visit-ulcinj.com\/blog\/wp-json\/wp\/v2\/posts\/65060\/revisions"}],"predecessor-version":[{"id":65162,"href":"https:\/\/www.visit-ulcinj.com\/blog\/wp-json\/wp\/v2\/posts\/65060\/revisions\/65162"}],"wp:attachment":[{"href":"https:\/\/www.visit-ulcinj.com\/blog\/wp-json\/wp\/v2\/media?parent=65060"}],"wp:term":[{"taxonomy":"category","embeddable":true,"href":"https:\/\/www.visit-ulcinj.com\/blog\/wp-json\/wp\/v2\/categories?post=65060"},{"taxonomy":"post_tag","embeddable":true,"href":"https:\/\/www.visit-ulcinj.com\/blog\/wp-json\/wp\/v2\/tags?post=65060"}],"curies":[{"name":"wp","href":"https:\/\/api.w.org\/{rel}","templated":true}]}}