{"id":65121,"date":"2012-10-27T07:47:49","date_gmt":"2012-10-27T06:47:49","guid":{"rendered":"http:\/\/www.visit-ulcinj.com\/blog\/?p=65121"},"modified":"2012-10-27T07:47:49","modified_gmt":"2012-10-27T06:47:49","slug":"ciljeta-edhe-pse-shtatzene-nuk-i-humb-hiret-e-saj","status":"publish","type":"post","link":"https:\/\/www.visit-ulcinj.com\/blog\/2012\/10\/27\/ciljeta-edhe-pse-shtatzene-nuk-i-humb-hiret-e-saj\/","title":{"rendered":"\u00c7iljeta edhe pse shtatz\u00ebn\u00eb, nuk i humb hiret e saj"},"content":{"rendered":"<p>Ka dashur q\u00eb t\u00eb shfryt\u00ebzoj\u00eb ndoshta dit\u00ebt e fundit me diell dhe ka zgjedhur pik\u00ebrisht liqenin artificial p\u00ebr t\u00eb pir\u00eb nj\u00eb kafe me nj\u00eb nga mikeshat e saj. \u00c7iljeta Xhilaga e cilat tashm\u00eb \u00ebsht\u00eb n\u00eb muajin e pest\u00eb t\u00eb shtatz\u00ebnis\u00eb, duket se i ka ruajtur format e saj megjith\u00ebse barku \u00ebsht\u00eb b\u00ebr\u00eb m\u00eb i duksh\u00ebm.<br \/>\n<a href=\"http:\/\/www.visit-ulcinj.com\/blog\/wp-content\/uploads\/2012\/10\/CiljetaXhilaga.jpg\"><img loading=\"lazy\" class=\"alignleft  wp-image-65122\" title=\"CiljetaXhilaga\" src=\"http:\/\/www.visit-ulcinj.com\/blog\/wp-content\/uploads\/2012\/10\/CiljetaXhilaga.jpg\" alt=\"\" width=\"508\" height=\"360\" \/><\/a><\/p>\n<p>Ashtu si t\u00eb gjitha n\u00ebnat q\u00eb jan\u00eb n\u00eb pritje t\u00eb nj\u00eb f\u00ebmije edhe ajo nuk mund t\u2019i rezistoj\u00eb dot k\u00ebnaq\u00ebsis\u00eb q\u00eb t\u00eb jep prekja e barkut dhe ka vendosur dor\u00ebn mbi t\u00eb. P\u00ebrbri k\u00ebsaj fotoje t\u00eb publikuar n\u00eb faqen e saj n\u00eb \u201cFacebook\u201d, ajo ka shkruar \u201cP\u00ebr nj\u00eb kafe t\u00eb papar\u00eb nga liqeni \u2026.\u201d, se \u00e7far\u00eb ka pasur t\u00eb papar\u00eb kjo kafe ne nuk e dim\u00eb, por ajo q\u00eb \u00ebsht\u00eb e dukshme n\u00eb k\u00ebt\u00eb foto \u00ebsht\u00eb fakti se megjith\u00ebse \u00ebsht\u00eb n\u00eb pritje t\u00eb nj\u00eb f\u00ebmij\u00eb, \u00c7iljeta nuk heq dora nga veshjet e saj seksi.<\/p>\n<p>Yllka Selita<br \/>\nKoha Jone<br \/>\n<iframe loading=\"lazy\" width=\"508\" height=\"360\" src=\"http:\/\/www.youtube.com\/embed\/ZtRwbYRKMHc?rel=0\" frameborder=\"0\" allowfullscreen><\/iframe><\/p>\n","protected":false},"excerpt":{"rendered":"<p>Ka dashur q\u00eb t\u00eb shfryt\u00ebzoj\u00eb ndoshta dit\u00ebt e fundit me diell dhe ka zgjedhur pik\u00ebrisht liqenin artificial p\u00ebr t\u00eb pir\u00eb nj\u00eb kafe me nj\u00eb nga mikeshat e saj. \u00c7iljeta Xhilaga e cilat tashm\u00eb \u00ebsht\u00eb n\u00eb muajin e pest\u00eb t\u00eb shtatz\u00ebnis\u00eb, duket se i ka ruajtur format e saj megjith\u00ebse barku \u00ebsht\u00eb b\u00ebr\u00eb m\u00eb i duksh\u00ebm. [&hellip;]<\/p>\n","protected":false},"author":1,"featured_media":0,"comment_status":"open","ping_status":"closed","sticky":false,"template":"","format":"standard","meta":{"spay_email":"","jetpack_publicize_message":"","jetpack_is_tweetstorm":false,"jetpack_publicize_feature_enabled":true},"categories":[1],"tags":[19677,5456,19806,16036,19514,19511,19513,6693,4684,19460],"jetpack_publicize_connections":[],"yoast_head":"<!-- This site is optimized with the Yoast SEO plugin v19.1 - https:\/\/yoast.com\/wordpress\/plugins\/seo\/ -->\n<title>\u00c7iljeta edhe pse shtatz\u00ebn\u00eb, nuk i humb hiret e saj - Lajme nga Ulqini<\/title>\n<meta name=\"description\" content=\"Ka dashur q\u00eb t\u00eb shfryt\u00ebzoj\u00eb ndoshta dit\u00ebt e fundit me diell dhe ka zgjedhur pik\u00ebrisht liqenin artificial p\u00ebr t\u00eb pir\u00eb nj\u00eb kafe me nj\u00eb nga mikeshat e saj.\" \/>\n<meta name=\"robots\" content=\"index, follow, max-snippet:-1, max-image-preview:large, max-video-preview:-1\" \/>\n<link rel=\"canonical\" href=\"https:\/\/www.visit-ulcinj.com\/blog\/2012\/10\/27\/ciljeta-edhe-pse-shtatzene-nuk-i-humb-hiret-e-saj\/\" \/>\n<meta property=\"og:locale\" content=\"en_US\" \/>\n<meta property=\"og:type\" content=\"article\" \/>\n<meta property=\"og:title\" content=\"\u00c7iljeta edhe pse shtatz\u00ebn\u00eb, nuk i humb hiret e saj - Lajme nga Ulqini\" \/>\n<meta property=\"og:description\" content=\"Ka dashur q\u00eb t\u00eb shfryt\u00ebzoj\u00eb ndoshta dit\u00ebt e fundit me diell dhe ka zgjedhur pik\u00ebrisht liqenin artificial p\u00ebr t\u00eb pir\u00eb nj\u00eb kafe me nj\u00eb nga mikeshat e saj.\" \/>\n<meta property=\"og:url\" content=\"https:\/\/www.visit-ulcinj.com\/blog\/2012\/10\/27\/ciljeta-edhe-pse-shtatzene-nuk-i-humb-hiret-e-saj\/\" \/>\n<meta property=\"og:site_name\" content=\"Lajme nga Ulqini\" \/>\n<meta property=\"article:published_time\" content=\"2012-10-27T06:47:49+00:00\" \/>\n<meta property=\"og:image\" content=\"http:\/\/www.visit-ulcinj.com\/blog\/wp-content\/uploads\/2012\/10\/CiljetaXhilaga.jpg\" \/>\n<meta name=\"twitter:label1\" content=\"Written by\" \/>\n\t<meta name=\"twitter:data1\" content=\"ulqini\" \/>\n\t<meta name=\"twitter:label2\" content=\"Est. reading time\" \/>\n\t<meta name=\"twitter:data2\" content=\"1 minute\" \/>\n<script type=\"application\/ld+json\" class=\"yoast-schema-graph\">{\"@context\":\"https:\/\/schema.org\",\"@graph\":[{\"@type\":\"WebSite\",\"@id\":\"https:\/\/www.visit-ulcinj.com\/blog\/#website\",\"url\":\"https:\/\/www.visit-ulcinj.com\/blog\/\",\"name\":\"Lajme nga Ulqini\",\"description\":\"Lajme,Vijesti,Ulqini,Ulqin,Crna Gora,Mali i Zi\",\"potentialAction\":[{\"@type\":\"SearchAction\",\"target\":{\"@type\":\"EntryPoint\",\"urlTemplate\":\"https:\/\/www.visit-ulcinj.com\/blog\/?s={search_term_string}\"},\"query-input\":\"required name=search_term_string\"}],\"inLanguage\":\"en-US\"},{\"@type\":\"ImageObject\",\"inLanguage\":\"en-US\",\"@id\":\"https:\/\/www.visit-ulcinj.com\/blog\/2012\/10\/27\/ciljeta-edhe-pse-shtatzene-nuk-i-humb-hiret-e-saj\/#primaryimage\",\"url\":\"http:\/\/www.visit-ulcinj.com\/blog\/wp-content\/uploads\/2012\/10\/CiljetaXhilaga.jpg\",\"contentUrl\":\"http:\/\/www.visit-ulcinj.com\/blog\/wp-content\/uploads\/2012\/10\/CiljetaXhilaga.jpg\"},{\"@type\":\"WebPage\",\"@id\":\"https:\/\/www.visit-ulcinj.com\/blog\/2012\/10\/27\/ciljeta-edhe-pse-shtatzene-nuk-i-humb-hiret-e-saj\/#webpage\",\"url\":\"https:\/\/www.visit-ulcinj.com\/blog\/2012\/10\/27\/ciljeta-edhe-pse-shtatzene-nuk-i-humb-hiret-e-saj\/\",\"name\":\"\u00c7iljeta edhe pse shtatz\u00ebn\u00eb, nuk i humb hiret e saj - Lajme nga Ulqini\",\"isPartOf\":{\"@id\":\"https:\/\/www.visit-ulcinj.com\/blog\/#website\"},\"primaryImageOfPage\":{\"@id\":\"https:\/\/www.visit-ulcinj.com\/blog\/2012\/10\/27\/ciljeta-edhe-pse-shtatzene-nuk-i-humb-hiret-e-saj\/#primaryimage\"},\"datePublished\":\"2012-10-27T06:47:49+00:00\",\"dateModified\":\"2012-10-27T06:47:49+00:00\",\"author\":{\"@id\":\"https:\/\/www.visit-ulcinj.com\/blog\/#\/schema\/person\/dcab619c614d3038751c63bc2aadc06d\"},\"description\":\"Ka dashur q\u00eb t\u00eb shfryt\u00ebzoj\u00eb ndoshta dit\u00ebt e fundit me diell dhe ka zgjedhur pik\u00ebrisht liqenin artificial p\u00ebr t\u00eb pir\u00eb nj\u00eb kafe me nj\u00eb nga mikeshat e saj.\",\"breadcrumb\":{\"@id\":\"https:\/\/www.visit-ulcinj.com\/blog\/2012\/10\/27\/ciljeta-edhe-pse-shtatzene-nuk-i-humb-hiret-e-saj\/#breadcrumb\"},\"inLanguage\":\"en-US\",\"potentialAction\":[{\"@type\":\"ReadAction\",\"target\":[\"https:\/\/www.visit-ulcinj.com\/blog\/2012\/10\/27\/ciljeta-edhe-pse-shtatzene-nuk-i-humb-hiret-e-saj\/\"]}]},{\"@type\":\"BreadcrumbList\",\"@id\":\"https:\/\/www.visit-ulcinj.com\/blog\/2012\/10\/27\/ciljeta-edhe-pse-shtatzene-nuk-i-humb-hiret-e-saj\/#breadcrumb\",\"itemListElement\":[{\"@type\":\"ListItem\",\"position\":1,\"name\":\"\u00c7iljeta edhe pse shtatz\u00ebn\u00eb, nuk i humb hiret e saj\"}]},{\"@type\":\"Person\",\"@id\":\"https:\/\/www.visit-ulcinj.com\/blog\/#\/schema\/person\/dcab619c614d3038751c63bc2aadc06d\",\"name\":\"ulqini\",\"sameAs\":[\"http:\/\/www.visit-ulcinj.com\"],\"url\":\"https:\/\/www.visit-ulcinj.com\/blog\/author\/admin\/\"}]}<\/script>\n<!-- \/ Yoast SEO plugin. -->","yoast_head_json":{"title":"\u00c7iljeta edhe pse shtatz\u00ebn\u00eb, nuk i humb hiret e saj - Lajme nga Ulqini","description":"Ka dashur q\u00eb t\u00eb shfryt\u00ebzoj\u00eb ndoshta dit\u00ebt e fundit me diell dhe ka zgjedhur pik\u00ebrisht liqenin artificial p\u00ebr t\u00eb pir\u00eb nj\u00eb kafe me nj\u00eb nga mikeshat e saj.","robots":{"index":"index","follow":"follow","max-snippet":"max-snippet:-1","max-image-preview":"max-image-preview:large","max-video-preview":"max-video-preview:-1"},"canonical":"https:\/\/www.visit-ulcinj.com\/blog\/2012\/10\/27\/ciljeta-edhe-pse-shtatzene-nuk-i-humb-hiret-e-saj\/","og_locale":"en_US","og_type":"article","og_title":"\u00c7iljeta edhe pse shtatz\u00ebn\u00eb, nuk i humb hiret e saj - Lajme nga Ulqini","og_description":"Ka dashur q\u00eb t\u00eb shfryt\u00ebzoj\u00eb ndoshta dit\u00ebt e fundit me diell dhe ka zgjedhur pik\u00ebrisht liqenin artificial p\u00ebr t\u00eb pir\u00eb nj\u00eb kafe me nj\u00eb nga mikeshat e saj.","og_url":"https:\/\/www.visit-ulcinj.com\/blog\/2012\/10\/27\/ciljeta-edhe-pse-shtatzene-nuk-i-humb-hiret-e-saj\/","og_site_name":"Lajme nga Ulqini","article_published_time":"2012-10-27T06:47:49+00:00","og_image":[{"url":"http:\/\/www.visit-ulcinj.com\/blog\/wp-content\/uploads\/2012\/10\/CiljetaXhilaga.jpg"}],"twitter_misc":{"Written by":"ulqini","Est. reading time":"1 minute"},"schema":{"@context":"https:\/\/schema.org","@graph":[{"@type":"WebSite","@id":"https:\/\/www.visit-ulcinj.com\/blog\/#website","url":"https:\/\/www.visit-ulcinj.com\/blog\/","name":"Lajme nga Ulqini","description":"Lajme,Vijesti,Ulqini,Ulqin,Crna Gora,Mali i Zi","potentialAction":[{"@type":"SearchAction","target":{"@type":"EntryPoint","urlTemplate":"https:\/\/www.visit-ulcinj.com\/blog\/?s={search_term_string}"},"query-input":"required name=search_term_string"}],"inLanguage":"en-US"},{"@type":"ImageObject","inLanguage":"en-US","@id":"https:\/\/www.visit-ulcinj.com\/blog\/2012\/10\/27\/ciljeta-edhe-pse-shtatzene-nuk-i-humb-hiret-e-saj\/#primaryimage","url":"http:\/\/www.visit-ulcinj.com\/blog\/wp-content\/uploads\/2012\/10\/CiljetaXhilaga.jpg","contentUrl":"http:\/\/www.visit-ulcinj.com\/blog\/wp-content\/uploads\/2012\/10\/CiljetaXhilaga.jpg"},{"@type":"WebPage","@id":"https:\/\/www.visit-ulcinj.com\/blog\/2012\/10\/27\/ciljeta-edhe-pse-shtatzene-nuk-i-humb-hiret-e-saj\/#webpage","url":"https:\/\/www.visit-ulcinj.com\/blog\/2012\/10\/27\/ciljeta-edhe-pse-shtatzene-nuk-i-humb-hiret-e-saj\/","name":"\u00c7iljeta edhe pse shtatz\u00ebn\u00eb, nuk i humb hiret e saj - Lajme nga Ulqini","isPartOf":{"@id":"https:\/\/www.visit-ulcinj.com\/blog\/#website"},"primaryImageOfPage":{"@id":"https:\/\/www.visit-ulcinj.com\/blog\/2012\/10\/27\/ciljeta-edhe-pse-shtatzene-nuk-i-humb-hiret-e-saj\/#primaryimage"},"datePublished":"2012-10-27T06:47:49+00:00","dateModified":"2012-10-27T06:47:49+00:00","author":{"@id":"https:\/\/www.visit-ulcinj.com\/blog\/#\/schema\/person\/dcab619c614d3038751c63bc2aadc06d"},"description":"Ka dashur q\u00eb t\u00eb shfryt\u00ebzoj\u00eb ndoshta dit\u00ebt e fundit me diell dhe ka zgjedhur pik\u00ebrisht liqenin artificial p\u00ebr t\u00eb pir\u00eb nj\u00eb kafe me nj\u00eb nga mikeshat e saj.","breadcrumb":{"@id":"https:\/\/www.visit-ulcinj.com\/blog\/2012\/10\/27\/ciljeta-edhe-pse-shtatzene-nuk-i-humb-hiret-e-saj\/#breadcrumb"},"inLanguage":"en-US","potentialAction":[{"@type":"ReadAction","target":["https:\/\/www.visit-ulcinj.com\/blog\/2012\/10\/27\/ciljeta-edhe-pse-shtatzene-nuk-i-humb-hiret-e-saj\/"]}]},{"@type":"BreadcrumbList","@id":"https:\/\/www.visit-ulcinj.com\/blog\/2012\/10\/27\/ciljeta-edhe-pse-shtatzene-nuk-i-humb-hiret-e-saj\/#breadcrumb","itemListElement":[{"@type":"ListItem","position":1,"name":"\u00c7iljeta edhe pse shtatz\u00ebn\u00eb, nuk i humb hiret e saj"}]},{"@type":"Person","@id":"https:\/\/www.visit-ulcinj.com\/blog\/#\/schema\/person\/dcab619c614d3038751c63bc2aadc06d","name":"ulqini","sameAs":["http:\/\/www.visit-ulcinj.com"],"url":"https:\/\/www.visit-ulcinj.com\/blog\/author\/admin\/"}]}},"jetpack_featured_media_url":"","jetpack_sharing_enabled":true,"jetpack_shortlink":"https:\/\/wp.me\/pe6lTn-gWl","_links":{"self":[{"href":"https:\/\/www.visit-ulcinj.com\/blog\/wp-json\/wp\/v2\/posts\/65121"}],"collection":[{"href":"https:\/\/www.visit-ulcinj.com\/blog\/wp-json\/wp\/v2\/posts"}],"about":[{"href":"https:\/\/www.visit-ulcinj.com\/blog\/wp-json\/wp\/v2\/types\/post"}],"author":[{"embeddable":true,"href":"https:\/\/www.visit-ulcinj.com\/blog\/wp-json\/wp\/v2\/users\/1"}],"replies":[{"embeddable":true,"href":"https:\/\/www.visit-ulcinj.com\/blog\/wp-json\/wp\/v2\/comments?post=65121"}],"version-history":[{"count":1,"href":"https:\/\/www.visit-ulcinj.com\/blog\/wp-json\/wp\/v2\/posts\/65121\/revisions"}],"predecessor-version":[{"id":65123,"href":"https:\/\/www.visit-ulcinj.com\/blog\/wp-json\/wp\/v2\/posts\/65121\/revisions\/65123"}],"wp:attachment":[{"href":"https:\/\/www.visit-ulcinj.com\/blog\/wp-json\/wp\/v2\/media?parent=65121"}],"wp:term":[{"taxonomy":"category","embeddable":true,"href":"https:\/\/www.visit-ulcinj.com\/blog\/wp-json\/wp\/v2\/categories?post=65121"},{"taxonomy":"post_tag","embeddable":true,"href":"https:\/\/www.visit-ulcinj.com\/blog\/wp-json\/wp\/v2\/tags?post=65121"}],"curies":[{"name":"wp","href":"https:\/\/api.w.org\/{rel}","templated":true}]}}